{"id":49716,"date":"2023-03-01T03:07:53","date_gmt":"2023-03-01T03:07:53","guid":{"rendered":"https:\/\/www.bitacoracdmx.com\/?p=49716"},"modified":"2023-03-01T03:07:53","modified_gmt":"2023-03-01T03:07:53","slug":"presenta-secretaria-de-cultura-de-la-ciudad-de-mexico-tiempo-de-mujeres-festival-por-la-igualdad","status":"publish","type":"post","link":"https:\/\/www.bitacoracdmx.com\/?p=49716","title":{"rendered":"Presenta SECRETAR\u00cdA DE CULTURA DE LA CIUDAD DE M\u00c9XICO &#8220;TIEMPO DE MUJERES: FESTIVAL POR LA IGUALDAD&#8221;"},"content":{"rendered":"<p>[fusion_builder_container hundred_percent=&#8221;no&#8221; equal_height_columns=&#8221;no&#8221; menu_anchor=&#8221;&#8221; hide_on_mobile=&#8221;small-visibility,medium-visibility,large-visibility&#8221; class=&#8221;&#8221; id=&#8221;&#8221; background_color=&#8221;&#8221; background_image=&#8221;&#8221; background_position=&#8221;center center&#8221; background_repeat=&#8221;no-repeat&#8221; fade=&#8221;no&#8221; background_parallax=&#8221;none&#8221; parallax_speed=&#8221;0.3&#8243; video_mp4=&#8221;&#8221; video_webm=&#8221;&#8221; video_ogv=&#8221;&#8221; video_url=&#8221;&#8221; video_aspect_ratio=&#8221;16:9&#8243; video_loop=&#8221;yes&#8221; video_mute=&#8221;yes&#8221; overlay_color=&#8221;&#8221; video_preview_image=&#8221;&#8221; border_size=&#8221;&#8221; border_color=&#8221;&#8221; border_style=&#8221;solid&#8221; padding_top=&#8221;&#8221; padding_bottom=&#8221;&#8221; padding_left=&#8221;&#8221; padding_right=&#8221;&#8221;][fusion_builder_row][fusion_builder_column type=&#8221;1_1&#8243; layout=&#8221;1_1&#8243; background_position=&#8221;left top&#8221; background_color=&#8221;&#8221; border_size=&#8221;&#8221; border_color=&#8221;&#8221; border_style=&#8221;solid&#8221; border_position=&#8221;all&#8221; spacing=&#8221;yes&#8221; background_image=&#8221;&#8221; background_repeat=&#8221;no-repeat&#8221; padding_top=&#8221;&#8221; padding_right=&#8221;&#8221; padding_bottom=&#8221;&#8221; padding_left=&#8221;&#8221; margin_top=&#8221;0px&#8221; margin_bottom=&#8221;0px&#8221; class=&#8221;&#8221; id=&#8221;&#8221; animation_type=&#8221;&#8221; animation_speed=&#8221;0.3&#8243; animation_direction=&#8221;left&#8221; hide_on_mobile=&#8221;small-visibility,medium-visibility,large-visibility&#8221; center_content=&#8221;no&#8221; last=&#8221;no&#8221; min_height=&#8221;&#8221; hover_type=&#8221;none&#8221; link=&#8221;&#8221;][fusion_text]<\/p>\n<p>REDACCI\u00d3N<\/p>\n<ul>\n<li>Del 6 al 12 de marzo, el festival reunir\u00e1 a 150 mujeres artistas en 123 actividades entre teatro, exposiciones, conciertos, danza, cabaret y cine, distribuidas en 91 sedes como plazas p\u00fablicas, mercados y recintos culturales de la capital, adem\u00e1s de transmisiones en Capital 21 y Canal 14<\/li>\n<li>El acto inaugural se llevar\u00e1 a cabo el martes 7 de marzo a partir de las 18:00 horas en el Museo de la Ciudad de M\u00e9xico con un concierto a cargo de Club Lul\u00fa e Iraida Noriega<\/li>\n<li>De manera especial el encuentro rendir\u00e1 un homenaje a la directora, guionista y productora de cine mexicano Mar\u00eda Novaro en la FARO Cosmos<\/li>\n<\/ul>\n<p>El\u00a0<strong>Gobierno de la Ciudad de M\u00e9xico<\/strong>, a trav\u00e9s de la\u00a0<strong>Secretar\u00eda de Cultura capitalina<\/strong>, presenta\u00a0<strong>\u201cTiempo de Mujeres: Festival por la Igualdad\u201d<\/strong>\u00a0que, del\u00a0<strong>6 al 12 de marzo,<\/strong>\u00a0ofrecer\u00e1 m\u00e1s de\u00a0<strong>123 actividades con 150 mujeres artistas distribuidas en 91 sedes<\/strong>\u00a0de recintos culturales, plazas p\u00fablicas y mercados; lo anterior, en el marco del\u00a0<strong>D\u00eda Internacional de la Mujer<\/strong>, establecido el 8 de marzo por la\u00a0<strong>Organizaci\u00f3n de las Naciones Unidas (ONU)<\/strong>.<br aria-hidden=\"true\" \/><br aria-hidden=\"true\" \/>En conferencia de prensa en el Centro Cultural El Rule, secretar\u00eda de Cultura capitalina,\u00a0<strong>Claudia Curiel de Icaza<\/strong>, resalt\u00f3 que se trata de una de las iniciativas m\u00e1s importantes de la actual administraci\u00f3n para visibilizar el potencial creativo de las mujeres desde la manifestaci\u00f3n art\u00edstica hasta su capacidad como t\u00e9cnicas e ingenieras para el disfrute y reflexi\u00f3n de toda la poblaci\u00f3n con una cartelera completamente gratuita.<br aria-hidden=\"true\" \/><br aria-hidden=\"true\" \/>&#8220;Tiempo de Mujeres es una iniciativa central para la Secretar\u00eda de Cultura y el Gobierno capitalino, para la doctora Claudia Sheinbaum, justamente por dar visibilidad a todas las mujeres que nos han inspirado en tantos a\u00f1os de lucha y conquistas, no solo desde el derecho sino desde las artes&#8221;, comparti\u00f3 De Icaza.<br aria-hidden=\"true\" \/><br aria-hidden=\"true\" \/>En compa\u00f1\u00eda de las actrices Nora Huerta, Amanda Schmelz y Leticia Pedrajo, as\u00ed como de la bailarina Myrna de la Garzas y las cantantes Leiden e Iraida Noriega, la titular de la Secretar\u00eda de Cultura capitalina subray\u00f3 que la perspectiva de g\u00e9nero es una directriz de la programaci\u00f3n anual con \u00e9nfasis en el talento nacional que llegar\u00e1 en esta edici\u00f3n al espacio p\u00fablico, a trav\u00e9s de las presentaciones en recintos culturales, plazas p\u00fablicas y mercados.<br aria-hidden=\"true\" \/><br aria-hidden=\"true\" \/>&#8220;Es importante para nosotras poder llevar la alegr\u00eda desde el cabaret, una reflexi\u00f3n del mundo de las mujeres, de lo femenino y de nuestras visiones feministas a la calle. Me encanta la idea de presentarnos en los mercados y celebro much\u00edsimo que podamos ir a interrumpir el d\u00eda cotidiano de las mujeres&#8221;, expres\u00f3 la tambi\u00e9n productora y directora Nora Huerta, integrante de Las Reinas Chulas.<br aria-hidden=\"true\" \/><br aria-hidden=\"true\" \/>Diversos espacios de la capital recibir\u00e1n una oferta cultural de exposiciones, teatro, conciertos, danza, cabaret y cine. Esta quinta edici\u00f3n contar\u00e1 con dos homenajes, uno a la reconocida directora, guionista y productora mexicana Mar\u00eda Novaro desde la F\u00e1brica de Artes y Oficios (FARO) Cosmos, as\u00ed como otro dedicado a Graciela Iturbide en el Museo Archivo de la Fotograf\u00eda.<br aria-hidden=\"true\" \/><br aria-hidden=\"true\" \/>El acto inaugural se llevar\u00e1 a cabo el\u00a0<strong>martes 7 de marzo,<\/strong>\u00a0a partir de las 18:00 horas en el\u00a0<strong>Museo de la Ciudad de M\u00e9xico<\/strong>\u00a0con un concierto a cargo de Club Lul\u00fa e Iraida Noriega. Un d\u00eda antes, el lunes 6 de marzo se presentar\u00e1 en la\u00a0<strong>Galer\u00eda Abierta Grutas de las Rejas del Bosque de Chapultepec<\/strong>\u00a0la exposici\u00f3n fotogr\u00e1fica\u00a0<strong>\u201cLas Adelitas. Resistencia y Soberan\u00eda\u201d<\/strong>, que permanecer\u00e1 hasta el 16 de abril.<br aria-hidden=\"true\" \/><br aria-hidden=\"true\" \/>El\u00a0<strong>viernes 10 y el s\u00e1bado 11 de marzo se ofrecer\u00e1 una jornada de danza contempor\u00e1nea con 14 funciones en diversas plazas p\u00fablicas<\/strong>\u00a0como el Foro Lindbergh, el Kiosco de la Alameda Central, las explanadas de las alcald\u00edas Xochimilco, Gustavo A. Madero y Tl\u00e1huac, as\u00ed como en otros puntos de la ciudad.<br aria-hidden=\"true\" \/><br aria-hidden=\"true\" \/>El cabaret tambi\u00e9n estar\u00e1 presente en el Parque Hidalgo en Coyoac\u00e1n con La Canija Teatro, Cabaret Loaria, La Teatrera Solitaria y Las Reinas Chulas, entre otros talentos como Minerva Valenzuela, que tambi\u00e9n llegar\u00e1n a diversos mercados de la capital en San Pedro de los Pinos, R\u00edo Blanco, Constituyentes de 1917, Jos\u00e9 L\u00f3pez Portillo, Leonora Vicario y La Moderna. Las funciones\u00a0<strong>de teatro cabaret ser\u00e1n del viernes 10 al domingo 12 de marzo.<\/strong><br aria-hidden=\"true\" \/><br aria-hidden=\"true\" \/>El martes 7 de marzo se realizar\u00e1 en la\u00a0<strong>FARO Cosmos<\/strong>\u00a0un homenaje a la directora mexicana\u00a0<strong>Mar\u00eda Novaro<\/strong>, de quien se proyectar\u00e1 la pel\u00edcula\u00a0<strong><em>Danz\u00f3n\u00a0<\/em>(1991)<\/strong>, protagonizada por Mar\u00eda Rojo.<br aria-hidden=\"true\" \/><br aria-hidden=\"true\" \/>Como parte de este reconocimiento cinematogr\u00e1fico se transmitir\u00e1n a trav\u00e9s del Canal 14, otras cintas como\u00a0<em>Lola<\/em>\u00a0(22:00 horas) y\u00a0<em>Las buenas hierbas<\/em>\u00a0(23:40 horas) el martes 7 y para el jueves 9 de marzo tocar\u00e1 el turno a\u00a0<em>Sin dejar huella<\/em>\u00a0(22:00 horas) y\u00a0<em>Danz\u00f3n\u00a0<\/em>(22:55 horas).<br aria-hidden=\"true\" \/><br aria-hidden=\"true\" \/>Tambi\u00e9n habr\u00e1 otras proyecciones presenciales en la FARO Cosmos y en FARO Arag\u00f3n, as\u00ed como en el Centro Cultural Elena Garro y el Centro Cultural Rosario Castellanos del Fondo de Cultura Econ\u00f3mica.<br aria-hidden=\"true\" \/><br aria-hidden=\"true\" \/>A trav\u00e9s de Capital 21, el martes 7 se presentar\u00e1 el Programa de Fomento a la Lectura &#8220;Leer una hora inesperada&#8221; con Paco Ignacio Taibo II y la conductora Brenda Galicia; mientras el jueves 9 de marzo la Plaza Tols\u00e1 se llenar\u00e1 de m\u00fasica con una oferta de rap y fusi\u00f3n desde las 17:00 horas con la participaci\u00f3n de Marica &amp; Calendulas Canela, Pahua, Ni\u00f1a Dioz, Leiden, Renee Goust y Mare Advertencia.<br aria-hidden=\"true\" \/><br aria-hidden=\"true\" \/>Asimismo, como parte de la conmemoraci\u00f3n del Mes de la Mujer, la Secretar\u00eda de Cultura de la Ciudad de M\u00e9xico, a trav\u00e9s de su Sistema de Teatros, tiene preparada una cartelera llena de actividades de teatro, danza, m\u00fasica, cine y multidisciplina, as\u00ed como conversatorios y talleres, durante todo marzo.<br aria-hidden=\"true\" \/><br aria-hidden=\"true\" \/>Paralelamente, como parte de la oferta musical destaca el ciclo \u201cM\u00fasica para mujeres\u201d con el concierto de la Orquesta Filarm\u00f3nica de la Ciudad de M\u00e9xico en el que se rendir\u00e1 homenaje a compositoras, y ciclos de m\u00fasica de c\u00e1mara con la Orquesta T\u00edpica y las orquestas juveniles de la Ciudad de M\u00e9xico.<br aria-hidden=\"true\" \/><br aria-hidden=\"true\" \/>Toda la programaci\u00f3n del festival puede conocerse en el siguiente v\u00ednculo de la Cartelera de la Ciudad de M\u00e9xico:\u00a0\u00a0<a href=\"https:\/\/gob.us21.list-manage.com\/track\/click?u=24ab1d8cf82850533a5af327c&amp;id=bf2212a8a4&amp;e=4fe2704bc3\" target=\"_blank\" rel=\"noopener noreferrer\" data-auth=\"NotApplicable\" data-linkindex=\"0\">https:\/\/cartelera.cdmx.gob.mx\/busqueda?&amp;nombre=tiempo%20de%20mujeres%20festival%20por%20la%20igualdad<\/a><br aria-hidden=\"true\" \/><br aria-hidden=\"true\" \/>Para saber todas las actividades de la Secretar\u00eda de Cultura capitalina se puede consultar la Cartelera de la Ciudad de M\u00e9xico (<a href=\"https:\/\/gob.us21.list-manage.com\/track\/click?u=24ab1d8cf82850533a5af327c&amp;id=057f044191&amp;e=4fe2704bc3\" target=\"_blank\" rel=\"noopener noreferrer\" data-auth=\"NotApplicable\" data-linkindex=\"1\">https:\/\/cartelera.cdmx.gob.mx\/<\/a>)\u00a0 y las redes sociales de la Secretar\u00eda de Cultura: Facebook, Twitter, Instagram y YouTube.<\/p>\n<p dir=\"ltr\"><strong><u>PROGRAMACI\u00d3N MARZO, MES DE LA MUJER<\/u><\/strong><\/p>\n<p dir=\"ltr\">Este mes de marzo, la Secretar\u00eda de Cultura ofrece a sus habitantes una variada cartelera de teatro, danza, m\u00fasica, cine y multidisciplina, as\u00ed como conversatorios y talleres para conmemorar el mes de la mujer.<\/p>\n<p dir=\"ltr\">\u00a0<strong><u>Ciclo de cine \u201cMujeres dirigiendo\u201d<\/u><\/strong><br aria-hidden=\"true\" \/><\/p>\n<p dir=\"ltr\"><strong><em>Monster<\/em><\/strong><strong>\u00a0de Patty Jenkins<\/strong><br aria-hidden=\"true\" \/>Centro Cultural Xavier Villaurrutia<br aria-hidden=\"true\" \/>Jueves 2 de marzo | 17 horas<br aria-hidden=\"true\" \/>\u00a0<strong><em>La vocera<\/em><\/strong><strong>\u00a0de Luciana Kaplan<\/strong><br aria-hidden=\"true\" \/>Faro Miacatl\u00e1n<br aria-hidden=\"true\" \/>Jueves 2 de marzo | 17 horas<br aria-hidden=\"true\" \/>\u00a0<strong><em>Strange days<\/em><\/strong><strong>\u00a0de Kathryn Bigelow<\/strong><br aria-hidden=\"true\" \/>\u00a0Centro Cultural Xavier Villaurrutia<br aria-hidden=\"true\" \/>\u00a0Jueves 9 de marzo | 17 horas<br aria-hidden=\"true\" \/>\u00a0<strong><em>Observar las aves<\/em><\/strong><strong>\u00a0de Andrea Mart\u00ednez Crowther<\/strong><br aria-hidden=\"true\" \/>FARO Indios Verdes<br aria-hidden=\"true\" \/>\u00a0Jueves 9 de marzo | 16 horas<br aria-hidden=\"true\" \/>\u00a0<strong><em>Nudo mixteco<\/em><\/strong><br aria-hidden=\"true\" \/>Casa de la primera imprenta<br aria-hidden=\"true\" \/>Mi\u00e9rcoles 15 de marzo | 17 hrs<br aria-hidden=\"true\" \/>\u00a0<strong>\u201cOjo de diosa\u201d, Premiere<\/strong><br aria-hidden=\"true\" \/>Teatro de la Ciudad Esperanza Iris<br aria-hidden=\"true\" \/>Mi\u00e9rcoles 15 de marzo | 19 hrs<br aria-hidden=\"true\" \/>\u00a0<strong>\u201cAves de presa\u201d de Cathy Yan<\/strong><br aria-hidden=\"true\" \/>Centro Cultural Xavier Villaurrutia<br aria-hidden=\"true\" \/>Jueves 16 de marzo | 17 hrs<br aria-hidden=\"true\" \/>\u00a0<strong>\u201cSelma\u201d de Ava DuVernary<\/strong><br aria-hidden=\"true\" \/>\u00a0Centro Cultural Xavier Villaurrutia<br aria-hidden=\"true\" \/>Jueves 23 de marzo\u00a0|\u00a017 hrs<br aria-hidden=\"true\" \/>\u00a0<strong>\u201cLet the sunshine in\u201d de Claire Denis<\/strong><br aria-hidden=\"true\" \/>\u00a0Centro Cultural Xavier Villaurrutia<br aria-hidden=\"true\" \/>\u00a0Jueves 30 de marzo | 17 hrs<br aria-hidden=\"true\" \/>\u00a0<br aria-hidden=\"true\" \/><strong><u>Talleres para\/por mujeres<\/u><\/strong><\/p>\n<p dir=\"ltr\">\u00a0<strong>\u201cChismecito Literario\u201d, grupo de lecto\/escritura para mujeres<\/strong><br aria-hidden=\"true\" \/>\u00a0FARO Arag\u00f3n<br aria-hidden=\"true\" \/>Mi\u00e9rcoles y viernes\u00a0| \u00a013 y 17 hrs<br aria-hidden=\"true\" \/>\u00a0<strong>\u201cPop UP: Frankenstein de Mary Shelley. Exploraci\u00f3n sensorial y literaria a partir de la obra de Shelley\u201d.<\/strong><br aria-hidden=\"true\" \/>Centro Cultural Xavier Villaurrutia<br aria-hidden=\"true\" \/>Viernes\u00a03 de marzo<br aria-hidden=\"true\" \/><strong>\u201cTaller para mujeres que se atreven a contar su historia\u201d<\/strong><br aria-hidden=\"true\" \/>FARO de Oriente<br aria-hidden=\"true\" \/>S\u00e1bado 4, 18 y 25 de marzo\u00a0|\u00a012 horas<br aria-hidden=\"true\" \/>\u00a0<strong>\u201c\u00a1No compitas, haz compitas! Jugando entre nosotras\u201d<\/strong><br aria-hidden=\"true\" \/>FARO Arag\u00f3n<br aria-hidden=\"true\" \/>Jueves 9 de marzo | 14 horas<br aria-hidden=\"true\" \/>\u00a0<strong>\u201cTriDicuentos, taller con Vivian Mansour\u201d<\/strong><br aria-hidden=\"true\" \/>Centro Cultural Xavier Villaurrutia<br aria-hidden=\"true\" \/>Viernes 10 de marzo\u00a0| \u00a012 horas<br aria-hidden=\"true\" \/>\u00a0<strong>\u201cFeminismo en di\u00e1logos, C\u00edrculo de estudio\u201d<\/strong><br aria-hidden=\"true\" \/>El Rule Comunidad de Saberes<br aria-hidden=\"true\" \/>Jueves 16 de marzo | 17 hrs<br aria-hidden=\"true\" \/>\u00a0<strong>\u201cMujeres en la ciencia, taller de experimentos para ni\u00f1as y ni\u00f1os\u201d<\/strong><br aria-hidden=\"true\" \/>FARO Arag\u00f3n<br aria-hidden=\"true\" \/>Jueves 23 de marzo | 14 horas<br aria-hidden=\"true\" \/>\u00a0<strong>Literatura por mujeres<\/strong><br aria-hidden=\"true\" \/>\u00a0<strong>Lectura de \u201cLa se\u00f1orita Julia\u201d de Amparo D\u00e1vila<\/strong><br aria-hidden=\"true\" \/>Faro Indios Verdes<br aria-hidden=\"true\" \/>Martes 7 de marzo<br aria-hidden=\"true\" \/>\u00a0<strong>Lit&amp;Luz festival<\/strong><br aria-hidden=\"true\" \/>Artistas discutir\u00e1n el quehacer art\u00edstico dentro de la colaboraci\u00f3n trasnacional, Casa Refugio Citlalt\u00e9petl<br aria-hidden=\"true\" \/>Mi\u00e9rcoles 8 de marzo | 19 horas<br aria-hidden=\"true\" \/>\u00a0<strong>Velada Cultural: Ser mujer en la lucha<\/strong><br aria-hidden=\"true\" \/>Casa Refugio Citlalt\u00e9petl<br aria-hidden=\"true\" \/>Viernes 10 de marzo | 16-19 horas<br aria-hidden=\"true\" \/>\u00a0<strong>Presentaci\u00f3n editorial \u201cMujeres que besan\u201d y expo de Escritoras y artistas sin frontera<\/strong><br aria-hidden=\"true\" \/>Casa Refugio Citlalt\u00e9petl<br aria-hidden=\"true\" \/>S\u00e1bado 11 de marzo | 11-15 horas<br aria-hidden=\"true\" \/>\u00a0<strong>Presentaci\u00f3n editorial \u201cPo\u00e9tica de la rebeld\u00eda. En el marco del 8M\u201d<\/strong><br aria-hidden=\"true\" \/>Faro de Oriente<br aria-hidden=\"true\" \/>\u00a0s\u00e1bado 11 de marzo | 13 horas<br aria-hidden=\"true\" \/>\u00a0<strong>Presentaci\u00f3n editorial \u201cLas ni\u00f1as corren aventuras\u201d de Pilar Oporto<\/strong><br aria-hidden=\"true\" \/>Faro Indios Verdes<br aria-hidden=\"true\" \/>12 de marzo | 12 horas<br aria-hidden=\"true\" \/>\u00a0<strong>Lectura y presentaci\u00f3n editorial \u201cEl futuro es femenino\u201d<\/strong><br aria-hidden=\"true\" \/>Faro Indios Verdes<br aria-hidden=\"true\" \/>Martes 14 de marzo | 16 horas<br aria-hidden=\"true\" \/>\u00a0<strong>Informe M\u00e9xico 2018,<br aria-hidden=\"true\" \/>Global Alliance Against Traffic in Women, Informe M\u00e9xico<\/strong><br aria-hidden=\"true\" \/>Faro de Oriente<br aria-hidden=\"true\" \/>Jueves 16 de marzo | 16 horas<br aria-hidden=\"true\" \/><strong>Historias Desveladas, narraci\u00f3n oral y textil de las vidas de diversas mujeres<\/strong><br aria-hidden=\"true\" \/>Sal\u00f3n de Cabildos<br aria-hidden=\"true\" \/>Viernes 24 de marzo | 17 horas<br aria-hidden=\"true\" \/>\u00a0<br aria-hidden=\"true\" \/><strong><u>M\u00fasica por mujeres<\/u><\/strong><br aria-hidden=\"true\" \/>\u00a0<strong>Concierto de la Orquesta t\u00edpica de la CDMX, bajo la batuta de la Dra. Antonia Gonz\u00e1lez, con obras de reconocidas compositoras.<\/strong><br aria-hidden=\"true\" \/>Museo de la Ciudad de M\u00e9xico<br aria-hidden=\"true\" \/>Viernes 3 de marzo, 18 horas y domingo 5 de marzo, Sala Tepecuicatl\u00a0|12 hrs.<br aria-hidden=\"true\" \/><\/p>\n<p dir=\"ltr\"><strong>Orquesta Filarm\u00f3nica de la Ciudad de M\u00e9xico, Consuelo Bolio, directora. Con la solista Claudia Corona al piano. Obras de Clara Schumann, Fanny Mendelssohn, Pamela Mayorga, Gina Enr\u00edquez.<\/strong><br aria-hidden=\"true\" \/>Sala Silvestre Revueltas, Centro Cultural Ollin Yoliztli<br aria-hidden=\"true\" \/>S\u00e1bado 4 de marzo | 18 horas.<br aria-hidden=\"true\" \/>\u00a0<br aria-hidden=\"true\" \/><strong>\u201cMujer p\u00e1jaro\u201d, concierto de la cantante y compositora mexicana Gabriela Alatorre<\/strong><br aria-hidden=\"true\" \/>Centro Cultural Xavier Villaurrutia<br aria-hidden=\"true\" \/>Viernes 3 de marzo\u00a0| \u00a018 horas<br aria-hidden=\"true\" \/>\u00a0<br aria-hidden=\"true\" \/><strong>Festival de M\u00fasica Faro de Oriente con grupos como Queens of Rock con punto\u00a0<\/strong>G, 16 horas, \u201cAstronauta azul\u201d<br aria-hidden=\"true\" \/>15:30 horas, LATAM MX, 16.30 horas y Cynthia Candelas\/ Electropikal Cumbia Power<br aria-hidden=\"true\" \/>S\u00e1bado 11 de marzo | 17.30 horas.<br aria-hidden=\"true\" \/>\u00a0<br aria-hidden=\"true\" \/><strong>Baile sonidero con las Musas Sonideras<\/strong><br aria-hidden=\"true\" \/>FARO Tl\u00e1huac<br aria-hidden=\"true\" \/>Domingo 12 de marzo | 15 hrs<br aria-hidden=\"true\" \/>\u00a0<br aria-hidden=\"true\" \/><strong>Encuentro de mujeres DJ de la escena High Energy de la Ciudad de M\u00e9xico<\/strong><br aria-hidden=\"true\" \/>FARO Arag\u00f3n<br aria-hidden=\"true\" \/>S\u00e1bado 25 de marzo | 15 hrs<br aria-hidden=\"true\" \/>\u00a0<br aria-hidden=\"true\" \/><strong><u>Mujeres y Multidisciplina<\/u><\/strong><br aria-hidden=\"true\" \/>\u00a0<br aria-hidden=\"true\" \/>\u00a0<strong>\u201c8M: Mujeres en movimiento, charlas, talleres y actividades art\u00edsticas de mujeres\u201d<\/strong><br aria-hidden=\"true\" \/><strong>Centro Cultural la Pir\u00e1mide<\/strong><br aria-hidden=\"true\" \/>S\u00e1bado 4 de marzo |\u00a016 a 20 horas<br aria-hidden=\"true\" \/>\u00a0<br aria-hidden=\"true\" \/><strong>Jornada multidisciplinaria \u201cCelebrando el d\u00eda de la mujer\u201d<\/strong><br aria-hidden=\"true\" \/>FARO Arag\u00f3n<br aria-hidden=\"true\" \/>Mi\u00e9rcoles 8 de marzo | 17 horas<br aria-hidden=\"true\" \/>\u00a0<br aria-hidden=\"true\" \/><strong>\u201cMujer y vivienda, una reflexi\u00f3n\u201d<\/strong><br aria-hidden=\"true\" \/>\u00c1gora Galer\u00eda del Pueblo | 17 horas (virtual)<br aria-hidden=\"true\" \/>\u00a0<br aria-hidden=\"true\" \/><strong>\u201cLa construcci\u00f3n de un pa\u00eds bajo el feminismo del siglo XIX\u201d<\/strong><br aria-hidden=\"true\" \/>Visita teatralizada al Pante\u00f3n de San Fernando<br aria-hidden=\"true\" \/>Mi\u00e9rcoles 8 de marzo\u00a0| \u00a016 horas<br aria-hidden=\"true\" \/>\u00a0<br aria-hidden=\"true\" \/><strong>\u201cS\u00e1bado Chiquitzin en el marco del 8M\u201d, talleres, intervenciones textiles, lectura de poes\u00eda y presentaci\u00f3n musical de Alejandra Bonilla<\/strong><br aria-hidden=\"true\" \/>FARO Tec\u00f3mitl<br aria-hidden=\"true\" \/>S\u00e1bado 11 de marzo\u00a0|\u00a012 horas<br aria-hidden=\"true\" \/><strong><em>Ruido<\/em><\/strong><strong>, pel\u00edcula sobre las desapariciones de mujeres<\/strong><br aria-hidden=\"true\" \/>FARO Miacatl\u00e1n<br aria-hidden=\"true\" \/>Mi\u00e9rcoles 15 de marzo\u00a0| \u00a017 horas<br aria-hidden=\"true\" \/>\u00a0<br aria-hidden=\"true\" \/><strong>Gran Desfile de Barrio, festival art\u00edstico<\/strong><br aria-hidden=\"true\" \/>FARO Oriente<br aria-hidden=\"true\" \/>S\u00e1bado 18 de marzo\u00a0|\u00a0a partir de las 12 horas<br aria-hidden=\"true\" \/>\u00a0<br aria-hidden=\"true\" \/><strong>\u201cAncestras\u201d, danza y performance.<\/strong><br aria-hidden=\"true\" \/>El Rule Comunidad de Saberes<br aria-hidden=\"true\" \/>S\u00e1bado 18 de marzo | 17 horas<br aria-hidden=\"true\" \/>\u00a0<br aria-hidden=\"true\" \/><strong>\u201cLa mujer sola\u201d obra de Dar\u00edo Fo en el marco del 8M<\/strong><br aria-hidden=\"true\" \/>FARO Oriente, viernes 17 de marzo\u00a0| \u00a017 horas<br aria-hidden=\"true\" \/>\u00a0<br aria-hidden=\"true\" \/><strong><u>Ciclo de cine trans<\/u><\/strong><br aria-hidden=\"true\" \/>\u00a0<br aria-hidden=\"true\" \/><strong>Casa Refugio Citlalt\u00e9petl<\/strong><br aria-hidden=\"true\" \/>Todos los jueves de marzo | 18 horas<br aria-hidden=\"true\" \/>\u00a0<br aria-hidden=\"true\" \/>Jueves 9 de marzo:\u00a0<strong>\u201cCosas que no hacemos\u201d<\/strong><br aria-hidden=\"true\" \/>Jueves 16 de marzo:\u00a0<strong>\u201cQuebranto\u201d<\/strong><br aria-hidden=\"true\" \/>Jueves 23 de marzo:\u00a0<strong>\u201cLa chica del cabello rosa y una patineta al hombro\u201d<\/strong><br aria-hidden=\"true\" \/>Jueves 30 de marzo:\u00a0<strong>\u201cMi pap\u00e1 se llama Lola\u201d<\/strong><br aria-hidden=\"true\" \/>\u00a0<br aria-hidden=\"true\" \/><strong>Conversatorios<\/strong><br aria-hidden=\"true\" \/>\u00a0<br aria-hidden=\"true\" \/><strong>Las mujeres unidas por el arte<\/strong><br aria-hidden=\"true\" \/>Museo de arte popular | 17 horas (virtual)<br aria-hidden=\"true\" \/>\u00a0<br aria-hidden=\"true\" \/><strong>\u201cCine y g\u00e9nero\u201d, Cineclub Mora<\/strong><br aria-hidden=\"true\" \/>Instituto Mora<br aria-hidden=\"true\" \/>Martes 7 de marzo | 17:30 horas<br aria-hidden=\"true\" \/>\u00a0<br aria-hidden=\"true\" \/><strong>Por un mundo digital inclusivo<\/strong><br aria-hidden=\"true\" \/>Faro de Oriente<br aria-hidden=\"true\" \/>Mi\u00e9rcoles 8 de marzo | 10 hrs<br aria-hidden=\"true\" \/>\u00a0<br aria-hidden=\"true\" \/><strong>Igualdad de g\u00e9nero y artes visuales<\/strong><br aria-hidden=\"true\" \/>Cineclub de la Direcci\u00f3n General de Repositorios Universitarios, UNAM<br aria-hidden=\"true\" \/>Viernes 10 de marzo | 10 horas<br aria-hidden=\"true\" \/>\u00a0<br aria-hidden=\"true\" \/><strong>La importancia hist\u00f3rica de la mujer en el siglo XIX mexicano\u201d<\/strong><br aria-hidden=\"true\" \/>Museo Pante\u00f3n de San Fernando<br aria-hidden=\"true\" \/>Viernes 10 de marzo | 15 horas<br aria-hidden=\"true\" \/>\u00a0<br aria-hidden=\"true\" \/><strong>8M: La historia.<\/strong><br aria-hidden=\"true\" \/>Sal\u00f3n de Cabildos<br aria-hidden=\"true\" \/>Viernes 10 de marzo | 18 horas<br aria-hidden=\"true\" \/>\u00a0<br aria-hidden=\"true\" \/><strong>Indicadores de violencia en el mundo laboral de las trabajadoras sexuales en M\u00e9xico en el marco del 8M.<\/strong><br aria-hidden=\"true\" \/>FARO Oriente<br aria-hidden=\"true\" \/>Viernes 10 de marzo | 16 horas<br aria-hidden=\"true\" \/>\u00a0<br aria-hidden=\"true\" \/><strong>Ser mujer, el cuerpo que habito<\/strong><br aria-hidden=\"true\" \/>FARO Oriente<br aria-hidden=\"true\" \/>S\u00e1bado 11 de marzo | 12 horas<br aria-hidden=\"true\" \/>\u00a0<br aria-hidden=\"true\" \/><strong>La voz femenina en el cine en el marco del D\u00eda internacional de la mujer<\/strong><br aria-hidden=\"true\" \/>Casa de la primera imprenta<br aria-hidden=\"true\" \/>mi\u00e9rcoles 22 de marzo | 17 horas<br aria-hidden=\"true\" \/>\u00a0<br aria-hidden=\"true\" \/><strong>Encuentro de mujeres ind\u00edgenas<\/strong><br aria-hidden=\"true\" \/>El Rule Comunidad de Saberes<br aria-hidden=\"true\" \/>S\u00e1bado 25 de marzo | de 16 a 18 horas<br aria-hidden=\"true\" \/>\u00a0<br aria-hidden=\"true\" \/><strong>Encuentro de mujeres en la gr\u00e1fica<\/strong><br aria-hidden=\"true\" \/>El Rule Comunidad de Saberes<br aria-hidden=\"true\" \/>S\u00e1bado 25 de marzo | de 12 a 16 horas<br aria-hidden=\"true\" \/>\u00a0<br aria-hidden=\"true\" \/><strong>Conferencia sobre el derecho a la verdad<\/strong><br aria-hidden=\"true\" \/>Casa Refugio Citlalt\u00e9petl<br aria-hidden=\"true\" \/>Viernes 24 de marzo | de 18 a 20 horas<br aria-hidden=\"true\" \/>\u00a0<br aria-hidden=\"true\" \/>\u00a0<strong><u>Exposiciones<\/u><\/strong><br aria-hidden=\"true\" \/>\u00a0<br aria-hidden=\"true\" \/><strong><em>Adelitas, Resistencia y Soberan\u00eda<\/em><\/strong><br aria-hidden=\"true\" \/>Galer\u00eda Abierta, Grutas de las Rejas del Bosque de Chapultepec.<br aria-hidden=\"true\" \/>Del 6 de marzo al 16 de abril.<br aria-hidden=\"true\" \/>\u00a0<br aria-hidden=\"true\" \/><strong>\u201cDesde nosotras\u201d, inauguraci\u00f3n de exposici\u00f3n y conversatorio con las autoras.\u00a0<\/strong>Cineclub Mora, Instituto Mora<br aria-hidden=\"true\" \/>Martes 7 de marzo | 17:30 horas<br aria-hidden=\"true\" \/>\u201cEllos no existen\u201d de Virgilia Volcanes, Faro Indios Verdes, S\u00e1bado 11 de marzo\u00a0| \u00a014 hrs.<\/p>\n<div dir=\"auto\"><a class=\"x1i10hfl xjbqb8w x6umtig x1b1mbwd xaqea5y xav7gou x9f619 x1ypdohk xt0psk2 xe8uvvx xdj266r x11i5rnm xat24cr x1mh8g0r xexx8yu x4uap5 x18d9i69 xkhd6sd x16tdsg8 x1hl2dhg xggy1nq x1a2a7pz xt0b8zv x1qq9wsj xo1l8bm\" tabindex=\"0\" role=\"link\" href=\"https:\/\/www.facebook.com\/hashtag\/tiempodemujeres?__eep__=6&amp;__cft__[0]=AZUAG8NE_xVI7UUMRXiOI0rTLLRuY5sKODgP1OqbHeER_uTd0cY84Lc4EvBcQBT1IkryLMmAWDMIfk9l8IOFnmBk8htyk_pMcAPeZQ3UA6HUs-y3HBapkXTer6aDfxEYm64&amp;__tn__=*NK-R\">#TiempoDeMujeres<\/a><\/div>\n<div dir=\"auto\"><a class=\"x1i10hfl xjbqb8w x6umtig x1b1mbwd xaqea5y xav7gou x9f619 x1ypdohk xt0psk2 xe8uvvx xdj266r x11i5rnm xat24cr x1mh8g0r xexx8yu x4uap5 x18d9i69 xkhd6sd x16tdsg8 x1hl2dhg xggy1nq x1a2a7pz xt0b8zv x1qq9wsj xo1l8bm\" tabindex=\"0\" role=\"link\" href=\"https:\/\/www.facebook.com\/hashtag\/festivalporlaigualdad?__eep__=6&amp;__cft__[0]=AZUAG8NE_xVI7UUMRXiOI0rTLLRuY5sKODgP1OqbHeER_uTd0cY84Lc4EvBcQBT1IkryLMmAWDMIfk9l8IOFnmBk8htyk_pMcAPeZQ3UA6HUs-y3HBapkXTer6aDfxEYm64&amp;__tn__=*NK-R\">#FestivalporlaIgualdad<\/a><\/div>\n<div dir=\"auto\"><a class=\"x1i10hfl xjbqb8w x6umtig x1b1mbwd xaqea5y xav7gou x9f619 x1ypdohk xt0psk2 xe8uvvx xdj266r x11i5rnm xat24cr x1mh8g0r xexx8yu x4uap5 x18d9i69 xkhd6sd x16tdsg8 x1hl2dhg xggy1nq x1a2a7pz xt0b8zv x1qq9wsj xo1l8bm\" tabindex=\"0\" role=\"link\" href=\"https:\/\/www.facebook.com\/hashtag\/secretariadeculturacdmx?__eep__=6&amp;__cft__[0]=AZUAG8NE_xVI7UUMRXiOI0rTLLRuY5sKODgP1OqbHeER_uTd0cY84Lc4EvBcQBT1IkryLMmAWDMIfk9l8IOFnmBk8htyk_pMcAPeZQ3UA6HUs-y3HBapkXTer6aDfxEYm64&amp;__tn__=*NK-R\">#secretariadeculturacdmx<\/a><\/div>\n<div dir=\"auto\"><a class=\"x1i10hfl xjbqb8w x6umtig x1b1mbwd xaqea5y xav7gou x9f619 x1ypdohk xt0psk2 xe8uvvx xdj266r x11i5rnm xat24cr x1mh8g0r xexx8yu x4uap5 x18d9i69 xkhd6sd x16tdsg8 x1hl2dhg xggy1nq x1a2a7pz xt0b8zv x1qq9wsj xo1l8bm\" tabindex=\"0\" role=\"link\" href=\"https:\/\/www.facebook.com\/hashtag\/8m?__eep__=6&amp;__cft__[0]=AZUAG8NE_xVI7UUMRXiOI0rTLLRuY5sKODgP1OqbHeER_uTd0cY84Lc4EvBcQBT1IkryLMmAWDMIfk9l8IOFnmBk8htyk_pMcAPeZQ3UA6HUs-y3HBapkXTer6aDfxEYm64&amp;__tn__=*NK-R\">#8M<\/a><\/div>\n<div dir=\"auto\"><a class=\"x1i10hfl xjbqb8w x6umtig x1b1mbwd xaqea5y xav7gou x9f619 x1ypdohk xt0psk2 xe8uvvx xdj266r x11i5rnm xat24cr x1mh8g0r xexx8yu x4uap5 x18d9i69 xkhd6sd x16tdsg8 x1hl2dhg xggy1nq x1a2a7pz xt0b8zv x1qq9wsj xo1l8bm\" tabindex=\"0\" role=\"link\" href=\"https:\/\/www.facebook.com\/hashtag\/bitacoracdmx?__eep__=6&amp;__cft__[0]=AZUAG8NE_xVI7UUMRXiOI0rTLLRuY5sKODgP1OqbHeER_uTd0cY84Lc4EvBcQBT1IkryLMmAWDMIfk9l8IOFnmBk8htyk_pMcAPeZQ3UA6HUs-y3HBapkXTer6aDfxEYm64&amp;__tn__=*NK-R\">#bitacoracdmx<\/a><\/div>\n<p>[\/fusion_text][fusion_gallery layout=&#8221;&#8221; picture_size=&#8221;&#8221; columns=&#8221;&#8221; column_spacing=&#8221;10&#8243; gallery_masonry_grid_ratio=&#8221;&#8221; gallery_masonry_width_double=&#8221;&#8221; hover_type=&#8221;&#8221; lightbox=&#8221;yes&#8221; lightbox_content=&#8221;&#8221; bordersize=&#8221;&#8221; bordercolor=&#8221;&#8221; border_radius=&#8221;&#8221; hide_on_mobile=&#8221;small-visibility,medium-visibility,large-visibility&#8221; class=&#8221;&#8221; id=&#8221;&#8221;][fusion_gallery_image image=&#8221;https:\/\/www.bitacoracdmx.com\/wp-content\/uploads\/2023\/03\/WhatsApp-Image-2023-02-28-at-5.11.53-PM-200&#215;300.jpeg&#8221; image_id=&#8221;49718|medium&#8221; link=&#8221;&#8221; linktarget=&#8221;_self&#8221; \/][fusion_gallery_image image=&#8221;https:\/\/www.bitacoracdmx.com\/wp-content\/uploads\/2023\/03\/e7164813-4104-c2c1-ccac-ed1748d0e32f-300&#215;200.jpg&#8221; image_id=&#8221;49717|medium&#8221; link=&#8221;&#8221; linktarget=&#8221;_self&#8221; \/][fusion_gallery_image image=&#8221;https:\/\/www.bitacoracdmx.com\/wp-content\/uploads\/2023\/03\/WhatsApp-Image-2023-02-28-at-5.11.53-PM-200&#215;300.jpeg&#8221; image_id=&#8221;49718|medium&#8221; link=&#8221;&#8221; linktarget=&#8221;_self&#8221; \/][fusion_gallery_image image=&#8221;https:\/\/www.bitacoracdmx.com\/wp-content\/uploads\/2023\/03\/e7164813-4104-c2c1-ccac-ed1748d0e32f-300&#215;200.jpg&#8221; image_id=&#8221;49717|medium&#8221; link=&#8221;&#8221; linktarget=&#8221;_self&#8221; \/][\/fusion_gallery][\/fusion_builder_column][\/fusion_builder_row][\/fusion_builder_container]<\/p>\n","protected":false},"excerpt":{"rendered":"<p>[fusion_builder_container hundred_percent=&#8221;no&#8221; equal_height_columns=&#8221;no&#8221; menu_anchor=&#8221;&#8221; hide_on_mobile=&#8221;small-visibility,medium-visibility,large-visibility&#8221; class=&#8221;&#8221; id=&#8221;&#8221; background_color=&#8221;&#8221; background_image=&#8221;&#8221; background_position=&#8221;center center&#8221; background_repeat=&#8221;no-repeat&#8221; fade=&#8221;no&#8221; background_parallax=&#8221;none&#8221; parallax_speed=&#8221;0.3&#8243; video_mp4=&#8221;&#8221; video_webm=&#8221;&#8221; video_ogv=&#8221;&#8221; video_url=&#8221;&#8221; video_aspect_ratio=&#8221;16:9&#8243; video_loop=&#8221;yes&#8221; video_mute=&#8221;yes&#8221; overlay_color=&#8221;&#8221; video_preview_image=&#8221;&#8221; border_size=&#8221;&#8221; border_color=&#8221;&#8221; border_style=&#8221;solid&#8221; padding_top=&#8221;&#8221; padding_bottom=&#8221;&#8221; padding_left=&#8221;&#8221; padding_right=&#8221;&#8221;][fusion_builder_row][fusion_builder_column type=&#8221;1_1&#8243; layout=&#8221;1_1&#8243; background_position=&#8221;left top&#8221; background_color=&#8221;&#8221; border_size=&#8221;&#8221; border_color=&#8221;&#8221; border_style=&#8221;solid&#8221; border_position=&#8221;all&#8221; spacing=&#8221;yes&#8221; background_image=&#8221;&#8221; background_repeat=&#8221;no-repeat&#8221; padding_top=&#8221;&#8221; padding_right=&#8221;&#8221; padding_bottom=&#8221;&#8221; padding_left=&#8221;&#8221; margin_top=&#8221;0px&#8221; margin_bottom=&#8221;0px&#8221; class=&#8221;&#8221; id=&#8221;&#8221; animation_type=&#8221;&#8221; animation_speed=&#8221;0.3&#8243; animation_direction=&#8221;left&#8221; hide_on_mobile=&#8221;small-visibility,medium-visibility,large-visibility&#8221; center_content=&#8221;no&#8221; last=&#8221;no&#8221; min_height=&#8221;&#8221; hover_type=&#8221;none&#8221; link=&#8221;&#8221;][fusion_text] REDACCI\u00d3N Del 6 al 12 de marzo, el festival reunir\u00e1 a 150 mujeres artistas en 123 actividades entre teatro, exposiciones, conciertos, danza, cabaret y cine, distribuidas en 91 sedes como plazas p\u00fablicas, mercados y recintos culturales de la capital, adem\u00e1s [&hellip;]<\/p>\n","protected":false},"author":1,"featured_media":49718,"comment_status":"open","ping_status":"open","sticky":false,"template":"","format":"standard","meta":{"footnotes":""},"categories":[5,4,8,9],"tags":[],"_links":{"self":[{"href":"https:\/\/www.bitacoracdmx.com\/index.php?rest_route=\/wp\/v2\/posts\/49716"}],"collection":[{"href":"https:\/\/www.bitacoracdmx.com\/index.php?rest_route=\/wp\/v2\/posts"}],"about":[{"href":"https:\/\/www.bitacoracdmx.com\/index.php?rest_route=\/wp\/v2\/types\/post"}],"author":[{"embeddable":true,"href":"https:\/\/www.bitacoracdmx.com\/index.php?rest_route=\/wp\/v2\/users\/1"}],"replies":[{"embeddable":true,"href":"https:\/\/www.bitacoracdmx.com\/index.php?rest_route=%2Fwp%2Fv2%2Fcomments&post=49716"}],"version-history":[{"count":1,"href":"https:\/\/www.bitacoracdmx.com\/index.php?rest_route=\/wp\/v2\/posts\/49716\/revisions"}],"predecessor-version":[{"id":49719,"href":"https:\/\/www.bitacoracdmx.com\/index.php?rest_route=\/wp\/v2\/posts\/49716\/revisions\/49719"}],"wp:featuredmedia":[{"embeddable":true,"href":"https:\/\/www.bitacoracdmx.com\/index.php?rest_route=\/wp\/v2\/media\/49718"}],"wp:attachment":[{"href":"https:\/\/www.bitacoracdmx.com\/index.php?rest_route=%2Fwp%2Fv2%2Fmedia&parent=49716"}],"wp:term":[{"taxonomy":"category","embeddable":true,"href":"https:\/\/www.bitacoracdmx.com\/index.php?rest_route=%2Fwp%2Fv2%2Fcategories&post=49716"},{"taxonomy":"post_tag","embeddable":true,"href":"https:\/\/www.bitacoracdmx.com\/index.php?rest_route=%2Fwp%2Fv2%2Ftags&post=49716"}],"curies":[{"name":"wp","href":"https:\/\/api.w.org\/{rel}","templated":true}]}}