{"id":49726,"date":"2023-03-01T04:33:51","date_gmt":"2023-03-01T04:33:51","guid":{"rendered":"https:\/\/www.bitacoracdmx.com\/?p=49726"},"modified":"2023-03-01T04:33:51","modified_gmt":"2023-03-01T04:33:51","slug":"arrancan-los-preparativos-para-la-45a-edicion-de-la-marcha-lgbtttiq-de-la-cdmx","status":"publish","type":"post","link":"https:\/\/www.bitacoracdmx.com\/?p=49726","title":{"rendered":"Arrancan los preparativos para la 45a EDICI\u00d3N DE LA MARCHA LGBTTTIQ+ de la CDMX"},"content":{"rendered":"<p>[fusion_builder_container hundred_percent=&#8221;no&#8221; equal_height_columns=&#8221;no&#8221; menu_anchor=&#8221;&#8221; hide_on_mobile=&#8221;small-visibility,medium-visibility,large-visibility&#8221; class=&#8221;&#8221; id=&#8221;&#8221; background_color=&#8221;&#8221; background_image=&#8221;&#8221; background_position=&#8221;center center&#8221; background_repeat=&#8221;no-repeat&#8221; fade=&#8221;no&#8221; background_parallax=&#8221;none&#8221; parallax_speed=&#8221;0.3&#8243; video_mp4=&#8221;&#8221; video_webm=&#8221;&#8221; video_ogv=&#8221;&#8221; video_url=&#8221;&#8221; video_aspect_ratio=&#8221;16:9&#8243; video_loop=&#8221;yes&#8221; video_mute=&#8221;yes&#8221; overlay_color=&#8221;&#8221; video_preview_image=&#8221;&#8221; border_size=&#8221;&#8221; border_color=&#8221;&#8221; border_style=&#8221;solid&#8221; padding_top=&#8221;&#8221; padding_bottom=&#8221;&#8221; padding_left=&#8221;&#8221; padding_right=&#8221;&#8221;][fusion_builder_row][fusion_builder_column type=&#8221;1_1&#8243; layout=&#8221;1_1&#8243; background_position=&#8221;left top&#8221; background_color=&#8221;&#8221; border_size=&#8221;&#8221; border_color=&#8221;&#8221; border_style=&#8221;solid&#8221; border_position=&#8221;all&#8221; spacing=&#8221;yes&#8221; background_image=&#8221;&#8221; background_repeat=&#8221;no-repeat&#8221; padding_top=&#8221;&#8221; padding_right=&#8221;&#8221; padding_bottom=&#8221;&#8221; padding_left=&#8221;&#8221; margin_top=&#8221;0px&#8221; margin_bottom=&#8221;0px&#8221; class=&#8221;&#8221; id=&#8221;&#8221; animation_type=&#8221;&#8221; animation_speed=&#8221;0.3&#8243; animation_direction=&#8221;left&#8221; hide_on_mobile=&#8221;small-visibility,medium-visibility,large-visibility&#8221; center_content=&#8221;no&#8221; last=&#8221;no&#8221; min_height=&#8221;&#8221; hover_type=&#8221;none&#8221; link=&#8221;&#8221;][fusion_text]<\/p>\n<p>REDACCI\u00d3N<\/p>\n<p>\u25cf\u00a0\u00a0\u00a0\u00a0\u00a0\u00a0M\u00e1<span lang=\"ES-TRAD\">s de 40 organizaciones de la sociedad civil se unen para retomar la marcha como un espacio seguro para las personas asistentes y un lugar de incidencia<\/span><\/p>\n<p><span lang=\"ES-TRAD\">\u25cf\u00a0\u00a0\u00a0\u00a0\u00a0\u00a0<\/span><span lang=\"ES-TRAD\">En esta edici\u00f3n los temas principales ser<\/span>\u00e1<span lang=\"ES-TRAD\">n la visibilidad de grupos hist\u00f3ricamente vulnerados dentro las poblaciones LGBTTTIQ+ y el reconocimiento de las identidades trans y no binarias<\/span><\/p>\n<p><span lang=\"ES-TRAD\">\u25cf\u00a0\u00a0\u00a0\u00a0\u00a0\u00a0<\/span><span lang=\"ES-TRAD\">La nueva edici\u00f3n de esta marcha se llevar<\/span>\u00e1\u00a0<span lang=\"ES-TRAD\">a cabo el pr\u00f3ximo 24 de junio a las 10:00 hrs en el\u00a0<\/span>\u00c1<span lang=\"ES-TRAD\">ngel de la Independencia<\/span><\/p>\n<p><span lang=\"ES-TRAD\">A partir del a\u00f1o 2019 con el lema\u00a0<\/span><span dir=\"RTL\" lang=\"AR-SA\">\u201c<\/span><span lang=\"ES-TRAD\">Orgullo 41: Ser es resistir<\/span>\u201d<span lang=\"ES-TRAD\">, conmemoramos y honramos la vida de las 41 personas que protagonizaron la primera razia homof\u00f3bica de la que se tenga registro en nuestro pa<\/span>\u00ed<span lang=\"ES-TRAD\">s. Estas razias se caracterizaban por ser ataques sorpresivos por parte del Estado contra nuestras poblaciones, en las que polic<\/span>\u00ed<span lang=\"ES-TRAD\">as golpeaban, amenazaban, encarcelaban y exhib<\/span>\u00ed<span lang=\"ES-TRAD\">an a las personas LGBTTTIQ+.<\/span><\/p>\n<p>A\u00fa<span lang=\"ES-TRAD\">n ahora recordamos la deuda hist\u00f3rica que el gobierno tiene con nuestras poblaciones, no la vamos a olvidar y seguimos resistiendo.<\/span><\/p>\n<p><span lang=\"ES-TRAD\">En 2020 y 2021, en medio de una pandemia mundial ocasionada por la enfermedad conocida como COVID-19 y anteponiendo siempre el bienestar de las personas, incitamos a no marchar de forma presencial, pero s<\/span>\u00ed\u00a0<span lang=\"ES-TRAD\">a sumarse a los esfuerzos virtuales, recordando a la gente que nuestros derechos est<\/span>\u00e1<span lang=\"ES-TRAD\">n en peligro, y que no daremos ni un paso atr<\/span>\u00e1<span lang=\"ES-TRAD\">s en esta lucha. Denunciamos el abandono sistem<\/span>\u00e1<span lang=\"ES-TRAD\">tico que enfrentamos las personas LGBTTTIQ+ durante toda la crisis sanitaria, el recrudecimiento de la lgbtiqfobia, la falta de atenci\u00f3n y el atropello a nuestros derechos. Dichas transmisiones virtuales conectaron de manera hist\u00f3<\/span><span lang=\"PT\">rica a m<\/span>\u00e1<span lang=\"ES-TRAD\">s de 5 millones de personas desde sus casas.<\/span><\/p>\n<p><span lang=\"ES-TRAD\">En 2022, exigimos\u00a0<\/span><span dir=\"RTL\" lang=\"AR-SA\">\u201c<\/span><span lang=\"ES-TRAD\">Alto a la violencia hacia las mujeres de la diversidad<\/span>\u201d<span lang=\"ES-TRAD\">, y al mismo tiempo regresamos a las calles como antes de la pandemia. Hasta el d<\/span>\u00ed<span lang=\"ES-TRAD\">a de hoy, seguimos lidiando con gobiernos de la Ciudad de M<\/span><span lang=\"FR\">\u00e9<\/span><span lang=\"ES-TRAD\">xico que no procuran libertad, justicia ni un trato digno para las personas de la comunidad LGBTTTIQ+.<\/span><\/p>\n<p><span lang=\"ES-TRAD\">Es por eso que en este 2023, m<\/span>\u00e1<span lang=\"ES-TRAD\">s de 40 organizaciones de la sociedad civil nos hemos reunido para consolidar la organizaci\u00f3n de la marcha de este a\u00f1o con el lema\u00a0<\/span><b><i><span dir=\"RTL\" lang=\"AR-SA\">\u201c<\/span><\/i><\/b><b><i><span lang=\"ES-TRAD\">Libertad, justicia, dignidad\u2026 \u00a1A nosotres jam<\/span><\/i><\/b><b><i>\u00e1<\/i><\/b><b><i><span lang=\"ES-TRAD\">s nos borrar<\/span><\/i><\/b><b><i>\u00e1<\/i><\/b><b><i><span lang=\"RU\">n!<\/span><\/i><\/b><b><i>\u201d<\/i><\/b><span lang=\"ES-TRAD\">, en donde nuestras exigencias principales, debido a la pertinencia y coyuntura que tienen, ser<\/span>\u00e1<span lang=\"ES-TRAD\">n dos:<\/span><\/p>\n<p><span lang=\"ES-TRAD\">\u25cf\u00a0\u00a0\u00a0\u00a0\u00a0\u00a0<\/span><span lang=\"ES-TRAD\">Visibilidad y atenci\u00f3n a grupos hist\u00f3ricamente vulnerados (personas adultas mayores LGBTTTIQ+, personas con discapacidad, personas de pueblos originarios, personas racializadas, personas en situaci\u00f3n de calle, personas que viven con VIH, personas trabajadoras sexuales, personas privadas de su libertad, personas adultas mayores, y quienes nos hace falta nombrar.<\/span><\/p>\n<p><span lang=\"ES-TRAD\">\u25cf\u00a0\u00a0\u00a0\u00a0\u00a0\u00a0<\/span><span lang=\"ES-TRAD\">Reconocimiento legal y social de las identidades trans y no binarias.<\/span><\/p>\n<p><span lang=\"ES-TRAD\">Como primer paso para la resoluci\u00f3n de nuestras demandas, exigimos mesas de trabajo reales y viables con los tres poderes p<\/span>\u00fa<span lang=\"ES-TRAD\">blicos tanto a nivel local como federal, a efecto de dise\u00f1ar, revisar y ejecutar pol<\/span>\u00ed<span lang=\"PT\">ticas p<\/span>\u00fa<span lang=\"ES-TRAD\">blicas, iniciativas de ley, procesos de procuraci\u00f3<\/span><span lang=\"IT\">n e impartici<\/span><span lang=\"ES-TRAD\">\u00f3n de justicia y todas aquellas acciones necesarias para lograr justicia, libertad y trato digno a nuestras poblaciones, mismas que deber<\/span>\u00e1<span lang=\"ES-TRAD\">n ser planteadas desde nuestra realidad social y no desde el prejuicio, con el fin de lograr su eficacia en beneficio de todas, todos y todes.<\/span><\/p>\n<p>As\u00ed\u00a0<span lang=\"ES-TRAD\">pues, invitamos a la comunidad LGBTTTIQ+ y a verdaderas personas aliadas de nuestras poblaciones, as<\/span>\u00ed\u00a0<span lang=\"ES-TRAD\">como a la sociedad civil en general, a marchar hombro con hombro el pr\u00f3<\/span><span lang=\"PT\">ximo s<\/span>\u00e1<span lang=\"ES-TRAD\">bado 24 de junio a las 10:00 a. m. en el\u00a0<\/span>\u00c1<span lang=\"ES-TRAD\">ngel de la Independencia, por el reconocimiento de los grupos que hist\u00f3ricamente han sido vulnerados y silenciados. O bien, podr<\/span>\u00e1<span lang=\"ES-TRAD\">n seguir la transmisi\u00f3n en vivo a trav<\/span><span lang=\"FR\">\u00e9<\/span><span lang=\"ES-TRAD\">s de nuestras redes sociales @MarchaLGBTICDMX, la cual ser<\/span>\u00e1\u00a0<span lang=\"ES-TRAD\">posible gracias al apoyo brindado por parte de Canal Once por cuarto a\u00f1<\/span><span lang=\"PT\">o consecutivo.<\/span><\/p>\n<p><span lang=\"ES-TRAD\">De esta manera, hacemos oficial que los preparativos de la 45a Marcha del Orgullo LGBTTTIQ+ han dado comienzo, y con ello, aprovechamos el momento\u00a0 para dar a conocer que el 13 de marzo del presente a\u00f1o se lanzar<\/span>\u00e1\u00a0<span lang=\"ES-TRAD\">la convocatoria oficial para realizar el cartel de la XLV Marcha del Orgullo LGBTTTIQ+ de la Ciudad de M<\/span><span lang=\"FR\">\u00e9<\/span><span lang=\"ES-TRAD\">xico, misma que podr<\/span>\u00e1<span lang=\"ES-TRAD\">n conocer en nuestra p<\/span>\u00e1<span lang=\"NL\">gina web\u00a0<\/span><a href=\"https:\/\/marchalgbtcdmx.org\/\" target=\"_blank\" rel=\"noopener noreferrer\" data-auth=\"NotApplicable\" data-linkindex=\"0\">https:\/\/marchalgbtcdmx.org<\/a><\/p>\n<p><span lang=\"ES-TRAD\">Ahora bien, dentro de lo que incluye los preparativos para la Marcha del Orgullo 2023, manifestamos que el pasado 15 de febrero de 2023, entregamos un oficio dirigido a la Jefa de Gobierno, la Doctora Claudia Sheinbaum, el cual contiene un pliego petitorio conformado por 4 puntos relacionados con acciones en materia de seguridad y protecci\u00f3n civil, mismo que a la fecha no ha sido respondido. En consecuencia, en este momento y de manera p<\/span>\u00fa<span lang=\"ES-TRAD\">blica, solicitamos una reuni\u00f3n con dicha funcionaria, en el entendido de que\u00a0<\/span><span lang=\"FR\">\u00e9<\/span><span lang=\"ES-TRAD\">sta deber<\/span>\u00e1\u00a0<span lang=\"ES-TRAD\">ser directamente con ella y no a trav<\/span><span lang=\"FR\">\u00e9<\/span><span lang=\"ES-TRAD\">s de las Secretar<\/span>\u00ed<span lang=\"ES-TRAD\">as, Direcciones, Jefaturas de Unidades Departamentales o similares cuyas funciones se relacionen directamente con nuestras poblaciones, pues han entorpecido el camino hacia una marcha digna para nosotres.<\/span><\/p>\n<p><span lang=\"ES-TRAD\">Dicho lo anterior, reafirmamos que el liderazgo y coordinaci\u00f3n de esta marcha debe estar en manos de representantes de la sociedad civil organizada, la ciudadan<\/span>\u00ed<span lang=\"ES-TRAD\">a y las poblaciones de la diversidad sexual y de g<\/span><span lang=\"FR\">\u00e9<\/span><span lang=\"ES-TRAD\">nero que trabajamos durante todo el a\u00f1o de la mano y en favor de nuestras poblaciones, pues somos quienes tenemos el pulso de lo que realmente hace falta para lograr la igualdad de derechos y oportunidades para todas las personas en nuestro pa<\/span>\u00ed<span lang=\"PT\">s.<\/span><\/p>\n<p><span lang=\"ES-TRAD\">Asimismo, exigimos al gobierno de la Ciudad de M<\/span><span lang=\"FR\">\u00e9<\/span><span lang=\"ES-TRAD\">xico mantenerse al margen de los preparativos de la XLV Marcha LGBTTTIQ+ de la Ciudad de M<\/span><span lang=\"FR\">\u00e9<\/span><span lang=\"PT\">xico, realizando\u00a0<\/span>\u00fa<span lang=\"ES-TRAD\">nicamente acciones tendientes a la salvaguarda de los derechos humanos de sus asistentes, especialmente el derecho a la manifestaci\u00f3n y libre tr<\/span>\u00e1<span lang=\"ES-TRAD\">nsito, por lo que las reuniones a las que ha convocado a trav<\/span><span lang=\"FR\">\u00e9<\/span><span lang=\"ES-TRAD\">s de las Secretar<\/span>\u00ed<span lang=\"ES-TRAD\">as correspondientes deber<\/span>\u00e1<span lang=\"ES-TRAD\">n estar focalizadas a la revisi\u00f3n de protocolos de seguridad y protecci\u00f3n civil que deber<\/span>\u00e1<span lang=\"ES-TRAD\">n implementarse durante nuestro transcurso por las calles de esta Ciudad.\u00a0 La marcha es nuestra, de todas, todos y todes nosotres.<\/span><\/p>\n<p><span lang=\"ES-TRAD\">La Marcha del Orgullo LGBTTTIQ+ es un espacio que nos pertenece a todes a quienes nos atraviesa esta lucha, por lo cual reiteramos que no es una marcha del gobierno de la Ciudad de M<\/span><span lang=\"FR\">\u00e9<\/span><span lang=\"PT\">xico, as<\/span>\u00ed\u00a0<span lang=\"ES-TRAD\">como que no es un evento\u00a0<\/span>\u00fa<span lang=\"IT\">nicamente con\u00a0<\/span>fines tur\u00ed<span lang=\"ES-TRAD\">sticos, sino tambi<\/span><span lang=\"FR\">\u00e9<\/span><span lang=\"ES-TRAD\">n un espacio de incidencia, porque lo personal es pol<\/span>\u00ed<span lang=\"IT\">tico.<\/span><\/p>\n<p><span lang=\"ES-TRAD\">Por\u00a0<\/span>\u00fa<span lang=\"ES-TRAD\">ltimo, hacemos menci\u00f3n tanto de la falta de seguridad y apoyo como los intentos por parte del gobierno y de grupos malintencionados de apropiarse de la marcha para sus intereses personales y de lucro y sin sentido comunitario, lo cual hacemos con la\u00a0<\/span>\u00fa<span lang=\"ES-TRAD\">nica finalidad de trabajar en conjunto en la enmienda de los errores cometidos en a\u00f1os anteriores, ya que su participaci\u00f3n es de vital importancia para salvaguardar la seguridad y la integridad de las personas asistentes<\/span><\/p>\n<p><span lang=\"ES-TRAD\">Por todas las poblaciones hist\u00f3<\/span><span lang=\"PT\">ricamente vulneradas:\u00a0<\/span><b><i><span dir=\"RTL\" lang=\"AR-SA\">\u201c<\/span><\/i><\/b><b><i><span lang=\"ES-TRAD\">Libertad, justicia y dignidad, \u00a1A nosotres jam<\/span><\/i><\/b><b><i>\u00e1<\/i><\/b><b><i><span lang=\"ES-TRAD\">s nos borrar<\/span><\/i><\/b><b><i>\u00e1<\/i><\/b><b><i><span lang=\"RU\">n!<\/span><\/i><\/b><b><i>\u201d<\/i><\/b><\/p>\n<p align=\"center\"><b>Atentamente<\/b><\/p>\n<p align=\"center\">\u00a0<b><u><span lang=\"DE\">FIRMANTES<\/span><\/u><\/b><b><u><br clear=\"all\" aria-hidden=\"true\" \/><\/u><\/b><\/p>\n<p><b><span lang=\"ES-TRAD\">Organizaciones y colectivas:<\/span><\/b><\/p>\n<p><span lang=\"ES-TRAD\">1.\u00a0\u00a0\u00a0\u00a0\u00a0<\/span><span lang=\"ES-TRAD\">Red de Familias Trans<\/span><\/p>\n<p><span lang=\"PT\">2.\u00a0\u00a0\u00a0\u00a0\u00a0<\/span><span lang=\"PT\">UniDiversidades<\/span><\/p>\n<p>3.\u00a0\u00a0\u00a0\u00a0\u00a0FLUX M<span lang=\"ES-TRAD\">\u00c9<\/span>XICO<\/p>\n<p><span lang=\"ES-TRAD\">4.\u00a0\u00a0\u00a0\u00a0\u00a0<\/span><span lang=\"ES-TRAD\">Espacios Diversos y Seguros<\/span><\/p>\n<p>5.\u00a0\u00a0\u00a0\u00a0\u00a0Impulse Group M<span lang=\"ES-TRAD\">\u00e9xico<\/span><\/p>\n<p><span lang=\"PT\">6.\u00a0\u00a0\u00a0\u00a0\u00a0<\/span><span lang=\"PT\">Colores Trans<\/span><\/p>\n<p>7.\u00a0\u00a0\u00a0\u00a0\u00a0J<span lang=\"ES-TRAD\">\u00f3venes por una Salud Integral A.C.<\/span><\/p>\n<p><span lang=\"ES-TRAD\">8.\u00a0\u00a0\u00a0\u00a0\u00a0<\/span><span lang=\"ES-TRAD\">Marcha Lencha<\/span><\/p>\n<p><span lang=\"PT\">9.\u00a0\u00a0\u00a0\u00a0\u00a0<\/span><span lang=\"PT\">UniDiversidades<\/span><\/p>\n<p><span lang=\"ES-TRAD\">10.\u00a0\u00a0<\/span><span lang=\"ES-TRAD\">Arte Incluyente<\/span><\/p>\n<p><span lang=\"PT\">11.\u00a0\u00a0<\/span><span lang=\"PT\">La Tribu A.C<\/span><\/p>\n<p>12.\u00a0\u00a0Pink Box<\/p>\n<p><span lang=\"PT\">13.\u00a0\u00a0<\/span><span lang=\"PT\">Esc<\/span><span lang=\"ES-TRAD\">\u00e1<\/span>ndala<\/p>\n<p>14.\u00a0\u00a0PrideMx<\/p>\n<p><span lang=\"DE\">15.\u00a0\u00a0<\/span><span lang=\"DE\">Safe Zone<\/span><\/p>\n<p>16.\u00a0\u00a0M<span lang=\"ES-TRAD\">\u00e1s Sabe El Diablo Por Vieja<\/span><\/p>\n<p><span lang=\"ES-TRAD\">17.\u00a0\u00a0<\/span><span lang=\"ES-TRAD\">Colectivo Trans por la Libertad de Ser y Decidir A.C<\/span><\/p>\n<p><span lang=\"ES-TRAD\">18.\u00a0\u00a0<\/span><span lang=\"ES-TRAD\">Fundaci\u00f3<\/span>n M<span lang=\"ES-TRAD\">\u00e9<\/span><span lang=\"PT\">xico Vivo<\/span><\/p>\n<p><span lang=\"ES-TRAD\">19.\u00a0\u00a0<\/span><span lang=\"ES-TRAD\">ELLA M\u00e9xico<\/span><\/p>\n<p><span lang=\"DE\">20.\u00a0\u00a0<\/span><span lang=\"DE\">Art Co Films<\/span><\/p>\n<p><span lang=\"PT\">21.\u00a0\u00a0<\/span><span lang=\"PT\">Sero Project<\/span><\/p>\n<p><span lang=\"IT\">22.\u00a0\u00a0<\/span><span lang=\"IT\">La Tribu A.C.<\/span><\/p>\n<p><span lang=\"ES-TRAD\">23.\u00a0\u00a0<\/span><span lang=\"ES-TRAD\">Racismo MX<\/span><\/p>\n<p><span lang=\"IT\">24.\u00a0\u00a0<\/span><span lang=\"IT\">PROSAVIH+ A.C.<\/span><\/p>\n<p><span lang=\"ES-TRAD\">25.\u00a0\u00a0<\/span><span lang=\"ES-TRAD\">Asociaci\u00f3n para las Infancias Trans A.C.<\/span><\/p>\n<p><span lang=\"ES-TRAD\">26.\u00a0\u00a0<\/span><span lang=\"ES-TRAD\">Fundaci\u00f3<\/span><span lang=\"IT\">n Arco<\/span><span lang=\"ES-TRAD\">\u00edris por el respeto a la diversidad Sexual A.C.<\/span><\/p>\n<p>27.\u00a0\u00a0Kiki House of UBetta<\/p>\n<p><span lang=\"ES-TRAD\">28.\u00a0\u00a0<\/span><span lang=\"ES-TRAD\">Transcribiendo Historias CJZ<\/span><\/p>\n<p><span lang=\"ES-TRAD\">29.\u00a0\u00a0<\/span><span lang=\"ES-TRAD\">VAQUEROS CDMX<\/span><\/p>\n<p><span lang=\"IT\">30.\u00a0\u00a0<\/span><span lang=\"IT\">Inspira Cambio A.C.<\/span><\/p>\n<p><span lang=\"PT\">31.\u00a0\u00a0<\/span><span lang=\"PT\">Somos humanos A.C.<\/span><\/p>\n<p>32.\u00a0\u00a0MoKexteya SC<\/p>\n<p><span lang=\"ES-TRAD\">33.\u00a0\u00a0<\/span><span lang=\"ES-TRAD\">Revoluci\u00f3<\/span><span lang=\"IT\">n Iridiscente (REVI)<\/span><\/p>\n<p>34.\u00a0\u00a0YAAJ M<span lang=\"ES-TRAD\">\u00c9<\/span>XICO<\/p>\n<p>35.\u00a0\u00a0LGBT+ Rights M<span lang=\"ES-TRAD\">\u00e9xico<\/span><\/p>\n<p><span lang=\"ES-TRAD\">36.\u00a0\u00a0<\/span><span lang=\"ES-TRAD\">Alianza Mexicana de Marchas LGBTTTIQ<\/span><\/p>\n<p><span lang=\"ES-TRAD\">37.\u00a0\u00a0<\/span><span lang=\"ES-TRAD\">M\u00e9xico Trans<\/span><\/p>\n<p><span lang=\"ES-TRAD\">38.\u00a0\u00a0<\/span><span lang=\"ES-TRAD\">REVY<\/span><\/p>\n<p><span lang=\"ES-TRAD\">39.\u00a0\u00a0<\/span><span lang=\"ES-TRAD\">Colectivo Divers@ CDMX<\/span><\/p>\n<p><span lang=\"ES-TRAD\">40.\u00a0\u00a0<\/span><span lang=\"ES-TRAD\">USAC<\/span><\/p>\n<p><span lang=\"ES-TRAD\">41.\u00a0\u00a0<\/span><span lang=\"ES-TRAD\">Movimiento de Personas con Discapacidad<\/span><\/p>\n<p><span lang=\"EN-US\">42.\u00a0\u00a0<\/span><span lang=\"EN-US\">The Sero Project<\/span><\/p>\n<p><span lang=\"EN-US\">43.\u00a0\u00a0<\/span><span lang=\"EN-US\">Elles Trans M\u00e9xico<\/span><\/p>\n<p><span lang=\"EN-US\">\u00a0<\/span><\/p>\n<p><b><span lang=\"ES-TRAD\">Integrantes de la Sociedad Civil<\/span><\/b><b>\u00a0:<\/b><\/p>\n<p><b>\u00a0<\/b><\/p>\n<p><span lang=\"IT\">1.\u00a0\u00a0\u00a0\u00a0\u00a0<\/span><span lang=\"IT\">Marcela Ram<\/span><span lang=\"ES-TRAD\">\u00f3<\/span>n Sala<\/p>\n<p><span lang=\"ES-TRAD\">2.\u00a0\u00a0\u00a0\u00a0\u00a0<\/span><span lang=\"ES-TRAD\">Samuel del R\u00ed<\/span><span lang=\"IT\">o F<\/span><span lang=\"ES-TRAD\">\u00e9<\/span><span lang=\"FR\">lix<\/span><\/p>\n<p><span lang=\"ES-TRAD\">3.\u00a0\u00a0\u00a0\u00a0\u00a0<\/span><span lang=\"ES-TRAD\">Ale Alc\u00e1<\/span><span lang=\"PT\">ntara<\/span><\/p>\n<p>4.\u00a0\u00a0\u00a0\u00a0\u00a0Mario Bustamante Tejeda<\/p>\n<p><span lang=\"IT\">5.\u00a0\u00a0\u00a0\u00a0\u00a0<\/span><span lang=\"IT\">Nicole Casas<\/span><\/p>\n<p>6.\u00a0\u00a0\u00a0\u00a0\u00a0Andrea P<span lang=\"ES-TRAD\">\u00e9rez Felipe<\/span><\/p>\n<p><span lang=\"ES-TRAD\">7.\u00a0\u00a0\u00a0\u00a0\u00a0<\/span><span lang=\"ES-TRAD\">Samuel del R\u00ed<\/span><span lang=\"IT\">o F<\/span><span lang=\"ES-TRAD\">\u00e9<\/span><span lang=\"FR\">lix<\/span><\/p>\n<p>8.\u00a0\u00a0\u00a0\u00a0\u00a0Rub<span lang=\"ES-TRAD\">\u00ed\u00a0<\/span>Toledo<\/p>\n<p>9.\u00a0\u00a0\u00a0\u00a0\u00a0Gloria Elisa Blanco<\/p>\n<p><span lang=\"ES-TRAD\">10.\u00a0\u00a0<\/span><span lang=\"ES-TRAD\">Julio Alejandro \u00c1lvarez Ram\u00ed<\/span>rez<\/p>\n<p><span lang=\"ES-TRAD\">11.\u00a0\u00a0<\/span><span lang=\"ES-TRAD\">Luis Fierro<\/span><\/p>\n<p>12.\u00a0\u00a0Rub<span lang=\"ES-TRAD\">\u00ed\u00a0<\/span><span lang=\"IT\">Nelsi Meza L<\/span><span lang=\"ES-TRAD\">\u00e1zaro<\/span><\/p>\n<p>13.\u00a0\u00a0P<span lang=\"ES-TRAD\">\u00e1vel Jim\u00e9<\/span>nez<\/p>\n<p><span lang=\"PT\">14.\u00a0\u00a0<\/span><span lang=\"PT\">Ro Banda<\/span><\/p>\n<p><span lang=\"FR\">15.\u00a0\u00a0<\/span><span lang=\"FR\">Quique Galdeano<\/span><\/p>\n<p><span lang=\"ES-TRAD\">16.\u00a0\u00a0<\/span><span lang=\"ES-TRAD\">Didier Ramos<\/span><\/p>\n<p>17.\u00a0\u00a0Sheyla Ferrera<\/p>\n<p>18.\u00a0\u00a0Katia David Hern<span lang=\"ES-TRAD\">\u00e1<\/span><span lang=\"PT\">ndez Flores<\/span><\/p>\n<p><span lang=\"PT\">19.\u00a0\u00a0<\/span><span lang=\"PT\">H. Rodrigo Moheno<\/span><\/p>\n<p><span lang=\"IT\">20.\u00a0\u00a0<\/span><span lang=\"IT\">Paolo P<\/span><span lang=\"ES-TRAD\">\u00e9<\/span>rez<\/p>\n<p><span lang=\"ES-TRAD\">21.\u00a0\u00a0<\/span><span lang=\"ES-TRAD\">Beatriz Cravioto<\/span><\/p>\n<p><span lang=\"SV\">22.\u00a0\u00a0<\/span><span lang=\"SV\">Jes<\/span><span lang=\"ES-TRAD\">\u00fa<\/span>s S<span lang=\"ES-TRAD\">\u00e1nchez<\/span><\/p>\n<p><span lang=\"ES-TRAD\">23.\u00a0\u00a0<\/span><span lang=\"ES-TRAD\">Alejandra Bogue G\u00f3<\/span>mez<\/p>\n<p><span lang=\"ES-TRAD\">24.\u00a0\u00a0<\/span><span lang=\"ES-TRAD\">\u00c1ngel Candia Casar\u00ed<\/span>n<\/p>\n<p>25.\u00a0\u00a0Adri<span lang=\"ES-TRAD\">\u00e1<\/span><span lang=\"DE\">n Andr<\/span><span lang=\"ES-TRAD\">\u00e9<\/span>s Ordaz L<span lang=\"ES-TRAD\">\u00f3<\/span><span lang=\"IT\">pez<\/span><\/p>\n<p>26.\u00a0\u00a0Tania Yasmin Le<span lang=\"ES-TRAD\">\u00f3<\/span><span lang=\"DE\">n V<\/span><span lang=\"ES-TRAD\">\u00e1zquez<\/span><\/p>\n<p>27.\u00a0\u00a0Diana Zirahuen Espinosa Vel<span lang=\"ES-TRAD\">\u00e1zquez<\/span><\/p>\n<p><span lang=\"IT\">28.\u00a0\u00a0<\/span><span lang=\"IT\">Arturo Aranda<\/span><\/p>\n<p>29.\u00a0\u00a0Viktor Mart<span lang=\"ES-TRAD\">\u00ed<\/span>nez<\/p>\n<p><span lang=\"NL\">30.\u00a0\u00a0<\/span><span lang=\"NL\">Omar Mart<\/span><span lang=\"ES-TRAD\">\u00ed<\/span>nez<\/p>\n<p><span lang=\"ES-TRAD\">31.\u00a0\u00a0<\/span><span lang=\"ES-TRAD\">\u00c1<\/span><span lang=\"PT\">ngel Eduardo Gonz<\/span><span lang=\"ES-TRAD\">\u00e1<\/span><span lang=\"FR\">lez Mondrag<\/span><span lang=\"ES-TRAD\">\u00f3<\/span>n<\/p>\n<p><span lang=\"ES-TRAD\">32.\u00a0\u00a0<\/span><span lang=\"ES-TRAD\">Tania Morales<\/span><\/p>\n<p><span lang=\"ES-TRAD\">33.\u00a0\u00a0<\/span><span lang=\"ES-TRAD\">Miguel Gonz\u00e1<\/span>lez<\/p>\n<p><span lang=\"IT\">34.\u00a0\u00a0<\/span><span lang=\"IT\">Guillermo Cortez Cruz<\/span><\/p>\n<p><span lang=\"ES-TRAD\">35.\u00a0\u00a0<\/span><span lang=\"ES-TRAD\">Ariana Raquel Ortiz Alfaro<\/span><\/p>\n<p>36.\u00a0\u00a0Tania Yasmin Le<span lang=\"ES-TRAD\">\u00f3<\/span><span lang=\"DE\">n V<\/span><span lang=\"ES-TRAD\">\u00e1zquez<\/span><\/p>\n<p><span lang=\"IT\">37.\u00a0\u00a0<\/span><span lang=\"IT\">Chula Zapata \/ Amaro Bautista<\/span><\/p>\n<p><span lang=\"FR\">38.\u00a0\u00a0<\/span><span lang=\"FR\">Lourdes Ortiz<\/span><\/p>\n<p><span lang=\"PT\">39.\u00a0\u00a0<\/span><span lang=\"PT\">Alejandro Almeida L<\/span><span lang=\"ES-TRAD\">\u00f3<\/span><span lang=\"IT\">pez<\/span><\/p>\n<p><span lang=\"ES-TRAD\">40.\u00a0\u00a0<\/span><span lang=\"ES-TRAD\">Luis Ju\u00e1<\/span>rez<\/p>\n<p><span lang=\"PT\">41.\u00a0\u00a0<\/span><span lang=\"PT\">Roberto Vergara Guti<\/span><span lang=\"ES-TRAD\">\u00e9<\/span>rrez<\/p>\n<p>42.\u00a0\u00a0Karla Mu<span lang=\"ES-TRAD\">\u00f1<\/span>oz<\/p>\n<p><span lang=\"DE\">43.\u00a0\u00a0<\/span><span lang=\"DE\">Alitzel Hern<\/span><span lang=\"ES-TRAD\">\u00e1<\/span>ndez Leyva<\/p>\n<p><span lang=\"NL\">44.\u00a0\u00a0<\/span><span lang=\"NL\">Georgina Gonz<\/span><span lang=\"ES-TRAD\">\u00e1<\/span>lez Mu<span lang=\"ES-TRAD\">\u00f1<\/span>oz<\/p>\n<p><span lang=\"IT\">45.\u00a0\u00a0<\/span><span lang=\"IT\">Zoe Joffre<\/span><\/p>\n<p><span lang=\"IT\">46.\u00a0\u00a0<\/span><span lang=\"IT\">Andrea Luna Garc<\/span><span lang=\"ES-TRAD\">\u00ed<\/span>a<\/p>\n<p><span lang=\"IT\">47.\u00a0\u00a0<\/span><span lang=\"IT\">Dionicio Ibarra Brito<\/span><\/p>\n<p><span lang=\"IT\">48.\u00a0\u00a0<\/span><span lang=\"IT\">Vico Calder<\/span><span lang=\"ES-TRAD\">\u00f3<\/span>n<\/p>\n<p><span lang=\"ES-TRAD\">49.\u00a0\u00a0<\/span><span lang=\"ES-TRAD\">Juan Pablo Z\u00fa\u00f1<\/span><span lang=\"SV\">iga Ch<\/span><span lang=\"ES-TRAD\">\u00e1<\/span>vez<\/p>\n<p><span lang=\"DA\">50.\u00a0\u00a0<\/span><span lang=\"DA\">Arath Josafat Elizalde Navarro<\/span><\/p>\n<p>51.\u00a0\u00a0Yael Melgoza<\/p>\n<p><span lang=\"IT\">52.\u00a0\u00a0<\/span><span lang=\"IT\">Saturno Sol<\/span><span lang=\"ES-TRAD\">\u00ed<\/span>s<\/p>\n<p><span lang=\"DA\">53.\u00a0\u00a0<\/span><span lang=\"DA\">Meribeth Ram<\/span><span lang=\"ES-TRAD\">\u00ed<\/span>rez Hern<span lang=\"ES-TRAD\">\u00e1<\/span>ndez<\/p>\n<p>54.\u00a0\u00a0Iv<span lang=\"ES-TRAD\">\u00e1<\/span><span lang=\"DE\">n Tagle<\/span><\/p>\n<p><span lang=\"IT\">55.\u00a0\u00a0<\/span><span lang=\"IT\">Daniel Canseco<\/span><\/p>\n<p><span lang=\"IT\">56.\u00a0\u00a0<\/span><span lang=\"IT\">Renata Silva<\/span><\/p>\n<p><span lang=\"ES-TRAD\">57.\u00a0\u00a0<\/span><span lang=\"ES-TRAD\">Eliza Sonrisas<\/span><\/p>\n<p><span lang=\"ES-TRAD\">58.\u00a0\u00a0<\/span><span lang=\"ES-TRAD\">Sandra Velasco<\/span><\/p>\n<p><span lang=\"ES-TRAD\">59.\u00a0\u00a0<\/span><span lang=\"ES-TRAD\">Aurelien Guilabert<\/span><\/p>\n<p><span lang=\"ES-TRAD\">60.\u00a0\u00a0<\/span><span lang=\"ES-TRAD\">Elian Ya\u00f1ez<\/span><\/p>\n<p><span lang=\"ES-TRAD\">61.\u00a0\u00a0<\/span><span lang=\"ES-TRAD\">Eduardo Alc\u00e1ntara<\/span><\/p>\n<p><span lang=\"ES-TRAD\">62.\u00a0\u00a0<\/span><span lang=\"ES-TRAD\">Mario Moreira<\/span><\/p>\n<p><span lang=\"ES-TRAD\">63.\u00a0\u00a0<\/span><span lang=\"ES-TRAD\">Viktor Mart\u00ednez<\/span><\/p>\n<p><span lang=\"ES-TRAD\">64.\u00a0\u00a0<\/span><span lang=\"ES-TRAD\">Javi Carrillo<\/span><\/p>\n<p><span lang=\"ES-TRAD\">65.\u00a0\u00a0<\/span><span lang=\"ES-TRAD\">Jes\u00fas S\u00e1nchez-Pe\u00f1afiel<\/span><\/p>\n<p><span lang=\"ES-TRAD\">66.\u00a0\u00a0<\/span><span lang=\"ES-TRAD\">Guz Guevara<\/span><\/p>\n<p><span lang=\"ES-TRAD\">67.\u00a0\u00a0<\/span><span lang=\"ES-TRAD\">Enrique Vives<\/span><\/p>\n<p><span lang=\"ES-TRAD\">68.\u00a0\u00a0<\/span><span lang=\"ES-TRAD\">Jairo Ahuactzin<\/span><\/p>\n<p><span lang=\"ES-TRAD\">69.\u00a0\u00a0<\/span><span lang=\"ES-TRAD\">Jos\u00e9 Antonio Aguilar<\/span><\/p>\n<p><span lang=\"ES-TRAD\">70.\u00a0\u00a0<\/span><span lang=\"ES-TRAD\">Mayra Daniela Mart\u00ednez Cruz<\/span><\/p>\n<p><span lang=\"ES-TRAD\">71.\u00a0\u00a0<\/span><span lang=\"ES-TRAD\">Zuleika L\u00f3pez Catellanos<\/span><\/p>\n<p><span lang=\"ES-TRAD\">72.\u00a0\u00a0<\/span><span lang=\"ES-TRAD\">Jennifer Blanco<\/span><\/p>\n<p><span lang=\"ES-TRAD\">73.\u00a0\u00a0<\/span><span lang=\"ES-TRAD\">Adri Terjas<\/span><\/p>\n<div dir=\"auto\"><a class=\"x1i10hfl xjbqb8w x6umtig x1b1mbwd xaqea5y xav7gou x9f619 x1ypdohk xt0psk2 xe8uvvx xdj266r x11i5rnm xat24cr x1mh8g0r xexx8yu x4uap5 x18d9i69 xkhd6sd x16tdsg8 x1hl2dhg xggy1nq x1a2a7pz xt0b8zv x1qq9wsj xo1l8bm\" tabindex=\"0\" role=\"link\" href=\"https:\/\/www.facebook.com\/hashtag\/marchalgbtcdmx?__eep__=6&amp;__cft__[0]=AZWTlZfVhuVj7HyavPRbVZCz-bU0rM50XMBHk6iUgubYKoR9kkpvGWxtKXPmLQN-xM9eTsYRpAT8p-kQ5JUWOxSr_BzCEsoNe8Dof0OlLCOK0JU3MbhCZVRFe6ciNP5V55M&amp;__tn__=*NK-R\">#marchalgbtcdmx<\/a><\/div>\n<div dir=\"auto\"><a class=\"x1i10hfl xjbqb8w x6umtig x1b1mbwd xaqea5y xav7gou x9f619 x1ypdohk xt0psk2 xe8uvvx xdj266r x11i5rnm xat24cr x1mh8g0r xexx8yu x4uap5 x18d9i69 xkhd6sd x16tdsg8 x1hl2dhg xggy1nq x1a2a7pz xt0b8zv x1qq9wsj xo1l8bm\" tabindex=\"0\" role=\"link\" href=\"https:\/\/www.facebook.com\/hashtag\/45edici%C3%B3n?__eep__=6&amp;__cft__[0]=AZWTlZfVhuVj7HyavPRbVZCz-bU0rM50XMBHk6iUgubYKoR9kkpvGWxtKXPmLQN-xM9eTsYRpAT8p-kQ5JUWOxSr_BzCEsoNe8Dof0OlLCOK0JU3MbhCZVRFe6ciNP5V55M&amp;__tn__=*NK-R\">#45edici\u00f3n<\/a><\/div>\n<div dir=\"auto\"><a class=\"x1i10hfl xjbqb8w x6umtig x1b1mbwd xaqea5y xav7gou x9f619 x1ypdohk xt0psk2 xe8uvvx xdj266r x11i5rnm xat24cr x1mh8g0r xexx8yu x4uap5 x18d9i69 xkhd6sd x16tdsg8 x1hl2dhg xggy1nq x1a2a7pz xt0b8zv x1qq9wsj xo1l8bm\" tabindex=\"0\" role=\"link\" href=\"https:\/\/www.facebook.com\/hashtag\/xlv?__eep__=6&amp;__cft__[0]=AZWTlZfVhuVj7HyavPRbVZCz-bU0rM50XMBHk6iUgubYKoR9kkpvGWxtKXPmLQN-xM9eTsYRpAT8p-kQ5JUWOxSr_BzCEsoNe8Dof0OlLCOK0JU3MbhCZVRFe6ciNP5V55M&amp;__tn__=*NK-R\">#XLV<\/a><\/div>\n<div dir=\"auto\"><a class=\"x1i10hfl xjbqb8w x6umtig x1b1mbwd xaqea5y xav7gou x9f619 x1ypdohk xt0psk2 xe8uvvx xdj266r x11i5rnm xat24cr x1mh8g0r xexx8yu x4uap5 x18d9i69 xkhd6sd x16tdsg8 x1hl2dhg xggy1nq x1a2a7pz xt0b8zv x1qq9wsj xo1l8bm\" tabindex=\"0\" role=\"link\" href=\"https:\/\/www.facebook.com\/hashtag\/bitacoracdmx?__eep__=6&amp;__cft__[0]=AZWTlZfVhuVj7HyavPRbVZCz-bU0rM50XMBHk6iUgubYKoR9kkpvGWxtKXPmLQN-xM9eTsYRpAT8p-kQ5JUWOxSr_BzCEsoNe8Dof0OlLCOK0JU3MbhCZVRFe6ciNP5V55M&amp;__tn__=*NK-R\">#bitacoracdmx<\/a><\/div>\n<p>[\/fusion_text][fusion_imageframe image_id=&#8221;49727|medium&#8221; max_width=&#8221;&#8221; style_type=&#8221;&#8221; blur=&#8221;&#8221; stylecolor=&#8221;&#8221; hover_type=&#8221;none&#8221; bordersize=&#8221;&#8221; bordercolor=&#8221;&#8221; borderradius=&#8221;&#8221; align=&#8221;none&#8221; lightbox=&#8221;no&#8221; gallery_id=&#8221;&#8221; lightbox_image=&#8221;&#8221; lightbox_image_id=&#8221;&#8221; alt=&#8221;&#8221; link=&#8221;&#8221; linktarget=&#8221;_self&#8221; hide_on_mobile=&#8221;small-visibility,medium-visibility,large-visibility&#8221; class=&#8221;&#8221; id=&#8221;&#8221; animation_type=&#8221;&#8221; animation_direction=&#8221;left&#8221; animation_speed=&#8221;0.3&#8243; animation_offset=&#8221;&#8221;]https:\/\/www.bitacoracdmx.com\/wp-content\/uploads\/2023\/03\/descargar-2023-02-28T222529.851-300&#215;200.png[\/fusion_imageframe][\/fusion_builder_column][\/fusion_builder_row][\/fusion_builder_container]<\/p>\n","protected":false},"excerpt":{"rendered":"<p>[fusion_builder_container hundred_percent=&#8221;no&#8221; equal_height_columns=&#8221;no&#8221; menu_anchor=&#8221;&#8221; hide_on_mobile=&#8221;small-visibility,medium-visibility,large-visibility&#8221; class=&#8221;&#8221; id=&#8221;&#8221; background_color=&#8221;&#8221; background_image=&#8221;&#8221; background_position=&#8221;center center&#8221; background_repeat=&#8221;no-repeat&#8221; fade=&#8221;no&#8221; background_parallax=&#8221;none&#8221; parallax_speed=&#8221;0.3&#8243; video_mp4=&#8221;&#8221; video_webm=&#8221;&#8221; video_ogv=&#8221;&#8221; video_url=&#8221;&#8221; video_aspect_ratio=&#8221;16:9&#8243; video_loop=&#8221;yes&#8221; video_mute=&#8221;yes&#8221; overlay_color=&#8221;&#8221; video_preview_image=&#8221;&#8221; border_size=&#8221;&#8221; border_color=&#8221;&#8221; border_style=&#8221;solid&#8221; padding_top=&#8221;&#8221; padding_bottom=&#8221;&#8221; padding_left=&#8221;&#8221; padding_right=&#8221;&#8221;][fusion_builder_row][fusion_builder_column type=&#8221;1_1&#8243; layout=&#8221;1_1&#8243; background_position=&#8221;left top&#8221; background_color=&#8221;&#8221; border_size=&#8221;&#8221; border_color=&#8221;&#8221; border_style=&#8221;solid&#8221; border_position=&#8221;all&#8221; spacing=&#8221;yes&#8221; background_image=&#8221;&#8221; background_repeat=&#8221;no-repeat&#8221; padding_top=&#8221;&#8221; padding_right=&#8221;&#8221; padding_bottom=&#8221;&#8221; padding_left=&#8221;&#8221; margin_top=&#8221;0px&#8221; margin_bottom=&#8221;0px&#8221; class=&#8221;&#8221; id=&#8221;&#8221; animation_type=&#8221;&#8221; animation_speed=&#8221;0.3&#8243; animation_direction=&#8221;left&#8221; hide_on_mobile=&#8221;small-visibility,medium-visibility,large-visibility&#8221; center_content=&#8221;no&#8221; last=&#8221;no&#8221; min_height=&#8221;&#8221; hover_type=&#8221;none&#8221; link=&#8221;&#8221;][fusion_text] REDACCI\u00d3N \u25cf\u00a0\u00a0\u00a0\u00a0\u00a0\u00a0M\u00e1s de 40 organizaciones de la sociedad civil se unen para retomar la marcha como un espacio seguro para las personas asistentes y un lugar de incidencia \u25cf\u00a0\u00a0\u00a0\u00a0\u00a0\u00a0En esta edici\u00f3n los temas principales ser\u00e1n la visibilidad de grupos hist\u00f3ricamente [&hellip;]<\/p>\n","protected":false},"author":1,"featured_media":49727,"comment_status":"open","ping_status":"open","sticky":false,"template":"","format":"standard","meta":{"footnotes":""},"categories":[4,9],"tags":[],"_links":{"self":[{"href":"https:\/\/www.bitacoracdmx.com\/index.php?rest_route=\/wp\/v2\/posts\/49726"}],"collection":[{"href":"https:\/\/www.bitacoracdmx.com\/index.php?rest_route=\/wp\/v2\/posts"}],"about":[{"href":"https:\/\/www.bitacoracdmx.com\/index.php?rest_route=\/wp\/v2\/types\/post"}],"author":[{"embeddable":true,"href":"https:\/\/www.bitacoracdmx.com\/index.php?rest_route=\/wp\/v2\/users\/1"}],"replies":[{"embeddable":true,"href":"https:\/\/www.bitacoracdmx.com\/index.php?rest_route=%2Fwp%2Fv2%2Fcomments&post=49726"}],"version-history":[{"count":1,"href":"https:\/\/www.bitacoracdmx.com\/index.php?rest_route=\/wp\/v2\/posts\/49726\/revisions"}],"predecessor-version":[{"id":49728,"href":"https:\/\/www.bitacoracdmx.com\/index.php?rest_route=\/wp\/v2\/posts\/49726\/revisions\/49728"}],"wp:featuredmedia":[{"embeddable":true,"href":"https:\/\/www.bitacoracdmx.com\/index.php?rest_route=\/wp\/v2\/media\/49727"}],"wp:attachment":[{"href":"https:\/\/www.bitacoracdmx.com\/index.php?rest_route=%2Fwp%2Fv2%2Fmedia&parent=49726"}],"wp:term":[{"taxonomy":"category","embeddable":true,"href":"https:\/\/www.bitacoracdmx.com\/index.php?rest_route=%2Fwp%2Fv2%2Fcategories&post=49726"},{"taxonomy":"post_tag","embeddable":true,"href":"https:\/\/www.bitacoracdmx.com\/index.php?rest_route=%2Fwp%2Fv2%2Ftags&post=49726"}],"curies":[{"name":"wp","href":"https:\/\/api.w.org\/{rel}","templated":true}]}}