{"id":49730,"date":"2023-03-02T03:19:13","date_gmt":"2023-03-02T03:19:13","guid":{"rendered":"https:\/\/www.bitacoracdmx.com\/?p=49730"},"modified":"2023-03-02T03:19:13","modified_gmt":"2023-03-02T03:19:13","slug":"orquesta-filarmonica-de-la-ciudad-de-mexico-dara-conciertos-dedicados-a-mujeres-compositoras","status":"publish","type":"post","link":"https:\/\/www.bitacoracdmx.com\/?p=49730","title":{"rendered":"ORQUESTA FILARM\u00d3NICA DE LA CIUDAD DE M\u00c9XICO dar\u00e1 conciertos dedicados a MUJERES COMPOSITORAS"},"content":{"rendered":"<p>[fusion_builder_container hundred_percent=&#8221;no&#8221; equal_height_columns=&#8221;no&#8221; menu_anchor=&#8221;&#8221; hide_on_mobile=&#8221;small-visibility,medium-visibility,large-visibility&#8221; class=&#8221;&#8221; id=&#8221;&#8221; background_color=&#8221;&#8221; background_image=&#8221;&#8221; background_position=&#8221;center center&#8221; background_repeat=&#8221;no-repeat&#8221; fade=&#8221;no&#8221; background_parallax=&#8221;none&#8221; parallax_speed=&#8221;0.3&#8243; video_mp4=&#8221;&#8221; video_webm=&#8221;&#8221; video_ogv=&#8221;&#8221; video_url=&#8221;&#8221; video_aspect_ratio=&#8221;16:9&#8243; video_loop=&#8221;yes&#8221; video_mute=&#8221;yes&#8221; overlay_color=&#8221;&#8221; video_preview_image=&#8221;&#8221; border_size=&#8221;&#8221; border_color=&#8221;&#8221; border_style=&#8221;solid&#8221; padding_top=&#8221;&#8221; padding_bottom=&#8221;&#8221; padding_left=&#8221;&#8221; padding_right=&#8221;&#8221;][fusion_builder_row][fusion_builder_column type=&#8221;1_1&#8243; layout=&#8221;1_1&#8243; background_position=&#8221;left top&#8221; background_color=&#8221;&#8221; border_size=&#8221;&#8221; border_color=&#8221;&#8221; border_style=&#8221;solid&#8221; border_position=&#8221;all&#8221; spacing=&#8221;yes&#8221; background_image=&#8221;&#8221; background_repeat=&#8221;no-repeat&#8221; padding_top=&#8221;&#8221; padding_right=&#8221;&#8221; padding_bottom=&#8221;&#8221; padding_left=&#8221;&#8221; margin_top=&#8221;0px&#8221; margin_bottom=&#8221;0px&#8221; class=&#8221;&#8221; id=&#8221;&#8221; animation_type=&#8221;&#8221; animation_speed=&#8221;0.3&#8243; animation_direction=&#8221;left&#8221; hide_on_mobile=&#8221;small-visibility,medium-visibility,large-visibility&#8221; center_content=&#8221;no&#8221; last=&#8221;no&#8221; min_height=&#8221;&#8221; hover_type=&#8221;none&#8221; link=&#8221;&#8221;][fusion_text]<\/p>\n<p>REDACCI\u00d3N<\/p>\n<ul>\n<li>En los conciertos se homenajear\u00e1 a Fanny Mendelssohn, Clara Schumann, Pamela Mayorga y Gina Enr\u00edquez, todo bajo la direcci\u00f3n de la maestra Consuelo Bolio y con la parte de solista a cargo de la pianista Claudia Corona<\/li>\n<li>La Orquesta Filarm\u00f3nica de la Ciudad de M\u00e9xico se une con estos conciertos a las actividades que la Secretar\u00eda de Cultura capitalina tiene preparadas en torno a la Mujer, como \u201cTiempo de Mujeres: Festival por la Igualdad\u201d y el ciclo \u201cNosotras somos memoria\u201d<\/li>\n<\/ul>\n<p>Tras el rotundo \u00e9xito que la\u00a0<strong>Orquesta Filarm\u00f3nica de la Ciudad de M\u00e9xico<\/strong>\u00a0<strong>(OFCM)<\/strong>\u00a0tuvo el pasado fin de semana con el cine-concierto homenaje a los compositores\u00a0<strong>Ennio Morricone y Nino Rota<\/strong>, la agrupaci\u00f3n perteneciente a la\u00a0<strong>Secretar\u00eda de Cultura capitalina<\/strong>\u00a0tiene preparados dos conciertos los pr\u00f3ximos\u00a0<strong>4 y 5 de marzo<\/strong>\u00a0en la\u00a0<strong>Sala Silvestre Revueltas del Centro Cultural Ollin Yoliztli para conmemorar el D\u00eda Internacional de la Mujer.<\/strong><br aria-hidden=\"true\" \/>\u00a0<br aria-hidden=\"true\" \/>El repertorio llamado\u00a0<em>&#8220;Mujeres en la m\u00fasica&#8221;<\/em>\u00a0estar\u00e1 integrado por obras de compositoras cl\u00e1sicas de talla internacional, as\u00ed como de autoras mexicanas bajo la direcci\u00f3n de la maestra\u00a0<strong>Consuelo Bolio<\/strong>, guitarrista y directora radicada en Xalapa, quien actualmente imparte el Seminario de Direcci\u00f3n Orquestal dentro del programa de la Maestr\u00eda en M\u00fasica, y es directora titular de la Orquesta Sinf\u00f3nica de la Facultad de M\u00fasica de la Universidad Veracruzana.<br aria-hidden=\"true\" \/>\u00a0<br aria-hidden=\"true\" \/>La parte solista para piano estar\u00e1 a cargo de\u00a0<strong>Claudia Corona<\/strong>, pianista originaria de la Ciudad de M\u00e9xico, la cual se gradu\u00f3 en Facultad de M\u00fasica de la Universidad Veracruzana, en Xalapa, pero que tambi\u00e9n ha realizado estudios de posgrado en Alemania.<br aria-hidden=\"true\" \/>\u00a0<br aria-hidden=\"true\" \/>El programa que se interpretar\u00e1 es\u00a0<em>Obertura en do mayor<\/em>, de Fanny Mendelssohn;\u00a0<em>Concierto para piano en la menor, op. 7,<\/em>\u00a0de Clara Schumann; Danzas<em>\u00a0huastecas<\/em>\u00a0de Pamela Mayorga; as\u00ed como\u00a0<em>Claro de luna<\/em>\u00a0y\u00a0<em>Marfil<\/em>\u00a0de Gina Enr\u00edquez.<br aria-hidden=\"true\" \/>\u00a0<br aria-hidden=\"true\" \/>La mayor parte de la creaci\u00f3n de Fanny Mendelssohn como compositora est\u00e1 concentrada en sus piezas para piano y sus canciones. Su\u00a0<em>Obertura en do<\/em>, compuesta en 1830, es la \u00fanica obra orquestal de su cat\u00e1logo. Se trata de una t\u00edpica obertura de concierto del siglo XIX, de secciones en tempo contrastante, que en su perfil arm\u00f3nico y su orquestaci\u00f3n guarda muchas similitudes con la m\u00fasica sinf\u00f3nica de Felix Mendelssohn.<br aria-hidden=\"true\" \/>\u00a0<br aria-hidden=\"true\" \/>Por otra parte,\u00a0<em>El Concierto para piano en la menor, op. 7<\/em>, de Schuman<strong>n\u00a0<\/strong>fue estrenado el 4 de noviembre de 1835 en la Gewandhaus de Leipzig, Alemania y fue interpretado por ella misma.<br aria-hidden=\"true\" \/>\u00a0<br aria-hidden=\"true\" \/>En tanto, las\u00a0<em>Danzas Huastecas<\/em>\u00a0de Mayorga consisten en tres danzas al estilo del son huasteco, m\u00fasica tradicional de la regi\u00f3n de La Huasteca en M\u00e9xico, la cual comprende partes de los estados de San Luis Potos\u00ed, Tamaulipas, Veracruz, Puebla, Hidalgo, entre otras zonas cercanas.<br aria-hidden=\"true\" \/>\u00a0<br aria-hidden=\"true\" \/>Dentro de estas danzas existen algunas referencias mel\u00f3dicas y r\u00edtmicas caracter\u00edsticas de sones huastecos populares de San Luis Potos\u00ed y de Hidalgo, as\u00ed como del ritmo del huapango. Sin embargo, el tema principal es original de la compositora, un tema que viaja a trav\u00e9s de estas tres danzas, present\u00e1ndose en ocasiones incompleto, aumentado, variado o como puente entre secciones.<br aria-hidden=\"true\" \/>\u00a0<br aria-hidden=\"true\" \/>Por otro lado,\u00a0<em>Claro de Luna<\/em>\u00a0de Gina Enr\u00edquez fue compuesta por encargo de la Camerata Concertante de M\u00e9xico en el a\u00f1o 2009 y se estren\u00f3 en el Alc\u00e1zar del Castillo de Chapultepec por dicho ensamble. Posteriormente fue interpretada por la Orquesta de C\u00e1mara de Bellas Artes bajo la direcci\u00f3n de Gabriela D\u00edaz Alatriste. La obra fue grabada por la Orquesta Filarm\u00f3nica 5 de Mayo bajo la direcci\u00f3n del Maestro Fernando Lozano en el fonograma Marfil, que contiene obras sinf\u00f3nicas de Gina Enr\u00edquez.<br aria-hidden=\"true\" \/>\u00a0<br aria-hidden=\"true\" \/>Por \u00faltimo, el poema sinf\u00f3nico\u00a0<em>Marfil<\/em>\u00a0fue compuesto en el a\u00f1o 2011 y est\u00e1 inspirado en la pintura\u00a0<em>El Marfil es de\u00a0<\/em><em>ellos<\/em>, del pintor brit\u00e1nico David Shepherd (1931-2017), la cual habla sobre la labor conservacionista respecto a la cacer\u00eda de elefantes.<br aria-hidden=\"true\" \/>\u00a0<br aria-hidden=\"true\" \/>La obra tuvo su estreno mundial en 2013 con la Orquesta Sinf\u00f3nica del Instituto Polit\u00e9cnico Nacional bajo la direcci\u00f3n de Gabriela D\u00edaz Alatriste. Est\u00e1 grabada en el fonograma Marfil con la Orquesta Filarm\u00f3nica 5 de Mayo bajo la direcci\u00f3n del maestro Fernando Lozano.<br aria-hidden=\"true\" \/>\u00a0<br aria-hidden=\"true\" \/>Estos conciertos forman parte de las actividades que la Secretar\u00eda de Cultura de la Ciudad de M\u00e9xico tiene preparadas para el Mes de la Mujer, entre las que destacan\u00a0<strong>\u201cTiempo de Mujeres: Festival por la Igualdad<\/strong>\u201d, que del 6 al 12 de marzo ofrecer\u00e1 m\u00e1s de 123 actividades con 150 mujeres artistas distribuidas en 91 sedes de recintos culturales, plazas p\u00fablicas y mercados.<br aria-hidden=\"true\" \/>\u00a0<br aria-hidden=\"true\" \/>Los conciertos de la Orquesta Filarm\u00f3nica de la Ciudad de M\u00e9xico por el D\u00eda Internacional de la Mujer se realizar\u00e1n los d\u00edas s\u00e1bado 4 de marzo a las 18:00 horas y domingo 5 de marzo a las 12:30 horas, en la Sala Silvestre Revueltas del Centro Cultural Ollin Yoliztli, ubicada en Perif\u00e9rico Sur 5141.<br aria-hidden=\"true\" \/>\u00a0<br aria-hidden=\"true\" \/>Asimismo, una hora antes de cada presentaci\u00f3n de la Orquesta habr\u00e1 un concierto de m\u00fasica de c\u00e1mara en el lobby de la Sala Silvestre Revueltas.<br aria-hidden=\"true\" \/>\u00a0<br aria-hidden=\"true\" \/>Para conocer todas las actividades que la Secretar\u00eda de Cultura capitalina alista en marzo para la conmemoraci\u00f3n del Mes de la Mujer se puede consultar la Cartelera de la Ciudad de M\u00e9xico (<a href=\"https:\/\/gob.us21.list-manage.com\/track\/click?u=24ab1d8cf82850533a5af327c&amp;id=85c9bfe2bd&amp;e=4fe2704bc3\" target=\"_blank\" rel=\"noopener noreferrer\" data-auth=\"NotApplicable\" data-linkindex=\"0\">https:\/\/cartelera.cdmx.gob.mx\/<\/a>) \u00a0y las redes sociales de la Secretar\u00eda de Cultura:\u00a0Facebook, Twitter, Instagram y YouTube.<\/p>\n<div dir=\"auto\"><a class=\"x1i10hfl xjbqb8w x6umtig x1b1mbwd xaqea5y xav7gou x9f619 x1ypdohk xt0psk2 xe8uvvx xdj266r x11i5rnm xat24cr x1mh8g0r xexx8yu x4uap5 x18d9i69 xkhd6sd x16tdsg8 x1hl2dhg xggy1nq x1a2a7pz xt0b8zv x1qq9wsj xo1l8bm\" tabindex=\"0\" role=\"link\" href=\"https:\/\/www.facebook.com\/hashtag\/orquestafilarmonicadelaciudaddemexico?__eep__=6&amp;__cft__[0]=AZV61DS0RffLTlSluKh9OQs2QGe4nyfVsn4SRlIuKDcZ3a2r5iyXB2Zjo3GXVqk02_LBPPuxBLQGJYb6a_hNpn0FhcjZTrlfmMVW8xTkxBhMFH6G3UIdaq5pB1YfKRpAkBw&amp;__tn__=*NK-R\">#orquestafilarmonicadelaciudaddemexico<\/a><\/div>\n<div dir=\"auto\"><a class=\"x1i10hfl xjbqb8w x6umtig x1b1mbwd xaqea5y xav7gou x9f619 x1ypdohk xt0psk2 xe8uvvx xdj266r x11i5rnm xat24cr x1mh8g0r xexx8yu x4uap5 x18d9i69 xkhd6sd x16tdsg8 x1hl2dhg xggy1nq x1a2a7pz xt0b8zv x1qq9wsj xo1l8bm\" tabindex=\"0\" role=\"link\" href=\"https:\/\/www.facebook.com\/hashtag\/ofcm?__eep__=6&amp;__cft__[0]=AZV61DS0RffLTlSluKh9OQs2QGe4nyfVsn4SRlIuKDcZ3a2r5iyXB2Zjo3GXVqk02_LBPPuxBLQGJYb6a_hNpn0FhcjZTrlfmMVW8xTkxBhMFH6G3UIdaq5pB1YfKRpAkBw&amp;__tn__=*NK-R\">#OFCM<\/a><\/div>\n<div dir=\"auto\"><a class=\"x1i10hfl xjbqb8w x6umtig x1b1mbwd xaqea5y xav7gou x9f619 x1ypdohk xt0psk2 xe8uvvx xdj266r x11i5rnm xat24cr x1mh8g0r xexx8yu x4uap5 x18d9i69 xkhd6sd x16tdsg8 x1hl2dhg xggy1nq x1a2a7pz xt0b8zv x1qq9wsj xo1l8bm\" tabindex=\"0\" role=\"link\" href=\"https:\/\/www.facebook.com\/hashtag\/mujerescompositoras?__eep__=6&amp;__cft__[0]=AZV61DS0RffLTlSluKh9OQs2QGe4nyfVsn4SRlIuKDcZ3a2r5iyXB2Zjo3GXVqk02_LBPPuxBLQGJYb6a_hNpn0FhcjZTrlfmMVW8xTkxBhMFH6G3UIdaq5pB1YfKRpAkBw&amp;__tn__=*NK-R\">#mujerescompositoras<\/a><\/div>\n<div dir=\"auto\"><a class=\"x1i10hfl xjbqb8w x6umtig x1b1mbwd xaqea5y xav7gou x9f619 x1ypdohk xt0psk2 xe8uvvx xdj266r x11i5rnm xat24cr x1mh8g0r xexx8yu x4uap5 x18d9i69 xkhd6sd x16tdsg8 x1hl2dhg xggy1nq x1a2a7pz xt0b8zv x1qq9wsj xo1l8bm\" tabindex=\"0\" role=\"link\" href=\"https:\/\/www.facebook.com\/hashtag\/secretariadeculturacdmx?__eep__=6&amp;__cft__[0]=AZV61DS0RffLTlSluKh9OQs2QGe4nyfVsn4SRlIuKDcZ3a2r5iyXB2Zjo3GXVqk02_LBPPuxBLQGJYb6a_hNpn0FhcjZTrlfmMVW8xTkxBhMFH6G3UIdaq5pB1YfKRpAkBw&amp;__tn__=*NK-R\">#secretariadeculturacdmx<\/a><\/div>\n<div dir=\"auto\"><a class=\"x1i10hfl xjbqb8w x6umtig x1b1mbwd xaqea5y xav7gou x9f619 x1ypdohk xt0psk2 xe8uvvx xdj266r x11i5rnm xat24cr x1mh8g0r xexx8yu x4uap5 x18d9i69 xkhd6sd x16tdsg8 x1hl2dhg xggy1nq x1a2a7pz xt0b8zv x1qq9wsj xo1l8bm\" tabindex=\"0\" role=\"link\" href=\"https:\/\/www.facebook.com\/hashtag\/8m?__eep__=6&amp;__cft__[0]=AZV61DS0RffLTlSluKh9OQs2QGe4nyfVsn4SRlIuKDcZ3a2r5iyXB2Zjo3GXVqk02_LBPPuxBLQGJYb6a_hNpn0FhcjZTrlfmMVW8xTkxBhMFH6G3UIdaq5pB1YfKRpAkBw&amp;__tn__=*NK-R\">#8M<\/a><\/div>\n<div dir=\"auto\"><a class=\"x1i10hfl xjbqb8w x6umtig x1b1mbwd xaqea5y xav7gou x9f619 x1ypdohk xt0psk2 xe8uvvx xdj266r x11i5rnm xat24cr x1mh8g0r xexx8yu x4uap5 x18d9i69 xkhd6sd x16tdsg8 x1hl2dhg xggy1nq x1a2a7pz xt0b8zv x1qq9wsj xo1l8bm\" tabindex=\"0\" role=\"link\" href=\"https:\/\/www.facebook.com\/hashtag\/bitacoracdmx?__eep__=6&amp;__cft__[0]=AZV61DS0RffLTlSluKh9OQs2QGe4nyfVsn4SRlIuKDcZ3a2r5iyXB2Zjo3GXVqk02_LBPPuxBLQGJYb6a_hNpn0FhcjZTrlfmMVW8xTkxBhMFH6G3UIdaq5pB1YfKRpAkBw&amp;__tn__=*NK-R\">#bitacoracdmx<\/a><\/div>\n<p>[\/fusion_text][fusion_imageframe image_id=&#8221;49731|medium&#8221; max_width=&#8221;&#8221; style_type=&#8221;&#8221; blur=&#8221;&#8221; stylecolor=&#8221;&#8221; hover_type=&#8221;none&#8221; bordersize=&#8221;&#8221; bordercolor=&#8221;&#8221; borderradius=&#8221;&#8221; align=&#8221;none&#8221; lightbox=&#8221;no&#8221; gallery_id=&#8221;&#8221; lightbox_image=&#8221;&#8221; lightbox_image_id=&#8221;&#8221; alt=&#8221;&#8221; link=&#8221;&#8221; linktarget=&#8221;_self&#8221; hide_on_mobile=&#8221;small-visibility,medium-visibility,large-visibility&#8221; class=&#8221;&#8221; id=&#8221;&#8221; animation_type=&#8221;&#8221; animation_direction=&#8221;left&#8221; animation_speed=&#8221;0.3&#8243; animation_offset=&#8221;&#8221;]https:\/\/www.bitacoracdmx.com\/wp-content\/uploads\/2023\/03\/c66c3a1a-4e3d-adbd-b4f5-0fd9631f0ff3-300&#215;170.jpg[\/fusion_imageframe][\/fusion_builder_column][\/fusion_builder_row][\/fusion_builder_container]<\/p>\n","protected":false},"excerpt":{"rendered":"<p>[fusion_builder_container hundred_percent=&#8221;no&#8221; equal_height_columns=&#8221;no&#8221; menu_anchor=&#8221;&#8221; hide_on_mobile=&#8221;small-visibility,medium-visibility,large-visibility&#8221; class=&#8221;&#8221; id=&#8221;&#8221; background_color=&#8221;&#8221; background_image=&#8221;&#8221; background_position=&#8221;center center&#8221; background_repeat=&#8221;no-repeat&#8221; fade=&#8221;no&#8221; background_parallax=&#8221;none&#8221; parallax_speed=&#8221;0.3&#8243; video_mp4=&#8221;&#8221; video_webm=&#8221;&#8221; video_ogv=&#8221;&#8221; video_url=&#8221;&#8221; video_aspect_ratio=&#8221;16:9&#8243; video_loop=&#8221;yes&#8221; video_mute=&#8221;yes&#8221; overlay_color=&#8221;&#8221; video_preview_image=&#8221;&#8221; border_size=&#8221;&#8221; border_color=&#8221;&#8221; border_style=&#8221;solid&#8221; padding_top=&#8221;&#8221; padding_bottom=&#8221;&#8221; padding_left=&#8221;&#8221; padding_right=&#8221;&#8221;][fusion_builder_row][fusion_builder_column type=&#8221;1_1&#8243; layout=&#8221;1_1&#8243; background_position=&#8221;left top&#8221; background_color=&#8221;&#8221; border_size=&#8221;&#8221; border_color=&#8221;&#8221; border_style=&#8221;solid&#8221; border_position=&#8221;all&#8221; spacing=&#8221;yes&#8221; background_image=&#8221;&#8221; background_repeat=&#8221;no-repeat&#8221; padding_top=&#8221;&#8221; padding_right=&#8221;&#8221; padding_bottom=&#8221;&#8221; padding_left=&#8221;&#8221; margin_top=&#8221;0px&#8221; margin_bottom=&#8221;0px&#8221; class=&#8221;&#8221; id=&#8221;&#8221; animation_type=&#8221;&#8221; animation_speed=&#8221;0.3&#8243; animation_direction=&#8221;left&#8221; hide_on_mobile=&#8221;small-visibility,medium-visibility,large-visibility&#8221; center_content=&#8221;no&#8221; last=&#8221;no&#8221; min_height=&#8221;&#8221; hover_type=&#8221;none&#8221; link=&#8221;&#8221;][fusion_text] REDACCI\u00d3N En los conciertos se homenajear\u00e1 a Fanny Mendelssohn, Clara Schumann, Pamela Mayorga y Gina Enr\u00edquez, todo bajo la direcci\u00f3n de la maestra Consuelo Bolio y con la parte de solista a cargo de la pianista Claudia Corona La Orquesta [&hellip;]<\/p>\n","protected":false},"author":1,"featured_media":49731,"comment_status":"open","ping_status":"open","sticky":false,"template":"","format":"standard","meta":{"footnotes":""},"categories":[9,11],"tags":[],"_links":{"self":[{"href":"https:\/\/www.bitacoracdmx.com\/index.php?rest_route=\/wp\/v2\/posts\/49730"}],"collection":[{"href":"https:\/\/www.bitacoracdmx.com\/index.php?rest_route=\/wp\/v2\/posts"}],"about":[{"href":"https:\/\/www.bitacoracdmx.com\/index.php?rest_route=\/wp\/v2\/types\/post"}],"author":[{"embeddable":true,"href":"https:\/\/www.bitacoracdmx.com\/index.php?rest_route=\/wp\/v2\/users\/1"}],"replies":[{"embeddable":true,"href":"https:\/\/www.bitacoracdmx.com\/index.php?rest_route=%2Fwp%2Fv2%2Fcomments&post=49730"}],"version-history":[{"count":1,"href":"https:\/\/www.bitacoracdmx.com\/index.php?rest_route=\/wp\/v2\/posts\/49730\/revisions"}],"predecessor-version":[{"id":49732,"href":"https:\/\/www.bitacoracdmx.com\/index.php?rest_route=\/wp\/v2\/posts\/49730\/revisions\/49732"}],"wp:featuredmedia":[{"embeddable":true,"href":"https:\/\/www.bitacoracdmx.com\/index.php?rest_route=\/wp\/v2\/media\/49731"}],"wp:attachment":[{"href":"https:\/\/www.bitacoracdmx.com\/index.php?rest_route=%2Fwp%2Fv2%2Fmedia&parent=49730"}],"wp:term":[{"taxonomy":"category","embeddable":true,"href":"https:\/\/www.bitacoracdmx.com\/index.php?rest_route=%2Fwp%2Fv2%2Fcategories&post=49730"},{"taxonomy":"post_tag","embeddable":true,"href":"https:\/\/www.bitacoracdmx.com\/index.php?rest_route=%2Fwp%2Fv2%2Ftags&post=49730"}],"curies":[{"name":"wp","href":"https:\/\/api.w.org\/{rel}","templated":true}]}}