{"id":49768,"date":"2023-03-03T01:28:32","date_gmt":"2023-03-03T01:28:32","guid":{"rendered":"https:\/\/www.bitacoracdmx.com\/?p=49768"},"modified":"2023-03-03T01:28:32","modified_gmt":"2023-03-03T01:28:32","slug":"la-orquesta-tipica-de-la-ciudad-de-mexico-dedicara-concierto-a-las-mujeres","status":"publish","type":"post","link":"https:\/\/www.bitacoracdmx.com\/?p=49768","title":{"rendered":"LA ORQUESTA T\u00cdPICA DE LA CIUDAD DE M\u00c9XICO dedicar\u00e1 concierto a las MUJERES"},"content":{"rendered":"<p>[fusion_builder_container hundred_percent=&#8221;no&#8221; equal_height_columns=&#8221;no&#8221; menu_anchor=&#8221;&#8221; hide_on_mobile=&#8221;small-visibility,medium-visibility,large-visibility&#8221; class=&#8221;&#8221; id=&#8221;&#8221; background_color=&#8221;&#8221; background_image=&#8221;&#8221; background_position=&#8221;center center&#8221; background_repeat=&#8221;no-repeat&#8221; fade=&#8221;no&#8221; background_parallax=&#8221;none&#8221; parallax_speed=&#8221;0.3&#8243; video_mp4=&#8221;&#8221; video_webm=&#8221;&#8221; video_ogv=&#8221;&#8221; video_url=&#8221;&#8221; video_aspect_ratio=&#8221;16:9&#8243; video_loop=&#8221;yes&#8221; video_mute=&#8221;yes&#8221; overlay_color=&#8221;&#8221; video_preview_image=&#8221;&#8221; border_size=&#8221;&#8221; border_color=&#8221;&#8221; border_style=&#8221;solid&#8221; padding_top=&#8221;&#8221; padding_bottom=&#8221;&#8221; padding_left=&#8221;&#8221; padding_right=&#8221;&#8221;][fusion_builder_row][fusion_builder_column type=&#8221;1_1&#8243; layout=&#8221;1_1&#8243; background_position=&#8221;left top&#8221; background_color=&#8221;&#8221; border_size=&#8221;&#8221; border_color=&#8221;&#8221; border_style=&#8221;solid&#8221; border_position=&#8221;all&#8221; spacing=&#8221;yes&#8221; background_image=&#8221;&#8221; background_repeat=&#8221;no-repeat&#8221; padding_top=&#8221;&#8221; padding_right=&#8221;&#8221; padding_bottom=&#8221;&#8221; padding_left=&#8221;&#8221; margin_top=&#8221;0px&#8221; margin_bottom=&#8221;0px&#8221; class=&#8221;&#8221; id=&#8221;&#8221; animation_type=&#8221;&#8221; animation_speed=&#8221;0.3&#8243; animation_direction=&#8221;left&#8221; hide_on_mobile=&#8221;small-visibility,medium-visibility,large-visibility&#8221; center_content=&#8221;no&#8221; last=&#8221;no&#8221; min_height=&#8221;&#8221; hover_type=&#8221;none&#8221; link=&#8221;&#8221;][fusion_text]<\/p>\n<p>REDACCI\u00d3N<\/p>\n<ul>\n<li>El recital incluir\u00e1 piezas de grandes compositoras como \u00c1ngela Peralta, Mar\u00eda Grever, Isabel \u201cChabuca\u201d Granda, Violeta Parra y Consuelo Vel\u00e1zquez.<\/li>\n<li>\u201cLo importante debe ser la m\u00fasica, el g\u00e9nero es algo secundario\u201d, comparti\u00f3 la directora hu\u00e9sped Mar\u00eda Antonia Gonz\u00e1lez G\u00f3mez.<\/li>\n<\/ul>\n<p>Por primera vez en sus 138 a\u00f1os de historia, la\u00a0<strong>Orquesta T\u00edpica de la Ciudad de M\u00e9xico<\/strong>\u00a0(<strong>OTCM<\/strong>) recibir\u00e1 una directora hu\u00e9sped, la maestra\u00a0<strong>Mar\u00eda Antonia Gonz\u00e1lez G\u00f3mez<\/strong>, para ofrecer el concierto &#8220;<strong>M\u00fasica por las mujeres&#8221;,\u00a0<\/strong>este\u00a0<strong>viernes 3 de marzo a las 18:00 horas,<\/strong>\u00a0en el\u00a0<strong>Museo de la Ciudad de M\u00e9xico<\/strong>\u00a0en el marco del\u00a0<strong>D\u00eda Internacional de la Mujer<\/strong>.<br aria-hidden=\"true\" \/><br aria-hidden=\"true\" \/>\u201cEn esta conmemoraci\u00f3n es muy importante porque nos permite ver la cartelera de varias orquestas teniendo mujeres directoras al frente; eso no se ve\u00eda y creo que es maravilloso, eso va a seguir siendo un parteaguas y una apertura porque lo importante debe ser la m\u00fasica, el g\u00e9nero es algo secundario\u201d, extern\u00f3 en entrevista Gonz\u00e1lez G\u00f3mez.<br aria-hidden=\"true\" \/><br aria-hidden=\"true\" \/>La tambi\u00e9n directora art\u00edstica titular de la Orquesta Sinf\u00f3nica de la Universidad Aut\u00f3noma de Tamaulipas (OSUAT) adelant\u00f3 que el recital compartir\u00e1 el trabajo de importantes compositoras como \u00c1ngela Peralta, Mar\u00eda Grever y Consuelo Vel\u00e1squez, que han dado a M\u00e9xico reconocimiento internacional, as\u00ed como temas de la compositora peruana Isabel \u201cChabuca\u201d Granda y la chilena Violeta Parra.<br aria-hidden=\"true\" \/><br aria-hidden=\"true\" \/>\u201cVamos a tener dos obras de \u00c1ngela Peralta, la llamada \u2018El Ruise\u00f1or Mexicano\u2019, una cantante soprano que tambi\u00e9n fue compositora y muy reconocida. Todas estas mujeres han contribuido a nuestro quehacer musical a nivel internacional, podemos hablar que su m\u00fasica se escucha por todo el mundo\u201d, comparti\u00f3 la directora hu\u00e9sped.<br aria-hidden=\"true\" \/><br aria-hidden=\"true\" \/>El recital, que contar\u00e1 con la participaci\u00f3n de la Orquesta y su Coro, dar\u00e1 inicio con &#8220;M\u00e9xico galop&#8221; y &#8220;Vuelta a la patria&#8221;, de \u00c1ngela Peralta, seguida de &#8220;Alma m\u00eda&#8221; de Mar\u00eda Grever para llegar al sonido peruano de Isabel \u201cChabuca\u201d Granda con &#8220;Fina estampa&#8221; y el conocido tema &#8220;Gracias a la vida&#8221; de la compositora chilena Violeta Parra para cerrar con &#8220;B\u00e9same mucho&#8221; de Consuelo Vel\u00e1zquez. Asimismo, se interpretar\u00e1 &#8220;En la cuarta plana&#8221;, de Carlos Curti y Lindas mexicanas, de Velino M. Preza.<br aria-hidden=\"true\" \/><br aria-hidden=\"true\" \/>\u201cPara las mujeres ha sido dif\u00edcil sobresalir en el \u00e1rea musical y obviamente como compositoras ha sido un reto. Creo que su m\u00fasica ha sido tan buena que ha trascendido a trav\u00e9s del tiempo y es una m\u00fasica que pr\u00e1cticamente todo m\u00fasico conoce, eso ha ayudado mucho a que m\u00e1s mujeres est\u00e9n dentro de este \u00e1mbito y que actualmente tenemos unas compositoras maravillosas en cualquier g\u00e9nero musical\u201d, agreg\u00f3.<br aria-hidden=\"true\" \/><br aria-hidden=\"true\" \/>La Orquesta T\u00edpica de la Ciudad de M\u00e9xico fue fundada el 1 agosto de 1884 por el maestro Carlos Curti. Por su riqueza musical constituida por sus peculiares instrumentos como el salterio, el bandol\u00f3n, la marimba, el bajo sexto, la guitarra s\u00e9ptima mexicana, el hu\u00e9huetl y el teponaztli, entre otros, fue declarada en 2011 Patrimonio Cultural Intangible de la Ciudad de M\u00e9xico y en 2019 fue reconocida como Patrimonio Cultural Vivo de la Ciudad de M\u00e9xico con motivo de su 135 aniversario.<br aria-hidden=\"true\" \/><br aria-hidden=\"true\" \/>La Orquesta T\u00edpica de la Ciudad de M\u00e9xico es una de las instituciones musicales m\u00e1s antiguas a nivel nacional. Su arduo trabajo social y musical se ha caracterizado, a lo largo de 138 a\u00f1os, por la interpretaci\u00f3n de m\u00fasica mexicana principalmente de finales del siglo XIX y principios del XX, incluido el repertorio de hombres y mujeres compositoras que son dignos representantes de la m\u00fasica mexicana actual.<br aria-hidden=\"true\" \/><br aria-hidden=\"true\" \/>El concierto &#8220;<strong>M\u00fasica por las mujeres&#8221;\u00a0<\/strong>a cargo de la\u00a0<strong>Orquesta T\u00edpica de la Ciudad de M\u00e9xico<\/strong>\u00a0(<strong>OTCM<\/strong>) se presentar\u00e1 de nuevo el\u00a0<strong>domingo 5 de marzo a las 12:00 horas,<\/strong>\u00a0en Sala Tepecuicatl en la alcald\u00eda Gustavo A. Madero ubicada en Cantera 12, colonia Rosas del Tepeyac.<br aria-hidden=\"true\" \/><br aria-hidden=\"true\" \/>Para saber todas las actividades de la Secretar\u00eda de Cultura capitalina se puede consultar la Cartelera de la Ciudad de M\u00e9xico (<a href=\"https:\/\/gob.us21.list-manage.com\/track\/click?u=24ab1d8cf82850533a5af327c&amp;id=7ceaf745ed&amp;e=4fe2704bc3\" target=\"_blank\" rel=\"noopener noreferrer\" data-auth=\"NotApplicable\" data-linkindex=\"0\">https:\/\/cartelera.cdmx.gob.mx\/<\/a>)\u00a0 y las redes sociales de la Secretar\u00eda de Cultura: Facebook, Twitter, Instagram y YouTube<\/p>\n<div dir=\"auto\"><a class=\"x1i10hfl xjbqb8w x6umtig x1b1mbwd xaqea5y xav7gou x9f619 x1ypdohk xt0psk2 xe8uvvx xdj266r x11i5rnm xat24cr x1mh8g0r xexx8yu x4uap5 x18d9i69 xkhd6sd x16tdsg8 x1hl2dhg xggy1nq x1a2a7pz xt0b8zv x1qq9wsj xo1l8bm\" tabindex=\"0\" role=\"link\" href=\"https:\/\/www.facebook.com\/hashtag\/secretariadeculturacdmx?__eep__=6&amp;__cft__[0]=AZX7c9hWRstDB1Yntvltl-9GeWCQAzxvmVxkvHV6qVLn9z7xciuK9LlKhZE8n4-yNa7aPxZTqbXISwHnJ_aSgM6oWdZ5erB0QSVJMSHY-OKx2YbT_7buiA1CnO9Q2lFAdNs&amp;__tn__=*NK-R\">#secretariadeculturacdmx<\/a><\/div>\n<div dir=\"auto\"><a class=\"x1i10hfl xjbqb8w x6umtig x1b1mbwd xaqea5y xav7gou x9f619 x1ypdohk xt0psk2 xe8uvvx xdj266r x11i5rnm xat24cr x1mh8g0r xexx8yu x4uap5 x18d9i69 xkhd6sd x16tdsg8 x1hl2dhg xggy1nq x1a2a7pz xt0b8zv x1qq9wsj xo1l8bm\" tabindex=\"0\" role=\"link\" href=\"https:\/\/www.facebook.com\/hashtag\/orquestatipicadelaciudaddemexico?__eep__=6&amp;__cft__[0]=AZX7c9hWRstDB1Yntvltl-9GeWCQAzxvmVxkvHV6qVLn9z7xciuK9LlKhZE8n4-yNa7aPxZTqbXISwHnJ_aSgM6oWdZ5erB0QSVJMSHY-OKx2YbT_7buiA1CnO9Q2lFAdNs&amp;__tn__=*NK-R\">#orquestatipicadelaciudaddemexico<\/a><\/div>\n<div dir=\"auto\"><a class=\"x1i10hfl xjbqb8w x6umtig x1b1mbwd xaqea5y xav7gou x9f619 x1ypdohk xt0psk2 xe8uvvx xdj266r x11i5rnm xat24cr x1mh8g0r xexx8yu x4uap5 x18d9i69 xkhd6sd x16tdsg8 x1hl2dhg xggy1nq x1a2a7pz xt0b8zv x1qq9wsj xo1l8bm\" tabindex=\"0\" role=\"link\" href=\"https:\/\/www.facebook.com\/hashtag\/8m?__eep__=6&amp;__cft__[0]=AZX7c9hWRstDB1Yntvltl-9GeWCQAzxvmVxkvHV6qVLn9z7xciuK9LlKhZE8n4-yNa7aPxZTqbXISwHnJ_aSgM6oWdZ5erB0QSVJMSHY-OKx2YbT_7buiA1CnO9Q2lFAdNs&amp;__tn__=*NK-R\">#8M<\/a><\/div>\n<div dir=\"auto\"><a class=\"x1i10hfl xjbqb8w x6umtig x1b1mbwd xaqea5y xav7gou x9f619 x1ypdohk xt0psk2 xe8uvvx xdj266r x11i5rnm xat24cr x1mh8g0r xexx8yu x4uap5 x18d9i69 xkhd6sd x16tdsg8 x1hl2dhg xggy1nq x1a2a7pz xt0b8zv x1qq9wsj xo1l8bm\" tabindex=\"0\" role=\"link\" href=\"https:\/\/www.facebook.com\/hashtag\/bitacoracdmx?__eep__=6&amp;__cft__[0]=AZX7c9hWRstDB1Yntvltl-9GeWCQAzxvmVxkvHV6qVLn9z7xciuK9LlKhZE8n4-yNa7aPxZTqbXISwHnJ_aSgM6oWdZ5erB0QSVJMSHY-OKx2YbT_7buiA1CnO9Q2lFAdNs&amp;__tn__=*NK-R\">#bitacoracdmx<\/a><\/div>\n<p>[\/fusion_text][fusion_imageframe image_id=&#8221;49770|medium&#8221; max_width=&#8221;&#8221; style_type=&#8221;&#8221; blur=&#8221;&#8221; stylecolor=&#8221;&#8221; hover_type=&#8221;none&#8221; bordersize=&#8221;&#8221; bordercolor=&#8221;&#8221; borderradius=&#8221;&#8221; align=&#8221;none&#8221; lightbox=&#8221;no&#8221; gallery_id=&#8221;&#8221; lightbox_image=&#8221;&#8221; lightbox_image_id=&#8221;&#8221; alt=&#8221;&#8221; link=&#8221;&#8221; linktarget=&#8221;_self&#8221; hide_on_mobile=&#8221;small-visibility,medium-visibility,large-visibility&#8221; class=&#8221;&#8221; id=&#8221;&#8221; animation_type=&#8221;&#8221; animation_direction=&#8221;left&#8221; animation_speed=&#8221;0.3&#8243; animation_offset=&#8221;&#8221;]https:\/\/www.bitacoracdmx.com\/wp-content\/uploads\/2023\/03\/7396a919-a98c-9f7c-2b1e-626597fa51d4-300&#215;200.jpg[\/fusion_imageframe][\/fusion_builder_column][\/fusion_builder_row][\/fusion_builder_container]<\/p>\n","protected":false},"excerpt":{"rendered":"<p>[fusion_builder_container hundred_percent=&#8221;no&#8221; equal_height_columns=&#8221;no&#8221; menu_anchor=&#8221;&#8221; hide_on_mobile=&#8221;small-visibility,medium-visibility,large-visibility&#8221; class=&#8221;&#8221; id=&#8221;&#8221; background_color=&#8221;&#8221; background_image=&#8221;&#8221; background_position=&#8221;center center&#8221; background_repeat=&#8221;no-repeat&#8221; fade=&#8221;no&#8221; background_parallax=&#8221;none&#8221; parallax_speed=&#8221;0.3&#8243; video_mp4=&#8221;&#8221; video_webm=&#8221;&#8221; video_ogv=&#8221;&#8221; video_url=&#8221;&#8221; video_aspect_ratio=&#8221;16:9&#8243; video_loop=&#8221;yes&#8221; video_mute=&#8221;yes&#8221; overlay_color=&#8221;&#8221; video_preview_image=&#8221;&#8221; border_size=&#8221;&#8221; border_color=&#8221;&#8221; border_style=&#8221;solid&#8221; padding_top=&#8221;&#8221; padding_bottom=&#8221;&#8221; padding_left=&#8221;&#8221; padding_right=&#8221;&#8221;][fusion_builder_row][fusion_builder_column type=&#8221;1_1&#8243; layout=&#8221;1_1&#8243; background_position=&#8221;left top&#8221; background_color=&#8221;&#8221; border_size=&#8221;&#8221; border_color=&#8221;&#8221; border_style=&#8221;solid&#8221; border_position=&#8221;all&#8221; spacing=&#8221;yes&#8221; background_image=&#8221;&#8221; background_repeat=&#8221;no-repeat&#8221; padding_top=&#8221;&#8221; padding_right=&#8221;&#8221; padding_bottom=&#8221;&#8221; padding_left=&#8221;&#8221; margin_top=&#8221;0px&#8221; margin_bottom=&#8221;0px&#8221; class=&#8221;&#8221; id=&#8221;&#8221; animation_type=&#8221;&#8221; animation_speed=&#8221;0.3&#8243; animation_direction=&#8221;left&#8221; hide_on_mobile=&#8221;small-visibility,medium-visibility,large-visibility&#8221; center_content=&#8221;no&#8221; last=&#8221;no&#8221; min_height=&#8221;&#8221; hover_type=&#8221;none&#8221; link=&#8221;&#8221;][fusion_text] REDACCI\u00d3N El recital incluir\u00e1 piezas de grandes compositoras como \u00c1ngela Peralta, Mar\u00eda Grever, Isabel \u201cChabuca\u201d Granda, Violeta Parra y Consuelo Vel\u00e1zquez. \u201cLo importante debe ser la m\u00fasica, el g\u00e9nero es algo secundario\u201d, comparti\u00f3 la directora hu\u00e9sped Mar\u00eda Antonia Gonz\u00e1lez G\u00f3mez. [&hellip;]<\/p>\n","protected":false},"author":1,"featured_media":49770,"comment_status":"open","ping_status":"open","sticky":false,"template":"","format":"standard","meta":{"footnotes":""},"categories":[9,11],"tags":[],"_links":{"self":[{"href":"https:\/\/www.bitacoracdmx.com\/index.php?rest_route=\/wp\/v2\/posts\/49768"}],"collection":[{"href":"https:\/\/www.bitacoracdmx.com\/index.php?rest_route=\/wp\/v2\/posts"}],"about":[{"href":"https:\/\/www.bitacoracdmx.com\/index.php?rest_route=\/wp\/v2\/types\/post"}],"author":[{"embeddable":true,"href":"https:\/\/www.bitacoracdmx.com\/index.php?rest_route=\/wp\/v2\/users\/1"}],"replies":[{"embeddable":true,"href":"https:\/\/www.bitacoracdmx.com\/index.php?rest_route=%2Fwp%2Fv2%2Fcomments&post=49768"}],"version-history":[{"count":1,"href":"https:\/\/www.bitacoracdmx.com\/index.php?rest_route=\/wp\/v2\/posts\/49768\/revisions"}],"predecessor-version":[{"id":49771,"href":"https:\/\/www.bitacoracdmx.com\/index.php?rest_route=\/wp\/v2\/posts\/49768\/revisions\/49771"}],"wp:featuredmedia":[{"embeddable":true,"href":"https:\/\/www.bitacoracdmx.com\/index.php?rest_route=\/wp\/v2\/media\/49770"}],"wp:attachment":[{"href":"https:\/\/www.bitacoracdmx.com\/index.php?rest_route=%2Fwp%2Fv2%2Fmedia&parent=49768"}],"wp:term":[{"taxonomy":"category","embeddable":true,"href":"https:\/\/www.bitacoracdmx.com\/index.php?rest_route=%2Fwp%2Fv2%2Fcategories&post=49768"},{"taxonomy":"post_tag","embeddable":true,"href":"https:\/\/www.bitacoracdmx.com\/index.php?rest_route=%2Fwp%2Fv2%2Ftags&post=49768"}],"curies":[{"name":"wp","href":"https:\/\/api.w.org\/{rel}","templated":true}]}}