{"id":49795,"date":"2023-03-05T03:01:13","date_gmt":"2023-03-05T03:01:13","guid":{"rendered":"https:\/\/www.bitacoracdmx.com\/?p=49795"},"modified":"2023-03-05T03:01:13","modified_gmt":"2023-03-05T03:01:13","slug":"plaza-de-las-tres-culturas-albergara-jornadas-de-amor-y-libertad","status":"publish","type":"post","link":"https:\/\/www.bitacoracdmx.com\/?p=49795","title":{"rendered":"PLAZA DE LAS TRES CULTURAS albergara jornadas de AMOR y LIBERTAD"},"content":{"rendered":"<p>[fusion_builder_container hundred_percent=&#8221;no&#8221; equal_height_columns=&#8221;no&#8221; menu_anchor=&#8221;&#8221; hide_on_mobile=&#8221;small-visibility,medium-visibility,large-visibility&#8221; class=&#8221;&#8221; id=&#8221;&#8221; background_color=&#8221;&#8221; background_image=&#8221;&#8221; background_position=&#8221;center center&#8221; background_repeat=&#8221;no-repeat&#8221; fade=&#8221;no&#8221; background_parallax=&#8221;none&#8221; parallax_speed=&#8221;0.3&#8243; video_mp4=&#8221;&#8221; video_webm=&#8221;&#8221; video_ogv=&#8221;&#8221; video_url=&#8221;&#8221; video_aspect_ratio=&#8221;16:9&#8243; video_loop=&#8221;yes&#8221; video_mute=&#8221;yes&#8221; overlay_color=&#8221;&#8221; video_preview_image=&#8221;&#8221; border_size=&#8221;&#8221; border_color=&#8221;&#8221; border_style=&#8221;solid&#8221; padding_top=&#8221;&#8221; padding_bottom=&#8221;&#8221; padding_left=&#8221;&#8221; padding_right=&#8221;&#8221;][fusion_builder_row][fusion_builder_column type=&#8221;1_1&#8243; layout=&#8221;1_1&#8243; background_position=&#8221;left top&#8221; background_color=&#8221;&#8221; border_size=&#8221;&#8221; border_color=&#8221;&#8221; border_style=&#8221;solid&#8221; border_position=&#8221;all&#8221; spacing=&#8221;yes&#8221; background_image=&#8221;&#8221; background_repeat=&#8221;no-repeat&#8221; padding_top=&#8221;&#8221; padding_right=&#8221;&#8221; padding_bottom=&#8221;&#8221; padding_left=&#8221;&#8221; margin_top=&#8221;0px&#8221; margin_bottom=&#8221;0px&#8221; class=&#8221;&#8221; id=&#8221;&#8221; animation_type=&#8221;&#8221; animation_speed=&#8221;0.3&#8243; animation_direction=&#8221;left&#8221; hide_on_mobile=&#8221;small-visibility,medium-visibility,large-visibility&#8221; center_content=&#8221;no&#8221; last=&#8221;no&#8221; min_height=&#8221;&#8221; hover_type=&#8221;none&#8221; link=&#8221;&#8221;][fusion_text]<\/p>\n<p>REDACCI\u00d3N<\/p>\n<ul>\n<li>La jornada contar\u00e1 con la participaci\u00f3n de diversos artistas nacionales que unir\u00e1n a sus voces con un mensaje a favor del respeto.<\/li>\n<li>El hist\u00f3rico espacio tambi\u00e9n contar\u00e1 con tianguis de libros, exposici\u00f3n de carteles y carpa gr\u00e1fica a partir de las 15:00 horas.<\/li>\n<\/ul>\n<p>Como un espacio libertario contra el odio y la represi\u00f3n la\u00a0<strong>Plaza de las Tres Culturas<\/strong>\u00a0ubicada en el antiguo barrio de Tlatelolco, albergar\u00e1 el pr\u00f3ximo\u00a0<strong>s\u00e1bado 11 de marzo, a partir de las 15:00 horas<\/strong>, las\u00a0<strong>Jornadas de Amor y Libertad,<\/strong>\u00a0que reunir\u00e1n a diversos artistas nacionales y una oferta cultural en favor del respeto y la amistad.<br aria-hidden=\"true\" \/><br aria-hidden=\"true\" \/>El encuentro contar\u00e1 con la participaci\u00f3n de la cantautora Silvana Estrada, considerada una de las mejores y nuevas voces, originaria de Coatepec, Veracruz, quien en noviembre del 2022 se llev\u00f3 su primer galard\u00f3n de la Academia Latina de la Grabaci\u00f3n con el Grammy Latino a Mejor Nueva Artista, quien interpretar\u00e1 los temas de su \u00e1lbum\u00a0<em>Marchita<\/em>, considerado uno de los mejores del a\u00f1o.<br aria-hidden=\"true\" \/><br aria-hidden=\"true\" \/>Tambi\u00e9n se sumar\u00e1 la voz de la compositora y cantante originaria de Coahuila, Vivir Quintana, autora del conocido tema \u201cCanci\u00f3n sin miedo\u201d, que se ha vuelto un himno del feminismo en Am\u00e9rica Latina y el cual estren\u00f3 junto con Mon Laferte en el Z\u00f3calo capitalino, durante la segunda edici\u00f3n de \u201cTiempo de Mujeres: Festival por la Igualdad\u201d, cuya quinta edici\u00f3n se realiza este 2023 del 6 al 12 de marzo.<br aria-hidden=\"true\" \/><br aria-hidden=\"true\" \/>Asimismo, desde Culiac\u00e1n Sinaloa, llegar\u00e1 la propuesta musical de El David Aguilar, cancionista independiente que fusiona la m\u00fasica popular mexicana, el canto latinoamericano, la canci\u00f3n brasile\u00f1a, la canci\u00f3n espa\u00f1ola y el rock-pop-folk desde los 60, as\u00ed como el teatro cabaret de Las Reinas Chulas, compa\u00f1\u00eda formada desde 1998 por Ana Francis Mor, Cecilia Sotres, Marisol Gas\u00e9 y Nora Huerta.<br aria-hidden=\"true\" \/><br aria-hidden=\"true\" \/>En el hist\u00f3rico espacio, que fue un importante centro comercial de la regi\u00f3n mesoamericana, cuyos sitios arqueol\u00f3gicos pertenecientes al se\u00f1or\u00edo Tlatelolca fueron dedicados a los dioses Eh\u00e9catl-Quetzalc\u00f3atl y Huitzilopochtli, y fue tambi\u00e9n escenario de la matanza de Tlatelolco en 1968, se ofrecer\u00e1 un tianguis de libros, exposici\u00f3n de carteles y carpa gr\u00e1fica a partir de las 15:00 horas.<br aria-hidden=\"true\" \/><br aria-hidden=\"true\" \/>Las Jornadas de Amor y Libertad es un espacio plural formado por organizaciones, colectivos, creadores, estudiantes y ciudadanos que defienden los valores democr\u00e1ticos y libertarios para contrarrestar las expresiones clasistas, racistas, mis\u00f3ginas, xen\u00f3fobas y de odio a la diversidad sexual.<br aria-hidden=\"true\" \/><br aria-hidden=\"true\" \/>Para saber todas las actividades de la Secretar\u00eda de Cultura capitalina se puede consultar la Cartelera de la Ciudad de M\u00e9xico (<a href=\"https:\/\/gob.us21.list-manage.com\/track\/click?u=24ab1d8cf82850533a5af327c&amp;id=06dbd3567a&amp;e=4fe2704bc3\" target=\"_blank\" rel=\"noopener noreferrer\" data-auth=\"NotApplicable\" data-linkindex=\"0\">https:\/\/cartelera.cdmx.gob.mx\/<\/a>)\u00a0 y las redes sociales de la Secretar\u00eda de Cultura: Facebook, Twitter, Instagram y YouTube.<\/p>\n<div dir=\"auto\"><a class=\"x1i10hfl xjbqb8w x6umtig x1b1mbwd xaqea5y xav7gou x9f619 x1ypdohk xt0psk2 xe8uvvx xdj266r x11i5rnm xat24cr x1mh8g0r xexx8yu x4uap5 x18d9i69 xkhd6sd x16tdsg8 x1hl2dhg xggy1nq x1a2a7pz xt0b8zv x1qq9wsj xo1l8bm\" tabindex=\"0\" role=\"link\" href=\"https:\/\/www.facebook.com\/hashtag\/secretariadeculturacdmx?__eep__=6&amp;__cft__[0]=AZUrTlRXUX41eKbyL8BfqwJzN8pZjh8ObUt6GD7UdXvfhUK9dhmPb1eQgajGybR_KzVaz8fXL2sI7SYd7bS-4ZX5s4xpOCsgYRTTe6VpsT273hBIpkJ5zvh4FKRq_vAG56U&amp;__tn__=*NK-R\">#secretariadeculturacdmx<\/a><\/div>\n<div dir=\"auto\"><a class=\"x1i10hfl xjbqb8w x6umtig x1b1mbwd xaqea5y xav7gou x9f619 x1ypdohk xt0psk2 xe8uvvx xdj266r x11i5rnm xat24cr x1mh8g0r xexx8yu x4uap5 x18d9i69 xkhd6sd x16tdsg8 x1hl2dhg xggy1nq x1a2a7pz xt0b8zv x1qq9wsj xo1l8bm\" tabindex=\"0\" role=\"link\" href=\"https:\/\/www.facebook.com\/hashtag\/plazadelastresculturas?__eep__=6&amp;__cft__[0]=AZUrTlRXUX41eKbyL8BfqwJzN8pZjh8ObUt6GD7UdXvfhUK9dhmPb1eQgajGybR_KzVaz8fXL2sI7SYd7bS-4ZX5s4xpOCsgYRTTe6VpsT273hBIpkJ5zvh4FKRq_vAG56U&amp;__tn__=*NK-R\">#plazadelastresculturas<\/a><\/div>\n<div dir=\"auto\"><a class=\"x1i10hfl xjbqb8w x6umtig x1b1mbwd xaqea5y xav7gou x9f619 x1ypdohk xt0psk2 xe8uvvx xdj266r x11i5rnm xat24cr x1mh8g0r xexx8yu x4uap5 x18d9i69 xkhd6sd x16tdsg8 x1hl2dhg xggy1nq x1a2a7pz xt0b8zv x1qq9wsj xo1l8bm\" tabindex=\"0\" role=\"link\" href=\"https:\/\/www.facebook.com\/hashtag\/bitacoracdmx?__eep__=6&amp;__cft__[0]=AZUrTlRXUX41eKbyL8BfqwJzN8pZjh8ObUt6GD7UdXvfhUK9dhmPb1eQgajGybR_KzVaz8fXL2sI7SYd7bS-4ZX5s4xpOCsgYRTTe6VpsT273hBIpkJ5zvh4FKRq_vAG56U&amp;__tn__=*NK-R\">#bitacoracdmx<\/a><\/div>\n<p>[\/fusion_text][fusion_imageframe image_id=&#8221;49796|medium&#8221; max_width=&#8221;&#8221; style_type=&#8221;&#8221; blur=&#8221;&#8221; stylecolor=&#8221;&#8221; hover_type=&#8221;none&#8221; bordersize=&#8221;&#8221; bordercolor=&#8221;&#8221; borderradius=&#8221;&#8221; align=&#8221;none&#8221; lightbox=&#8221;no&#8221; gallery_id=&#8221;&#8221; lightbox_image=&#8221;&#8221; lightbox_image_id=&#8221;&#8221; alt=&#8221;&#8221; link=&#8221;&#8221; linktarget=&#8221;_self&#8221; hide_on_mobile=&#8221;small-visibility,medium-visibility,large-visibility&#8221; class=&#8221;&#8221; id=&#8221;&#8221; animation_type=&#8221;&#8221; animation_direction=&#8221;left&#8221; animation_speed=&#8221;0.3&#8243; animation_offset=&#8221;&#8221;]https:\/\/www.bitacoracdmx.com\/wp-content\/uploads\/2023\/03\/a2cbaf85-83a5-17bd-e686-b34b61717168-300&#215;300.jpg[\/fusion_imageframe][\/fusion_builder_column][\/fusion_builder_row][\/fusion_builder_container]<\/p>\n","protected":false},"excerpt":{"rendered":"<p>[fusion_builder_container hundred_percent=&#8221;no&#8221; equal_height_columns=&#8221;no&#8221; menu_anchor=&#8221;&#8221; hide_on_mobile=&#8221;small-visibility,medium-visibility,large-visibility&#8221; class=&#8221;&#8221; id=&#8221;&#8221; background_color=&#8221;&#8221; background_image=&#8221;&#8221; background_position=&#8221;center center&#8221; background_repeat=&#8221;no-repeat&#8221; fade=&#8221;no&#8221; background_parallax=&#8221;none&#8221; parallax_speed=&#8221;0.3&#8243; video_mp4=&#8221;&#8221; video_webm=&#8221;&#8221; video_ogv=&#8221;&#8221; video_url=&#8221;&#8221; video_aspect_ratio=&#8221;16:9&#8243; video_loop=&#8221;yes&#8221; video_mute=&#8221;yes&#8221; overlay_color=&#8221;&#8221; video_preview_image=&#8221;&#8221; border_size=&#8221;&#8221; border_color=&#8221;&#8221; border_style=&#8221;solid&#8221; padding_top=&#8221;&#8221; padding_bottom=&#8221;&#8221; padding_left=&#8221;&#8221; padding_right=&#8221;&#8221;][fusion_builder_row][fusion_builder_column type=&#8221;1_1&#8243; layout=&#8221;1_1&#8243; background_position=&#8221;left top&#8221; background_color=&#8221;&#8221; border_size=&#8221;&#8221; border_color=&#8221;&#8221; border_style=&#8221;solid&#8221; border_position=&#8221;all&#8221; spacing=&#8221;yes&#8221; background_image=&#8221;&#8221; background_repeat=&#8221;no-repeat&#8221; padding_top=&#8221;&#8221; padding_right=&#8221;&#8221; padding_bottom=&#8221;&#8221; padding_left=&#8221;&#8221; margin_top=&#8221;0px&#8221; margin_bottom=&#8221;0px&#8221; class=&#8221;&#8221; id=&#8221;&#8221; animation_type=&#8221;&#8221; animation_speed=&#8221;0.3&#8243; animation_direction=&#8221;left&#8221; hide_on_mobile=&#8221;small-visibility,medium-visibility,large-visibility&#8221; center_content=&#8221;no&#8221; last=&#8221;no&#8221; min_height=&#8221;&#8221; hover_type=&#8221;none&#8221; link=&#8221;&#8221;][fusion_text] REDACCI\u00d3N La jornada contar\u00e1 con la participaci\u00f3n de diversos artistas nacionales que unir\u00e1n a sus voces con un mensaje a favor del respeto. El hist\u00f3rico espacio tambi\u00e9n contar\u00e1 con tianguis de libros, exposici\u00f3n de carteles y carpa gr\u00e1fica a partir [&hellip;]<\/p>\n","protected":false},"author":1,"featured_media":49796,"comment_status":"open","ping_status":"open","sticky":false,"template":"","format":"standard","meta":{"footnotes":""},"categories":[9,11],"tags":[],"_links":{"self":[{"href":"https:\/\/www.bitacoracdmx.com\/index.php?rest_route=\/wp\/v2\/posts\/49795"}],"collection":[{"href":"https:\/\/www.bitacoracdmx.com\/index.php?rest_route=\/wp\/v2\/posts"}],"about":[{"href":"https:\/\/www.bitacoracdmx.com\/index.php?rest_route=\/wp\/v2\/types\/post"}],"author":[{"embeddable":true,"href":"https:\/\/www.bitacoracdmx.com\/index.php?rest_route=\/wp\/v2\/users\/1"}],"replies":[{"embeddable":true,"href":"https:\/\/www.bitacoracdmx.com\/index.php?rest_route=%2Fwp%2Fv2%2Fcomments&post=49795"}],"version-history":[{"count":1,"href":"https:\/\/www.bitacoracdmx.com\/index.php?rest_route=\/wp\/v2\/posts\/49795\/revisions"}],"predecessor-version":[{"id":49797,"href":"https:\/\/www.bitacoracdmx.com\/index.php?rest_route=\/wp\/v2\/posts\/49795\/revisions\/49797"}],"wp:featuredmedia":[{"embeddable":true,"href":"https:\/\/www.bitacoracdmx.com\/index.php?rest_route=\/wp\/v2\/media\/49796"}],"wp:attachment":[{"href":"https:\/\/www.bitacoracdmx.com\/index.php?rest_route=%2Fwp%2Fv2%2Fmedia&parent=49795"}],"wp:term":[{"taxonomy":"category","embeddable":true,"href":"https:\/\/www.bitacoracdmx.com\/index.php?rest_route=%2Fwp%2Fv2%2Fcategories&post=49795"},{"taxonomy":"post_tag","embeddable":true,"href":"https:\/\/www.bitacoracdmx.com\/index.php?rest_route=%2Fwp%2Fv2%2Ftags&post=49795"}],"curies":[{"name":"wp","href":"https:\/\/api.w.org\/{rel}","templated":true}]}}