{"id":49843,"date":"2023-03-06T04:43:58","date_gmt":"2023-03-06T04:43:58","guid":{"rendered":"https:\/\/www.bitacoracdmx.com\/?p=49843"},"modified":"2023-03-06T04:43:58","modified_gmt":"2023-03-06T04:43:58","slug":"anuncian-el-estreno-del-documental-la-division-del-norte-para-el-16-de-marzo-en-la-cineteca-nacional","status":"publish","type":"post","link":"https:\/\/www.bitacoracdmx.com\/?p=49843","title":{"rendered":"Anuncian el estreno del documental La Divisi\u00f3n del Norte para el 16 de marzo en la Cineteca Nacional"},"content":{"rendered":"<p>[fusion_builder_container hundred_percent=&#8221;no&#8221; equal_height_columns=&#8221;no&#8221; menu_anchor=&#8221;&#8221; hide_on_mobile=&#8221;small-visibility,medium-visibility,large-visibility&#8221; class=&#8221;&#8221; id=&#8221;&#8221; background_color=&#8221;&#8221; background_image=&#8221;&#8221; background_position=&#8221;center center&#8221; background_repeat=&#8221;no-repeat&#8221; fade=&#8221;no&#8221; background_parallax=&#8221;none&#8221; parallax_speed=&#8221;0.3&#8243; video_mp4=&#8221;&#8221; video_webm=&#8221;&#8221; video_ogv=&#8221;&#8221; video_url=&#8221;&#8221; video_aspect_ratio=&#8221;16:9&#8243; video_loop=&#8221;yes&#8221; video_mute=&#8221;yes&#8221; overlay_color=&#8221;&#8221; video_preview_image=&#8221;&#8221; border_size=&#8221;&#8221; border_color=&#8221;&#8221; border_style=&#8221;solid&#8221; padding_top=&#8221;&#8221; padding_bottom=&#8221;&#8221; padding_left=&#8221;&#8221; padding_right=&#8221;&#8221;][fusion_builder_row][fusion_builder_column type=&#8221;1_1&#8243; layout=&#8221;1_1&#8243; background_position=&#8221;left top&#8221; background_color=&#8221;&#8221; border_size=&#8221;&#8221; border_color=&#8221;&#8221; border_style=&#8221;solid&#8221; border_position=&#8221;all&#8221; spacing=&#8221;yes&#8221; background_image=&#8221;&#8221; background_repeat=&#8221;no-repeat&#8221; padding_top=&#8221;&#8221; padding_right=&#8221;&#8221; padding_bottom=&#8221;&#8221; padding_left=&#8221;&#8221; margin_top=&#8221;0px&#8221; margin_bottom=&#8221;0px&#8221; class=&#8221;&#8221; id=&#8221;&#8221; animation_type=&#8221;&#8221; animation_speed=&#8221;0.3&#8243; animation_direction=&#8221;left&#8221; hide_on_mobile=&#8221;small-visibility,medium-visibility,large-visibility&#8221; center_content=&#8221;no&#8221; last=&#8221;no&#8221; min_height=&#8221;&#8221; hover_type=&#8221;none&#8221; link=&#8221;&#8221;][fusion_text]<\/p>\n<p>Por: Emmanuel Flores<\/p>\n<p>Foto: Omar Castillo<\/p>\n<p>La zona comprendida entre los municipio de Nezahualc\u00f3yotl, Ecatepec en el Estado de M\u00e9xico y la Alcald\u00eda Gustavo A. Madero es la protagonista del documental La Divisi\u00f3n del Norte, un proyecto cinematogr\u00e1fico que busca dar a conocer toda la oferta cultural que se genera en esos tres lugares.<\/p>\n<p>Hist\u00f3ricamente olvidado, el Norte de la Ciudad de M\u00e9xico no destaca por ser un lugar de manifestaciones art\u00edsticas, no obstante de que es un lugar semillero de artistas que han alcanzado el reconocimiento popular, Luis \u00c1lvarez &#8220;El Harag\u00e1n&#8221;, La Matatena, Liran Roll, El Rebel D Punk, Masacre 68 y Pante\u00f3n Rococ\u00f3 son tan s\u00f3lo algunos de los talentos que han surgido de esta parte de la metr\u00f3poli.<\/p>\n<p>Por esta raz\u00f3n, es que el trabajo documental La Divisi\u00f3n del Norte busca dar reconocimiento a todas aquellas personas que fomentan, crean, cultivan y son semilleros de la oferta cultural y art\u00edstica que se genera en el norte de la gran urbe y que en muchas ocasiones es poco conocida.<\/p>\n<p>Tener la oportunidad de conocer qu\u00e9 es lo que se est\u00e1 gestando musicalmente en esta parte podr\u00e1 ser posible a trav\u00e9s de este documental de una manera gratuita ya que se anunci\u00f3 su proyecci\u00f3n de manera gratuita el pr\u00f3ximo 16 de marzo en la Cineteca Nacional a las 19:30 horas, para poder asistir a este estreno solo necesitas registrarte a trav\u00e9s de la redes sociales (facebook) de La Divisi\u00f3n del Norte.<\/p>\n<div dir=\"auto\"><a class=\"x1i10hfl xjbqb8w x6umtig x1b1mbwd xaqea5y xav7gou x9f619 x1ypdohk xt0psk2 xe8uvvx xdj266r x11i5rnm xat24cr x1mh8g0r xexx8yu x4uap5 x18d9i69 xkhd6sd x16tdsg8 x1hl2dhg xggy1nq x1a2a7pz xt0b8zv x1qq9wsj xo1l8bm\" tabindex=\"0\" role=\"link\" href=\"https:\/\/www.facebook.com\/hashtag\/ladivisiondelnorte?__eep__=6&amp;__cft__[0]=AZWdAX1q7lB6D7U-TihwztWxGne7UjHtEY19CaaNkoPzFS6jVmvVQhhV8N8_paj1DlV2RjuCE2_5JR7XYlvm_CnVcM2PVoGQfIimuQRpGhDCT8yO-x_pr2wVpTSk_CbryX0&amp;__tn__=*NK-R\">#LaDivisiondelNorte<\/a><\/div>\n<div dir=\"auto\"><a class=\"x1i10hfl xjbqb8w x6umtig x1b1mbwd xaqea5y xav7gou x9f619 x1ypdohk xt0psk2 xe8uvvx xdj266r x11i5rnm xat24cr x1mh8g0r xexx8yu x4uap5 x18d9i69 xkhd6sd x16tdsg8 x1hl2dhg xggy1nq x1a2a7pz xt0b8zv x1qq9wsj xo1l8bm\" tabindex=\"0\" role=\"link\" href=\"https:\/\/www.facebook.com\/hashtag\/documentalmexicano?__eep__=6&amp;__cft__[0]=AZWdAX1q7lB6D7U-TihwztWxGne7UjHtEY19CaaNkoPzFS6jVmvVQhhV8N8_paj1DlV2RjuCE2_5JR7XYlvm_CnVcM2PVoGQfIimuQRpGhDCT8yO-x_pr2wVpTSk_CbryX0&amp;__tn__=*NK-R\">#documentalmexicano<\/a><\/div>\n<div dir=\"auto\"><a class=\"x1i10hfl xjbqb8w x6umtig x1b1mbwd xaqea5y xav7gou x9f619 x1ypdohk xt0psk2 xe8uvvx xdj266r x11i5rnm xat24cr x1mh8g0r xexx8yu x4uap5 x18d9i69 xkhd6sd x16tdsg8 x1hl2dhg xggy1nq x1a2a7pz xt0b8zv x1qq9wsj xo1l8bm\" tabindex=\"0\" role=\"link\" href=\"https:\/\/www.facebook.com\/hashtag\/bitacoracdmx?__eep__=6&amp;__cft__[0]=AZWdAX1q7lB6D7U-TihwztWxGne7UjHtEY19CaaNkoPzFS6jVmvVQhhV8N8_paj1DlV2RjuCE2_5JR7XYlvm_CnVcM2PVoGQfIimuQRpGhDCT8yO-x_pr2wVpTSk_CbryX0&amp;__tn__=*NK-R\">#bitacoracdmx<\/a><\/div>\n<p>[\/fusion_text][fusion_gallery layout=&#8221;&#8221; picture_size=&#8221;&#8221; columns=&#8221;&#8221; column_spacing=&#8221;10&#8243; gallery_masonry_grid_ratio=&#8221;&#8221; gallery_masonry_width_double=&#8221;&#8221; hover_type=&#8221;&#8221; lightbox=&#8221;yes&#8221; lightbox_content=&#8221;&#8221; bordersize=&#8221;&#8221; bordercolor=&#8221;&#8221; border_radius=&#8221;&#8221; hide_on_mobile=&#8221;small-visibility,medium-visibility,large-visibility&#8221; class=&#8221;&#8221; id=&#8221;&#8221;][fusion_gallery_image image=&#8221;https:\/\/www.bitacoracdmx.com\/wp-content\/uploads\/2023\/03\/334569732_220393350402633_2870947385154113764_n-232&#215;300.jpg&#8221; image_id=&#8221;49844|medium&#8221; link=&#8221;&#8221; linktarget=&#8221;_self&#8221; \/][fusion_gallery_image image=&#8221;https:\/\/www.bitacoracdmx.com\/wp-content\/uploads\/2023\/03\/334843954_916846456297321_3292821144939030468_n-300&#215;200.jpg&#8221; image_id=&#8221;49845|medium&#8221; link=&#8221;&#8221; linktarget=&#8221;_self&#8221; \/][\/fusion_gallery][\/fusion_builder_column][\/fusion_builder_row][\/fusion_builder_container]<\/p>\n","protected":false},"excerpt":{"rendered":"<p>[fusion_builder_container hundred_percent=&#8221;no&#8221; equal_height_columns=&#8221;no&#8221; menu_anchor=&#8221;&#8221; hide_on_mobile=&#8221;small-visibility,medium-visibility,large-visibility&#8221; class=&#8221;&#8221; id=&#8221;&#8221; background_color=&#8221;&#8221; background_image=&#8221;&#8221; background_position=&#8221;center center&#8221; background_repeat=&#8221;no-repeat&#8221; fade=&#8221;no&#8221; background_parallax=&#8221;none&#8221; parallax_speed=&#8221;0.3&#8243; video_mp4=&#8221;&#8221; video_webm=&#8221;&#8221; video_ogv=&#8221;&#8221; video_url=&#8221;&#8221; video_aspect_ratio=&#8221;16:9&#8243; video_loop=&#8221;yes&#8221; video_mute=&#8221;yes&#8221; overlay_color=&#8221;&#8221; video_preview_image=&#8221;&#8221; border_size=&#8221;&#8221; border_color=&#8221;&#8221; border_style=&#8221;solid&#8221; padding_top=&#8221;&#8221; padding_bottom=&#8221;&#8221; padding_left=&#8221;&#8221; padding_right=&#8221;&#8221;][fusion_builder_row][fusion_builder_column type=&#8221;1_1&#8243; layout=&#8221;1_1&#8243; background_position=&#8221;left top&#8221; background_color=&#8221;&#8221; border_size=&#8221;&#8221; border_color=&#8221;&#8221; border_style=&#8221;solid&#8221; border_position=&#8221;all&#8221; spacing=&#8221;yes&#8221; background_image=&#8221;&#8221; background_repeat=&#8221;no-repeat&#8221; padding_top=&#8221;&#8221; padding_right=&#8221;&#8221; padding_bottom=&#8221;&#8221; padding_left=&#8221;&#8221; margin_top=&#8221;0px&#8221; margin_bottom=&#8221;0px&#8221; class=&#8221;&#8221; id=&#8221;&#8221; animation_type=&#8221;&#8221; animation_speed=&#8221;0.3&#8243; animation_direction=&#8221;left&#8221; hide_on_mobile=&#8221;small-visibility,medium-visibility,large-visibility&#8221; center_content=&#8221;no&#8221; last=&#8221;no&#8221; min_height=&#8221;&#8221; hover_type=&#8221;none&#8221; link=&#8221;&#8221;][fusion_text] Por: Emmanuel Flores Foto: Omar Castillo La zona comprendida entre los municipio de Nezahualc\u00f3yotl, Ecatepec en el Estado de M\u00e9xico y la Alcald\u00eda Gustavo A. Madero es la protagonista del documental La Divisi\u00f3n del Norte, un proyecto cinematogr\u00e1fico que busca [&hellip;]<\/p>\n","protected":false},"author":1,"featured_media":49844,"comment_status":"open","ping_status":"open","sticky":false,"template":"","format":"standard","meta":{"footnotes":""},"categories":[3,9],"tags":[],"_links":{"self":[{"href":"https:\/\/www.bitacoracdmx.com\/index.php?rest_route=\/wp\/v2\/posts\/49843"}],"collection":[{"href":"https:\/\/www.bitacoracdmx.com\/index.php?rest_route=\/wp\/v2\/posts"}],"about":[{"href":"https:\/\/www.bitacoracdmx.com\/index.php?rest_route=\/wp\/v2\/types\/post"}],"author":[{"embeddable":true,"href":"https:\/\/www.bitacoracdmx.com\/index.php?rest_route=\/wp\/v2\/users\/1"}],"replies":[{"embeddable":true,"href":"https:\/\/www.bitacoracdmx.com\/index.php?rest_route=%2Fwp%2Fv2%2Fcomments&post=49843"}],"version-history":[{"count":2,"href":"https:\/\/www.bitacoracdmx.com\/index.php?rest_route=\/wp\/v2\/posts\/49843\/revisions"}],"predecessor-version":[{"id":49847,"href":"https:\/\/www.bitacoracdmx.com\/index.php?rest_route=\/wp\/v2\/posts\/49843\/revisions\/49847"}],"wp:featuredmedia":[{"embeddable":true,"href":"https:\/\/www.bitacoracdmx.com\/index.php?rest_route=\/wp\/v2\/media\/49844"}],"wp:attachment":[{"href":"https:\/\/www.bitacoracdmx.com\/index.php?rest_route=%2Fwp%2Fv2%2Fmedia&parent=49843"}],"wp:term":[{"taxonomy":"category","embeddable":true,"href":"https:\/\/www.bitacoracdmx.com\/index.php?rest_route=%2Fwp%2Fv2%2Fcategories&post=49843"},{"taxonomy":"post_tag","embeddable":true,"href":"https:\/\/www.bitacoracdmx.com\/index.php?rest_route=%2Fwp%2Fv2%2Ftags&post=49843"}],"curies":[{"name":"wp","href":"https:\/\/api.w.org\/{rel}","templated":true}]}}