{"id":50198,"date":"2023-03-22T05:54:55","date_gmt":"2023-03-22T05:54:55","guid":{"rendered":"https:\/\/www.bitacoracdmx.com\/?p=50198"},"modified":"2023-03-22T05:54:55","modified_gmt":"2023-03-22T05:54:55","slug":"preparan-catalogo-filmico-sobre-la-memoria-visual-de-la-ciudad-de-mexico","status":"publish","type":"post","link":"https:\/\/www.bitacoracdmx.com\/?p=50198","title":{"rendered":"Preparan catalogo f\u00edlmico sobre LA MEMORIA VISUAL DE LA CIUDAD DE M\u00c9XICO"},"content":{"rendered":"<p>[fusion_builder_container hundred_percent=&#8221;no&#8221; equal_height_columns=&#8221;no&#8221; menu_anchor=&#8221;&#8221; hide_on_mobile=&#8221;small-visibility,medium-visibility,large-visibility&#8221; class=&#8221;&#8221; id=&#8221;&#8221; background_color=&#8221;&#8221; background_image=&#8221;&#8221; background_position=&#8221;center center&#8221; background_repeat=&#8221;no-repeat&#8221; fade=&#8221;no&#8221; background_parallax=&#8221;none&#8221; parallax_speed=&#8221;0.3&#8243; video_mp4=&#8221;&#8221; video_webm=&#8221;&#8221; video_ogv=&#8221;&#8221; video_url=&#8221;&#8221; video_aspect_ratio=&#8221;16:9&#8243; video_loop=&#8221;yes&#8221; video_mute=&#8221;yes&#8221; overlay_color=&#8221;&#8221; video_preview_image=&#8221;&#8221; border_size=&#8221;&#8221; border_color=&#8221;&#8221; border_style=&#8221;solid&#8221; padding_top=&#8221;&#8221; padding_bottom=&#8221;&#8221; padding_left=&#8221;&#8221; padding_right=&#8221;&#8221;][fusion_builder_row][fusion_builder_column type=&#8221;1_1&#8243; layout=&#8221;1_1&#8243; background_position=&#8221;left top&#8221; background_color=&#8221;&#8221; border_size=&#8221;&#8221; border_color=&#8221;&#8221; border_style=&#8221;solid&#8221; border_position=&#8221;all&#8221; spacing=&#8221;yes&#8221; background_image=&#8221;&#8221; background_repeat=&#8221;no-repeat&#8221; padding_top=&#8221;&#8221; padding_right=&#8221;&#8221; padding_bottom=&#8221;&#8221; padding_left=&#8221;&#8221; margin_top=&#8221;0px&#8221; margin_bottom=&#8221;0px&#8221; class=&#8221;&#8221; id=&#8221;&#8221; animation_type=&#8221;&#8221; animation_speed=&#8221;0.3&#8243; animation_direction=&#8221;left&#8221; hide_on_mobile=&#8221;small-visibility,medium-visibility,large-visibility&#8221; center_content=&#8221;no&#8221; last=&#8221;no&#8221; min_height=&#8221;&#8221; hover_type=&#8221;none&#8221; link=&#8221;&#8221;][fusion_text]<\/p>\n<p>REDACCI\u00d3N<\/p>\n<ul>\n<li>Desde este martes 21 hasta el 23 de marzo se realizar\u00e1n mesas de trabajo en las que se analizar\u00e1 el papel de la Ciudad de M\u00e9xico dentro de la cinematograf\u00eda nacional desde diversos \u00e1ngulos, como los espacios p\u00fablicos, su protagonismo en la construcci\u00f3n de la identidad capitalina o las pioneras del cine, entre otros<\/li>\n<li>El director de PROCINECDMX, Cristi\u00e1n Cal\u00f3nico Lucio, adelant\u00f3 que el pr\u00f3ximo martes 28 de marzo, como parte de este conversatorio, se presentar\u00e1 el \u201cCat\u00e1logo Cinematogr\u00e1fico de la Ciudad de M\u00e9xico\u201d, que busca recabar y tener el registro de todas las pel\u00edculas grabadas en la capital.<\/li>\n<\/ul>\n<p>El\u00a0<strong>Fideicomiso para la Promoci\u00f3n y Desarrollo del Cine Mexicano en la Ciudad de M\u00e9xico<\/strong>\u00a0(PROCINECDMX), adscrito a la\u00a0<strong>Secretar\u00eda de Cultura capitalina<\/strong>, junto al\u00a0<strong>Instituto de Investigaciones Dr. Jos\u00e9 Mar\u00eda Luis Mora y Mem\u00f3rica,<\/strong>\u00a0de la Coordinaci\u00f3n de Memoria Hist\u00f3rica y Cultural de M\u00e9xico, arrancaron este martes el conversatorio\u00a0<strong>\u201cMemorias de la Ciudad: Representaciones de la capital mexicana en la cinematograf\u00eda nacional\u201d.<\/strong><br aria-hidden=\"true\" \/><br aria-hidden=\"true\" \/>Se trata de un espacio de an\u00e1lisis, reflexi\u00f3n y divulgaci\u00f3n compuesto por tres mesas de trabajo del 21 al 23 de marzo en el que los ponentes abordan desde diferentes flancos la relaci\u00f3n permanente entre el cine y la capital, dar a conocer la memoria visual del pa\u00eds, rescatar a la Ciudad de M\u00e9xico como protagonista de la historia y divulgar los materiales cinematogr\u00e1ficos.<br aria-hidden=\"true\" \/><br aria-hidden=\"true\" \/>El director de PROCINECDMX,\u00a0<strong>Cristi\u00e1n Cal\u00f3nico Lucio<\/strong>, relat\u00f3 que este foro es el resultado de un proyecto nacido a finales de 2018 cuando junto a\u00a0<strong>Donaj\u00ed Morales P\u00e9rez<\/strong>, subdirectora de Planeaci\u00f3n de la Direcci\u00f3n General de la Coordinaci\u00f3n de Memoria Hist\u00f3rica y Cultural de M\u00e9xico de la Oficina de la Presidencia de la Rep\u00fablica, para crear un cat\u00e1logo de todas las pel\u00edculas que se han filmado en la Ciudad de M\u00e9xico.<br aria-hidden=\"true\" \/><br aria-hidden=\"true\" \/>\u201cEste cat\u00e1logo lo vamos a presentar el pr\u00f3ximo martes, apenas con unas pocas pel\u00edculas, pero esperamos terminar el pr\u00f3ximo a\u00f1o con m\u00e1s de 500 pel\u00edculas\u201d, adelant\u00f3 Cal\u00f3nico Lucio sobre este trabajo en el que se ha investigado junto a Mem\u00f3rica, el Archivo Hist\u00f3rico de la Ciudad de M\u00e9xico y la Cineteca Nacional.<br aria-hidden=\"true\" \/><br aria-hidden=\"true\" \/><strong>Ilse Paola D\u00edaz<\/strong>, encargada del Cineclub del Instituto Mora, agradeci\u00f3 que desde principio de a\u00f1o el Instituto y PROCINECDMX trabajen juntos en diferentes proyectos con los que \u201cse ha divulgado la cultura del \u2018cineclubismo\u2019, pues son los cineclubes los espacios en los que abre la conversaci\u00f3n sobre pel\u00edculas que dif\u00edcilmente se ven en los grandes circuitos de cine\u201d.<br aria-hidden=\"true\" \/><br aria-hidden=\"true\" \/>En la mesa del conversatorio titulada\u00a0<strong>\u201cCine, historia y Memoria, una relaci\u00f3n permanente\u201d<\/strong>, participaron\u00a0<strong>Enrique Moreno Ceballos<\/strong>, director del Festival Internacional de Cine Silente, y\u00a0<strong>Felipe Morales Leal<\/strong>, maestro de Comunicaci\u00f3n y fundador del Laboratorio Audiovisual de Investigaci\u00f3n Social del Instituto Mora, moderados por Carlos Edgar Torres P\u00e9rez, director de Acervos de la Cineteca Nacional.<br aria-hidden=\"true\" \/><br aria-hidden=\"true\" \/>Felipe Morales Leal tuvo a su cargo el segmento \u201cLa ciudad y sus cines\u201d, en el que habl\u00f3 sobre los espacios de exhibici\u00f3n cinematogr\u00e1fica en la Ciudad de M\u00e9xico conocidos como salas de cine, que existieron hasta finales del Siglo XX y todas ten\u00edan un nombre que las identificaba, a diferencia de la actualidad en las que las grandes cadenas conservan poca identidad.<br aria-hidden=\"true\" \/><br aria-hidden=\"true\" \/>Destac\u00f3 que en la Ciudad de M\u00e9xico llegaron a existir m\u00e1s de 160 salas de cine que no s\u00f3lo ten\u00edan un nombre, sino que abonaban a la experiencia comunitaria de cine en grandes salas en las que se pod\u00eda ingresar, por precios muy accesibles, una riqueza cultural que actualmente es dif\u00edcil de rescatar.<br aria-hidden=\"true\" \/><br aria-hidden=\"true\" \/>Por su parte, Enrique Moreno Ceballos llev\u00f3 la conversaci\u00f3n en torno al apartado denominado \u201cMemoria incandescente o bibliograf\u00eda de pioneras del cine mexicano\u201d, en donde habl\u00f3 sobre las primeras mujeres en hacer cine en el pa\u00eds, entre las que destac\u00f3 a Alice Guy, Mimi Derba, Elena S\u00e1nchez Valenzuela, Adriana y Dolores Elhers, Mar\u00eda Cantoni y Carmen Toscano.<br aria-hidden=\"true\" \/><br aria-hidden=\"true\" \/>Sobre la identidad de la Ciudad de M\u00e9xico, Moreno mencion\u00f3 a la pel\u00edcula\u00a0<em>Santa<\/em>, que si bien no estuvo dirigida por una mujer, fue la primera pel\u00edcula sonorizada en la que se dio el gran papel protag\u00f3nico a una mujer y que muestra muchas escenas de diferentes zona de la capital como el R\u00edo Magdalena, Chimalistac y otras.<br aria-hidden=\"true\" \/><br aria-hidden=\"true\" \/>Mimi Derba tambi\u00e9n dirigi\u00f3 varias ficciones entre las que destacan muchas escenas filmadas en avenida Balderas; mientras que las hermanas Elhers mostraron en\u00a0<em>Un paseo en tranv\u00eda<\/em>\u00a0varias locaciones en la capital.<br aria-hidden=\"true\" \/><br aria-hidden=\"true\" \/>Durante los tres d\u00edas del conversatorio se tomar\u00e1 como eje la producci\u00f3n cinematogr\u00e1fica mexicana, con la finalidad de rescatar, estudiar y analizar las diferentes representaciones que la Ciudad de M\u00e9xico ha tenido en el cine nacional, y que sea vista y analizada por su valor documental, est\u00e9tico y cultural, para repensarla.<br aria-hidden=\"true\" \/><br aria-hidden=\"true\" \/>Participar\u00e1n cr\u00edticos de cine, investigadores y especialistas en el s\u00e9ptimo arte, que a trav\u00e9s de sus trabajos, buscan debatir y reflexionar sobre la Ciudad de M\u00e9xico como una de las protagonistas fundamentales en la cinematograf\u00eda nacional, al tiempo que pondr\u00e1n sobre la mesa la imperante necesidad de preservar y difundir la producci\u00f3n f\u00edlmica, como parte fundamental del derecho a la memoria visual que tenemos como mexicanos.<br aria-hidden=\"true\" \/><br aria-hidden=\"true\" \/>El mi\u00e9rcoles 22 se realizar\u00e1 la mesa \u201cCiudad de M\u00e9xico: Protagonista y antagonista cinematogr\u00e1fica\u201d y el jueves 23, la pl\u00e1tica tendr\u00e1 como t\u00edtulo \u201cLa ciudad que fue: Recuperar la ciudad pasada para los archivos del presente\u201d, ambas a las 17:00 horas.<br aria-hidden=\"true\" \/><br aria-hidden=\"true\" \/>El pr\u00f3ximo martes 28 de marzo a las 18:00 horas se presentar\u00e1 el\u00a0<strong>\u201cCat\u00e1logo Cinematogr\u00e1fico de la Ciudad de M\u00e9xico\u201d<\/strong>\u00a0y lanzamiento del micrositio en el repositorio digital \u201cMem\u00f3rica, M\u00e9xico haz memoria\u201d en el Foro Polivalente Antonieta Rivas de Mercado, ubicado en las instalaciones de la Biblioteca M\u00e9xico.<br aria-hidden=\"true\" \/><br aria-hidden=\"true\" \/>Para conocer todas las actividades que la Secretar\u00eda de Cultura capitalina se puede consultar la Cartelera de la Ciudad de M\u00e9xico (<a href=\"https:\/\/gob.us21.list-manage.com\/track\/click?u=24ab1d8cf82850533a5af327c&amp;id=e023ff0574&amp;e=4fe2704bc3\" target=\"_blank\" rel=\"noopener noreferrer\" data-auth=\"NotApplicable\" data-linkindex=\"0\">https:\/\/cartelera.cdmx.gob.mx\/<\/a>)\u00a0 y las redes sociales de la Secretar\u00eda de Cultura: Facebook, Twitter, Instagram y YouTube.<\/p>\n<div dir=\"auto\"><a class=\"x1i10hfl xjbqb8w x6umtig x1b1mbwd xaqea5y xav7gou x9f619 x1ypdohk xt0psk2 xe8uvvx xdj266r x11i5rnm xat24cr x1mh8g0r xexx8yu x4uap5 x18d9i69 xkhd6sd x16tdsg8 x1hl2dhg xggy1nq x1a2a7pz xt0b8zv x1qq9wsj xo1l8bm\" tabindex=\"0\" role=\"link\" href=\"https:\/\/www.facebook.com\/hashtag\/secretariadeculturacdmx?__eep__=6&amp;__cft__[0]=AZWmKi1kYFKdio6dtS1s99qgo_2KldULavRBxgVZP5_k5vEelSE4JpTm9D0sIguqAPas7rGD8EX8imBT3Hc9N9cf08bPmI-ECV2_wn2DTbTUDDY0Y9k7GJ3b3B-uocAqGvQ&amp;__tn__=*NK-R\">#secretariadeculturacdmx<\/a><\/div>\n<div dir=\"auto\"><a class=\"x1i10hfl xjbqb8w x6umtig x1b1mbwd xaqea5y xav7gou x9f619 x1ypdohk xt0psk2 xe8uvvx xdj266r x11i5rnm xat24cr x1mh8g0r xexx8yu x4uap5 x18d9i69 xkhd6sd x16tdsg8 x1hl2dhg xggy1nq x1a2a7pz xt0b8zv x1qq9wsj xo1l8bm\" tabindex=\"0\" role=\"link\" href=\"https:\/\/www.facebook.com\/hashtag\/bitacoracdmx?__eep__=6&amp;__cft__[0]=AZWmKi1kYFKdio6dtS1s99qgo_2KldULavRBxgVZP5_k5vEelSE4JpTm9D0sIguqAPas7rGD8EX8imBT3Hc9N9cf08bPmI-ECV2_wn2DTbTUDDY0Y9k7GJ3b3B-uocAqGvQ&amp;__tn__=*NK-R\">#bitacoracdmx<\/a><\/div>\n<p>[\/fusion_text][fusion_imageframe image_id=&#8221;50201|medium&#8221; max_width=&#8221;&#8221; style_type=&#8221;&#8221; blur=&#8221;&#8221; stylecolor=&#8221;&#8221; hover_type=&#8221;none&#8221; bordersize=&#8221;&#8221; bordercolor=&#8221;&#8221; borderradius=&#8221;&#8221; align=&#8221;none&#8221; lightbox=&#8221;no&#8221; gallery_id=&#8221;&#8221; lightbox_image=&#8221;&#8221; lightbox_image_id=&#8221;&#8221; alt=&#8221;&#8221; link=&#8221;&#8221; linktarget=&#8221;_self&#8221; hide_on_mobile=&#8221;small-visibility,medium-visibility,large-visibility&#8221; class=&#8221;&#8221; id=&#8221;&#8221; animation_type=&#8221;&#8221; animation_direction=&#8221;left&#8221; animation_speed=&#8221;0.3&#8243; animation_offset=&#8221;&#8221;]https:\/\/www.bitacoracdmx.com\/wp-content\/uploads\/2023\/03\/346f2ec1-ef60-3638-9e00-ce7b70a97562-300&#215;183.jpg[\/fusion_imageframe][\/fusion_builder_column][\/fusion_builder_row][\/fusion_builder_container]<\/p>\n","protected":false},"excerpt":{"rendered":"<p>[fusion_builder_container hundred_percent=&#8221;no&#8221; equal_height_columns=&#8221;no&#8221; menu_anchor=&#8221;&#8221; hide_on_mobile=&#8221;small-visibility,medium-visibility,large-visibility&#8221; class=&#8221;&#8221; id=&#8221;&#8221; background_color=&#8221;&#8221; background_image=&#8221;&#8221; background_position=&#8221;center center&#8221; background_repeat=&#8221;no-repeat&#8221; fade=&#8221;no&#8221; background_parallax=&#8221;none&#8221; parallax_speed=&#8221;0.3&#8243; video_mp4=&#8221;&#8221; video_webm=&#8221;&#8221; video_ogv=&#8221;&#8221; video_url=&#8221;&#8221; video_aspect_ratio=&#8221;16:9&#8243; video_loop=&#8221;yes&#8221; video_mute=&#8221;yes&#8221; overlay_color=&#8221;&#8221; video_preview_image=&#8221;&#8221; border_size=&#8221;&#8221; border_color=&#8221;&#8221; border_style=&#8221;solid&#8221; padding_top=&#8221;&#8221; padding_bottom=&#8221;&#8221; padding_left=&#8221;&#8221; padding_right=&#8221;&#8221;][fusion_builder_row][fusion_builder_column type=&#8221;1_1&#8243; layout=&#8221;1_1&#8243; background_position=&#8221;left top&#8221; background_color=&#8221;&#8221; border_size=&#8221;&#8221; border_color=&#8221;&#8221; border_style=&#8221;solid&#8221; border_position=&#8221;all&#8221; spacing=&#8221;yes&#8221; background_image=&#8221;&#8221; background_repeat=&#8221;no-repeat&#8221; padding_top=&#8221;&#8221; padding_right=&#8221;&#8221; padding_bottom=&#8221;&#8221; padding_left=&#8221;&#8221; margin_top=&#8221;0px&#8221; margin_bottom=&#8221;0px&#8221; class=&#8221;&#8221; id=&#8221;&#8221; animation_type=&#8221;&#8221; animation_speed=&#8221;0.3&#8243; animation_direction=&#8221;left&#8221; hide_on_mobile=&#8221;small-visibility,medium-visibility,large-visibility&#8221; center_content=&#8221;no&#8221; last=&#8221;no&#8221; min_height=&#8221;&#8221; hover_type=&#8221;none&#8221; link=&#8221;&#8221;][fusion_text] REDACCI\u00d3N Desde este martes 21 hasta el 23 de marzo se realizar\u00e1n mesas de trabajo en las que se analizar\u00e1 el papel de la Ciudad de M\u00e9xico dentro de la cinematograf\u00eda nacional desde diversos \u00e1ngulos, como los espacios p\u00fablicos, su [&hellip;]<\/p>\n","protected":false},"author":1,"featured_media":50201,"comment_status":"open","ping_status":"open","sticky":false,"template":"","format":"standard","meta":{"footnotes":""},"categories":[3,9],"tags":[],"_links":{"self":[{"href":"https:\/\/www.bitacoracdmx.com\/index.php?rest_route=\/wp\/v2\/posts\/50198"}],"collection":[{"href":"https:\/\/www.bitacoracdmx.com\/index.php?rest_route=\/wp\/v2\/posts"}],"about":[{"href":"https:\/\/www.bitacoracdmx.com\/index.php?rest_route=\/wp\/v2\/types\/post"}],"author":[{"embeddable":true,"href":"https:\/\/www.bitacoracdmx.com\/index.php?rest_route=\/wp\/v2\/users\/1"}],"replies":[{"embeddable":true,"href":"https:\/\/www.bitacoracdmx.com\/index.php?rest_route=%2Fwp%2Fv2%2Fcomments&post=50198"}],"version-history":[{"count":1,"href":"https:\/\/www.bitacoracdmx.com\/index.php?rest_route=\/wp\/v2\/posts\/50198\/revisions"}],"predecessor-version":[{"id":50202,"href":"https:\/\/www.bitacoracdmx.com\/index.php?rest_route=\/wp\/v2\/posts\/50198\/revisions\/50202"}],"wp:featuredmedia":[{"embeddable":true,"href":"https:\/\/www.bitacoracdmx.com\/index.php?rest_route=\/wp\/v2\/media\/50201"}],"wp:attachment":[{"href":"https:\/\/www.bitacoracdmx.com\/index.php?rest_route=%2Fwp%2Fv2%2Fmedia&parent=50198"}],"wp:term":[{"taxonomy":"category","embeddable":true,"href":"https:\/\/www.bitacoracdmx.com\/index.php?rest_route=%2Fwp%2Fv2%2Fcategories&post=50198"},{"taxonomy":"post_tag","embeddable":true,"href":"https:\/\/www.bitacoracdmx.com\/index.php?rest_route=%2Fwp%2Fv2%2Ftags&post=50198"}],"curies":[{"name":"wp","href":"https:\/\/api.w.org\/{rel}","templated":true}]}}