{"id":50471,"date":"2023-04-05T04:31:12","date_gmt":"2023-04-05T04:31:12","guid":{"rendered":"https:\/\/www.bitacoracdmx.com\/?p=50471"},"modified":"2023-04-05T04:31:12","modified_gmt":"2023-04-05T04:31:12","slug":"presenta-gobierno-capitalino-actividades-culturales-y-recreativas-de-semana-santa-para-toda-la-familia","status":"publish","type":"post","link":"https:\/\/www.bitacoracdmx.com\/?p=50471","title":{"rendered":"Presenta GOBIERNO CAPITALINO actividades CULTURALES y RECREATIVAS DE  SEMANA SANTA para toda la FAMILIA"},"content":{"rendered":"<p>[fusion_builder_container hundred_percent=&#8221;no&#8221; equal_height_columns=&#8221;no&#8221; menu_anchor=&#8221;&#8221; hide_on_mobile=&#8221;small-visibility,medium-visibility,large-visibility&#8221; class=&#8221;&#8221; id=&#8221;&#8221; background_color=&#8221;&#8221; background_image=&#8221;&#8221; background_position=&#8221;center center&#8221; background_repeat=&#8221;no-repeat&#8221; fade=&#8221;no&#8221; background_parallax=&#8221;none&#8221; parallax_speed=&#8221;0.3&#8243; video_mp4=&#8221;&#8221; video_webm=&#8221;&#8221; video_ogv=&#8221;&#8221; video_url=&#8221;&#8221; video_aspect_ratio=&#8221;16:9&#8243; video_loop=&#8221;yes&#8221; video_mute=&#8221;yes&#8221; overlay_color=&#8221;&#8221; video_preview_image=&#8221;&#8221; border_size=&#8221;&#8221; border_color=&#8221;&#8221; border_style=&#8221;solid&#8221; padding_top=&#8221;&#8221; padding_bottom=&#8221;&#8221; padding_left=&#8221;&#8221; padding_right=&#8221;&#8221;][fusion_builder_row][fusion_builder_column type=&#8221;1_1&#8243; layout=&#8221;1_1&#8243; background_position=&#8221;left top&#8221; background_color=&#8221;&#8221; border_size=&#8221;&#8221; border_color=&#8221;&#8221; border_style=&#8221;solid&#8221; border_position=&#8221;all&#8221; spacing=&#8221;yes&#8221; background_image=&#8221;&#8221; background_repeat=&#8221;no-repeat&#8221; padding_top=&#8221;&#8221; padding_right=&#8221;&#8221; padding_bottom=&#8221;&#8221; padding_left=&#8221;&#8221; margin_top=&#8221;0px&#8221; margin_bottom=&#8221;0px&#8221; class=&#8221;&#8221; id=&#8221;&#8221; animation_type=&#8221;&#8221; animation_speed=&#8221;0.3&#8243; animation_direction=&#8221;left&#8221; hide_on_mobile=&#8221;small-visibility,medium-visibility,large-visibility&#8221; center_content=&#8221;no&#8221; last=&#8221;no&#8221; min_height=&#8221;&#8221; hover_type=&#8221;none&#8221; link=&#8221;&#8221;][fusion_text]<\/p>\n<p>REDACCI\u00d3N<\/p>\n<ul>\n<li>La Jefa de Gobierno invit\u00f3 a las y los capitalinos a ser parte de la oferta cultural preparada en la Ciudad de M\u00e9xico para Semana Santa; destaca la Edici\u00f3n 15 del \u201cGran Remate de Libros y Pel\u00edculas\u201d en el Monumento a la Revoluci\u00f3n con costos desde los 10 y hasta los 150 pesos<\/li>\n<li>La Secretar\u00edas del Medio Ambiente y Cultura de la Ciudad de M\u00e9xico, presentaron \u201cAnimal\u00edstica. Festival del Bosque 2023\u201d, con m\u00e1s de 120 actividades gratuitas, entre m\u00fasica cl\u00e1sica, obras de teatro, cabaret, \u00f3pera, rap, danza contempor\u00e1nea, picnics nocturnos, presentaciones editoriales, conciertos did\u00e1cticos, charlas\u00a0 y talleres<\/li>\n<\/ul>\n<p>La\u00a0<strong>Jefa de Gobierno, Claudia Sheinbaum Pardo<\/strong>, encabez\u00f3 la presentaci\u00f3n de la oferta cultural\u00a0 y recreativa que el Gobierno capitalino, a trav\u00e9s de la\u00a0<strong>Secretar\u00edas de Cultura y del Medio Ambiente<\/strong>, ha preparado para el periodo vacacional de Semana Santa, que incluye la Edici\u00f3n 15 del\u00a0<strong>\u201cGran Remate de Libros y Pel\u00edculas\u201d<\/strong>\u00a0que se llevar\u00e1 a cabo en la explanada del Monumento a la Revoluci\u00f3n y\u00a0<strong>\u201cAnimal\u00edstica Festival del Bosque 2023\u201d<\/strong>, en el Bosque de Chapultepec.<br aria-hidden=\"true\" \/><br aria-hidden=\"true\" \/>\u201cEntre muchas otras actividades que va a haber en la ciudad, el \u2018Remate de Libros y Pel\u00edculas\u2019, del cinco al nueve, de las 11 de la ma\u00f1ana a las ocho de la noche, en el Monumento a la Revoluci\u00f3n. Y Chapultepec, \u2018Animal\u00edstica\u2019, del 6 al 9, desde las 10:30 de la ma\u00f1ana a las 22:30 con todo y el picnic. (&#8230;) Los invitamos a que sean parte de esta oferta cultural\u201d, comparti\u00f3.<br aria-hidden=\"true\" \/><br aria-hidden=\"true\" \/>En conferencia de prensa, la secretaria de Cultura de la Ciudad de M\u00e9xico, Claudia Curiel de Icaza, inform\u00f3 que esta nueva edici\u00f3n del \u201cGran Remate de Libros y Pel\u00edculas\u201d lleva el lema de \u201cSalva un libro, no dejes que lo destruyan\u201d y agrupar\u00e1 a m\u00e1s de 170 expositores, quienes ofertar\u00e1n libros y pel\u00edculas a precios accesibles.<br aria-hidden=\"true\" \/><br aria-hidden=\"true\" \/>\u201cSe sumaron 30 espacios m\u00e1s, as\u00ed que van a haber alrededor de 350 sellos. Este a\u00f1o los precios van de 10 a 150 pesos, no van a subir m\u00e1s all\u00e1 de eso; y algo que tambi\u00e9n diferencia, que lo iniciamos el a\u00f1o pasado y que fue un \u00e9xito, fue la venta de pel\u00edculas de arte y tambi\u00e9n de discos y vinilos, eso funcion\u00f3 muy bien y compagin\u00f3 perfectamente con toda la otra oferta\u201d, detall\u00f3.<br aria-hidden=\"true\" \/><br aria-hidden=\"true\" \/>Agreg\u00f3 que en la edici\u00f3n 2022, se vendieron 300 mil libros, lo que equivale a llenar tres veces el Z\u00f3calo capitalino con personas con libro en mano, adem\u00e1s gener\u00f3 una derrama econ\u00f3mica de 30 millones de pesos.<br aria-hidden=\"true\" \/><br aria-hidden=\"true\" \/>Por su parte, la directora de la Brigada para Leer En Libertad AC., Paloma Saiz Tejero, indic\u00f3 que el \u201cGran Remate de Libros y Pel\u00edculas\u201d, fortalece el acceso de la ciudadan\u00eda a la literatura y evita que las editoriales tengan que embodegar los libros o en su caso, triturarlos.<br aria-hidden=\"true\" \/><br aria-hidden=\"true\" \/>\u201cPensamos que, si no damos el acceso a toda la poblaci\u00f3n a los libros nunca, jam\u00e1s volveremos a esta ciudad y a este pa\u00eds de lectores. Entonces hemos buscado todas las formas habidas y por haber para poder que todo el mundo tenga acceso a los libros. (&#8230;) Salvar de la trituradora libros, porque desafortunadamente no hay una ley que diga que se pueden donar libros sin pagar impuestos por ellos\u201d, se\u00f1al\u00f3.<br aria-hidden=\"true\" \/><br aria-hidden=\"true\" \/>La secretaria del Medio Ambiente, Marina Robles Garc\u00eda, anunci\u00f3 que la capital regresa a la programaci\u00f3n cultural y naturalista con \u201cAnimal\u00edstica. Festival del Bosque 2023\u201d, como parte de los 100 a\u00f1os del Zool\u00f3gico de Chapultepec &#8220;Alfonso L. Herrera&#8221;, que del 6 al 9 de abril, contar\u00e1\u00a0 con m\u00e1s de 120 actividades, entre m\u00fasica cl\u00e1sica, obras de teatro, cabaret, \u00f3pera, rap, danza, picnics nocturnos, presentaciones editoriales, conciertos did\u00e1cticos, charlas y talleres, a realizarse en seis sedes ubicadas en la Primera y Segunda Secci\u00f3n del Bosque de Chapultepec.<br aria-hidden=\"true\" \/><br aria-hidden=\"true\" \/>\u201cVamos a tener siete meganimales para que los ni\u00f1os, las ni\u00f1as puedan acercarse, conocer con detalle, est\u00e1n hechos con una gran precisi\u00f3n de los organismos reales estos meganimales. Y, adem\u00e1s, vamos a tener una serie de instalaciones interactivas que van a permitir tambi\u00e9n que, particularmente ni\u00f1as y ni\u00f1os, puedan dimensionarse con los distintos organismos que hay en la naturaleza y que algunos de ellos est\u00e1n representados y viven en el Zool\u00f3gico de Chapultepec\u201d, resalt\u00f3.<br aria-hidden=\"true\" \/><br aria-hidden=\"true\" \/>\u201cAnimal\u00edstica. Festival del Bosque 2023\u201d espera la llegada de tres millones de visitantes.<br aria-hidden=\"true\" \/><br aria-hidden=\"true\" \/>Detall\u00f3 que otro de los grandes atractivos es el \u201cPicnic Nocturno\u201d, que se realizar\u00e1 del martes 4 al s\u00e1bado 8 de abril en el Jard\u00edn Bot\u00e1nico del Bosque de Chapultepec, de 20:00 a 22:30 horas.<br aria-hidden=\"true\" \/><br aria-hidden=\"true\" \/>Adem\u00e1s de contar con tres exposiciones: \u201cTotocalli, la casa de los animales\u201d; \u201cTotocalli, im\u00e1genes para la conservaci\u00f3n\u201d y \u201c100 a\u00f1os haciendo historia\u201d; as\u00ed como tres obras teatrales: \u201cPandines\u201d, un performance de pandas en patines; \u201cEl lugar que habito\u201d, coreograf\u00eda de Diego V\u00e1zquez y \u201cZo\u00f3pera\u201d, pieza de \u00f3pera port\u00e1til para soprano y electr\u00f3nica.<br aria-hidden=\"true\" \/><br aria-hidden=\"true\" \/>Para conocer m\u00e1s sobre el \u201cGran Remate de Libros y Pel\u00edculas\u201d y \u201cAnimal\u00edstica Festival del Bosque 2023\u201d se puede consultar la p\u00e1gina cartelera.cdmx.gob.mx, y las redes sociales de las Secretar\u00edas de Cultura y Medio Ambiente: Facebook, Twitter, Instagram y YouTube.<br aria-hidden=\"true\" \/><br aria-hidden=\"true\" \/>Para conocer m\u00e1s sobre la\u00a0<strong>15\u00aa Edici\u00f3n del Gran Remate de Libros y Pel\u00edculas<\/strong>\u00a0y\u00a0<strong>&#8220;Animal\u00edstica&#8221;<\/strong>\u00a0<strong>Festival del Bosque de Chapultepe<\/strong>c se puede consultar la\u00a0<strong>Cartelera de la Ciudad de M\u00e9xico<\/strong>\u00a0(<a href=\"https:\/\/gob.us21.list-manage.com\/track\/click?u=24ab1d8cf82850533a5af327c&amp;id=e1ac8a31c5&amp;e=4fe2704bc3\" target=\"_blank\" rel=\"noopener noreferrer\" data-auth=\"NotApplicable\" data-linkindex=\"0\">https:\/\/cartelera.cdmx.gob.mx\/<\/a>), y las redes sociales de la Secretar\u00eda de Cultura: Facebook, Twitter, Instagram y YouTube.<\/p>\n<div dir=\"auto\"><a class=\"x1i10hfl xjbqb8w x6umtig x1b1mbwd xaqea5y xav7gou x9f619 x1ypdohk xt0psk2 xe8uvvx xdj266r x11i5rnm xat24cr x1mh8g0r xexx8yu x4uap5 x18d9i69 xkhd6sd x16tdsg8 x1hl2dhg xggy1nq x1a2a7pz xt0b8zv x1qq9wsj xo1l8bm\" tabindex=\"0\" role=\"link\" href=\"https:\/\/www.facebook.com\/hashtag\/secretariadeculturacdmx?__eep__=6&amp;__cft__[0]=AZXeeNRTxrMczJfABfKxayameE2fkH4a9RCwIM54QNUD3JMLzrRSqMdU5iHAkXZhmqLnh42XZ9uy6UzaT7x8gPp8NY-XufAGR8jT1Umn5Xp5FJPaJek50hnIbTnqkUV01hI&amp;__tn__=*NK-R\">#secretariadeculturacdmx<\/a><\/div>\n<div dir=\"auto\"><a class=\"x1i10hfl xjbqb8w x6umtig x1b1mbwd xaqea5y xav7gou x9f619 x1ypdohk xt0psk2 xe8uvvx xdj266r x11i5rnm xat24cr x1mh8g0r xexx8yu x4uap5 x18d9i69 xkhd6sd x16tdsg8 x1hl2dhg xggy1nq x1a2a7pz xt0b8zv x1qq9wsj xo1l8bm\" tabindex=\"0\" role=\"link\" href=\"https:\/\/www.facebook.com\/hashtag\/bitacoracdmx?__eep__=6&amp;__cft__[0]=AZXeeNRTxrMczJfABfKxayameE2fkH4a9RCwIM54QNUD3JMLzrRSqMdU5iHAkXZhmqLnh42XZ9uy6UzaT7x8gPp8NY-XufAGR8jT1Umn5Xp5FJPaJek50hnIbTnqkUV01hI&amp;__tn__=*NK-R\">#bitacoracdmx<\/a><\/div>\n<p>[\/fusion_text][fusion_imageframe image_id=&#8221;50472|medium&#8221; max_width=&#8221;&#8221; style_type=&#8221;&#8221; blur=&#8221;&#8221; stylecolor=&#8221;&#8221; hover_type=&#8221;none&#8221; bordersize=&#8221;&#8221; bordercolor=&#8221;&#8221; borderradius=&#8221;&#8221; align=&#8221;none&#8221; lightbox=&#8221;no&#8221; gallery_id=&#8221;&#8221; lightbox_image=&#8221;&#8221; lightbox_image_id=&#8221;&#8221; alt=&#8221;&#8221; link=&#8221;&#8221; linktarget=&#8221;_self&#8221; hide_on_mobile=&#8221;small-visibility,medium-visibility,large-visibility&#8221; class=&#8221;&#8221; id=&#8221;&#8221; animation_type=&#8221;&#8221; animation_direction=&#8221;left&#8221; animation_speed=&#8221;0.3&#8243; animation_offset=&#8221;&#8221;]https:\/\/www.bitacoracdmx.com\/wp-content\/uploads\/2023\/04\/1fe69fa2-21c8-8f2f-7072-9a2de3462365-300&#215;200.jpeg[\/fusion_imageframe][\/fusion_builder_column][\/fusion_builder_row][\/fusion_builder_container]<\/p>\n","protected":false},"excerpt":{"rendered":"<p>[fusion_builder_container hundred_percent=&#8221;no&#8221; equal_height_columns=&#8221;no&#8221; menu_anchor=&#8221;&#8221; hide_on_mobile=&#8221;small-visibility,medium-visibility,large-visibility&#8221; class=&#8221;&#8221; id=&#8221;&#8221; background_color=&#8221;&#8221; background_image=&#8221;&#8221; background_position=&#8221;center center&#8221; background_repeat=&#8221;no-repeat&#8221; fade=&#8221;no&#8221; background_parallax=&#8221;none&#8221; parallax_speed=&#8221;0.3&#8243; video_mp4=&#8221;&#8221; video_webm=&#8221;&#8221; video_ogv=&#8221;&#8221; video_url=&#8221;&#8221; video_aspect_ratio=&#8221;16:9&#8243; video_loop=&#8221;yes&#8221; video_mute=&#8221;yes&#8221; overlay_color=&#8221;&#8221; video_preview_image=&#8221;&#8221; border_size=&#8221;&#8221; border_color=&#8221;&#8221; border_style=&#8221;solid&#8221; padding_top=&#8221;&#8221; padding_bottom=&#8221;&#8221; padding_left=&#8221;&#8221; padding_right=&#8221;&#8221;][fusion_builder_row][fusion_builder_column type=&#8221;1_1&#8243; layout=&#8221;1_1&#8243; background_position=&#8221;left top&#8221; background_color=&#8221;&#8221; border_size=&#8221;&#8221; border_color=&#8221;&#8221; border_style=&#8221;solid&#8221; border_position=&#8221;all&#8221; spacing=&#8221;yes&#8221; background_image=&#8221;&#8221; background_repeat=&#8221;no-repeat&#8221; padding_top=&#8221;&#8221; padding_right=&#8221;&#8221; padding_bottom=&#8221;&#8221; padding_left=&#8221;&#8221; margin_top=&#8221;0px&#8221; margin_bottom=&#8221;0px&#8221; class=&#8221;&#8221; id=&#8221;&#8221; animation_type=&#8221;&#8221; animation_speed=&#8221;0.3&#8243; animation_direction=&#8221;left&#8221; hide_on_mobile=&#8221;small-visibility,medium-visibility,large-visibility&#8221; center_content=&#8221;no&#8221; last=&#8221;no&#8221; min_height=&#8221;&#8221; hover_type=&#8221;none&#8221; link=&#8221;&#8221;][fusion_text] REDACCI\u00d3N La Jefa de Gobierno invit\u00f3 a las y los capitalinos a ser parte de la oferta cultural preparada en la Ciudad de M\u00e9xico para Semana Santa; destaca la Edici\u00f3n 15 del \u201cGran Remate de Libros y Pel\u00edculas\u201d en el [&hellip;]<\/p>\n","protected":false},"author":1,"featured_media":50472,"comment_status":"open","ping_status":"open","sticky":false,"template":"","format":"standard","meta":{"footnotes":""},"categories":[5,4,9],"tags":[],"_links":{"self":[{"href":"https:\/\/www.bitacoracdmx.com\/index.php?rest_route=\/wp\/v2\/posts\/50471"}],"collection":[{"href":"https:\/\/www.bitacoracdmx.com\/index.php?rest_route=\/wp\/v2\/posts"}],"about":[{"href":"https:\/\/www.bitacoracdmx.com\/index.php?rest_route=\/wp\/v2\/types\/post"}],"author":[{"embeddable":true,"href":"https:\/\/www.bitacoracdmx.com\/index.php?rest_route=\/wp\/v2\/users\/1"}],"replies":[{"embeddable":true,"href":"https:\/\/www.bitacoracdmx.com\/index.php?rest_route=%2Fwp%2Fv2%2Fcomments&post=50471"}],"version-history":[{"count":1,"href":"https:\/\/www.bitacoracdmx.com\/index.php?rest_route=\/wp\/v2\/posts\/50471\/revisions"}],"predecessor-version":[{"id":50473,"href":"https:\/\/www.bitacoracdmx.com\/index.php?rest_route=\/wp\/v2\/posts\/50471\/revisions\/50473"}],"wp:featuredmedia":[{"embeddable":true,"href":"https:\/\/www.bitacoracdmx.com\/index.php?rest_route=\/wp\/v2\/media\/50472"}],"wp:attachment":[{"href":"https:\/\/www.bitacoracdmx.com\/index.php?rest_route=%2Fwp%2Fv2%2Fmedia&parent=50471"}],"wp:term":[{"taxonomy":"category","embeddable":true,"href":"https:\/\/www.bitacoracdmx.com\/index.php?rest_route=%2Fwp%2Fv2%2Fcategories&post=50471"},{"taxonomy":"post_tag","embeddable":true,"href":"https:\/\/www.bitacoracdmx.com\/index.php?rest_route=%2Fwp%2Fv2%2Ftags&post=50471"}],"curies":[{"name":"wp","href":"https:\/\/api.w.org\/{rel}","templated":true}]}}