{"id":50477,"date":"2023-04-05T05:01:50","date_gmt":"2023-04-05T05:01:50","guid":{"rendered":"https:\/\/www.bitacoracdmx.com\/?p=50477"},"modified":"2023-04-05T05:01:50","modified_gmt":"2023-04-05T05:01:50","slug":"dos-obras-cumbre-de-la-danza-para-la-celebracion-del-dia-internacional-de-la-danza-carmen-y-el-pajaro-de-fuego","status":"publish","type":"post","link":"https:\/\/www.bitacoracdmx.com\/?p=50477","title":{"rendered":"Dos obras cumbre de la danza para la celebraci\u00f3n del D\u00eda Internacional de la Danza Carmen y El P\u00e1jaro de Fuego"},"content":{"rendered":"<p>[fusion_builder_container hundred_percent=&#8221;no&#8221; equal_height_columns=&#8221;no&#8221; menu_anchor=&#8221;&#8221; hide_on_mobile=&#8221;small-visibility,medium-visibility,large-visibility&#8221; class=&#8221;&#8221; id=&#8221;&#8221; background_color=&#8221;&#8221; background_image=&#8221;&#8221; background_position=&#8221;center center&#8221; background_repeat=&#8221;no-repeat&#8221; fade=&#8221;no&#8221; background_parallax=&#8221;none&#8221; parallax_speed=&#8221;0.3&#8243; video_mp4=&#8221;&#8221; video_webm=&#8221;&#8221; video_ogv=&#8221;&#8221; video_url=&#8221;&#8221; video_aspect_ratio=&#8221;16:9&#8243; video_loop=&#8221;yes&#8221; video_mute=&#8221;yes&#8221; overlay_color=&#8221;&#8221; video_preview_image=&#8221;&#8221; border_size=&#8221;&#8221; border_color=&#8221;&#8221; border_style=&#8221;solid&#8221; padding_top=&#8221;&#8221; padding_bottom=&#8221;&#8221; padding_left=&#8221;&#8221; padding_right=&#8221;&#8221;][fusion_builder_row][fusion_builder_column type=&#8221;1_1&#8243; layout=&#8221;1_1&#8243; background_position=&#8221;left top&#8221; background_color=&#8221;&#8221; border_size=&#8221;&#8221; border_color=&#8221;&#8221; border_style=&#8221;solid&#8221; border_position=&#8221;all&#8221; spacing=&#8221;yes&#8221; background_image=&#8221;&#8221; background_repeat=&#8221;no-repeat&#8221; padding_top=&#8221;&#8221; padding_right=&#8221;&#8221; padding_bottom=&#8221;&#8221; padding_left=&#8221;&#8221; margin_top=&#8221;0px&#8221; margin_bottom=&#8221;0px&#8221; class=&#8221;&#8221; id=&#8221;&#8221; animation_type=&#8221;&#8221; animation_speed=&#8221;0.3&#8243; animation_direction=&#8221;left&#8221; hide_on_mobile=&#8221;small-visibility,medium-visibility,large-visibility&#8221; center_content=&#8221;no&#8221; last=&#8221;no&#8221; min_height=&#8221;&#8221; hover_type=&#8221;none&#8221; link=&#8221;&#8221;][fusion_text]<\/p>\n<p>REDACCI\u00d3N<\/p>\n<p>&#8211;\u00a0<strong>La Filarm\u00f3nica de las Artes y la Compa\u00f1\u00eda de Danza de las Artes presentan las imponentes obras: Carmen y El P\u00e1jaro de Fuego.<\/strong><\/p>\n<p>&#8211;\u00a0<strong>Se conmemorar\u00e1 el D\u00eda Internacional de la Danza<\/strong><\/p>\n<p>&#8211;\u00a0<strong>Cuatro funciones se llevar\u00e1 a cabo en el Centro Universitario Cultural los d\u00edas 29 y 30 de abril y 6 y 7 de mayo.<\/strong><\/p>\n<p>La Filarm\u00f3nica de las Artes en conjunto con La Compa\u00f1\u00eda de Danza de las Artes celebran el D\u00eda internacional de la danza con cuatro \u00fanicas fechas de dos obras cumbre del repertorio danc\u00edstico:\u00a0<strong><em>Carmen,<\/em><\/strong>\u00a0basada en la \u00f3pera de G. Bizet en una transcripci\u00f3n de R. Shchedrin para ensamble de percusiones y cuerdas; y la suite de I. Stravinzky,<strong><em>\u00a0El P\u00e1jaro de Fuego<\/em><\/strong>, que es un conte dans\u00e9 (<a href=\"https:\/\/click.convertkit-mail2.com\/38u2l63dx7skhoqv72zir\/8ghqhohlevd7qmuk\/aHR0cHM6Ly9lcy53aWtpcGVkaWEub3JnL3dpa2kvQ3VlbnRvX2RlX2hhZGFz\" target=\"_blank\" rel=\"noopener noreferrer\" data-auth=\"NotApplicable\" data-linkindex=\"1\">cuento<\/a>\u00a0bailado) inspirado en los cuentos populares rusos. Se trata de dos obras importantes para el repertorio danc\u00edstico y orquestal, que se presentaran dentro del mismo espect\u00e1culo, una despu\u00e9s de la otra, celebrando el\u00a0<em>Dia internacional de la danza<\/em>.<\/p>\n<p>Interpretar esta m\u00fasica, siempre requiere de mucha energ\u00eda y paciencia para descifrar el lenguaje que utilizaron los compositores, adem\u00e1s, est\u00e1 el reto de acompa\u00f1ar, que lo hace a\u00fan m\u00e1s interesante y divertido. Hay que estar en com\u00fan acuerdo con los Core\u00f3grafos para no ahogar a los bailarines, pero tambi\u00e9n saber no ahogar a los M\u00fasicos, es un trabajo muy bello que requiere de trabajo en equipo.<\/p>\n<p>Hacer m\u00fasica de acompa\u00f1amiento, como siempre lo digo, tiene su chiste, es sentir a otro ser humano lo que requiere, y entenderlo casi de manera telep\u00e1tica por medio de sus movimientos o su respiraci\u00f3n. El director de foso no solo tiene la responsabilidad de que la m\u00fasica suene bien, sino tambi\u00e9n de hacer amable la interpretaci\u00f3n para la escena, comenta el Maestro Enrique Abraham V\u00e9lez Godoy, director de la Filarm\u00f3nica.<\/p>\n<p>Respecto a lo que suceder\u00e1 en el escenario, Morelia Villarino, directora de la Compa\u00f1\u00eda de Danza de las Artes comenta: que habr\u00e1 una adaptaci\u00f3n en el libreto de El p\u00e1jaro de fuego haciendo de ello un tr\u00e1gico final y para Carmen es una libre adaptaci\u00f3n donde expone de las pasiones humanas y el p\u00fablico se identifica, adem\u00e1s de basar la obra en un M\u00e9xico de 1920 en un bar de ficheras.<\/p>\n<p>La compa\u00f1\u00eda de Danza est\u00e1 integrada por 35 bailarines de Danza cl\u00e1sica y Contempor\u00e1nea.<\/p>\n<p>En la primera suite de &#8221; P\u00e1jaro de Fuego&#8221; son 8 bailarines en escena: Christopher Toussaint Elliot Islas, Fernanda Salas, Frida de la Pe\u00f1a, Karla Hern\u00e1ndez, Katherine Licea, Emmanuel Badillo y Oscar Granados<\/p>\n<p>La obra \u201cCarmen\u201d est\u00e1 compuesta por dos suites con una duraci\u00f3n total de 63 minutos sin intermedio; el equipo creativo est\u00e1 integrado por: la Direcci\u00f3n esc\u00e9nica de Omar Olvera, la Direcci\u00f3n art\u00edstica de Morelia Villarino, la Coreograf\u00eda de Noem\u00ed Corcuera, la Coordinaci\u00f3n de la compa\u00f1\u00eda y asistente coreogr\u00e1fica Violeta Vallejo, coreograf\u00edas adicionales de Miguel Hern\u00e1ndez, Movimiento adicional de Morelia Villarino y el Vestuario de Consuelo Solis y Eduardo ComusLos. En cuanto al grupo de danza se contar\u00e1 con la presencia de Noem\u00ed Corcuera, Christopher Toussaint, Oscar Granados, Z\u00fa\u00f1iga, Emmanuel Badillo, Eduardo Contreras, Jimena Ortiz, Violeta Vallejo, Katherine Licea, Frida de la Pe\u00f1a, Karla Hern\u00e1ndez y Fernanda Sala.<\/p>\n<p>Carmen y El P\u00e1jaro de Fuego se presentar\u00e1n en un mismo espect\u00e1culo, el 29 y 30 de abril, adem\u00e1s del 6 y 7 de mayo, los d\u00edas viernes a las 18 h y s\u00e1bados a las 17 h. Las funciones se llevar\u00e1n a cabo en el Centro Universitario Cultural ubicado en la calle Odontolog\u00eda n\u00fam. 35, colonia Copilco en la Ciudad de M\u00e9xico. Los boletos se encuentran disponibles en la p\u00e1gina web y tendr\u00e1n un costo de $400\u00a0<a href=\"https:\/\/click.convertkit-mail2.com\/38u2l63dx7skhoqv72zir\/vqh3hrhp270qewug\/aHR0cHM6Ly9maWxhcm1vbmljYWRlbGFzYXJ0ZXMuY29tL0JvbGV0b3M=\" target=\"_blank\" rel=\"noopener noreferrer\" data-auth=\"NotApplicable\" data-linkindex=\"2\">https:\/\/filarmonicadelasartes.com\/Boletos<\/a>.<\/p>\n<div dir=\"auto\">\u200b<a class=\"x1i10hfl xjbqb8w x6umtig x1b1mbwd xaqea5y xav7gou x9f619 x1ypdohk xt0psk2 xe8uvvx xdj266r x11i5rnm xat24cr x1mh8g0r xexx8yu x4uap5 x18d9i69 xkhd6sd x16tdsg8 x1hl2dhg xggy1nq x1a2a7pz xt0b8zv x1qq9wsj xo1l8bm\" tabindex=\"0\" role=\"link\" href=\"https:\/\/www.facebook.com\/hashtag\/diainternacionaldeladanza?__eep__=6&amp;__cft__[0]=AZXsFVhM6zbPmjfPYmQoqHDnB9oOnlCm3biq99-91j7u5wdy3YkU2a6GZnPzNYVJtO9sUSPnRXxF4L7zhLf0Qezj-fN53cvGirJfADvQYNrShuKQnN_VWI5A3leScy8sfOM&amp;__tn__=*NK-R\">#DiaInternacionalDeLaDanza<\/a><\/div>\n<div dir=\"auto\"><a class=\"x1i10hfl xjbqb8w x6umtig x1b1mbwd xaqea5y xav7gou x9f619 x1ypdohk xt0psk2 xe8uvvx xdj266r x11i5rnm xat24cr x1mh8g0r xexx8yu x4uap5 x18d9i69 xkhd6sd x16tdsg8 x1hl2dhg xggy1nq x1a2a7pz xt0b8zv x1qq9wsj xo1l8bm\" tabindex=\"0\" role=\"link\" href=\"https:\/\/www.facebook.com\/hashtag\/filarmonicadelasartes?__eep__=6&amp;__cft__[0]=AZXsFVhM6zbPmjfPYmQoqHDnB9oOnlCm3biq99-91j7u5wdy3YkU2a6GZnPzNYVJtO9sUSPnRXxF4L7zhLf0Qezj-fN53cvGirJfADvQYNrShuKQnN_VWI5A3leScy8sfOM&amp;__tn__=*NK-R\">#filarmonicadelasartes<\/a><\/div>\n<div dir=\"auto\"><a class=\"x1i10hfl xjbqb8w x6umtig x1b1mbwd xaqea5y xav7gou x9f619 x1ypdohk xt0psk2 xe8uvvx xdj266r x11i5rnm xat24cr x1mh8g0r xexx8yu x4uap5 x18d9i69 xkhd6sd x16tdsg8 x1hl2dhg xggy1nq x1a2a7pz xt0b8zv x1qq9wsj xo1l8bm\" tabindex=\"0\" role=\"link\" href=\"https:\/\/www.facebook.com\/hashtag\/bit%C3%A1coracdmx?__eep__=6&amp;__cft__[0]=AZXsFVhM6zbPmjfPYmQoqHDnB9oOnlCm3biq99-91j7u5wdy3YkU2a6GZnPzNYVJtO9sUSPnRXxF4L7zhLf0Qezj-fN53cvGirJfADvQYNrShuKQnN_VWI5A3leScy8sfOM&amp;__tn__=*NK-R\">#bit\u00e1coracdmx<\/a><\/div>\n<p>\u200b<\/p>\n<p>[\/fusion_text][fusion_imageframe image_id=&#8221;50478|medium&#8221; max_width=&#8221;&#8221; style_type=&#8221;&#8221; blur=&#8221;&#8221; stylecolor=&#8221;&#8221; hover_type=&#8221;none&#8221; bordersize=&#8221;&#8221; bordercolor=&#8221;&#8221; borderradius=&#8221;&#8221; align=&#8221;none&#8221; lightbox=&#8221;no&#8221; gallery_id=&#8221;&#8221; lightbox_image=&#8221;&#8221; lightbox_image_id=&#8221;&#8221; alt=&#8221;&#8221; link=&#8221;&#8221; linktarget=&#8221;_self&#8221; hide_on_mobile=&#8221;small-visibility,medium-visibility,large-visibility&#8221; class=&#8221;&#8221; id=&#8221;&#8221; animation_type=&#8221;&#8221; animation_direction=&#8221;left&#8221; animation_speed=&#8221;0.3&#8243; animation_offset=&#8221;&#8221;]https:\/\/www.bitacoracdmx.com\/wp-content\/uploads\/2023\/04\/email-28-300&#215;300.jpg[\/fusion_imageframe][\/fusion_builder_column][\/fusion_builder_row][\/fusion_builder_container]<\/p>\n","protected":false},"excerpt":{"rendered":"<p>[fusion_builder_container hundred_percent=&#8221;no&#8221; equal_height_columns=&#8221;no&#8221; menu_anchor=&#8221;&#8221; hide_on_mobile=&#8221;small-visibility,medium-visibility,large-visibility&#8221; class=&#8221;&#8221; id=&#8221;&#8221; background_color=&#8221;&#8221; background_image=&#8221;&#8221; background_position=&#8221;center center&#8221; background_repeat=&#8221;no-repeat&#8221; fade=&#8221;no&#8221; background_parallax=&#8221;none&#8221; parallax_speed=&#8221;0.3&#8243; video_mp4=&#8221;&#8221; video_webm=&#8221;&#8221; video_ogv=&#8221;&#8221; video_url=&#8221;&#8221; video_aspect_ratio=&#8221;16:9&#8243; video_loop=&#8221;yes&#8221; video_mute=&#8221;yes&#8221; overlay_color=&#8221;&#8221; video_preview_image=&#8221;&#8221; border_size=&#8221;&#8221; border_color=&#8221;&#8221; border_style=&#8221;solid&#8221; padding_top=&#8221;&#8221; padding_bottom=&#8221;&#8221; padding_left=&#8221;&#8221; padding_right=&#8221;&#8221;][fusion_builder_row][fusion_builder_column type=&#8221;1_1&#8243; layout=&#8221;1_1&#8243; background_position=&#8221;left top&#8221; background_color=&#8221;&#8221; border_size=&#8221;&#8221; border_color=&#8221;&#8221; border_style=&#8221;solid&#8221; border_position=&#8221;all&#8221; spacing=&#8221;yes&#8221; background_image=&#8221;&#8221; background_repeat=&#8221;no-repeat&#8221; padding_top=&#8221;&#8221; padding_right=&#8221;&#8221; padding_bottom=&#8221;&#8221; padding_left=&#8221;&#8221; margin_top=&#8221;0px&#8221; margin_bottom=&#8221;0px&#8221; class=&#8221;&#8221; id=&#8221;&#8221; animation_type=&#8221;&#8221; animation_speed=&#8221;0.3&#8243; animation_direction=&#8221;left&#8221; hide_on_mobile=&#8221;small-visibility,medium-visibility,large-visibility&#8221; center_content=&#8221;no&#8221; last=&#8221;no&#8221; min_height=&#8221;&#8221; hover_type=&#8221;none&#8221; link=&#8221;&#8221;][fusion_text] REDACCI\u00d3N &#8211;\u00a0La Filarm\u00f3nica de las Artes y la Compa\u00f1\u00eda de Danza de las Artes presentan las imponentes obras: Carmen y El P\u00e1jaro de Fuego. &#8211;\u00a0Se conmemorar\u00e1 el D\u00eda Internacional de la Danza &#8211;\u00a0Cuatro funciones se llevar\u00e1 a cabo en el [&hellip;]<\/p>\n","protected":false},"author":1,"featured_media":50478,"comment_status":"open","ping_status":"open","sticky":false,"template":"","format":"standard","meta":{"footnotes":""},"categories":[9,11],"tags":[],"_links":{"self":[{"href":"https:\/\/www.bitacoracdmx.com\/index.php?rest_route=\/wp\/v2\/posts\/50477"}],"collection":[{"href":"https:\/\/www.bitacoracdmx.com\/index.php?rest_route=\/wp\/v2\/posts"}],"about":[{"href":"https:\/\/www.bitacoracdmx.com\/index.php?rest_route=\/wp\/v2\/types\/post"}],"author":[{"embeddable":true,"href":"https:\/\/www.bitacoracdmx.com\/index.php?rest_route=\/wp\/v2\/users\/1"}],"replies":[{"embeddable":true,"href":"https:\/\/www.bitacoracdmx.com\/index.php?rest_route=%2Fwp%2Fv2%2Fcomments&post=50477"}],"version-history":[{"count":1,"href":"https:\/\/www.bitacoracdmx.com\/index.php?rest_route=\/wp\/v2\/posts\/50477\/revisions"}],"predecessor-version":[{"id":50479,"href":"https:\/\/www.bitacoracdmx.com\/index.php?rest_route=\/wp\/v2\/posts\/50477\/revisions\/50479"}],"wp:featuredmedia":[{"embeddable":true,"href":"https:\/\/www.bitacoracdmx.com\/index.php?rest_route=\/wp\/v2\/media\/50478"}],"wp:attachment":[{"href":"https:\/\/www.bitacoracdmx.com\/index.php?rest_route=%2Fwp%2Fv2%2Fmedia&parent=50477"}],"wp:term":[{"taxonomy":"category","embeddable":true,"href":"https:\/\/www.bitacoracdmx.com\/index.php?rest_route=%2Fwp%2Fv2%2Fcategories&post=50477"},{"taxonomy":"post_tag","embeddable":true,"href":"https:\/\/www.bitacoracdmx.com\/index.php?rest_route=%2Fwp%2Fv2%2Ftags&post=50477"}],"curies":[{"name":"wp","href":"https:\/\/api.w.org\/{rel}","templated":true}]}}