{"id":50483,"date":"2023-04-05T05:25:33","date_gmt":"2023-04-05T05:25:33","guid":{"rendered":"https:\/\/www.bitacoracdmx.com\/?p=50483"},"modified":"2023-04-05T05:25:33","modified_gmt":"2023-04-05T05:25:33","slug":"kamp-fest-el-festival-mundial-de-k-pop-por-excelencia-llega-por-primera-vez-a-mexico","status":"publish","type":"post","link":"https:\/\/www.bitacoracdmx.com\/?p=50483","title":{"rendered":"KAMP FEST, el festival mundial de K-POP por excelencia llega por primera vez a M\u00e9xico."},"content":{"rendered":"<p>[fusion_builder_container hundred_percent=&#8221;no&#8221; equal_height_columns=&#8221;no&#8221; menu_anchor=&#8221;&#8221; hide_on_mobile=&#8221;small-visibility,medium-visibility,large-visibility&#8221; class=&#8221;&#8221; id=&#8221;&#8221; background_color=&#8221;&#8221; background_image=&#8221;&#8221; background_position=&#8221;center center&#8221; background_repeat=&#8221;no-repeat&#8221; fade=&#8221;no&#8221; background_parallax=&#8221;none&#8221; parallax_speed=&#8221;0.3&#8243; video_mp4=&#8221;&#8221; video_webm=&#8221;&#8221; video_ogv=&#8221;&#8221; video_url=&#8221;&#8221; video_aspect_ratio=&#8221;16:9&#8243; video_loop=&#8221;yes&#8221; video_mute=&#8221;yes&#8221; overlay_color=&#8221;&#8221; video_preview_image=&#8221;&#8221; border_size=&#8221;&#8221; border_color=&#8221;&#8221; border_style=&#8221;solid&#8221; padding_top=&#8221;&#8221; padding_bottom=&#8221;&#8221; padding_left=&#8221;&#8221; padding_right=&#8221;&#8221;][fusion_builder_row][fusion_builder_column type=&#8221;1_1&#8243; layout=&#8221;1_1&#8243; background_position=&#8221;left top&#8221; background_color=&#8221;&#8221; border_size=&#8221;&#8221; border_color=&#8221;&#8221; border_style=&#8221;solid&#8221; border_position=&#8221;all&#8221; spacing=&#8221;yes&#8221; background_image=&#8221;&#8221; background_repeat=&#8221;no-repeat&#8221; padding_top=&#8221;&#8221; padding_right=&#8221;&#8221; padding_bottom=&#8221;&#8221; padding_left=&#8221;&#8221; margin_top=&#8221;0px&#8221; margin_bottom=&#8221;0px&#8221; class=&#8221;&#8221; id=&#8221;&#8221; animation_type=&#8221;&#8221; animation_speed=&#8221;0.3&#8243; animation_direction=&#8221;left&#8221; hide_on_mobile=&#8221;small-visibility,medium-visibility,large-visibility&#8221; center_content=&#8221;no&#8221; last=&#8221;no&#8221; min_height=&#8221;&#8221; hover_type=&#8221;none&#8221; link=&#8221;&#8221;][fusion_text]<\/p>\n<p>REDACCI\u00d3N<\/p>\n<p><i>*El Festival se llevar\u00e1 a cabo los d\u00edas S\u00e1bado 19 y Domingo 20 de Agosto de 2023 en el Parque Bicentenario de CDMX<\/i><\/p>\n<p><i>*<b>Boletos a la venta en el Sistema Superboletos en\u00a0<\/b><\/i><b><i><\/i><\/b><\/p>\n<p>Kamp Fest, el festival de K-Pop por excelencia llega a la Ciudad de M\u00e9xico y con ello a Latinoam\u00e9rica por primera vez en su historia. Dos d\u00edas, las m\u00e1s grandes estrellas del K-Pop se presentar\u00e1n en el Parque Bicentenario de la CDMX,\u00a0<i>Bam Bam, Astro, iKon\u00a0<\/i>se har\u00e1n presentes y sin duda, ser\u00e1 el evento m\u00e1s grande de este g\u00e9nero que se haya presentado en M\u00e9xico y Latinoam\u00e9rica.\u00a0<i>KAMP Music Festival\u00a0<\/i>anuncia\u00a0<i>KAMPFEST CDMX 2023\u00a0<\/i>los d\u00edas S\u00e1bado 19 y Domingo 20 de Agosto de 2023 en el Parque Bicentenario de CDMX. Boletos a la venta en el Sistema Superboletos en\u00a0<\/p>\n<p>De este modo, por vez primera en M\u00e9xico, aguarda a los fans un acontecimiento hist\u00f3rico que ning\u00fan fandom querr\u00e1 perderse y una oportunidad irrepetible de ver a todos sus artistas favoritos de K-Pop sobre el escenario. Entre los primeros confirmados se encuentran BamBam, iKON, Lapillus, TFN, Chung HA, Kard, Sik-K y Vivis, en la que ser\u00e1 la mayor experiencia que pueda vivir un verdadero seguidor de esta cultura.<\/p>\n<p>Como festival de primer mundo, no s\u00f3lo habr\u00e1 actuaciones musicales de gran nivel, sino tambi\u00e9n un sinf\u00edn de actividades en torno a este fen\u00f3meno cultural y social, como gastronom\u00eda, juegos, exposiciones de arte y colaboraciones con el artista pop de renombre mundial\u00a0<i>Kenny Scharf.<\/i><\/p>\n<p>Tim Kim, CEO de KAMP Music Festivals, dice que Corea y Am\u00e9rica Latina siempre han tenido una estrecha conexi\u00f3n cultural y que el inmenso fandom latino de K-POP es uno de los m\u00e1s apasionados en todo el mundo por lo que es emocionante traer este festival a la Ciudad de M\u00e9xico. El Parque Bicentenario ser\u00e1 el inmueble que recibir\u00e1 este gran evento los d\u00edas S\u00e1bado 19 y Domingo 20 de agosto.<\/p>\n<p>Las localidades estar\u00e1n a la venta en el Sistema Superboletos en. Tambi\u00e9n habr\u00e1 secci\u00f3n VIP y Super VIP para mayor comodidad de los asistentes.<\/p>\n<p><b>Informaci\u00f3n General:<\/b><\/p>\n<p><b>Parque Bicentenario, CDMX.<\/b><\/p>\n<p><b>Plataforma de compra:\u00a0<\/b><a href=\"http:\/\/www.superboletos.com\/\" target=\"_blank\" rel=\"noopener noreferrer\" data-auth=\"NotApplicable\" data-linkindex=\"3\">www.superboletos.com<\/a><\/p>\n<p><b>Precio desde:\u00a0<\/b>$1,990.\u2013AbonoFase1 General<\/p>\n<p><b>Fecha:\u00a0<\/b>S\u00e1bado 19 y Domingo 20 de Agosto de 2023<\/p>\n<p>Localidades disponibles: General, VIP y Super VIP<\/p>\n<p>Para mayor informaci\u00f3n al respecto visita: @kampfestcdmx &amp;\u00a0<a href=\"http:\/\/www.superboletos.com\/\" target=\"_blank\" rel=\"noopener noreferrer\" data-auth=\"NotApplicable\" data-linkindex=\"4\">www.superboletos.com<\/a><\/p>\n<div dir=\"auto\"><a class=\"x1i10hfl xjbqb8w x6umtig x1b1mbwd xaqea5y xav7gou x9f619 x1ypdohk xt0psk2 xe8uvvx xdj266r x11i5rnm xat24cr x1mh8g0r xexx8yu x4uap5 x18d9i69 xkhd6sd x16tdsg8 x1hl2dhg xggy1nq x1a2a7pz xt0b8zv x1qq9wsj xo1l8bm\" tabindex=\"0\" role=\"link\" href=\"https:\/\/www.facebook.com\/hashtag\/kampfest?__eep__=6&amp;__cft__[0]=AZXt_CnTIiKgJspUFlZMtzPZv3FVv_JECZPwzJbUgCPAg3Z0xzosfmLngZ6m1BCOHCtMPoMFaWp9Qqx8ZRXWg5SgS_4vH0MnYQseDyt-Fyupx6caEV-cezhn1zOZPxOp84o&amp;__tn__=*NK-R\">#kampfest<\/a><\/div>\n<div dir=\"auto\"><a class=\"x1i10hfl xjbqb8w x6umtig x1b1mbwd xaqea5y xav7gou x9f619 x1ypdohk xt0psk2 xe8uvvx xdj266r x11i5rnm xat24cr x1mh8g0r xexx8yu x4uap5 x18d9i69 xkhd6sd x16tdsg8 x1hl2dhg xggy1nq x1a2a7pz xt0b8zv x1qq9wsj xo1l8bm\" tabindex=\"0\" role=\"link\" href=\"https:\/\/www.facebook.com\/hashtag\/parquebicentenario?__eep__=6&amp;__cft__[0]=AZXt_CnTIiKgJspUFlZMtzPZv3FVv_JECZPwzJbUgCPAg3Z0xzosfmLngZ6m1BCOHCtMPoMFaWp9Qqx8ZRXWg5SgS_4vH0MnYQseDyt-Fyupx6caEV-cezhn1zOZPxOp84o&amp;__tn__=*NK-R\">#parquebicentenario<\/a><\/div>\n<div dir=\"auto\"><a class=\"x1i10hfl xjbqb8w x6umtig x1b1mbwd xaqea5y xav7gou x9f619 x1ypdohk xt0psk2 xe8uvvx xdj266r x11i5rnm xat24cr x1mh8g0r xexx8yu x4uap5 x18d9i69 xkhd6sd x16tdsg8 x1hl2dhg xggy1nq x1a2a7pz xt0b8zv x1qq9wsj xo1l8bm\" tabindex=\"0\" role=\"link\" href=\"https:\/\/www.facebook.com\/hashtag\/superboletos?__eep__=6&amp;__cft__[0]=AZXt_CnTIiKgJspUFlZMtzPZv3FVv_JECZPwzJbUgCPAg3Z0xzosfmLngZ6m1BCOHCtMPoMFaWp9Qqx8ZRXWg5SgS_4vH0MnYQseDyt-Fyupx6caEV-cezhn1zOZPxOp84o&amp;__tn__=*NK-R\">#SuperBoletos<\/a><\/div>\n<div dir=\"auto\"><a class=\"x1i10hfl xjbqb8w x6umtig x1b1mbwd xaqea5y xav7gou x9f619 x1ypdohk xt0psk2 xe8uvvx xdj266r x11i5rnm xat24cr x1mh8g0r xexx8yu x4uap5 x18d9i69 xkhd6sd x16tdsg8 x1hl2dhg xggy1nq x1a2a7pz xt0b8zv x1qq9wsj xo1l8bm\" tabindex=\"0\" role=\"link\" href=\"https:\/\/www.facebook.com\/hashtag\/bit%C3%A1coracdmx?__eep__=6&amp;__cft__[0]=AZXt_CnTIiKgJspUFlZMtzPZv3FVv_JECZPwzJbUgCPAg3Z0xzosfmLngZ6m1BCOHCtMPoMFaWp9Qqx8ZRXWg5SgS_4vH0MnYQseDyt-Fyupx6caEV-cezhn1zOZPxOp84o&amp;__tn__=*NK-R\">#bit\u00e1coracdmx<\/a><\/div>\n<p>[\/fusion_text][fusion_imageframe image_id=&#8221;50484|medium&#8221; max_width=&#8221;&#8221; style_type=&#8221;&#8221; blur=&#8221;&#8221; stylecolor=&#8221;&#8221; hover_type=&#8221;none&#8221; bordersize=&#8221;&#8221; bordercolor=&#8221;&#8221; borderradius=&#8221;&#8221; align=&#8221;none&#8221; lightbox=&#8221;no&#8221; gallery_id=&#8221;&#8221; lightbox_image=&#8221;&#8221; lightbox_image_id=&#8221;&#8221; alt=&#8221;&#8221; link=&#8221;&#8221; linktarget=&#8221;_self&#8221; hide_on_mobile=&#8221;small-visibility,medium-visibility,large-visibility&#8221; class=&#8221;&#8221; id=&#8221;&#8221; animation_type=&#8221;&#8221; animation_direction=&#8221;left&#8221; animation_speed=&#8221;0.3&#8243; animation_offset=&#8221;&#8221;]https:\/\/www.bitacoracdmx.com\/wp-content\/uploads\/2023\/04\/descargar-2023-04-04T231846.204-300&#215;300.png[\/fusion_imageframe][\/fusion_builder_column][\/fusion_builder_row][\/fusion_builder_container]<\/p>\n","protected":false},"excerpt":{"rendered":"<p>[fusion_builder_container hundred_percent=&#8221;no&#8221; equal_height_columns=&#8221;no&#8221; menu_anchor=&#8221;&#8221; hide_on_mobile=&#8221;small-visibility,medium-visibility,large-visibility&#8221; class=&#8221;&#8221; id=&#8221;&#8221; background_color=&#8221;&#8221; background_image=&#8221;&#8221; background_position=&#8221;center center&#8221; background_repeat=&#8221;no-repeat&#8221; fade=&#8221;no&#8221; background_parallax=&#8221;none&#8221; parallax_speed=&#8221;0.3&#8243; video_mp4=&#8221;&#8221; video_webm=&#8221;&#8221; video_ogv=&#8221;&#8221; video_url=&#8221;&#8221; video_aspect_ratio=&#8221;16:9&#8243; video_loop=&#8221;yes&#8221; video_mute=&#8221;yes&#8221; overlay_color=&#8221;&#8221; video_preview_image=&#8221;&#8221; border_size=&#8221;&#8221; border_color=&#8221;&#8221; border_style=&#8221;solid&#8221; padding_top=&#8221;&#8221; padding_bottom=&#8221;&#8221; padding_left=&#8221;&#8221; padding_right=&#8221;&#8221;][fusion_builder_row][fusion_builder_column type=&#8221;1_1&#8243; layout=&#8221;1_1&#8243; background_position=&#8221;left top&#8221; background_color=&#8221;&#8221; border_size=&#8221;&#8221; border_color=&#8221;&#8221; border_style=&#8221;solid&#8221; border_position=&#8221;all&#8221; spacing=&#8221;yes&#8221; background_image=&#8221;&#8221; background_repeat=&#8221;no-repeat&#8221; padding_top=&#8221;&#8221; padding_right=&#8221;&#8221; padding_bottom=&#8221;&#8221; padding_left=&#8221;&#8221; margin_top=&#8221;0px&#8221; margin_bottom=&#8221;0px&#8221; class=&#8221;&#8221; id=&#8221;&#8221; animation_type=&#8221;&#8221; animation_speed=&#8221;0.3&#8243; animation_direction=&#8221;left&#8221; hide_on_mobile=&#8221;small-visibility,medium-visibility,large-visibility&#8221; center_content=&#8221;no&#8221; last=&#8221;no&#8221; min_height=&#8221;&#8221; hover_type=&#8221;none&#8221; link=&#8221;&#8221;][fusion_text] REDACCI\u00d3N *El Festival se llevar\u00e1 a cabo los d\u00edas S\u00e1bado 19 y Domingo 20 de Agosto de 2023 en el Parque Bicentenario de CDMX *Boletos a la venta en el Sistema Superboletos en\u00a0 Kamp Fest, el festival de K-Pop por [&hellip;]<\/p>\n","protected":false},"author":1,"featured_media":50484,"comment_status":"open","ping_status":"open","sticky":false,"template":"","format":"standard","meta":{"footnotes":""},"categories":[9,11],"tags":[],"_links":{"self":[{"href":"https:\/\/www.bitacoracdmx.com\/index.php?rest_route=\/wp\/v2\/posts\/50483"}],"collection":[{"href":"https:\/\/www.bitacoracdmx.com\/index.php?rest_route=\/wp\/v2\/posts"}],"about":[{"href":"https:\/\/www.bitacoracdmx.com\/index.php?rest_route=\/wp\/v2\/types\/post"}],"author":[{"embeddable":true,"href":"https:\/\/www.bitacoracdmx.com\/index.php?rest_route=\/wp\/v2\/users\/1"}],"replies":[{"embeddable":true,"href":"https:\/\/www.bitacoracdmx.com\/index.php?rest_route=%2Fwp%2Fv2%2Fcomments&post=50483"}],"version-history":[{"count":1,"href":"https:\/\/www.bitacoracdmx.com\/index.php?rest_route=\/wp\/v2\/posts\/50483\/revisions"}],"predecessor-version":[{"id":50485,"href":"https:\/\/www.bitacoracdmx.com\/index.php?rest_route=\/wp\/v2\/posts\/50483\/revisions\/50485"}],"wp:featuredmedia":[{"embeddable":true,"href":"https:\/\/www.bitacoracdmx.com\/index.php?rest_route=\/wp\/v2\/media\/50484"}],"wp:attachment":[{"href":"https:\/\/www.bitacoracdmx.com\/index.php?rest_route=%2Fwp%2Fv2%2Fmedia&parent=50483"}],"wp:term":[{"taxonomy":"category","embeddable":true,"href":"https:\/\/www.bitacoracdmx.com\/index.php?rest_route=%2Fwp%2Fv2%2Fcategories&post=50483"},{"taxonomy":"post_tag","embeddable":true,"href":"https:\/\/www.bitacoracdmx.com\/index.php?rest_route=%2Fwp%2Fv2%2Ftags&post=50483"}],"curies":[{"name":"wp","href":"https:\/\/api.w.org\/{rel}","templated":true}]}}