{"id":50499,"date":"2023-04-06T01:25:33","date_gmt":"2023-04-06T01:25:33","guid":{"rendered":"https:\/\/www.bitacoracdmx.com\/?p=50499"},"modified":"2023-04-06T01:25:33","modified_gmt":"2023-04-06T01:25:33","slug":"kamp-fest-cdmx-presenta-su-cartel-final-en-exclusiva-por-telehit-este-jueves-13-de-abril-a-las-730-pm","status":"publish","type":"post","link":"https:\/\/www.bitacoracdmx.com\/?p=50499","title":{"rendered":"KAMP FEST CDMX presenta su cartel final en exclusiva por TELEHIT este jueves 13 de abril a las 7:30 pm"},"content":{"rendered":"<p>[fusion_builder_container hundred_percent=&#8221;no&#8221; equal_height_columns=&#8221;no&#8221; menu_anchor=&#8221;&#8221; hide_on_mobile=&#8221;small-visibility,medium-visibility,large-visibility&#8221; class=&#8221;&#8221; id=&#8221;&#8221; background_color=&#8221;&#8221; background_image=&#8221;&#8221; background_position=&#8221;center center&#8221; background_repeat=&#8221;no-repeat&#8221; fade=&#8221;no&#8221; background_parallax=&#8221;none&#8221; parallax_speed=&#8221;0.3&#8243; video_mp4=&#8221;&#8221; video_webm=&#8221;&#8221; video_ogv=&#8221;&#8221; video_url=&#8221;&#8221; video_aspect_ratio=&#8221;16:9&#8243; video_loop=&#8221;yes&#8221; video_mute=&#8221;yes&#8221; overlay_color=&#8221;&#8221; video_preview_image=&#8221;&#8221; border_size=&#8221;&#8221; border_color=&#8221;&#8221; border_style=&#8221;solid&#8221; padding_top=&#8221;&#8221; padding_bottom=&#8221;&#8221; padding_left=&#8221;&#8221; padding_right=&#8221;&#8221;][fusion_builder_row][fusion_builder_column type=&#8221;1_1&#8243; layout=&#8221;1_1&#8243; background_position=&#8221;left top&#8221; background_color=&#8221;&#8221; border_size=&#8221;&#8221; border_color=&#8221;&#8221; border_style=&#8221;solid&#8221; border_position=&#8221;all&#8221; spacing=&#8221;yes&#8221; background_image=&#8221;&#8221; background_repeat=&#8221;no-repeat&#8221; padding_top=&#8221;&#8221; padding_right=&#8221;&#8221; padding_bottom=&#8221;&#8221; padding_left=&#8221;&#8221; margin_top=&#8221;0px&#8221; margin_bottom=&#8221;0px&#8221; class=&#8221;&#8221; id=&#8221;&#8221; animation_type=&#8221;&#8221; animation_speed=&#8221;0.3&#8243; animation_direction=&#8221;left&#8221; hide_on_mobile=&#8221;small-visibility,medium-visibility,large-visibility&#8221; center_content=&#8221;no&#8221; last=&#8221;no&#8221; min_height=&#8221;&#8221; hover_type=&#8221;none&#8221; link=&#8221;&#8221;][fusion_text]<\/p>\n<p>REDACCI\u00d3N<\/p>\n<p><b>Despu\u00e9s de haber sido un \u00e9xito en Singapore en 2019 y en Los \u00c1ngeles en 2022, Kamp Fest CDMX anuncia que presentar\u00e1 su cartel final este jueves 13 de abril a las 7:30 pm. La presentaci\u00f3n ser\u00e1 en vivo y se transmitir\u00e1 en exclusiva por Telehit, uno de los canales de m\u00fasica m\u00e1s importantes de M\u00e9xico y Latinoam\u00e9rica en su se\u00f1al de tv, as\u00ed como en las redes sociales de Kamp Fest y del propio canal.<\/b><\/p>\n<p><b>El festival Kamp Fest CDMX se llevar\u00e1 a cabo el 19 y 20 de agosto en el Parque Bicentenario, ubicado en la frontera entre la Alcald\u00eda Miguel Hidalgo y la Alcald\u00eda Azcapotzalco. El line-up de Kamp Fest incluir\u00e1 artistas de la tercera y cuarta generaci\u00f3n de K-Pop, un evento de ensue\u00f1o en el que hasta el momento se han anunciado ocho artistas: BamBam, CHUNG HA, iKON, KARD, LAPILLUS, Sik-K, TFN y VIVIZ.<\/b><\/p>\n<p><b>Y por si esto no fuera suficiente, este jueves 13 de abril, se anunciar\u00e1n los siguientes ocho artistas que completar\u00e1n el cartel y har\u00e1n de Kamp Fest el festival de K-Pop m\u00e1s importante del continente en todo el 2023, convirti\u00e9ndolo en una cita con la historia, al ser el primer evento de su tipo que se haya llevado a cabo en M\u00e9xico.<\/b><\/p>\n<p><b>No te pierdas esta transmisi\u00f3n exclusiva y s\u00e9 uno de los primeros en conocer el cartel completo de Kamp Fest CDMX. Puedes seguir la transmisi\u00f3n en vivo en las siguientes redes sociales:<\/b><\/p>\n<p><b>Facebook de Telehit:\u00a0<a href=\"https:\/\/www.facebook.com\/telehit\/\" target=\"_blank\" rel=\"noopener noreferrer\" data-auth=\"NotApplicable\" data-linkindex=\"0\">https:\/\/www.facebook.com\/telehit\/<\/a><\/b><\/p>\n<p><b>Instagram de Telehit:\u00a0<a href=\"https:\/\/instagram.com\/soytelehit\" target=\"_blank\" rel=\"noopener noreferrer\" data-auth=\"NotApplicable\" data-linkindex=\"1\">https:\/\/instagram.com\/soytelehit<\/a><\/b><\/p>\n<p><b>Instagram de Jellyfish:\u00a0<a href=\"https:\/\/instagram.com\/jellyfish.xth\" target=\"_blank\" rel=\"noopener noreferrer\" data-auth=\"NotApplicable\" data-linkindex=\"2\">https:\/\/instagram.com\/jellyfish.xth<\/a><\/b><\/p>\n<p><b>Facebook de Kimchi Telehit:\u00a0<a href=\"https:\/\/www.facebook.com\/KimchiTelehit\/\" target=\"_blank\" rel=\"noopener noreferrer\" data-auth=\"NotApplicable\" data-linkindex=\"3\">https:\/\/www.facebook.com\/KimchiTelehit\/<\/a><\/b><\/p>\n<p><b>Instagram de Kamp Fest CDMX:\u00a0<a href=\"https:\/\/instagram.com\/kampfestcdmx\" target=\"_blank\" rel=\"noopener noreferrer\" data-auth=\"NotApplicable\" data-linkindex=\"4\">https:\/\/instagram.com\/kampfestcdmx<\/a><\/b><\/p>\n<p><b>Facebook de Kamp Fest CDMX:\u00a0<a href=\"https:\/\/www.facebook.com\/kampfestcdmx.official\" target=\"_blank\" rel=\"noopener noreferrer\" data-auth=\"NotApplicable\" data-linkindex=\"5\">https:\/\/www.facebook.com\/kampfestcdmx.official<\/a><\/b><\/p>\n<p><b>Para m\u00e1s informaci\u00f3n sobre Kamp Fest CDMX y las \u00faltimas noticias sobre la presentaci\u00f3n del cartel final, visita su sitio web en\u00a0<a href=\"https:\/\/kampfestcdmx.com\/\" target=\"_blank\" rel=\"noopener noreferrer\" data-auth=\"NotApplicable\" data-linkindex=\"6\">https:\/\/kampfestcdmx.com<\/a><\/b><\/p>\n<div dir=\"auto\"><a class=\"x1i10hfl xjbqb8w x6umtig x1b1mbwd xaqea5y xav7gou x9f619 x1ypdohk xt0psk2 xe8uvvx xdj266r x11i5rnm xat24cr x1mh8g0r xexx8yu x4uap5 x18d9i69 xkhd6sd x16tdsg8 x1hl2dhg xggy1nq x1a2a7pz xt0b8zv x1qq9wsj xo1l8bm\" tabindex=\"0\" role=\"link\" href=\"https:\/\/www.facebook.com\/hashtag\/kampfestcdmx?__eep__=6&amp;__cft__[0]=AZW-q9yz4cItR-rl50KrikjscqdoXgeLS8Td3aFyDGYjERRwM7eoIcTwTWyjBettXpyzWjBJvDuEDUbWM-UXtXVWwmjaUvJf84VuXq1rUqTSiZNFGK1tykJDWUq_pmShwTE&amp;__tn__=*NK-R\">#KampFestCDMX<\/a><\/div>\n<div dir=\"auto\"><a class=\"x1i10hfl xjbqb8w x6umtig x1b1mbwd xaqea5y xav7gou x9f619 x1ypdohk xt0psk2 xe8uvvx xdj266r x11i5rnm xat24cr x1mh8g0r xexx8yu x4uap5 x18d9i69 xkhd6sd x16tdsg8 x1hl2dhg xggy1nq x1a2a7pz xt0b8zv x1qq9wsj xo1l8bm\" tabindex=\"0\" role=\"link\" href=\"https:\/\/www.facebook.com\/hashtag\/bit%C3%A1coracdmx?__eep__=6&amp;__cft__[0]=AZW-q9yz4cItR-rl50KrikjscqdoXgeLS8Td3aFyDGYjERRwM7eoIcTwTWyjBettXpyzWjBJvDuEDUbWM-UXtXVWwmjaUvJf84VuXq1rUqTSiZNFGK1tykJDWUq_pmShwTE&amp;__tn__=*NK-R\">#bit\u00e1coracdmx<\/a><\/div>\n<p>[\/fusion_text][fusion_imageframe image_id=&#8221;50500|medium&#8221; max_width=&#8221;&#8221; style_type=&#8221;&#8221; blur=&#8221;&#8221; stylecolor=&#8221;&#8221; hover_type=&#8221;none&#8221; bordersize=&#8221;&#8221; bordercolor=&#8221;&#8221; borderradius=&#8221;&#8221; align=&#8221;none&#8221; lightbox=&#8221;no&#8221; gallery_id=&#8221;&#8221; lightbox_image=&#8221;&#8221; lightbox_image_id=&#8221;&#8221; alt=&#8221;&#8221; link=&#8221;&#8221; linktarget=&#8221;_self&#8221; hide_on_mobile=&#8221;small-visibility,medium-visibility,large-visibility&#8221; class=&#8221;&#8221; id=&#8221;&#8221; animation_type=&#8221;&#8221; animation_direction=&#8221;left&#8221; animation_speed=&#8221;0.3&#8243; animation_offset=&#8221;&#8221;]https:\/\/www.bitacoracdmx.com\/wp-content\/uploads\/2023\/04\/KAMP-ANUNCIO-TELEHIT-300&#215;300.jpg[\/fusion_imageframe][\/fusion_builder_column][\/fusion_builder_row][\/fusion_builder_container]<\/p>\n","protected":false},"excerpt":{"rendered":"<p>[fusion_builder_container hundred_percent=&#8221;no&#8221; equal_height_columns=&#8221;no&#8221; menu_anchor=&#8221;&#8221; hide_on_mobile=&#8221;small-visibility,medium-visibility,large-visibility&#8221; class=&#8221;&#8221; id=&#8221;&#8221; background_color=&#8221;&#8221; background_image=&#8221;&#8221; background_position=&#8221;center center&#8221; background_repeat=&#8221;no-repeat&#8221; fade=&#8221;no&#8221; background_parallax=&#8221;none&#8221; parallax_speed=&#8221;0.3&#8243; video_mp4=&#8221;&#8221; video_webm=&#8221;&#8221; video_ogv=&#8221;&#8221; video_url=&#8221;&#8221; video_aspect_ratio=&#8221;16:9&#8243; video_loop=&#8221;yes&#8221; video_mute=&#8221;yes&#8221; overlay_color=&#8221;&#8221; video_preview_image=&#8221;&#8221; border_size=&#8221;&#8221; border_color=&#8221;&#8221; border_style=&#8221;solid&#8221; padding_top=&#8221;&#8221; padding_bottom=&#8221;&#8221; padding_left=&#8221;&#8221; padding_right=&#8221;&#8221;][fusion_builder_row][fusion_builder_column type=&#8221;1_1&#8243; layout=&#8221;1_1&#8243; background_position=&#8221;left top&#8221; background_color=&#8221;&#8221; border_size=&#8221;&#8221; border_color=&#8221;&#8221; border_style=&#8221;solid&#8221; border_position=&#8221;all&#8221; spacing=&#8221;yes&#8221; background_image=&#8221;&#8221; background_repeat=&#8221;no-repeat&#8221; padding_top=&#8221;&#8221; padding_right=&#8221;&#8221; padding_bottom=&#8221;&#8221; padding_left=&#8221;&#8221; margin_top=&#8221;0px&#8221; margin_bottom=&#8221;0px&#8221; class=&#8221;&#8221; id=&#8221;&#8221; animation_type=&#8221;&#8221; animation_speed=&#8221;0.3&#8243; animation_direction=&#8221;left&#8221; hide_on_mobile=&#8221;small-visibility,medium-visibility,large-visibility&#8221; center_content=&#8221;no&#8221; last=&#8221;no&#8221; min_height=&#8221;&#8221; hover_type=&#8221;none&#8221; link=&#8221;&#8221;][fusion_text] REDACCI\u00d3N Despu\u00e9s de haber sido un \u00e9xito en Singapore en 2019 y en Los \u00c1ngeles en 2022, Kamp Fest CDMX anuncia que presentar\u00e1 su cartel final este jueves 13 de abril a las 7:30 pm. La presentaci\u00f3n ser\u00e1 en vivo [&hellip;]<\/p>\n","protected":false},"author":1,"featured_media":50500,"comment_status":"open","ping_status":"open","sticky":false,"template":"","format":"standard","meta":{"footnotes":""},"categories":[9,11],"tags":[],"_links":{"self":[{"href":"https:\/\/www.bitacoracdmx.com\/index.php?rest_route=\/wp\/v2\/posts\/50499"}],"collection":[{"href":"https:\/\/www.bitacoracdmx.com\/index.php?rest_route=\/wp\/v2\/posts"}],"about":[{"href":"https:\/\/www.bitacoracdmx.com\/index.php?rest_route=\/wp\/v2\/types\/post"}],"author":[{"embeddable":true,"href":"https:\/\/www.bitacoracdmx.com\/index.php?rest_route=\/wp\/v2\/users\/1"}],"replies":[{"embeddable":true,"href":"https:\/\/www.bitacoracdmx.com\/index.php?rest_route=%2Fwp%2Fv2%2Fcomments&post=50499"}],"version-history":[{"count":1,"href":"https:\/\/www.bitacoracdmx.com\/index.php?rest_route=\/wp\/v2\/posts\/50499\/revisions"}],"predecessor-version":[{"id":50501,"href":"https:\/\/www.bitacoracdmx.com\/index.php?rest_route=\/wp\/v2\/posts\/50499\/revisions\/50501"}],"wp:featuredmedia":[{"embeddable":true,"href":"https:\/\/www.bitacoracdmx.com\/index.php?rest_route=\/wp\/v2\/media\/50500"}],"wp:attachment":[{"href":"https:\/\/www.bitacoracdmx.com\/index.php?rest_route=%2Fwp%2Fv2%2Fmedia&parent=50499"}],"wp:term":[{"taxonomy":"category","embeddable":true,"href":"https:\/\/www.bitacoracdmx.com\/index.php?rest_route=%2Fwp%2Fv2%2Fcategories&post=50499"},{"taxonomy":"post_tag","embeddable":true,"href":"https:\/\/www.bitacoracdmx.com\/index.php?rest_route=%2Fwp%2Fv2%2Ftags&post=50499"}],"curies":[{"name":"wp","href":"https:\/\/api.w.org\/{rel}","templated":true}]}}