{"id":50505,"date":"2023-04-06T03:58:18","date_gmt":"2023-04-06T03:58:18","guid":{"rendered":"https:\/\/www.bitacoracdmx.com\/?p=50505"},"modified":"2023-04-06T03:58:18","modified_gmt":"2023-04-06T03:58:18","slug":"inaugura-claudia-sheinbaum-15-gran-remate-de-libros-y-peliculas-en-la-explanada-del-monumento-a-la-revolucion","status":"publish","type":"post","link":"https:\/\/www.bitacoracdmx.com\/?p=50505","title":{"rendered":"Inaugura CLAUDIA SHEINBAUM 15\u00b0 GRAN REMATE DE LIBROS Y PEL\u00cdCULAS en la explanada del MONUMENTO A LA REVOLUCI\u00d3N"},"content":{"rendered":"<p>[fusion_builder_container hundred_percent=&#8221;no&#8221; equal_height_columns=&#8221;no&#8221; menu_anchor=&#8221;&#8221; hide_on_mobile=&#8221;small-visibility,medium-visibility,large-visibility&#8221; class=&#8221;&#8221; id=&#8221;&#8221; background_color=&#8221;&#8221; background_image=&#8221;&#8221; background_position=&#8221;center center&#8221; background_repeat=&#8221;no-repeat&#8221; fade=&#8221;no&#8221; background_parallax=&#8221;none&#8221; parallax_speed=&#8221;0.3&#8243; video_mp4=&#8221;&#8221; video_webm=&#8221;&#8221; video_ogv=&#8221;&#8221; video_url=&#8221;&#8221; video_aspect_ratio=&#8221;16:9&#8243; video_loop=&#8221;yes&#8221; video_mute=&#8221;yes&#8221; overlay_color=&#8221;&#8221; video_preview_image=&#8221;&#8221; border_size=&#8221;&#8221; border_color=&#8221;&#8221; border_style=&#8221;solid&#8221; padding_top=&#8221;&#8221; padding_bottom=&#8221;&#8221; padding_left=&#8221;&#8221; padding_right=&#8221;&#8221;][fusion_builder_row][fusion_builder_column type=&#8221;1_1&#8243; layout=&#8221;1_1&#8243; background_position=&#8221;left top&#8221; background_color=&#8221;&#8221; border_size=&#8221;&#8221; border_color=&#8221;&#8221; border_style=&#8221;solid&#8221; border_position=&#8221;all&#8221; spacing=&#8221;yes&#8221; background_image=&#8221;&#8221; background_repeat=&#8221;no-repeat&#8221; padding_top=&#8221;&#8221; padding_right=&#8221;&#8221; padding_bottom=&#8221;&#8221; padding_left=&#8221;&#8221; margin_top=&#8221;0px&#8221; margin_bottom=&#8221;0px&#8221; class=&#8221;&#8221; id=&#8221;&#8221; animation_type=&#8221;&#8221; animation_speed=&#8221;0.3&#8243; animation_direction=&#8221;left&#8221; hide_on_mobile=&#8221;small-visibility,medium-visibility,large-visibility&#8221; center_content=&#8221;no&#8221; last=&#8221;no&#8221; min_height=&#8221;&#8221; hover_type=&#8221;none&#8221; link=&#8221;&#8221;][fusion_text]<\/p>\n<p>REDACCI\u00d3N<\/p>\n<div>\n<ul>\n<li>La Jefa de Gobierno recalc\u00f3 que la lectura transforma mentes y forma ciudadanas y ciudadanos cr\u00edticos, adelant\u00f3 que se trabaja en una iniciativa de ley para evitar la trituraci\u00f3n de libros<\/li>\n<\/ul>\n<ul>\n<li>La edici\u00f3n 2023 de esta feria cultural se lleva a cabo del 5 al 9 de abril, con precios que van desde los 10 hasta los 150 pesos en libros, revistas, c\u00f3mics, pel\u00edculas y discos de m\u00e1s de 350 casas y sellos editoriales<\/li>\n<\/ul>\n<p>La Jefa de Gobierno, Claudia Sheinbaum Pardo, inaugur\u00f3 el 15<strong>\u00b0\u00a0<\/strong>Gran Remate de Libros y Pel\u00edculas que se realizar\u00e1 desde este mi\u00e9rcoles 5 hasta el domingo 9 de abril en un horario de 11:00 a 20:00 horas en la explanada del Monumento a la Revoluci\u00f3n, en donde destac\u00f3 la importancia de la lectura en los procesos de cambio de la Ciudad de M\u00e9xico y del pa\u00eds.<br aria-hidden=\"true\" \/>\u00a0<br aria-hidden=\"true\" \/>\u201cRepresenta el rescate, la recuperaci\u00f3n de la lectura como un eje sustantivo de la conciencia y la transformaci\u00f3n\u201d, resalt\u00f3.<br aria-hidden=\"true\" \/>\u00a0<br aria-hidden=\"true\" \/>La mandataria capitalina afirm\u00f3 que la lectura es fundamental para formar una sociedad m\u00e1s cr\u00edtica y reconoci\u00f3 el trabajo de la fundadora de la Brigada para Leer en Libertad, Paloma Saiz Tejero y del escritor y director del Fondo de Cultura Econ\u00f3mica (FCE), Paco Ignacio Taibo II, as\u00ed como de las editoriales participantes para promoverla entre los ciudadanos de todas las edades.<br aria-hidden=\"true\" \/>\u00a0<br aria-hidden=\"true\" \/>\u201cLa lectura siempre transforma nuestras mentes y nos hace pensar, nos hace ciudadanos, ciudadanas cr\u00edticas, ni\u00f1os y ni\u00f1as cr\u00edticas y es fundamental seguir promoviendo la lectura, como ha sido la vida entera de Paloma y de Paco. As\u00ed que nos da much\u00edsimo gusto, no solamente por ser transformadores de la realidad, part\u00edcipes, sino tambi\u00e9n por la historia que han tenido en la promoci\u00f3n de la lectura\u201d, subray\u00f3.<br aria-hidden=\"true\" \/>\u00a0<br aria-hidden=\"true\" \/>Claudia Sheinbaum invit\u00f3 a visitar el 15\u00b0 Gran Remate de Libros y Pel\u00edculas durante la Semana Santa y tambi\u00e9n la Feria del Libro del Z\u00f3calo, que se celebra a finales de a\u00f1o, ya que son encuentros populares en donde se discute y se lee la realidad mexicana.<br aria-hidden=\"true\" \/>\u00a0<br aria-hidden=\"true\" \/>Durante el evento, la Jefa de Gobierno inform\u00f3 que se impulsar\u00e1, en consenso con las editoriales, una iniciativa de ley para que los ejemplares puedan ser donados o llevados a remates, en lugar de ser triturados.<br aria-hidden=\"true\" \/>\u00a0<br aria-hidden=\"true\" \/>\u201cEs una pena que un libro se destruya, la verdad, lo que queremos es una sociedad lectora, una sociedad consciente y una sociedad transformadora\u201d, precis\u00f3.<br aria-hidden=\"true\" \/>\u00a0<br aria-hidden=\"true\" \/>La secretaria de Cultura capitalina, Claudia Curiel de Icaza, recalc\u00f3 que el 15<strong>\u00b0\u00a0<\/strong>Gran Remate de Libros y Pel\u00edculas cuenta con la participaci\u00f3n de m\u00e1s de 350 sellos editoriales que mantendr\u00e1n ofertas y precios que oscilan de los 10 a los 150 pesos.<br aria-hidden=\"true\" \/>\u00a0<br aria-hidden=\"true\" \/>\u201cEste a\u00f1o se cumplen 15 a\u00f1os de esta iniciativa del Gran Remate de Libros, que se ha convertido en un encuentro fundamental para el acceso a la lectura. Y se diferencia de otros a\u00f1os, porque hemos sumado tambi\u00e9n pel\u00edculas de arte, discos, vinilos y han funcionado s\u00faper bien, el a\u00f1o pasado nos felicitaron mucho por eso, ped\u00edan m\u00e1s oferta al respecto y este a\u00f1o seguimos con lo mismo. Se sumaron 30 sellos m\u00e1s y en total este a\u00f1o hay m\u00e1s de 350 sellos de oferta accesible entre 10 y 150 pesos\u201d, explic\u00f3.<br aria-hidden=\"true\" \/>\u00a0<br aria-hidden=\"true\" \/>Por su parte, la fundadora de la Brigada para Leer en Libertad, Paloma Saiz Tejero, record\u00f3 que el lema de este Gran Remate es \u201cSalva un libro, no dejes que lo destruyan\u201d, cuyo prop\u00f3sito es invitar a la poblaci\u00f3n para que busque sus libros favoritos, les d\u00e9 una nueva oportunidad y evite su destrucci\u00f3n.<br aria-hidden=\"true\" \/>\u00a0<br aria-hidden=\"true\" \/>\u201cEs realmente un acto muy importante, porque ponemos a nivel de todo el p\u00fablico libros que han estado desde hace tiempo en bodegas, que hemos pedido a todas las editoriales, a los distribuidores, a las librer\u00edas que saquen los libros, esos libros que ya no encontramos en ning\u00fan lado, pero que son libros que siempre tienen un lector que lo est\u00e1 esperando\u201d, destac\u00f3.<br aria-hidden=\"true\" \/>\u00a0<br aria-hidden=\"true\" \/>Durante su participaci\u00f3n, el director del FCE, Paco Ignacio Taibo II, agradeci\u00f3 la promoci\u00f3n e impulso de la lectura y las alianzas que se han formado entre el Gobierno capitalino y editoriales para lograr que el pa\u00eds lea m\u00e1s y a un precio accesible.<br aria-hidden=\"true\" \/>\u00a0<br aria-hidden=\"true\" \/>\u201cHay que romper la mentalidad neoliberal de que el libro es un objeto mercantil, para volverlo lo que es: un bien cultural. (&#8230;) Logramos que hoy en la Ciudad de M\u00e9xico el libro est\u00e9 en un promedio de 30 o 40 pesos y si vamos a las librer\u00edas de todo el pa\u00eds el libro est\u00e1 en un promedio de 200 o 220 pesos. Este es el gran fen\u00f3meno que se produce en la Ciudad de M\u00e9xico para demostrar que esta ciudad, la ciudad de izquierda, la ciudad progresista, es la ciudad que vende libros baratos a sus ciudadanos\u201d, enfatiz\u00f3.<\/p>\n<div dir=\"auto\"><a class=\"x1i10hfl xjbqb8w x6umtig x1b1mbwd xaqea5y xav7gou x9f619 x1ypdohk xt0psk2 xe8uvvx xdj266r x11i5rnm xat24cr x1mh8g0r xexx8yu x4uap5 x18d9i69 xkhd6sd x16tdsg8 x1hl2dhg xggy1nq x1a2a7pz xt0b8zv x1qq9wsj xo1l8bm\" tabindex=\"0\" role=\"link\" href=\"https:\/\/www.facebook.com\/hashtag\/secretariadeculturacdmx?__eep__=6&amp;__cft__[0]=AZWnC6oLCXIvmBCOynlL-oNyRVvv_EbqlGF_eHYeAec4qZ99hB9b7cNcrVLN6U6_t-t6r7lM8J6dfjcjB1xHeCPmJ8XpMP2s9SBzo_s6xC20paiCo4lGpaFFFER6YdIxiMc&amp;__tn__=*NK-R\">#secretariadeculturacdmx<\/a><\/div>\n<div dir=\"auto\"><a class=\"x1i10hfl xjbqb8w x6umtig x1b1mbwd xaqea5y xav7gou x9f619 x1ypdohk xt0psk2 xe8uvvx xdj266r x11i5rnm xat24cr x1mh8g0r xexx8yu x4uap5 x18d9i69 xkhd6sd x16tdsg8 x1hl2dhg xggy1nq x1a2a7pz xt0b8zv x1qq9wsj xo1l8bm\" tabindex=\"0\" role=\"link\" href=\"https:\/\/www.facebook.com\/hashtag\/granrematedelibrosypeliculas?__eep__=6&amp;__cft__[0]=AZWnC6oLCXIvmBCOynlL-oNyRVvv_EbqlGF_eHYeAec4qZ99hB9b7cNcrVLN6U6_t-t6r7lM8J6dfjcjB1xHeCPmJ8XpMP2s9SBzo_s6xC20paiCo4lGpaFFFER6YdIxiMc&amp;__tn__=*NK-R\">#GranRematedeLibrosyPeliculas<\/a><\/div>\n<div dir=\"auto\"><a class=\"x1i10hfl xjbqb8w x6umtig x1b1mbwd xaqea5y xav7gou x9f619 x1ypdohk xt0psk2 xe8uvvx xdj266r x11i5rnm xat24cr x1mh8g0r xexx8yu x4uap5 x18d9i69 xkhd6sd x16tdsg8 x1hl2dhg xggy1nq x1a2a7pz xt0b8zv x1qq9wsj xo1l8bm\" tabindex=\"0\" role=\"link\" href=\"https:\/\/www.facebook.com\/hashtag\/monumentoalarevolucion?__eep__=6&amp;__cft__[0]=AZWnC6oLCXIvmBCOynlL-oNyRVvv_EbqlGF_eHYeAec4qZ99hB9b7cNcrVLN6U6_t-t6r7lM8J6dfjcjB1xHeCPmJ8XpMP2s9SBzo_s6xC20paiCo4lGpaFFFER6YdIxiMc&amp;__tn__=*NK-R\">#monumentoalarevolucion<\/a><\/div>\n<div dir=\"auto\"><a class=\"x1i10hfl xjbqb8w x6umtig x1b1mbwd xaqea5y xav7gou x9f619 x1ypdohk xt0psk2 xe8uvvx xdj266r x11i5rnm xat24cr x1mh8g0r xexx8yu x4uap5 x18d9i69 xkhd6sd x16tdsg8 x1hl2dhg xggy1nq x1a2a7pz xt0b8zv x1qq9wsj xo1l8bm\" tabindex=\"0\" role=\"link\" href=\"https:\/\/www.facebook.com\/hashtag\/bit%C3%A1coracdmx?__eep__=6&amp;__cft__[0]=AZWnC6oLCXIvmBCOynlL-oNyRVvv_EbqlGF_eHYeAec4qZ99hB9b7cNcrVLN6U6_t-t6r7lM8J6dfjcjB1xHeCPmJ8XpMP2s9SBzo_s6xC20paiCo4lGpaFFFER6YdIxiMc&amp;__tn__=*NK-R\">#bit\u00e1coracdmx<\/a><\/div>\n<\/div>\n<div><\/div>\n<p>[\/fusion_text][fusion_imageframe image_id=&#8221;50506|medium&#8221; max_width=&#8221;&#8221; style_type=&#8221;&#8221; blur=&#8221;&#8221; stylecolor=&#8221;&#8221; hover_type=&#8221;none&#8221; bordersize=&#8221;&#8221; bordercolor=&#8221;&#8221; borderradius=&#8221;&#8221; align=&#8221;none&#8221; lightbox=&#8221;no&#8221; gallery_id=&#8221;&#8221; lightbox_image=&#8221;&#8221; lightbox_image_id=&#8221;&#8221; alt=&#8221;&#8221; link=&#8221;&#8221; linktarget=&#8221;_self&#8221; hide_on_mobile=&#8221;small-visibility,medium-visibility,large-visibility&#8221; class=&#8221;&#8221; id=&#8221;&#8221; animation_type=&#8221;&#8221; animation_direction=&#8221;left&#8221; animation_speed=&#8221;0.3&#8243; animation_offset=&#8221;&#8221;]https:\/\/www.bitacoracdmx.com\/wp-content\/uploads\/2023\/04\/WhatsApp-Image-2023-04-05-at-5.54.06-PM-300&#215;200.jpeg[\/fusion_imageframe][\/fusion_builder_column][\/fusion_builder_row][\/fusion_builder_container]<\/p>\n","protected":false},"excerpt":{"rendered":"<p>[fusion_builder_container hundred_percent=&#8221;no&#8221; equal_height_columns=&#8221;no&#8221; menu_anchor=&#8221;&#8221; hide_on_mobile=&#8221;small-visibility,medium-visibility,large-visibility&#8221; class=&#8221;&#8221; id=&#8221;&#8221; background_color=&#8221;&#8221; background_image=&#8221;&#8221; background_position=&#8221;center center&#8221; background_repeat=&#8221;no-repeat&#8221; fade=&#8221;no&#8221; background_parallax=&#8221;none&#8221; parallax_speed=&#8221;0.3&#8243; video_mp4=&#8221;&#8221; video_webm=&#8221;&#8221; video_ogv=&#8221;&#8221; video_url=&#8221;&#8221; video_aspect_ratio=&#8221;16:9&#8243; video_loop=&#8221;yes&#8221; video_mute=&#8221;yes&#8221; overlay_color=&#8221;&#8221; video_preview_image=&#8221;&#8221; border_size=&#8221;&#8221; border_color=&#8221;&#8221; border_style=&#8221;solid&#8221; padding_top=&#8221;&#8221; padding_bottom=&#8221;&#8221; padding_left=&#8221;&#8221; padding_right=&#8221;&#8221;][fusion_builder_row][fusion_builder_column type=&#8221;1_1&#8243; layout=&#8221;1_1&#8243; background_position=&#8221;left top&#8221; background_color=&#8221;&#8221; border_size=&#8221;&#8221; border_color=&#8221;&#8221; border_style=&#8221;solid&#8221; border_position=&#8221;all&#8221; spacing=&#8221;yes&#8221; background_image=&#8221;&#8221; background_repeat=&#8221;no-repeat&#8221; padding_top=&#8221;&#8221; padding_right=&#8221;&#8221; padding_bottom=&#8221;&#8221; padding_left=&#8221;&#8221; margin_top=&#8221;0px&#8221; margin_bottom=&#8221;0px&#8221; class=&#8221;&#8221; id=&#8221;&#8221; animation_type=&#8221;&#8221; animation_speed=&#8221;0.3&#8243; animation_direction=&#8221;left&#8221; hide_on_mobile=&#8221;small-visibility,medium-visibility,large-visibility&#8221; center_content=&#8221;no&#8221; last=&#8221;no&#8221; min_height=&#8221;&#8221; hover_type=&#8221;none&#8221; link=&#8221;&#8221;][fusion_text] REDACCI\u00d3N La Jefa de Gobierno recalc\u00f3 que la lectura transforma mentes y forma ciudadanas y ciudadanos cr\u00edticos, adelant\u00f3 que se trabaja en una iniciativa de ley para evitar la trituraci\u00f3n de libros La edici\u00f3n 2023 de esta feria cultural se [&hellip;]<\/p>\n","protected":false},"author":1,"featured_media":50506,"comment_status":"open","ping_status":"open","sticky":false,"template":"","format":"standard","meta":{"footnotes":""},"categories":[4,9,10],"tags":[],"_links":{"self":[{"href":"https:\/\/www.bitacoracdmx.com\/index.php?rest_route=\/wp\/v2\/posts\/50505"}],"collection":[{"href":"https:\/\/www.bitacoracdmx.com\/index.php?rest_route=\/wp\/v2\/posts"}],"about":[{"href":"https:\/\/www.bitacoracdmx.com\/index.php?rest_route=\/wp\/v2\/types\/post"}],"author":[{"embeddable":true,"href":"https:\/\/www.bitacoracdmx.com\/index.php?rest_route=\/wp\/v2\/users\/1"}],"replies":[{"embeddable":true,"href":"https:\/\/www.bitacoracdmx.com\/index.php?rest_route=%2Fwp%2Fv2%2Fcomments&post=50505"}],"version-history":[{"count":1,"href":"https:\/\/www.bitacoracdmx.com\/index.php?rest_route=\/wp\/v2\/posts\/50505\/revisions"}],"predecessor-version":[{"id":50507,"href":"https:\/\/www.bitacoracdmx.com\/index.php?rest_route=\/wp\/v2\/posts\/50505\/revisions\/50507"}],"wp:featuredmedia":[{"embeddable":true,"href":"https:\/\/www.bitacoracdmx.com\/index.php?rest_route=\/wp\/v2\/media\/50506"}],"wp:attachment":[{"href":"https:\/\/www.bitacoracdmx.com\/index.php?rest_route=%2Fwp%2Fv2%2Fmedia&parent=50505"}],"wp:term":[{"taxonomy":"category","embeddable":true,"href":"https:\/\/www.bitacoracdmx.com\/index.php?rest_route=%2Fwp%2Fv2%2Fcategories&post=50505"},{"taxonomy":"post_tag","embeddable":true,"href":"https:\/\/www.bitacoracdmx.com\/index.php?rest_route=%2Fwp%2Fv2%2Ftags&post=50505"}],"curies":[{"name":"wp","href":"https:\/\/api.w.org\/{rel}","templated":true}]}}