{"id":50534,"date":"2023-04-11T02:06:53","date_gmt":"2023-04-11T02:06:53","guid":{"rendered":"https:\/\/www.bitacoracdmx.com\/?p=50534"},"modified":"2023-04-11T02:06:53","modified_gmt":"2023-04-11T02:06:53","slug":"los-dias-de-carlitos-se-despide-de-los-escenarios-despues-de-18-anos","status":"publish","type":"post","link":"https:\/\/www.bitacoracdmx.com\/?p=50534","title":{"rendered":"Los d\u00edas de Carlitos, se despide de los escenarios despu\u00e9s de 18 a\u00f1os"},"content":{"rendered":"<p>[fusion_builder_container hundred_percent=&#8221;no&#8221; equal_height_columns=&#8221;no&#8221; menu_anchor=&#8221;&#8221; hide_on_mobile=&#8221;small-visibility,medium-visibility,large-visibility&#8221; class=&#8221;&#8221; id=&#8221;&#8221; background_color=&#8221;&#8221; background_image=&#8221;&#8221; background_position=&#8221;center center&#8221; background_repeat=&#8221;no-repeat&#8221; fade=&#8221;no&#8221; background_parallax=&#8221;none&#8221; parallax_speed=&#8221;0.3&#8243; video_mp4=&#8221;&#8221; video_webm=&#8221;&#8221; video_ogv=&#8221;&#8221; video_url=&#8221;&#8221; video_aspect_ratio=&#8221;16:9&#8243; video_loop=&#8221;yes&#8221; video_mute=&#8221;yes&#8221; overlay_color=&#8221;&#8221; video_preview_image=&#8221;&#8221; border_size=&#8221;&#8221; border_color=&#8221;&#8221; border_style=&#8221;solid&#8221; padding_top=&#8221;&#8221; padding_bottom=&#8221;&#8221; padding_left=&#8221;&#8221; padding_right=&#8221;&#8221;][fusion_builder_row][fusion_builder_column type=&#8221;1_1&#8243; layout=&#8221;1_1&#8243; background_position=&#8221;left top&#8221; background_color=&#8221;&#8221; border_size=&#8221;&#8221; border_color=&#8221;&#8221; border_style=&#8221;solid&#8221; border_position=&#8221;all&#8221; spacing=&#8221;yes&#8221; background_image=&#8221;&#8221; background_repeat=&#8221;no-repeat&#8221; padding_top=&#8221;&#8221; padding_right=&#8221;&#8221; padding_bottom=&#8221;&#8221; padding_left=&#8221;&#8221; margin_top=&#8221;0px&#8221; margin_bottom=&#8221;0px&#8221; class=&#8221;&#8221; id=&#8221;&#8221; animation_type=&#8221;&#8221; animation_speed=&#8221;0.3&#8243; animation_direction=&#8221;left&#8221; hide_on_mobile=&#8221;small-visibility,medium-visibility,large-visibility&#8221; center_content=&#8221;no&#8221; last=&#8221;no&#8221; min_height=&#8221;&#8221; hover_type=&#8221;none&#8221; link=&#8221;&#8221;][fusion_text]<\/p>\n<p>REDACCI\u00d3N<\/p>\n<p>\u25cf La compa\u00f1\u00eda Los Tristes Tigres, despide de los escenarios la obra Los d\u00edas de Carlitos<\/p>\n<p>\u25cf Con el cuerpo, la voz y la imaginaci\u00f3n como herramientas, la compa\u00f1\u00eda Los Tristes Tigres presenta este unipersonal sobre la lucha de un ni\u00f1o ante la adversidad.<\/p>\n<p>\u25cf La pieza se presentar\u00e1 en el Teatro Lucerna del 31 de marzo al 14 de mayo.<\/p>\n<p>Perfilada como una aventura de lo cotidiano,\u00a0<em>Los d\u00edas de Carlitos<\/em>\u00a0nos presenta el viaje de un ni\u00f1o que enfrenta la adversidad y sortea distintas formas de violencia. Su protagonista es el germen de una lucha que vence el sufrimiento a trav\u00e9s del recuerdo y que explora la imagen del h\u00e9roe para alcanzar la seguridad en s\u00ed mismo.<\/p>\n<p>Despu\u00e9s de 18 a\u00f1os en la escena mexicana, la compa\u00f1\u00eda \u201cLos Tristes Tigres\u201d, anuncia\u00a0<strong>Los d\u00edas de Carlitos<\/strong>\u00a0como la \u00faltima temporada, la cual se estar\u00e1 presentando hasta el 14 de mayo en el Teatro Lucerna, es una relectura de nuestro tiempo y de c\u00f3mo edificamos las infancias.<\/p>\n<p>Compuesta de tres peque\u00f1os unipersonales, este espect\u00e1culo para toda la familia relata la historia de Carlitos, quien a sus 11 a\u00f1os debe hacer frente a una madre iracunda que se convierte en un monstruo de lengua b\u00edfida, a compa\u00f1eros abusivos y a su propia inseguridad para expresar sus sentimientos.<\/p>\n<p>Sobre un escenario minimalista, Adri\u00e1n V\u00e1zquez \u2014quien escribe, act\u00faa y se autodirige\u2014 se vale del cuerpo, de la voz y la imaginaci\u00f3n para expresar las andanzas de Carlitos e interpretar a 11 personajes en la historia.<\/p>\n<p>Adri\u00e1n V\u00e1zquez, director de Los Tristes Tigres, tiene una vasta experiencia en espect\u00e1culos donde se desenvuelve solo en escena.<\/p>\n<p>Desde su estreno, en 2005,\u00a0<em>Los d\u00edas de Carlitos\u00a0<\/em>ha participado en diferentes festivales teatrales cono el Encuentro de Mon\u00f3logos del Sureste (2006), la XXIX Muestra Nacional de Teatro (2008) y el Festival de Mon\u00f3logos \u201cTeatro a una sola voz\u201d (2011).<\/p>\n<p>La pieza, producci\u00f3n nacional realizada con el est\u00edmulo fiscal del art\u00edculo 190 de la LISR (EFIARTES), tendr\u00e1 funciones en el Teatro Lucerna los d\u00edas viernes (20:30 hrs.), s\u00e1bados (19:30 hrs.) y domingos (18:30 hrs), del 31 de marzo al 14 de mayo.<\/p>\n<p><strong><em>Los d\u00edas de Carlitos<\/em><\/strong><\/p>\n<p><strong>Producci\u00f3n Nacional realizada con el est\u00edmulo fiscal del art\u00edculo 190de la LISR (EFIARTES)<\/strong><\/p>\n<p><strong>Compa\u00f1\u00eda:\u00a0<\/strong>Los Tristes Tigres<\/p>\n<p><strong>Autor\u00eda, direcci\u00f3n y elenco:\u00a0<\/strong>Adri\u00e1n V\u00e1zquez<\/p>\n<p><strong>Espacio esc\u00e9nico:\u00a0<\/strong>Teatro Lucerna<\/p>\n<p><strong>Temporada:<\/strong>\u00a0Del 31 de marzo al 14 de mayo<\/p>\n<p><strong>Funciones:<\/strong>\u00a0viernes 20:30 hrs., s\u00e1bado 19:30 hrs., domingo 18:30 hrs.<\/p>\n<p><strong>Costo por boleto:<\/strong>\u00a0$300<\/p>\n<div dir=\"auto\"><a class=\"x1i10hfl xjbqb8w x6umtig x1b1mbwd xaqea5y xav7gou x9f619 x1ypdohk xt0psk2 xe8uvvx xdj266r x11i5rnm xat24cr x1mh8g0r xexx8yu x4uap5 x18d9i69 xkhd6sd x16tdsg8 x1hl2dhg xggy1nq x1a2a7pz xt0b8zv x1qq9wsj xo1l8bm\" tabindex=\"0\" role=\"link\" href=\"https:\/\/www.facebook.com\/hashtag\/losdiasdecarlitos?__eep__=6&amp;__cft__[0]=AZU0QaB7_2ByWoDOn72nJp9iXzi9NHjlyo5n0VPYuvBgrU_JmvWWJxCPzeD5tr92RNGd_Y6RW_NQ8gJwBxP4yPcp5rmsG7QQGMMBxEPvgEcxSYFxe0-haGNLiVHJafKUrh4&amp;__tn__=*NK-R\">#losdiasdecarlitos<\/a><\/div>\n<div dir=\"auto\"><a class=\"x1i10hfl xjbqb8w x6umtig x1b1mbwd xaqea5y xav7gou x9f619 x1ypdohk xt0psk2 xe8uvvx xdj266r x11i5rnm xat24cr x1mh8g0r xexx8yu x4uap5 x18d9i69 xkhd6sd x16tdsg8 x1hl2dhg xggy1nq x1a2a7pz xt0b8zv x1qq9wsj xo1l8bm\" tabindex=\"0\" role=\"link\" href=\"https:\/\/www.facebook.com\/hashtag\/teatrolucerna?__eep__=6&amp;__cft__[0]=AZU0QaB7_2ByWoDOn72nJp9iXzi9NHjlyo5n0VPYuvBgrU_JmvWWJxCPzeD5tr92RNGd_Y6RW_NQ8gJwBxP4yPcp5rmsG7QQGMMBxEPvgEcxSYFxe0-haGNLiVHJafKUrh4&amp;__tn__=*NK-R\">#teatrolucerna<\/a><\/div>\n<div dir=\"auto\"><a class=\"x1i10hfl xjbqb8w x6umtig x1b1mbwd xaqea5y xav7gou x9f619 x1ypdohk xt0psk2 xe8uvvx xdj266r x11i5rnm xat24cr x1mh8g0r xexx8yu x4uap5 x18d9i69 xkhd6sd x16tdsg8 x1hl2dhg xggy1nq x1a2a7pz xt0b8zv x1qq9wsj xo1l8bm\" tabindex=\"0\" role=\"link\" href=\"https:\/\/www.facebook.com\/hashtag\/bit%C3%A1coracdmx?__eep__=6&amp;__cft__[0]=AZU0QaB7_2ByWoDOn72nJp9iXzi9NHjlyo5n0VPYuvBgrU_JmvWWJxCPzeD5tr92RNGd_Y6RW_NQ8gJwBxP4yPcp5rmsG7QQGMMBxEPvgEcxSYFxe0-haGNLiVHJafKUrh4&amp;__tn__=*NK-R\">#bit\u00e1coracdmx<\/a><\/div>\n<p>[\/fusion_text][fusion_imageframe image_id=&#8221;50535|medium&#8221; max_width=&#8221;&#8221; style_type=&#8221;&#8221; blur=&#8221;&#8221; stylecolor=&#8221;&#8221; hover_type=&#8221;none&#8221; bordersize=&#8221;&#8221; bordercolor=&#8221;&#8221; borderradius=&#8221;&#8221; align=&#8221;none&#8221; lightbox=&#8221;no&#8221; gallery_id=&#8221;&#8221; lightbox_image=&#8221;&#8221; lightbox_image_id=&#8221;&#8221; alt=&#8221;&#8221; link=&#8221;&#8221; linktarget=&#8221;_self&#8221; hide_on_mobile=&#8221;small-visibility,medium-visibility,large-visibility&#8221; class=&#8221;&#8221; id=&#8221;&#8221; animation_type=&#8221;&#8221; animation_direction=&#8221;left&#8221; animation_speed=&#8221;0.3&#8243; animation_offset=&#8221;&#8221;]https:\/\/www.bitacoracdmx.com\/wp-content\/uploads\/2023\/04\/6oH2Bs24ZETC9zx2bVY2qX-300&#215;300.jpg[\/fusion_imageframe][\/fusion_builder_column][\/fusion_builder_row][\/fusion_builder_container]<\/p>\n","protected":false},"excerpt":{"rendered":"<p>[fusion_builder_container hundred_percent=&#8221;no&#8221; equal_height_columns=&#8221;no&#8221; menu_anchor=&#8221;&#8221; hide_on_mobile=&#8221;small-visibility,medium-visibility,large-visibility&#8221; class=&#8221;&#8221; id=&#8221;&#8221; background_color=&#8221;&#8221; background_image=&#8221;&#8221; background_position=&#8221;center center&#8221; background_repeat=&#8221;no-repeat&#8221; fade=&#8221;no&#8221; background_parallax=&#8221;none&#8221; parallax_speed=&#8221;0.3&#8243; video_mp4=&#8221;&#8221; video_webm=&#8221;&#8221; video_ogv=&#8221;&#8221; video_url=&#8221;&#8221; video_aspect_ratio=&#8221;16:9&#8243; video_loop=&#8221;yes&#8221; video_mute=&#8221;yes&#8221; overlay_color=&#8221;&#8221; video_preview_image=&#8221;&#8221; border_size=&#8221;&#8221; border_color=&#8221;&#8221; border_style=&#8221;solid&#8221; padding_top=&#8221;&#8221; padding_bottom=&#8221;&#8221; padding_left=&#8221;&#8221; padding_right=&#8221;&#8221;][fusion_builder_row][fusion_builder_column type=&#8221;1_1&#8243; layout=&#8221;1_1&#8243; background_position=&#8221;left top&#8221; background_color=&#8221;&#8221; border_size=&#8221;&#8221; border_color=&#8221;&#8221; border_style=&#8221;solid&#8221; border_position=&#8221;all&#8221; spacing=&#8221;yes&#8221; background_image=&#8221;&#8221; background_repeat=&#8221;no-repeat&#8221; padding_top=&#8221;&#8221; padding_right=&#8221;&#8221; padding_bottom=&#8221;&#8221; padding_left=&#8221;&#8221; margin_top=&#8221;0px&#8221; margin_bottom=&#8221;0px&#8221; class=&#8221;&#8221; id=&#8221;&#8221; animation_type=&#8221;&#8221; animation_speed=&#8221;0.3&#8243; animation_direction=&#8221;left&#8221; hide_on_mobile=&#8221;small-visibility,medium-visibility,large-visibility&#8221; center_content=&#8221;no&#8221; last=&#8221;no&#8221; min_height=&#8221;&#8221; hover_type=&#8221;none&#8221; link=&#8221;&#8221;][fusion_text] REDACCI\u00d3N \u25cf La compa\u00f1\u00eda Los Tristes Tigres, despide de los escenarios la obra Los d\u00edas de Carlitos \u25cf Con el cuerpo, la voz y la imaginaci\u00f3n como herramientas, la compa\u00f1\u00eda Los Tristes Tigres presenta este unipersonal sobre la lucha de [&hellip;]<\/p>\n","protected":false},"author":1,"featured_media":50535,"comment_status":"open","ping_status":"open","sticky":false,"template":"","format":"standard","meta":{"footnotes":""},"categories":[9,14],"tags":[],"_links":{"self":[{"href":"https:\/\/www.bitacoracdmx.com\/index.php?rest_route=\/wp\/v2\/posts\/50534"}],"collection":[{"href":"https:\/\/www.bitacoracdmx.com\/index.php?rest_route=\/wp\/v2\/posts"}],"about":[{"href":"https:\/\/www.bitacoracdmx.com\/index.php?rest_route=\/wp\/v2\/types\/post"}],"author":[{"embeddable":true,"href":"https:\/\/www.bitacoracdmx.com\/index.php?rest_route=\/wp\/v2\/users\/1"}],"replies":[{"embeddable":true,"href":"https:\/\/www.bitacoracdmx.com\/index.php?rest_route=%2Fwp%2Fv2%2Fcomments&post=50534"}],"version-history":[{"count":1,"href":"https:\/\/www.bitacoracdmx.com\/index.php?rest_route=\/wp\/v2\/posts\/50534\/revisions"}],"predecessor-version":[{"id":50536,"href":"https:\/\/www.bitacoracdmx.com\/index.php?rest_route=\/wp\/v2\/posts\/50534\/revisions\/50536"}],"wp:featuredmedia":[{"embeddable":true,"href":"https:\/\/www.bitacoracdmx.com\/index.php?rest_route=\/wp\/v2\/media\/50535"}],"wp:attachment":[{"href":"https:\/\/www.bitacoracdmx.com\/index.php?rest_route=%2Fwp%2Fv2%2Fmedia&parent=50534"}],"wp:term":[{"taxonomy":"category","embeddable":true,"href":"https:\/\/www.bitacoracdmx.com\/index.php?rest_route=%2Fwp%2Fv2%2Fcategories&post=50534"},{"taxonomy":"post_tag","embeddable":true,"href":"https:\/\/www.bitacoracdmx.com\/index.php?rest_route=%2Fwp%2Fv2%2Ftags&post=50534"}],"curies":[{"name":"wp","href":"https:\/\/api.w.org\/{rel}","templated":true}]}}