{"id":50537,"date":"2023-04-11T02:13:22","date_gmt":"2023-04-11T02:13:22","guid":{"rendered":"https:\/\/www.bitacoracdmx.com\/?p=50537"},"modified":"2023-04-11T02:13:22","modified_gmt":"2023-04-11T02:13:22","slug":"bambam-llega-a-mexico-para-ofrecer-un-show-memorable-en-el-marco-del-kamp-fest-cdmx-2023","status":"publish","type":"post","link":"https:\/\/www.bitacoracdmx.com\/?p=50537","title":{"rendered":"BamBam llega a M\u00e9xico para ofrecer un show memorable en el marco del Kamp Fest CDMX 2023"},"content":{"rendered":"<p>[fusion_builder_container hundred_percent=&#8221;no&#8221; equal_height_columns=&#8221;no&#8221; menu_anchor=&#8221;&#8221; hide_on_mobile=&#8221;small-visibility,medium-visibility,large-visibility&#8221; class=&#8221;&#8221; id=&#8221;&#8221; background_color=&#8221;&#8221; background_image=&#8221;&#8221; background_position=&#8221;center center&#8221; background_repeat=&#8221;no-repeat&#8221; fade=&#8221;no&#8221; background_parallax=&#8221;none&#8221; parallax_speed=&#8221;0.3&#8243; video_mp4=&#8221;&#8221; video_webm=&#8221;&#8221; video_ogv=&#8221;&#8221; video_url=&#8221;&#8221; video_aspect_ratio=&#8221;16:9&#8243; video_loop=&#8221;yes&#8221; video_mute=&#8221;yes&#8221; overlay_color=&#8221;&#8221; video_preview_image=&#8221;&#8221; border_size=&#8221;&#8221; border_color=&#8221;&#8221; border_style=&#8221;solid&#8221; padding_top=&#8221;&#8221; padding_bottom=&#8221;&#8221; padding_left=&#8221;&#8221; padding_right=&#8221;&#8221;][fusion_builder_row][fusion_builder_column type=&#8221;1_1&#8243; layout=&#8221;1_1&#8243; background_position=&#8221;left top&#8221; background_color=&#8221;&#8221; border_size=&#8221;&#8221; border_color=&#8221;&#8221; border_style=&#8221;solid&#8221; border_position=&#8221;all&#8221; spacing=&#8221;yes&#8221; background_image=&#8221;&#8221; background_repeat=&#8221;no-repeat&#8221; padding_top=&#8221;&#8221; padding_right=&#8221;&#8221; padding_bottom=&#8221;&#8221; padding_left=&#8221;&#8221; margin_top=&#8221;0px&#8221; margin_bottom=&#8221;0px&#8221; class=&#8221;&#8221; id=&#8221;&#8221; animation_type=&#8221;&#8221; animation_speed=&#8221;0.3&#8243; animation_direction=&#8221;left&#8221; hide_on_mobile=&#8221;small-visibility,medium-visibility,large-visibility&#8221; center_content=&#8221;no&#8221; last=&#8221;no&#8221; min_height=&#8221;&#8221; hover_type=&#8221;none&#8221; link=&#8221;&#8221;][fusion_text]<\/p>\n<p>REDACCI\u00d3N<\/p>\n<p><i>*El Festival se llevar\u00e1 a cabo los d\u00edas S\u00e1bado 19 y Domingo 20 de Agosto de 2023 en el Parque Bicentenario de CDMX<\/i><\/p>\n<p><i>*Boletos a la venta en el Sistema Superboletos en\u00a0<\/i><\/p>\n<p>La Ciudad de M\u00e9xico gozar\u00e1 de una dosis de K-pop el pr\u00f3ximo a\u00f1o con la llegada de uno de los artistas m\u00e1s importantes del g\u00e9nero. BamBam, el famoso m\u00fasico surcoreano de origen tailand\u00e9s, ha confirmado su presencia en el KAMP FEST CDMX, que se llevar\u00e1 a cabo en el Parque Bicentenario los d\u00edas 19 y 20 de agosto de 2023. Boletos a la venta en el Sistema Superboletos en\u00a0<\/p>\n<p>Los fans del K-pop en M\u00e9xico han mostrado un gran entusiasmo ante la noticia, y no es para menos, ya que BamBam se ha convertido en una de las figuras m\u00e1s sobresalientes de la industria musical surcoreana en los \u00faltimos a\u00f1os.<\/p>\n<p>El artista asi\u00e1tico no ha ocultado su emoci\u00f3n ante la posibilidad de presentarse en el KAMP FEST CDMX, y ha manifestado su intenci\u00f3n de llevar toda la energ\u00eda y pasi\u00f3n que caracteriza sus presentaciones al p\u00fablico mexicano. &#8220;Estar\u00e9 llegando en agosto al KAMP FEST CDMX en 2023, dentro del Parque Bicentenario. Ya quiero compartir con todos mis fans la energ\u00eda y la pasi\u00f3n que llevo en cada una de mis presentaciones&#8221;, expres\u00f3 BamBam en relaci\u00f3n a su participaci\u00f3n en el evento.<\/p>\n<p>El KAMP FEST CDMX promete ser una experiencia \u00fanica para los fans del K-pop, con una oferta imponente de artistas del g\u00e9nero que desfilar\u00e1n por el escenario a lo largo de dos d\u00edas. Adem\u00e1s, el evento estar\u00e1 acompa\u00f1ado de una producci\u00f3n audiovisual de primer nivel, juegos interactivos, presentaciones de baile, sesiones de fotos y una variedad de opciones gastron\u00f3micas para satisfacer a todos los gustos.<\/p>\n<p>Este es el momento ideal para los seguidores del K-pop en M\u00e9xico, que estaban esperando con ansias un evento de estas caracter\u00edsticas. \u00danete para disfrutar y ser parte del KAMP FEST CDMX 2023, un festival que promete serinolvidable. Boletos a la venta en el Sistema Superboletos en <\/p>\n<div class=\"x11i5rnm xat24cr x1mh8g0r x1vvkbs xtlvy1s x126k92a\">\n<div dir=\"auto\"><a class=\"x1i10hfl xjbqb8w x6umtig x1b1mbwd xaqea5y xav7gou x9f619 x1ypdohk xt0psk2 xe8uvvx xdj266r x11i5rnm xat24cr x1mh8g0r xexx8yu x4uap5 x18d9i69 xkhd6sd x16tdsg8 x1hl2dhg xggy1nq x1a2a7pz xt0b8zv x1qq9wsj xo1l8bm\" tabindex=\"0\" role=\"link\" href=\"https:\/\/www.facebook.com\/hashtag\/bambam?__eep__=6&amp;__cft__[0]=AZVKeYlAS09zezXxltOss0_YWCit5_gcDgsGwtF6M3mkw0DOr7JxhkKQRYXnVkycKbHYQozuMYExndnYoxKxQDFAgHMzQIR8DIgpeioMNvmqp4IS2vBEigFBcuOLIlFgmHo&amp;__tn__=*NK-R\">#BamBam<\/a><\/div>\n<\/div>\n<div class=\"x11i5rnm xat24cr x1mh8g0r x1vvkbs xtlvy1s x126k92a\">\n<div dir=\"auto\"><a class=\"x1i10hfl xjbqb8w x6umtig x1b1mbwd xaqea5y xav7gou x9f619 x1ypdohk xt0psk2 xe8uvvx xdj266r x11i5rnm xat24cr x1mh8g0r xexx8yu x4uap5 x18d9i69 xkhd6sd x16tdsg8 x1hl2dhg xggy1nq x1a2a7pz xt0b8zv x1qq9wsj xo1l8bm\" tabindex=\"0\" role=\"link\" href=\"https:\/\/www.facebook.com\/hashtag\/kampfestcdmx?__eep__=6&amp;__cft__[0]=AZVKeYlAS09zezXxltOss0_YWCit5_gcDgsGwtF6M3mkw0DOr7JxhkKQRYXnVkycKbHYQozuMYExndnYoxKxQDFAgHMzQIR8DIgpeioMNvmqp4IS2vBEigFBcuOLIlFgmHo&amp;__tn__=*NK-R\">#KampFestCDMX<\/a><\/div>\n<\/div>\n<div class=\"x11i5rnm xat24cr x1mh8g0r x1vvkbs xtlvy1s x126k92a\">\n<div dir=\"auto\"><a class=\"x1i10hfl xjbqb8w x6umtig x1b1mbwd xaqea5y xav7gou x9f619 x1ypdohk xt0psk2 xe8uvvx xdj266r x11i5rnm xat24cr x1mh8g0r xexx8yu x4uap5 x18d9i69 xkhd6sd x16tdsg8 x1hl2dhg xggy1nq x1a2a7pz xt0b8zv x1qq9wsj xo1l8bm\" tabindex=\"0\" role=\"link\" href=\"https:\/\/www.facebook.com\/hashtag\/kampfestcdmx2023?__eep__=6&amp;__cft__[0]=AZVKeYlAS09zezXxltOss0_YWCit5_gcDgsGwtF6M3mkw0DOr7JxhkKQRYXnVkycKbHYQozuMYExndnYoxKxQDFAgHMzQIR8DIgpeioMNvmqp4IS2vBEigFBcuOLIlFgmHo&amp;__tn__=*NK-R\">#KampFestCDMX2023<\/a><\/div>\n<\/div>\n<p><b>Informaci\u00f3n General:<\/b><\/p>\n<p><b>Parque Bicentenario, CDMX.<\/b><\/p>\n<p><b>Plataforma de compra:\u00a0<\/b><a href=\"http:\/\/www.superboletos.com\/\" target=\"_blank\" rel=\"noopener noreferrer\" data-auth=\"NotApplicable\" data-linkindex=\"3\">www.superboletos.com<\/a><\/p>\n<p><b>Fecha:\u00a0<\/b>S\u00e1bado 19 y Domingo 20 de Agosto de 2023<\/p>\n<p>Localidades disponibles: General, VIP y Super VIP<\/p>\n<p>Para mayor informaci\u00f3n al respecto visita: @kampfestcdmx &amp;\u00a0<a href=\"http:\/\/www.superboletos.com\/\" target=\"_blank\" rel=\"noopener noreferrer\" data-auth=\"NotApplicable\" data-linkindex=\"4\">www.superboletos.com<\/a><\/p>\n<p>[\/fusion_text][fusion_imageframe image_id=&#8221;50538|medium&#8221; max_width=&#8221;&#8221; style_type=&#8221;&#8221; blur=&#8221;&#8221; stylecolor=&#8221;&#8221; hover_type=&#8221;none&#8221; bordersize=&#8221;&#8221; bordercolor=&#8221;&#8221; borderradius=&#8221;&#8221; align=&#8221;none&#8221; lightbox=&#8221;no&#8221; gallery_id=&#8221;&#8221; lightbox_image=&#8221;&#8221; lightbox_image_id=&#8221;&#8221; alt=&#8221;&#8221; link=&#8221;&#8221; linktarget=&#8221;_self&#8221; hide_on_mobile=&#8221;small-visibility,medium-visibility,large-visibility&#8221; class=&#8221;&#8221; id=&#8221;&#8221; animation_type=&#8221;&#8221; animation_direction=&#8221;left&#8221; animation_speed=&#8221;0.3&#8243; animation_offset=&#8221;&#8221;]https:\/\/www.bitacoracdmx.com\/wp-content\/uploads\/2023\/04\/descargar-2023-04-10T200949.989-300&#215;300.png[\/fusion_imageframe][\/fusion_builder_column][\/fusion_builder_row][\/fusion_builder_container]<\/p>\n","protected":false},"excerpt":{"rendered":"<p>[fusion_builder_container hundred_percent=&#8221;no&#8221; equal_height_columns=&#8221;no&#8221; menu_anchor=&#8221;&#8221; hide_on_mobile=&#8221;small-visibility,medium-visibility,large-visibility&#8221; class=&#8221;&#8221; id=&#8221;&#8221; background_color=&#8221;&#8221; background_image=&#8221;&#8221; background_position=&#8221;center center&#8221; background_repeat=&#8221;no-repeat&#8221; fade=&#8221;no&#8221; background_parallax=&#8221;none&#8221; parallax_speed=&#8221;0.3&#8243; video_mp4=&#8221;&#8221; video_webm=&#8221;&#8221; video_ogv=&#8221;&#8221; video_url=&#8221;&#8221; video_aspect_ratio=&#8221;16:9&#8243; video_loop=&#8221;yes&#8221; video_mute=&#8221;yes&#8221; overlay_color=&#8221;&#8221; video_preview_image=&#8221;&#8221; border_size=&#8221;&#8221; border_color=&#8221;&#8221; border_style=&#8221;solid&#8221; padding_top=&#8221;&#8221; padding_bottom=&#8221;&#8221; padding_left=&#8221;&#8221; padding_right=&#8221;&#8221;][fusion_builder_row][fusion_builder_column type=&#8221;1_1&#8243; layout=&#8221;1_1&#8243; background_position=&#8221;left top&#8221; background_color=&#8221;&#8221; border_size=&#8221;&#8221; border_color=&#8221;&#8221; border_style=&#8221;solid&#8221; border_position=&#8221;all&#8221; spacing=&#8221;yes&#8221; background_image=&#8221;&#8221; background_repeat=&#8221;no-repeat&#8221; padding_top=&#8221;&#8221; padding_right=&#8221;&#8221; padding_bottom=&#8221;&#8221; padding_left=&#8221;&#8221; margin_top=&#8221;0px&#8221; margin_bottom=&#8221;0px&#8221; class=&#8221;&#8221; id=&#8221;&#8221; animation_type=&#8221;&#8221; animation_speed=&#8221;0.3&#8243; animation_direction=&#8221;left&#8221; hide_on_mobile=&#8221;small-visibility,medium-visibility,large-visibility&#8221; center_content=&#8221;no&#8221; last=&#8221;no&#8221; min_height=&#8221;&#8221; hover_type=&#8221;none&#8221; link=&#8221;&#8221;][fusion_text] REDACCI\u00d3N *El Festival se llevar\u00e1 a cabo los d\u00edas S\u00e1bado 19 y Domingo 20 de Agosto de 2023 en el Parque Bicentenario de CDMX *Boletos a la venta en el Sistema Superboletos en\u00a0 La Ciudad de M\u00e9xico gozar\u00e1 de una [&hellip;]<\/p>\n","protected":false},"author":1,"featured_media":50538,"comment_status":"open","ping_status":"open","sticky":false,"template":"","format":"standard","meta":{"footnotes":""},"categories":[9,11],"tags":[],"_links":{"self":[{"href":"https:\/\/www.bitacoracdmx.com\/index.php?rest_route=\/wp\/v2\/posts\/50537"}],"collection":[{"href":"https:\/\/www.bitacoracdmx.com\/index.php?rest_route=\/wp\/v2\/posts"}],"about":[{"href":"https:\/\/www.bitacoracdmx.com\/index.php?rest_route=\/wp\/v2\/types\/post"}],"author":[{"embeddable":true,"href":"https:\/\/www.bitacoracdmx.com\/index.php?rest_route=\/wp\/v2\/users\/1"}],"replies":[{"embeddable":true,"href":"https:\/\/www.bitacoracdmx.com\/index.php?rest_route=%2Fwp%2Fv2%2Fcomments&post=50537"}],"version-history":[{"count":1,"href":"https:\/\/www.bitacoracdmx.com\/index.php?rest_route=\/wp\/v2\/posts\/50537\/revisions"}],"predecessor-version":[{"id":50539,"href":"https:\/\/www.bitacoracdmx.com\/index.php?rest_route=\/wp\/v2\/posts\/50537\/revisions\/50539"}],"wp:featuredmedia":[{"embeddable":true,"href":"https:\/\/www.bitacoracdmx.com\/index.php?rest_route=\/wp\/v2\/media\/50538"}],"wp:attachment":[{"href":"https:\/\/www.bitacoracdmx.com\/index.php?rest_route=%2Fwp%2Fv2%2Fmedia&parent=50537"}],"wp:term":[{"taxonomy":"category","embeddable":true,"href":"https:\/\/www.bitacoracdmx.com\/index.php?rest_route=%2Fwp%2Fv2%2Fcategories&post=50537"},{"taxonomy":"post_tag","embeddable":true,"href":"https:\/\/www.bitacoracdmx.com\/index.php?rest_route=%2Fwp%2Fv2%2Ftags&post=50537"}],"curies":[{"name":"wp","href":"https:\/\/api.w.org\/{rel}","templated":true}]}}