{"id":50543,"date":"2023-04-11T02:29:34","date_gmt":"2023-04-11T02:29:34","guid":{"rendered":"https:\/\/www.bitacoracdmx.com\/?p=50543"},"modified":"2023-04-11T02:29:34","modified_gmt":"2023-04-11T02:29:34","slug":"paises-bajos-comparte-fotografia-medioambiental-en-el-paseo-de-las-culturas-amigas","status":"publish","type":"post","link":"https:\/\/www.bitacoracdmx.com\/?p=50543","title":{"rendered":"PA\u00cdSES BAJOS comparte fotograf\u00eda MEDIOAMBIENTAL en el PASEO DE LAS CULTURAS AMIGAS"},"content":{"rendered":"<p>[fusion_builder_container hundred_percent=&#8221;no&#8221; equal_height_columns=&#8221;no&#8221; menu_anchor=&#8221;&#8221; hide_on_mobile=&#8221;small-visibility,medium-visibility,large-visibility&#8221; class=&#8221;&#8221; id=&#8221;&#8221; background_color=&#8221;&#8221; background_image=&#8221;&#8221; background_position=&#8221;center center&#8221; background_repeat=&#8221;no-repeat&#8221; fade=&#8221;no&#8221; background_parallax=&#8221;none&#8221; parallax_speed=&#8221;0.3&#8243; video_mp4=&#8221;&#8221; video_webm=&#8221;&#8221; video_ogv=&#8221;&#8221; video_url=&#8221;&#8221; video_aspect_ratio=&#8221;16:9&#8243; video_loop=&#8221;yes&#8221; video_mute=&#8221;yes&#8221; overlay_color=&#8221;&#8221; video_preview_image=&#8221;&#8221; border_size=&#8221;&#8221; border_color=&#8221;&#8221; border_style=&#8221;solid&#8221; padding_top=&#8221;&#8221; padding_bottom=&#8221;&#8221; padding_left=&#8221;&#8221; padding_right=&#8221;&#8221;][fusion_builder_row][fusion_builder_column type=&#8221;1_1&#8243; layout=&#8221;1_1&#8243; background_position=&#8221;left top&#8221; background_color=&#8221;&#8221; border_size=&#8221;&#8221; border_color=&#8221;&#8221; border_style=&#8221;solid&#8221; border_position=&#8221;all&#8221; spacing=&#8221;yes&#8221; background_image=&#8221;&#8221; background_repeat=&#8221;no-repeat&#8221; padding_top=&#8221;&#8221; padding_right=&#8221;&#8221; padding_bottom=&#8221;&#8221; padding_left=&#8221;&#8221; margin_top=&#8221;0px&#8221; margin_bottom=&#8221;0px&#8221; class=&#8221;&#8221; id=&#8221;&#8221; animation_type=&#8221;&#8221; animation_speed=&#8221;0.3&#8243; animation_direction=&#8221;left&#8221; hide_on_mobile=&#8221;small-visibility,medium-visibility,large-visibility&#8221; center_content=&#8221;no&#8221; last=&#8221;no&#8221; min_height=&#8221;&#8221; hover_type=&#8221;none&#8221; link=&#8221;&#8221;][fusion_text]<\/p>\n<p>REDACCI\u00d3N<\/p>\n<div>\n<ul>\n<li>Los visitantes podr\u00e1n ver las fotograf\u00edas ganadoras del concurso\u00a0<em>\u201cWater=Life\u201d<\/em>, que muestran el aumento del nivel del mar, la sequ\u00eda y los extremos fen\u00f3menos meteorol\u00f3gicos, as\u00ed como la contaminaci\u00f3n del agua<\/li>\n<\/ul>\n<ul>\n<li>Integrada por 19 im\u00e1genes en gran formato, la exhibici\u00f3n estar\u00e1 disponible hasta el 2 de mayo en la galer\u00eda abierta ubicada sobre Paseo de la Reforma<\/li>\n<\/ul>\n<p>Con un llamado al cuidado del agua la\u00a0<strong>Secretar\u00eda de Cultura de la Ciudad<\/strong>\u00a0<strong>de M\u00e9xico<\/strong>\u00a0en cooperaci\u00f3n con la\u00a0<strong>Coordinaci\u00f3n General de Asesores y Asuntos Internacionales del Gobierno de la Ciudad de M\u00e9xico<\/strong>\u00a0y la\u00a0<strong>Embajada de Pa\u00edses Bajos<\/strong>\u00a0presentan en el\u00a0<strong>Paseo de las Culturas Amigas\u00a0<\/strong>la exposici\u00f3n fotogr\u00e1fica\u00a0<strong><em>Water=Life<\/em><\/strong>, que estar\u00e1 disponible\u00a0<strong>hasta el 2 de mayo<\/strong>.<br aria-hidden=\"true\" \/>\u00a0<br aria-hidden=\"true\" \/>En la galer\u00eda\u00a0abierta, ubicada sobre Paseo de la Reforma, el p\u00fablico podr\u00e1 disfrutar de 19 im\u00e1genes en gran formato provenientes de diferentes pa\u00edses, ganadoras del certamen fotogr\u00e1fico en el que Pa\u00edses Bajos convoc\u00f3 a aficionados y profesionales de la lente a impulsar el cuidado del agua a trav\u00e9s del retrato del aumento del nivel del mar, la sequ\u00eda, los extremos cambios clim\u00e1ticos y la contaminaci\u00f3n h\u00eddrica.<br aria-hidden=\"true\" \/>\u00a0<br aria-hidden=\"true\" \/>La fotograf\u00eda ganadora, de Tomislav Georgiev, de Macedonia del Norte, muestra en blanco y negro a un hombre limpiando las algas y la basura del fondo de un r\u00edo que debido a las pocas precipitaciones retrata la vulnerabilidad del flujo de estas corrientes de agua. El objetivo del concurso fue inspirar a las personas a comprender los desaf\u00edos del agua en la actualidad y a tomar las medidas para su cuidado y mejoramiento.<br aria-hidden=\"true\" \/>\u00a0<br aria-hidden=\"true\" \/>El p\u00fablico podr\u00e1 ver de Armando L\u00f3pez Casta\u00f1eda, en M\u00e9xico, la imagen de un pescador que muestra de manera preocupante el \u00fanico pez que pudo obtener ese d\u00eda debido a la sequ\u00eda y extinci\u00f3n de especies por la contaminaci\u00f3n a causa de los fertilizantes utilizados en el cultivo de aguacate; de Cremildo Alexandre Alberto, en Mozambique, se muestra al p\u00fablico el acercamiento de mujeres y ni\u00f1os a los peque\u00f1os pozos en los arroyos a causa de la sequ\u00eda, quienes se ven obligados a consumir agua no tratada al poner su salud en peligro.<br aria-hidden=\"true\" \/>\u00a0<br aria-hidden=\"true\" \/>Las inundaciones de los terrenos agr\u00edcolas en Pakist\u00e1n debido a las lluvias intensas en julio y agosto de 2022, capturados por Manoj Kumar, exhibe la tragedia del cambio clim\u00e1tico, lo que afect\u00f3 a m\u00e1s de 33 millones de personas con una p\u00e9rdida de mil 545 vidas humanas. En Mali, Souleymane Tangara comparte su fotograf\u00eda titulada\u00a0<em>Rainbow ocean<\/em>\u00a0(Oc\u00e9ano multicolor), que visibiliza la contaminaci\u00f3n de pl\u00e1sticos debido a las 100 toneladas de desechos (de los 4 mil millones generados cada a\u00f1o) que llegan a los r\u00edos y mares terminando en el oc\u00e9ano.<br aria-hidden=\"true\" \/>\u00a0<br aria-hidden=\"true\" \/>Asimismo, se exhiben las im\u00e1genes finalistas de Ahouandjinou Chanel (Ben\u00edn), Jos\u00e9 Nunes (Brasil), Manar Gad (Egipto), Avijit Ghosh (India), Billy Miaron (Kenia), Shaebi (Libia), Justine Ellul (Malta), Boujemaa Otmani (Marruecos), Bernard Kalu (Nigeria), Charles Mayer Zevallos Villamar (Per\u00fa), Pr\u00edncipe Loyd C. Besorio (Filipinas), Simon Cop (Eslovenia) y Shamim Wasii Nyanda (Tanzania).<br aria-hidden=\"true\" \/>\u00a0<br aria-hidden=\"true\" \/>Esta galer\u00eda es un espacio creado en 2019 por el Gobierno de la Ciudad de M\u00e9xico a trav\u00e9s de la Secretar\u00eda de Cultura capitalina en cooperaci\u00f3n con la Coordinaci\u00f3n General de Asesores y Asuntos Internacionales, para ofrecer una ventana a la riqueza cultural de las diversas embajadas con representaci\u00f3n en la capital, la cual tiene un alcance de m\u00e1s de 350 mil visitantes al mes.\u00a0<br aria-hidden=\"true\" \/>\u00a0<br aria-hidden=\"true\" \/><strong><em>Water=Life\u00a0<\/em><\/strong>estar\u00e1 disponible hasta el\u00a0<strong>2 de mayo<\/strong>\u00a0en el\u00a0<strong>Paseo de las Culturas Amigas<\/strong>, ubicado sobre el camell\u00f3n de avenida Paseo de la Reforma, entre la Glorieta del Ahuehuete y Avenida de los Insurgentes, frente a Reforma 222.<br aria-hidden=\"true\" \/>\u00a0<br aria-hidden=\"true\" \/>Para conocer todas las actividades de la Secretar\u00eda de Cultura capitalina se puede consultar la Cartelera de la Ciudad de M\u00e9xico\u00a0 (<a href=\"https:\/\/gob.us21.list-manage.com\/track\/click?u=24ab1d8cf82850533a5af327c&amp;id=0fe0186126&amp;e=4fe2704bc3\" target=\"_blank\" rel=\"noopener noreferrer\" data-auth=\"NotApplicable\" data-linkindex=\"0\">https:\/\/cartelera.cdmx.gob.mx\/<\/a>) \u00a0y las redes sociales de la Secretar\u00eda de Cultura:\u00a0Facebook, Twitter, Instagram y YouTube.<\/p>\n<div dir=\"auto\"><a class=\"x1i10hfl xjbqb8w x6umtig x1b1mbwd xaqea5y xav7gou x9f619 x1ypdohk xt0psk2 xe8uvvx xdj266r x11i5rnm xat24cr x1mh8g0r xexx8yu x4uap5 x18d9i69 xkhd6sd x16tdsg8 x1hl2dhg xggy1nq x1a2a7pz xt0b8zv x1qq9wsj xo1l8bm\" tabindex=\"0\" role=\"link\" href=\"https:\/\/www.facebook.com\/hashtag\/secretariadeculturacdmx?__eep__=6&amp;__cft__[0]=AZVR66BMRQtJPrSyfuVSqsOEeCM-6A1wDR0H9muqU6dmOli0KrM8O-uuGAeuJysJxjOlV5paU17vFx3Be26lKyeIfA4o6havuC-pfU8TBJGCwibtEIiY9_cAcMUALPWngpE&amp;__tn__=*NK-R\">#secretariadeculturacdmx<\/a><\/div>\n<div dir=\"auto\"><a class=\"x1i10hfl xjbqb8w x6umtig x1b1mbwd xaqea5y xav7gou x9f619 x1ypdohk xt0psk2 xe8uvvx xdj266r x11i5rnm xat24cr x1mh8g0r xexx8yu x4uap5 x18d9i69 xkhd6sd x16tdsg8 x1hl2dhg xggy1nq x1a2a7pz xt0b8zv x1qq9wsj xo1l8bm\" tabindex=\"0\" role=\"link\" href=\"https:\/\/www.facebook.com\/hashtag\/gobiernodelaciudaddem%C3%A9xico?__eep__=6&amp;__cft__[0]=AZVR66BMRQtJPrSyfuVSqsOEeCM-6A1wDR0H9muqU6dmOli0KrM8O-uuGAeuJysJxjOlV5paU17vFx3Be26lKyeIfA4o6havuC-pfU8TBJGCwibtEIiY9_cAcMUALPWngpE&amp;__tn__=*NK-R\">#GobiernoDeLaCiudadDeM\u00e9xico<\/a><\/div>\n<div dir=\"auto\"><a class=\"x1i10hfl xjbqb8w x6umtig x1b1mbwd xaqea5y xav7gou x9f619 x1ypdohk xt0psk2 xe8uvvx xdj266r x11i5rnm xat24cr x1mh8g0r xexx8yu x4uap5 x18d9i69 xkhd6sd x16tdsg8 x1hl2dhg xggy1nq x1a2a7pz xt0b8zv x1qq9wsj xo1l8bm\" tabindex=\"0\" role=\"link\" href=\"https:\/\/www.facebook.com\/hashtag\/bit%C3%A1coracdmx?__eep__=6&amp;__cft__[0]=AZVR66BMRQtJPrSyfuVSqsOEeCM-6A1wDR0H9muqU6dmOli0KrM8O-uuGAeuJysJxjOlV5paU17vFx3Be26lKyeIfA4o6havuC-pfU8TBJGCwibtEIiY9_cAcMUALPWngpE&amp;__tn__=*NK-R\">#bit\u00e1coracdmx<\/a><\/div>\n<\/div>\n<div><\/div>\n<p>[\/fusion_text][fusion_imageframe image_id=&#8221;50544|medium&#8221; max_width=&#8221;&#8221; style_type=&#8221;&#8221; blur=&#8221;&#8221; stylecolor=&#8221;&#8221; hover_type=&#8221;none&#8221; bordersize=&#8221;&#8221; bordercolor=&#8221;&#8221; borderradius=&#8221;&#8221; align=&#8221;none&#8221; lightbox=&#8221;no&#8221; gallery_id=&#8221;&#8221; lightbox_image=&#8221;&#8221; lightbox_image_id=&#8221;&#8221; alt=&#8221;&#8221; link=&#8221;&#8221; linktarget=&#8221;_self&#8221; hide_on_mobile=&#8221;small-visibility,medium-visibility,large-visibility&#8221; class=&#8221;&#8221; id=&#8221;&#8221; animation_type=&#8221;&#8221; animation_direction=&#8221;left&#8221; animation_speed=&#8221;0.3&#8243; animation_offset=&#8221;&#8221;]https:\/\/www.bitacoracdmx.com\/wp-content\/uploads\/2023\/04\/51b4cecf-a226-cdd3-951d-8f9f61833dc1-300&#215;200.jpg[\/fusion_imageframe][\/fusion_builder_column][\/fusion_builder_row][\/fusion_builder_container]<\/p>\n","protected":false},"excerpt":{"rendered":"<p>[fusion_builder_container hundred_percent=&#8221;no&#8221; equal_height_columns=&#8221;no&#8221; menu_anchor=&#8221;&#8221; hide_on_mobile=&#8221;small-visibility,medium-visibility,large-visibility&#8221; class=&#8221;&#8221; id=&#8221;&#8221; background_color=&#8221;&#8221; background_image=&#8221;&#8221; background_position=&#8221;center center&#8221; background_repeat=&#8221;no-repeat&#8221; fade=&#8221;no&#8221; background_parallax=&#8221;none&#8221; parallax_speed=&#8221;0.3&#8243; video_mp4=&#8221;&#8221; video_webm=&#8221;&#8221; video_ogv=&#8221;&#8221; video_url=&#8221;&#8221; video_aspect_ratio=&#8221;16:9&#8243; video_loop=&#8221;yes&#8221; video_mute=&#8221;yes&#8221; overlay_color=&#8221;&#8221; video_preview_image=&#8221;&#8221; border_size=&#8221;&#8221; border_color=&#8221;&#8221; border_style=&#8221;solid&#8221; padding_top=&#8221;&#8221; padding_bottom=&#8221;&#8221; padding_left=&#8221;&#8221; padding_right=&#8221;&#8221;][fusion_builder_row][fusion_builder_column type=&#8221;1_1&#8243; layout=&#8221;1_1&#8243; background_position=&#8221;left top&#8221; background_color=&#8221;&#8221; border_size=&#8221;&#8221; border_color=&#8221;&#8221; border_style=&#8221;solid&#8221; border_position=&#8221;all&#8221; spacing=&#8221;yes&#8221; background_image=&#8221;&#8221; background_repeat=&#8221;no-repeat&#8221; padding_top=&#8221;&#8221; padding_right=&#8221;&#8221; padding_bottom=&#8221;&#8221; padding_left=&#8221;&#8221; margin_top=&#8221;0px&#8221; margin_bottom=&#8221;0px&#8221; class=&#8221;&#8221; id=&#8221;&#8221; animation_type=&#8221;&#8221; animation_speed=&#8221;0.3&#8243; animation_direction=&#8221;left&#8221; hide_on_mobile=&#8221;small-visibility,medium-visibility,large-visibility&#8221; center_content=&#8221;no&#8221; last=&#8221;no&#8221; min_height=&#8221;&#8221; hover_type=&#8221;none&#8221; link=&#8221;&#8221;][fusion_text] REDACCI\u00d3N Los visitantes podr\u00e1n ver las fotograf\u00edas ganadoras del concurso\u00a0\u201cWater=Life\u201d, que muestran el aumento del nivel del mar, la sequ\u00eda y los extremos fen\u00f3menos meteorol\u00f3gicos, as\u00ed como la contaminaci\u00f3n del agua Integrada por 19 im\u00e1genes en gran formato, la exhibici\u00f3n [&hellip;]<\/p>\n","protected":false},"author":1,"featured_media":50544,"comment_status":"open","ping_status":"open","sticky":false,"template":"","format":"standard","meta":{"footnotes":""},"categories":[5,9],"tags":[],"_links":{"self":[{"href":"https:\/\/www.bitacoracdmx.com\/index.php?rest_route=\/wp\/v2\/posts\/50543"}],"collection":[{"href":"https:\/\/www.bitacoracdmx.com\/index.php?rest_route=\/wp\/v2\/posts"}],"about":[{"href":"https:\/\/www.bitacoracdmx.com\/index.php?rest_route=\/wp\/v2\/types\/post"}],"author":[{"embeddable":true,"href":"https:\/\/www.bitacoracdmx.com\/index.php?rest_route=\/wp\/v2\/users\/1"}],"replies":[{"embeddable":true,"href":"https:\/\/www.bitacoracdmx.com\/index.php?rest_route=%2Fwp%2Fv2%2Fcomments&post=50543"}],"version-history":[{"count":1,"href":"https:\/\/www.bitacoracdmx.com\/index.php?rest_route=\/wp\/v2\/posts\/50543\/revisions"}],"predecessor-version":[{"id":50545,"href":"https:\/\/www.bitacoracdmx.com\/index.php?rest_route=\/wp\/v2\/posts\/50543\/revisions\/50545"}],"wp:featuredmedia":[{"embeddable":true,"href":"https:\/\/www.bitacoracdmx.com\/index.php?rest_route=\/wp\/v2\/media\/50544"}],"wp:attachment":[{"href":"https:\/\/www.bitacoracdmx.com\/index.php?rest_route=%2Fwp%2Fv2%2Fmedia&parent=50543"}],"wp:term":[{"taxonomy":"category","embeddable":true,"href":"https:\/\/www.bitacoracdmx.com\/index.php?rest_route=%2Fwp%2Fv2%2Fcategories&post=50543"},{"taxonomy":"post_tag","embeddable":true,"href":"https:\/\/www.bitacoracdmx.com\/index.php?rest_route=%2Fwp%2Fv2%2Ftags&post=50543"}],"curies":[{"name":"wp","href":"https:\/\/api.w.org\/{rel}","templated":true}]}}