{"id":50549,"date":"2023-04-11T02:59:20","date_gmt":"2023-04-11T02:59:20","guid":{"rendered":"https:\/\/www.bitacoracdmx.com\/?p=50549"},"modified":"2023-04-11T02:59:20","modified_gmt":"2023-04-11T02:59:20","slug":"ciclo-de-cine-trans-llegara-a-la-faro-cosmos","status":"publish","type":"post","link":"https:\/\/www.bitacoracdmx.com\/?p=50549","title":{"rendered":"CICLO DE CINE TRANS llegar\u00e1 a la  FARO COSMOS"},"content":{"rendered":"<p>[fusion_builder_container hundred_percent=&#8221;no&#8221; equal_height_columns=&#8221;no&#8221; menu_anchor=&#8221;&#8221; hide_on_mobile=&#8221;small-visibility,medium-visibility,large-visibility&#8221; class=&#8221;&#8221; id=&#8221;&#8221; background_color=&#8221;&#8221; background_image=&#8221;&#8221; background_position=&#8221;center center&#8221; background_repeat=&#8221;no-repeat&#8221; fade=&#8221;no&#8221; background_parallax=&#8221;none&#8221; parallax_speed=&#8221;0.3&#8243; video_mp4=&#8221;&#8221; video_webm=&#8221;&#8221; video_ogv=&#8221;&#8221; video_url=&#8221;&#8221; video_aspect_ratio=&#8221;16:9&#8243; video_loop=&#8221;yes&#8221; video_mute=&#8221;yes&#8221; overlay_color=&#8221;&#8221; video_preview_image=&#8221;&#8221; border_size=&#8221;&#8221; border_color=&#8221;&#8221; border_style=&#8221;solid&#8221; padding_top=&#8221;&#8221; padding_bottom=&#8221;&#8221; padding_left=&#8221;&#8221; padding_right=&#8221;&#8221;][fusion_builder_row][fusion_builder_column type=&#8221;1_1&#8243; layout=&#8221;1_1&#8243; background_position=&#8221;left top&#8221; background_color=&#8221;&#8221; border_size=&#8221;&#8221; border_color=&#8221;&#8221; border_style=&#8221;solid&#8221; border_position=&#8221;all&#8221; spacing=&#8221;yes&#8221; background_image=&#8221;&#8221; background_repeat=&#8221;no-repeat&#8221; padding_top=&#8221;&#8221; padding_right=&#8221;&#8221; padding_bottom=&#8221;&#8221; padding_left=&#8221;&#8221; margin_top=&#8221;0px&#8221; margin_bottom=&#8221;0px&#8221; class=&#8221;&#8221; id=&#8221;&#8221; animation_type=&#8221;&#8221; animation_speed=&#8221;0.3&#8243; animation_direction=&#8221;left&#8221; hide_on_mobile=&#8221;small-visibility,medium-visibility,large-visibility&#8221; center_content=&#8221;no&#8221; last=&#8221;no&#8221; min_height=&#8221;&#8221; hover_type=&#8221;none&#8221; link=&#8221;&#8221;][fusion_text]<\/p>\n<p>REDACCI\u00d3N<\/p>\n<ul>\n<li>La iniciativa, impulsada por Shorts M\u00e9xico y Artes Contra La Discriminaci\u00f3n, busca promover a trav\u00e9s del s\u00e9ptimo arte el respeto y las garant\u00edas a los derechos de las personas trans<\/li>\n<li>El encuentro compartir\u00e1 conversatorios especializados con integrantes de la comunidad y cineastas, as\u00ed como proyecciones de cortos y largometrajes<\/li>\n<\/ul>\n<p>La\u00a0<strong>F\u00e1brica de Artes y Oficios (FARO) Cosmos<\/strong>, recinto de la\u00a0<strong>Secretar\u00eda de Cultura capitalina,<\/strong>\u00a0recibir\u00e1 del\u00a0<strong>20 al 22 de abril<\/strong>\u00a0del presente a\u00f1o el ciclo\u00a0<strong>\u00a8TRANSCINE -JORNADAS DE CINE TRANS\u00a8<\/strong>\u00a0que, impulsado por Shorts M\u00e9xico, Festival Internacional de Cortometrajes de M\u00e9xico y el colectivo Artes Contra la Discriminaci\u00f3n, llevar\u00e1n al recinto cultural charlas con expertos, cortos y largometrajes.<br aria-hidden=\"true\" \/>\u00a0<br aria-hidden=\"true\" \/>El objetivo del encuentro cinematogr\u00e1fico es visibilizar a la comunidad trans en M\u00e9xico, promoviendo el di\u00e1logo para combatir la transfobia y la discriminaci\u00f3n basada en la identidad de g\u00e9nero, por lo que durante los tres d\u00edas se reunir\u00e1n miembros de esta comunidad con realizadores y talento trans para reflexionar sobre los retos a superar que impulsen el respeto y las garant\u00edas a los derechos de las personas trans.<br aria-hidden=\"true\" \/>\u00a0<br aria-hidden=\"true\" \/>El encuentro iniciar\u00e1 actividades el\u00a0<strong>jueves 20 de abril<\/strong>, a las 16:00 horas, con el conversatorio\u00a0<strong>\u00a8El arte como instrumento de combate a los discursos de odio\u00a8<\/strong>, en el que participar\u00e1n el director General de la Comisi\u00f3n de Filmaciones de la Ciudad de M\u00e9xico, Guillermo Salda\u00f1a; la actriz Alejandra Bogue; Catalina Monreal, Presidenta de Rosa Mexicano AC; Re Silva, director de Marketing de FLUX M\u00e9xico; la cantante y actriz Morganna Love; \u201cLa Explicatriz\u201d Ophelia Pastrana y el cineasta Roberto Fiesco.<br aria-hidden=\"true\" \/>\u00a0<br aria-hidden=\"true\" \/>Para el\u00a0<strong>viernes 21 de abril<\/strong>\u00a0a las 16:00 horas, con la tem\u00e1tica\u00a0<strong>\u00a8El Paraguas Trans\u00a8<\/strong>, el panel estar\u00e1 conformado por Aletze Estrada, secretario de FLUX CDMX; la conductora Tanya Hernando, el cineasta Carlos Morales, la actriz Samantha Flores; David Maravilla, del Instituto Nacional de Estad\u00edstica y Geograf\u00eda (INEGI) y Digcenia Mej\u00edas, directora de cine.<br aria-hidden=\"true\" \/>\u00a0<br aria-hidden=\"true\" \/>El\u00a0<strong>s\u00e1bado 22<\/strong>, a las 17:00 horas, se presentar\u00e1 la charla \u201c<strong>Inclusi\u00f3n 360\u00ba\u201d,<\/strong>\u00a0con Salma Lu\u00e9vano Luna, diputada federal y presidenta de la Comisi\u00f3n de Diversidad en la C\u00e1mara de Diputados; Yezm\u00edn Lehmann, directora normativa de Prestaciones Econ\u00f3micas, Sociales y Culturales del ISSSTE; Kano Romero, Coordinador de ELLES Trans M\u00e9xico; Beatriz Cravioto, directora ELLA M\u00e9xico; Isaac Basulto, director de programaci\u00f3n de Shorts M\u00e9xico y Re Silva.<br aria-hidden=\"true\" \/>\u00a0<br aria-hidden=\"true\" \/>Todas las charlas contar\u00e1n con la moderaci\u00f3n de Adriano Numa, Cofundador del Colectivo Artes Contra la Discriminaci\u00f3n; la programaci\u00f3n est\u00e1 integrada por diversos cortometrajes y dos largometrajes que se presentan en este ciclo de cine gratuito enfocado en diversas tem\u00e1ticas como la complejidad de aceptar y reconocer una identidad no normativa, el cuestionamiento de lo establecido y la lucha por la igualdad en el orden social moderno.<br aria-hidden=\"true\" \/>\u00a0<br aria-hidden=\"true\" \/>La riqueza tem\u00e1tica de estas obras, que invitan al di\u00e1logo, la reflexi\u00f3n y la importancia de celebrar la diversidad humana y el orgullo trans, se engalanan con las proyecciones, el d\u00eda 20 de abril, de las pel\u00edculas\u00a0<em>Club Amazonas<\/em>\u00a0y\u00a0<em>Quebranto,<\/em>\u00a0de Roberto Fiesco, ganador al Premio Ariel de la Academia Mexicana de Artes y Ciencias Cinematogr\u00e1ficas (AMACC) en su edici\u00f3n 56 y para la clausura del d\u00eda 22 de abril,\u00a0<em>Las flores de la noche<\/em>\u00a0y\u00a0<em>Los desterrados hijos de Eva,<\/em>\u00a0de Omar Robles y Eduardo Esquivel.<br aria-hidden=\"true\" \/>\u00a0<br aria-hidden=\"true\" \/>Dentro de los programas de cortometrajes destacan \u00a8Ll\u00e1menme puta\u00a8, de Digcenia Mej\u00edas; \u00a8Visibles: Historias de adolescencias trans\u00a8, de Juan Carlos R. Larrondo; \u00a8Sobrevivir o votar\u00a8, de Edie Galv\u00e1n Villarreal; \u00a8Traviatas\u00a8, de Manuel Alejandro Villalobos Gonz\u00e1lez y \u00a8Dejarse crecer el cuerpo\u00a8, de Andrea Gudi\u00f1o Sosa, entre otros cortometrajes relevantes de cine trans.<br aria-hidden=\"true\" \/>\u00a0<br aria-hidden=\"true\" \/>El ciclo de exhibici\u00f3n \u00a8TRANSCINE &#8211; JORNADAS DE CINE TRANS\u00a8 se replicar\u00e1 de manera simult\u00e1nea en cuatro sedes de la Rep\u00fablica Mexicana: la FARO Cosmos en la Ciudad de M\u00e9xico, en el Museo de Arte de Zapopan (MAZ), en el Estado de Jalisco; en San Crist\u00f3bal de las Casas del estado de Chiapas en el Foro cultural independiente KINOKI, as\u00ed como en la Cineteca Sonora de Hermosillo. El acceso ser\u00e1 gratuito en todas las sedes.<br aria-hidden=\"true\" \/>\u00a0<br aria-hidden=\"true\" \/>Shorts M\u00e9xico es el festival internacional de cortometrajes m\u00e1s grande de Am\u00e9rica Latina; en su \u00faltima edici\u00f3n present\u00f3 m\u00e1s de mil cortometrajes superando el mill\u00f3n de espectadores y a trav\u00e9s de esta propuesta en colaboraci\u00f3n con el colectivo Artes Contra la Discriminaci\u00f3n, pugnan por promover la cultura de paz y revindicar a la comunidad trans de M\u00e9xico a trav\u00e9s de la sensibilizaci\u00f3n que logran el s\u00e9ptimo arte y el di\u00e1logo abierto.<br aria-hidden=\"true\" \/>\u00a0<br aria-hidden=\"true\" \/>La FARO Cosmos est\u00e1 ubicada en Calzada M\u00e9xico-Tacuba, Tlaxpana, en la alcald\u00eda Miguel Hidalgo, a unas cuadras del metro Normal de la L\u00ednea 2 del Sistema de Transporte Colectivo (STC) Metro. Entrada gratuita.<br aria-hidden=\"true\" \/>\u00a0<br aria-hidden=\"true\" \/>Para conocer todas las actividades de la Secretar\u00eda de Cultura capitalina se puede consultar la Cartelera de la Ciudad de M\u00e9xico (<a href=\"https:\/\/gob.us21.list-manage.com\/track\/click?u=24ab1d8cf82850533a5af327c&amp;id=d76149118c&amp;e=4fe2704bc3\" target=\"_blank\" rel=\"noopener noreferrer\" data-auth=\"NotApplicable\" data-linkindex=\"0\">https:\/\/cartelera.cdmx.gob.mx\/<\/a>) \u00a0y las redes sociales de la Secretar\u00eda de Cultura:\u00a0Facebook, Twitter, Instagram y YouTube.<\/p>\n<div dir=\"auto\"><a class=\"x1i10hfl xjbqb8w x6umtig x1b1mbwd xaqea5y xav7gou x9f619 x1ypdohk xt0psk2 xe8uvvx xdj266r x11i5rnm xat24cr x1mh8g0r xexx8yu x4uap5 x18d9i69 xkhd6sd x16tdsg8 x1hl2dhg xggy1nq x1a2a7pz xt0b8zv x1qq9wsj xo1l8bm\" tabindex=\"0\" role=\"link\" href=\"https:\/\/www.facebook.com\/hashtag\/secretariadeculturacdmx?__eep__=6&amp;__cft__[0]=AZW6r10TSBVYHYFNA8GSxspTWydeZfQVAjKLpGbKgbD4kRTRRUOTN--E64JDncuREtoBtSFslgw9MFx2UQuiaLscWdlPLTCJXJ8rhbX61xG_CrTrOOeHBbZZOLS6asT5yik&amp;__tn__=*NK-R\">#secretariadeculturacdmx<\/a><\/div>\n<div dir=\"auto\"><a class=\"x1i10hfl xjbqb8w x6umtig x1b1mbwd xaqea5y xav7gou x9f619 x1ypdohk xt0psk2 xe8uvvx xdj266r x11i5rnm xat24cr x1mh8g0r xexx8yu x4uap5 x18d9i69 xkhd6sd x16tdsg8 x1hl2dhg xggy1nq x1a2a7pz xt0b8zv x1qq9wsj xo1l8bm\" tabindex=\"0\" role=\"link\" href=\"https:\/\/www.facebook.com\/hashtag\/gobiernodelaciudaddem%C3%A9xico?__eep__=6&amp;__cft__[0]=AZW6r10TSBVYHYFNA8GSxspTWydeZfQVAjKLpGbKgbD4kRTRRUOTN--E64JDncuREtoBtSFslgw9MFx2UQuiaLscWdlPLTCJXJ8rhbX61xG_CrTrOOeHBbZZOLS6asT5yik&amp;__tn__=*NK-R\">#GobiernoDeLaCiudadDeM\u00e9xico<\/a><\/div>\n<div dir=\"auto\"><a class=\"x1i10hfl xjbqb8w x6umtig x1b1mbwd xaqea5y xav7gou x9f619 x1ypdohk xt0psk2 xe8uvvx xdj266r x11i5rnm xat24cr x1mh8g0r xexx8yu x4uap5 x18d9i69 xkhd6sd x16tdsg8 x1hl2dhg xggy1nq x1a2a7pz xt0b8zv x1qq9wsj xo1l8bm\" tabindex=\"0\" role=\"link\" href=\"https:\/\/www.facebook.com\/hashtag\/bit%C3%A1coracdmx?__eep__=6&amp;__cft__[0]=AZW6r10TSBVYHYFNA8GSxspTWydeZfQVAjKLpGbKgbD4kRTRRUOTN--E64JDncuREtoBtSFslgw9MFx2UQuiaLscWdlPLTCJXJ8rhbX61xG_CrTrOOeHBbZZOLS6asT5yik&amp;__tn__=*NK-R\">#bit\u00e1coracdmx<\/a><\/div>\n<p>[\/fusion_text][fusion_imageframe image_id=&#8221;50550|medium&#8221; max_width=&#8221;&#8221; style_type=&#8221;&#8221; blur=&#8221;&#8221; stylecolor=&#8221;&#8221; hover_type=&#8221;none&#8221; bordersize=&#8221;&#8221; bordercolor=&#8221;&#8221; borderradius=&#8221;&#8221; align=&#8221;none&#8221; lightbox=&#8221;no&#8221; gallery_id=&#8221;&#8221; lightbox_image=&#8221;&#8221; lightbox_image_id=&#8221;&#8221; alt=&#8221;&#8221; link=&#8221;&#8221; linktarget=&#8221;_self&#8221; hide_on_mobile=&#8221;small-visibility,medium-visibility,large-visibility&#8221; class=&#8221;&#8221; id=&#8221;&#8221; animation_type=&#8221;&#8221; animation_direction=&#8221;left&#8221; animation_speed=&#8221;0.3&#8243; animation_offset=&#8221;&#8221;]https:\/\/www.bitacoracdmx.com\/wp-content\/uploads\/2023\/04\/91afba51-cec2-ca8f-ffd4-665c8776e935-300&#215;300.jpg[\/fusion_imageframe][\/fusion_builder_column][\/fusion_builder_row][\/fusion_builder_container]<\/p>\n","protected":false},"excerpt":{"rendered":"<p>[fusion_builder_container hundred_percent=&#8221;no&#8221; equal_height_columns=&#8221;no&#8221; menu_anchor=&#8221;&#8221; hide_on_mobile=&#8221;small-visibility,medium-visibility,large-visibility&#8221; class=&#8221;&#8221; id=&#8221;&#8221; background_color=&#8221;&#8221; background_image=&#8221;&#8221; background_position=&#8221;center center&#8221; background_repeat=&#8221;no-repeat&#8221; fade=&#8221;no&#8221; background_parallax=&#8221;none&#8221; parallax_speed=&#8221;0.3&#8243; video_mp4=&#8221;&#8221; video_webm=&#8221;&#8221; video_ogv=&#8221;&#8221; video_url=&#8221;&#8221; video_aspect_ratio=&#8221;16:9&#8243; video_loop=&#8221;yes&#8221; video_mute=&#8221;yes&#8221; overlay_color=&#8221;&#8221; video_preview_image=&#8221;&#8221; border_size=&#8221;&#8221; border_color=&#8221;&#8221; border_style=&#8221;solid&#8221; padding_top=&#8221;&#8221; padding_bottom=&#8221;&#8221; padding_left=&#8221;&#8221; padding_right=&#8221;&#8221;][fusion_builder_row][fusion_builder_column type=&#8221;1_1&#8243; layout=&#8221;1_1&#8243; background_position=&#8221;left top&#8221; background_color=&#8221;&#8221; border_size=&#8221;&#8221; border_color=&#8221;&#8221; border_style=&#8221;solid&#8221; border_position=&#8221;all&#8221; spacing=&#8221;yes&#8221; background_image=&#8221;&#8221; background_repeat=&#8221;no-repeat&#8221; padding_top=&#8221;&#8221; padding_right=&#8221;&#8221; padding_bottom=&#8221;&#8221; padding_left=&#8221;&#8221; margin_top=&#8221;0px&#8221; margin_bottom=&#8221;0px&#8221; class=&#8221;&#8221; id=&#8221;&#8221; animation_type=&#8221;&#8221; animation_speed=&#8221;0.3&#8243; animation_direction=&#8221;left&#8221; hide_on_mobile=&#8221;small-visibility,medium-visibility,large-visibility&#8221; center_content=&#8221;no&#8221; last=&#8221;no&#8221; min_height=&#8221;&#8221; hover_type=&#8221;none&#8221; link=&#8221;&#8221;][fusion_text] REDACCI\u00d3N La iniciativa, impulsada por Shorts M\u00e9xico y Artes Contra La Discriminaci\u00f3n, busca promover a trav\u00e9s del s\u00e9ptimo arte el respeto y las garant\u00edas a los derechos de las personas trans El encuentro compartir\u00e1 conversatorios especializados con integrantes de la [&hellip;]<\/p>\n","protected":false},"author":1,"featured_media":50550,"comment_status":"open","ping_status":"open","sticky":false,"template":"","format":"standard","meta":{"footnotes":""},"categories":[3,4,9],"tags":[],"_links":{"self":[{"href":"https:\/\/www.bitacoracdmx.com\/index.php?rest_route=\/wp\/v2\/posts\/50549"}],"collection":[{"href":"https:\/\/www.bitacoracdmx.com\/index.php?rest_route=\/wp\/v2\/posts"}],"about":[{"href":"https:\/\/www.bitacoracdmx.com\/index.php?rest_route=\/wp\/v2\/types\/post"}],"author":[{"embeddable":true,"href":"https:\/\/www.bitacoracdmx.com\/index.php?rest_route=\/wp\/v2\/users\/1"}],"replies":[{"embeddable":true,"href":"https:\/\/www.bitacoracdmx.com\/index.php?rest_route=%2Fwp%2Fv2%2Fcomments&post=50549"}],"version-history":[{"count":1,"href":"https:\/\/www.bitacoracdmx.com\/index.php?rest_route=\/wp\/v2\/posts\/50549\/revisions"}],"predecessor-version":[{"id":50551,"href":"https:\/\/www.bitacoracdmx.com\/index.php?rest_route=\/wp\/v2\/posts\/50549\/revisions\/50551"}],"wp:featuredmedia":[{"embeddable":true,"href":"https:\/\/www.bitacoracdmx.com\/index.php?rest_route=\/wp\/v2\/media\/50550"}],"wp:attachment":[{"href":"https:\/\/www.bitacoracdmx.com\/index.php?rest_route=%2Fwp%2Fv2%2Fmedia&parent=50549"}],"wp:term":[{"taxonomy":"category","embeddable":true,"href":"https:\/\/www.bitacoracdmx.com\/index.php?rest_route=%2Fwp%2Fv2%2Fcategories&post=50549"},{"taxonomy":"post_tag","embeddable":true,"href":"https:\/\/www.bitacoracdmx.com\/index.php?rest_route=%2Fwp%2Fv2%2Ftags&post=50549"}],"curies":[{"name":"wp","href":"https:\/\/api.w.org\/{rel}","templated":true}]}}