{"id":50552,"date":"2023-04-11T03:12:46","date_gmt":"2023-04-11T03:12:46","guid":{"rendered":"https:\/\/www.bitacoracdmx.com\/?p=50552"},"modified":"2023-04-11T03:12:46","modified_gmt":"2023-04-11T03:12:46","slug":"rosy-arango-se-presentara-por-primera-vez-el-11-de-abril-en-la-feria-internacional-del-caballo-texcoco-2023","status":"publish","type":"post","link":"https:\/\/www.bitacoracdmx.com\/?p=50552","title":{"rendered":"Rosy Arango Se presentar\u00e1 por primera vez el 11 de abril  en la Feria Internacional del Caballo Texcoco, 2023"},"content":{"rendered":"<p>[fusion_builder_container hundred_percent=&#8221;no&#8221; equal_height_columns=&#8221;no&#8221; menu_anchor=&#8221;&#8221; hide_on_mobile=&#8221;small-visibility,medium-visibility,large-visibility&#8221; class=&#8221;&#8221; id=&#8221;&#8221; background_color=&#8221;&#8221; background_image=&#8221;&#8221; background_position=&#8221;center center&#8221; background_repeat=&#8221;no-repeat&#8221; fade=&#8221;no&#8221; background_parallax=&#8221;none&#8221; parallax_speed=&#8221;0.3&#8243; video_mp4=&#8221;&#8221; video_webm=&#8221;&#8221; video_ogv=&#8221;&#8221; video_url=&#8221;&#8221; video_aspect_ratio=&#8221;16:9&#8243; video_loop=&#8221;yes&#8221; video_mute=&#8221;yes&#8221; overlay_color=&#8221;&#8221; video_preview_image=&#8221;&#8221; border_size=&#8221;&#8221; border_color=&#8221;&#8221; border_style=&#8221;solid&#8221; padding_top=&#8221;&#8221; padding_bottom=&#8221;&#8221; padding_left=&#8221;&#8221; padding_right=&#8221;&#8221;][fusion_builder_row][fusion_builder_column type=&#8221;1_1&#8243; layout=&#8221;1_1&#8243; background_position=&#8221;left top&#8221; background_color=&#8221;&#8221; border_size=&#8221;&#8221; border_color=&#8221;&#8221; border_style=&#8221;solid&#8221; border_position=&#8221;all&#8221; spacing=&#8221;yes&#8221; background_image=&#8221;&#8221; background_repeat=&#8221;no-repeat&#8221; padding_top=&#8221;&#8221; padding_right=&#8221;&#8221; padding_bottom=&#8221;&#8221; padding_left=&#8221;&#8221; margin_top=&#8221;0px&#8221; margin_bottom=&#8221;0px&#8221; class=&#8221;&#8221; id=&#8221;&#8221; animation_type=&#8221;&#8221; animation_speed=&#8221;0.3&#8243; animation_direction=&#8221;left&#8221; hide_on_mobile=&#8221;small-visibility,medium-visibility,large-visibility&#8221; center_content=&#8221;no&#8221; last=&#8221;no&#8221; min_height=&#8221;&#8221; hover_type=&#8221;none&#8221; link=&#8221;&#8221;][fusion_text]<\/p>\n<p>REDACCI\u00d3N<\/p>\n<p>Amante de las tradiciones mexicanas, Rosy Arango ofrecer\u00e1 su espect\u00e1culo M\u00e9xico Inmortal en el Palenque de la Feria Internacional del Caballo el pr\u00f3ximo 11 de abril en Texcoco, Estado de M\u00e9xico. La int\u00e9rprete ofrecer\u00e1 un magno espect\u00e1culo para agasajar a los amantes de los inmortales \u00e9xitos que la han convertido en una de las mejores exponentes de la m\u00fasica vern\u00e1cula de los \u00faltimos a\u00f1os.<\/p>\n<p>Amante de M\u00e9xico, la tres veces Embajadora de la M\u00fasica Mexicana en el mundo, deleitar\u00e1 al respetable con el recorrido musical que incluir\u00e1n grandes obras como \u201cPaloma Negra\u201d, \u201cUrge\u201d, \u201cViva M\u00e9xico\u201d, entre otros. Acompa\u00f1ada por Mi Mariachi y un conjunto de bailarines se espera que la noche del 11 de abril sea inolvidable en esta que ser\u00e1 su primera presentaci\u00f3n en la reina de las ferias.<\/p>\n<p>Adem\u00e1s de esta presentaci\u00f3n, Rosy ya se encuentra preparando lo que ser\u00e1 su pr\u00f3xima producci\u00f3n musical y que ver\u00e1 la luz en septiembre pr\u00f3ximo, el mes patrio que ella festeja a lo largo y ancho del pa\u00eds y el mundo, llevando la tradici\u00f3n mexicana a todos lados.<\/p>\n<p>Rosy inici\u00f3 su trayectoria musical hace m\u00e1s de 20 a\u00f1os, arropada por grandes maestros, incluido Armando Manzanero, quien la llev\u00f3 de la mano hacia el mundo de los boleros. Actualmente, comparte escenario en \u201cA Ritmo de la Bohemia\u201d el programa que conduce junto a Carlos Cuevas y en donde da una clara demostraci\u00f3n de la potente voz que tiene y que la ha mantenido en el gusto del p\u00fablico durante todos estos a\u00f1os.<\/p>\n<p>Los boletos para disfrutar de su presentaci\u00f3n el 11 de abril en el Palenque de la FICT ya est\u00e1n disponibles en superboletos.com y en las taquillas del inmueble.<\/p>\n<p>Compra tus boletos en el siguiente Link:<\/p>\n<p><a href=\"https:\/\/7tqg.short.gy\/BOLETOSROSYENLAFICT23\">https:\/\/7tqg.short.gy\/BOLETOSROSYENLAFICT23<\/a><\/p>\n<p>Para mayor informaci\u00f3n, favor de visitar:<\/p>\n<p><strong>Facebook: Rosy Arango Oficial<\/strong><\/p>\n<p><strong>Twitter: @rosyarango<\/strong><\/p>\n<p><strong>Instagram: Rosyarango<\/strong><\/p>\n<p><strong>Youtube: Rosy Arango<\/strong><\/p>\n<p><strong>P\u00e1gina web: www.rosyarango.com<\/strong><\/p>\n<div dir=\"auto\"><a class=\"x1i10hfl xjbqb8w x6umtig x1b1mbwd xaqea5y xav7gou x9f619 x1ypdohk xt0psk2 xe8uvvx xdj266r x11i5rnm xat24cr x1mh8g0r xexx8yu x4uap5 x18d9i69 xkhd6sd x16tdsg8 x1hl2dhg xggy1nq x1a2a7pz xt0b8zv x1qq9wsj xo1l8bm\" tabindex=\"0\" role=\"link\" href=\"https:\/\/www.facebook.com\/hashtag\/rosyarango?__eep__=6&amp;__cft__[0]=AZXy_Vma4MdUV3WSV1Bn8iflgbChy7t6ZXm0Iuqj0tZHaCzAVq8BJXchaYUYMCR9kjezEvS09Qy_QqIcs9uuPi1zER9pt867TjkjOMQjBMeVy4NFmdJlaG7qEYz0OiSUNcM&amp;__tn__=*NK-R\">#RosyArango<\/a><\/div>\n<div dir=\"auto\"><a class=\"x1i10hfl xjbqb8w x6umtig x1b1mbwd xaqea5y xav7gou x9f619 x1ypdohk xt0psk2 xe8uvvx xdj266r x11i5rnm xat24cr x1mh8g0r xexx8yu x4uap5 x18d9i69 xkhd6sd x16tdsg8 x1hl2dhg xggy1nq x1a2a7pz xt0b8zv x1qq9wsj xo1l8bm\" tabindex=\"0\" role=\"link\" href=\"https:\/\/www.facebook.com\/hashtag\/fict2023?__eep__=6&amp;__cft__[0]=AZXy_Vma4MdUV3WSV1Bn8iflgbChy7t6ZXm0Iuqj0tZHaCzAVq8BJXchaYUYMCR9kjezEvS09Qy_QqIcs9uuPi1zER9pt867TjkjOMQjBMeVy4NFmdJlaG7qEYz0OiSUNcM&amp;__tn__=*NK-R\">#FICT2023<\/a><\/div>\n<div dir=\"auto\"><a class=\"x1i10hfl xjbqb8w x6umtig x1b1mbwd xaqea5y xav7gou x9f619 x1ypdohk xt0psk2 xe8uvvx xdj266r x11i5rnm xat24cr x1mh8g0r xexx8yu x4uap5 x18d9i69 xkhd6sd x16tdsg8 x1hl2dhg xggy1nq x1a2a7pz xt0b8zv x1qq9wsj xo1l8bm\" tabindex=\"0\" role=\"link\" href=\"https:\/\/www.facebook.com\/hashtag\/palenque?__eep__=6&amp;__cft__[0]=AZXy_Vma4MdUV3WSV1Bn8iflgbChy7t6ZXm0Iuqj0tZHaCzAVq8BJXchaYUYMCR9kjezEvS09Qy_QqIcs9uuPi1zER9pt867TjkjOMQjBMeVy4NFmdJlaG7qEYz0OiSUNcM&amp;__tn__=*NK-R\">#Palenque<\/a><\/div>\n<div dir=\"auto\"><a class=\"x1i10hfl xjbqb8w x6umtig x1b1mbwd xaqea5y xav7gou x9f619 x1ypdohk xt0psk2 xe8uvvx xdj266r x11i5rnm xat24cr x1mh8g0r xexx8yu x4uap5 x18d9i69 xkhd6sd x16tdsg8 x1hl2dhg xggy1nq x1a2a7pz xt0b8zv x1qq9wsj xo1l8bm\" tabindex=\"0\" role=\"link\" href=\"https:\/\/www.facebook.com\/hashtag\/bit%C3%A1coracdmx?__eep__=6&amp;__cft__[0]=AZXy_Vma4MdUV3WSV1Bn8iflgbChy7t6ZXm0Iuqj0tZHaCzAVq8BJXchaYUYMCR9kjezEvS09Qy_QqIcs9uuPi1zER9pt867TjkjOMQjBMeVy4NFmdJlaG7qEYz0OiSUNcM&amp;__tn__=*NK-R\">#bit\u00e1coracdmx<\/a><\/div>\n<p>[\/fusion_text][fusion_imageframe image_id=&#8221;50553|medium&#8221; max_width=&#8221;&#8221; style_type=&#8221;&#8221; blur=&#8221;&#8221; stylecolor=&#8221;&#8221; hover_type=&#8221;none&#8221; bordersize=&#8221;&#8221; bordercolor=&#8221;&#8221; borderradius=&#8221;&#8221; align=&#8221;none&#8221; lightbox=&#8221;no&#8221; gallery_id=&#8221;&#8221; lightbox_image=&#8221;&#8221; lightbox_image_id=&#8221;&#8221; alt=&#8221;&#8221; link=&#8221;&#8221; linktarget=&#8221;_self&#8221; hide_on_mobile=&#8221;small-visibility,medium-visibility,large-visibility&#8221; class=&#8221;&#8221; id=&#8221;&#8221; animation_type=&#8221;&#8221; animation_direction=&#8221;left&#8221; animation_speed=&#8221;0.3&#8243; animation_offset=&#8221;&#8221;]https:\/\/www.bitacoracdmx.com\/wp-content\/uploads\/2023\/04\/WhatsApp-Image-2023-04-10-at-5.27.00-PM-300&#215;300.jpeg[\/fusion_imageframe][\/fusion_builder_column][\/fusion_builder_row][\/fusion_builder_container]<\/p>\n","protected":false},"excerpt":{"rendered":"<p>[fusion_builder_container hundred_percent=&#8221;no&#8221; equal_height_columns=&#8221;no&#8221; menu_anchor=&#8221;&#8221; hide_on_mobile=&#8221;small-visibility,medium-visibility,large-visibility&#8221; class=&#8221;&#8221; id=&#8221;&#8221; background_color=&#8221;&#8221; background_image=&#8221;&#8221; background_position=&#8221;center center&#8221; background_repeat=&#8221;no-repeat&#8221; fade=&#8221;no&#8221; background_parallax=&#8221;none&#8221; parallax_speed=&#8221;0.3&#8243; video_mp4=&#8221;&#8221; video_webm=&#8221;&#8221; video_ogv=&#8221;&#8221; video_url=&#8221;&#8221; video_aspect_ratio=&#8221;16:9&#8243; video_loop=&#8221;yes&#8221; video_mute=&#8221;yes&#8221; overlay_color=&#8221;&#8221; video_preview_image=&#8221;&#8221; border_size=&#8221;&#8221; border_color=&#8221;&#8221; border_style=&#8221;solid&#8221; padding_top=&#8221;&#8221; padding_bottom=&#8221;&#8221; padding_left=&#8221;&#8221; padding_right=&#8221;&#8221;][fusion_builder_row][fusion_builder_column type=&#8221;1_1&#8243; layout=&#8221;1_1&#8243; background_position=&#8221;left top&#8221; background_color=&#8221;&#8221; border_size=&#8221;&#8221; border_color=&#8221;&#8221; border_style=&#8221;solid&#8221; border_position=&#8221;all&#8221; spacing=&#8221;yes&#8221; background_image=&#8221;&#8221; background_repeat=&#8221;no-repeat&#8221; padding_top=&#8221;&#8221; padding_right=&#8221;&#8221; padding_bottom=&#8221;&#8221; padding_left=&#8221;&#8221; margin_top=&#8221;0px&#8221; margin_bottom=&#8221;0px&#8221; class=&#8221;&#8221; id=&#8221;&#8221; animation_type=&#8221;&#8221; animation_speed=&#8221;0.3&#8243; animation_direction=&#8221;left&#8221; hide_on_mobile=&#8221;small-visibility,medium-visibility,large-visibility&#8221; center_content=&#8221;no&#8221; last=&#8221;no&#8221; min_height=&#8221;&#8221; hover_type=&#8221;none&#8221; link=&#8221;&#8221;][fusion_text] REDACCI\u00d3N Amante de las tradiciones mexicanas, Rosy Arango ofrecer\u00e1 su espect\u00e1culo M\u00e9xico Inmortal en el Palenque de la Feria Internacional del Caballo el pr\u00f3ximo 11 de abril en Texcoco, Estado de M\u00e9xico. La int\u00e9rprete ofrecer\u00e1 un magno espect\u00e1culo para agasajar [&hellip;]<\/p>\n","protected":false},"author":1,"featured_media":50553,"comment_status":"open","ping_status":"open","sticky":false,"template":"","format":"standard","meta":{"footnotes":""},"categories":[9,11],"tags":[],"_links":{"self":[{"href":"https:\/\/www.bitacoracdmx.com\/index.php?rest_route=\/wp\/v2\/posts\/50552"}],"collection":[{"href":"https:\/\/www.bitacoracdmx.com\/index.php?rest_route=\/wp\/v2\/posts"}],"about":[{"href":"https:\/\/www.bitacoracdmx.com\/index.php?rest_route=\/wp\/v2\/types\/post"}],"author":[{"embeddable":true,"href":"https:\/\/www.bitacoracdmx.com\/index.php?rest_route=\/wp\/v2\/users\/1"}],"replies":[{"embeddable":true,"href":"https:\/\/www.bitacoracdmx.com\/index.php?rest_route=%2Fwp%2Fv2%2Fcomments&post=50552"}],"version-history":[{"count":1,"href":"https:\/\/www.bitacoracdmx.com\/index.php?rest_route=\/wp\/v2\/posts\/50552\/revisions"}],"predecessor-version":[{"id":50554,"href":"https:\/\/www.bitacoracdmx.com\/index.php?rest_route=\/wp\/v2\/posts\/50552\/revisions\/50554"}],"wp:featuredmedia":[{"embeddable":true,"href":"https:\/\/www.bitacoracdmx.com\/index.php?rest_route=\/wp\/v2\/media\/50553"}],"wp:attachment":[{"href":"https:\/\/www.bitacoracdmx.com\/index.php?rest_route=%2Fwp%2Fv2%2Fmedia&parent=50552"}],"wp:term":[{"taxonomy":"category","embeddable":true,"href":"https:\/\/www.bitacoracdmx.com\/index.php?rest_route=%2Fwp%2Fv2%2Fcategories&post=50552"},{"taxonomy":"post_tag","embeddable":true,"href":"https:\/\/www.bitacoracdmx.com\/index.php?rest_route=%2Fwp%2Fv2%2Ftags&post=50552"}],"curies":[{"name":"wp","href":"https:\/\/api.w.org\/{rel}","templated":true}]}}