{"id":50564,"date":"2023-04-11T03:54:15","date_gmt":"2023-04-11T03:54:15","guid":{"rendered":"https:\/\/www.bitacoracdmx.com\/?p=50564"},"modified":"2023-04-11T03:54:15","modified_gmt":"2023-04-11T03:54:15","slug":"invita-claudia-sheinbaum-a-divertirse-este-fin-de-semana-en-animalistica-festival-del-bosque-en-chapultepec","status":"publish","type":"post","link":"https:\/\/www.bitacoracdmx.com\/?p=50564","title":{"rendered":"Invita CLAUDIA SHEINBAUM a divertirse este fin de semana en &#8220;ANIMAL\u00cdSTICA: FESTIVAL DEL BOSQUE&#8221; en Chapultepec"},"content":{"rendered":"<p>[fusion_builder_container hundred_percent=&#8221;no&#8221; equal_height_columns=&#8221;no&#8221; menu_anchor=&#8221;&#8221; hide_on_mobile=&#8221;small-visibility,medium-visibility,large-visibility&#8221; class=&#8221;&#8221; id=&#8221;&#8221; background_color=&#8221;&#8221; background_image=&#8221;&#8221; background_position=&#8221;center center&#8221; background_repeat=&#8221;no-repeat&#8221; fade=&#8221;no&#8221; background_parallax=&#8221;none&#8221; parallax_speed=&#8221;0.3&#8243; video_mp4=&#8221;&#8221; video_webm=&#8221;&#8221; video_ogv=&#8221;&#8221; video_url=&#8221;&#8221; video_aspect_ratio=&#8221;16:9&#8243; video_loop=&#8221;yes&#8221; video_mute=&#8221;yes&#8221; overlay_color=&#8221;&#8221; video_preview_image=&#8221;&#8221; border_size=&#8221;&#8221; border_color=&#8221;&#8221; border_style=&#8221;solid&#8221; padding_top=&#8221;&#8221; padding_bottom=&#8221;&#8221; padding_left=&#8221;&#8221; padding_right=&#8221;&#8221;][fusion_builder_row][fusion_builder_column type=&#8221;1_1&#8243; layout=&#8221;1_1&#8243; background_position=&#8221;left top&#8221; background_color=&#8221;&#8221; border_size=&#8221;&#8221; border_color=&#8221;&#8221; border_style=&#8221;solid&#8221; border_position=&#8221;all&#8221; spacing=&#8221;yes&#8221; background_image=&#8221;&#8221; background_repeat=&#8221;no-repeat&#8221; padding_top=&#8221;&#8221; padding_right=&#8221;&#8221; padding_bottom=&#8221;&#8221; padding_left=&#8221;&#8221; margin_top=&#8221;0px&#8221; margin_bottom=&#8221;0px&#8221; class=&#8221;&#8221; id=&#8221;&#8221; animation_type=&#8221;&#8221; animation_speed=&#8221;0.3&#8243; animation_direction=&#8221;left&#8221; hide_on_mobile=&#8221;small-visibility,medium-visibility,large-visibility&#8221; center_content=&#8221;no&#8221; last=&#8221;no&#8221; min_height=&#8221;&#8221; hover_type=&#8221;none&#8221; link=&#8221;&#8221;][fusion_text]<\/p>\n<p>REDACCI\u00d3N<\/p>\n<p>\u25cf La secretaria de Medio Ambiente, Marina Robles Garc\u00eda, detall\u00f3 que &#8220;Animal\u00edstica: Festival del Bosque&#8221; forma parte de los festejos de la celebraci\u00f3n de los 100 a\u00f1os del Zool\u00f3gico de Chapultepec &#8220;Alfonso L. Herrera&#8221;<\/p>\n<p>\u25cf La Jefa de Gobierno afirm\u00f3 que los ejemplares que habitan en los zool\u00f3gicos capitalinos son atendidos de manera integral, con alimentaci\u00f3n especializada y revisiones peri\u00f3dicas de salud<\/p>\n<p>La\u00a0<strong>Jefa de Gobierno, Claudia Sheinbaum Pardo<\/strong>, inaugur\u00f3\u00a0<strong>\u201cAnimal\u00edstica: Festival del Bosque\u201d<\/strong>, que del 6 al 9 de abril, ofrecer\u00e1 a familias capitalinas, visitantes nacionales y extranjeros, m\u00e1s de\u00a0<strong>120 actividades gratuitas<\/strong>, entre las que destaca la exhibici\u00f3n de siete mega animales, como la figura de 9 metros de altura alusiva a la panda Xin Xin, que recibe a los visitantes en la Puerta de los Leones, adem\u00e1s de un cocodrilo, un lobo mexicano, un \u00e1guila real, entre otros.<\/p>\n<p>&#8220;Estamos aqu\u00ed para abrir las puertas del Bosque de Chapultepec, a esta grand\u00edsima exposici\u00f3n, juegos, actividades culturales para todos aquellos que nos visitan en esta Semana Santa o todos aquellos que vivimos en la ciudad, que nos quedaremos en la ciudad, que tengamos un lugar para divertirnos, conocer sobre los animales y al mismo tiempo tener esta gran diversi\u00f3n&#8221;, resalt\u00f3.<\/p>\n<p>La mandataria capitalina invit\u00f3 tambi\u00e9n al \u201cPicnic Nocturno\u201d, que se realiza hasta el 8 de abril, en el Jard\u00edn Bot\u00e1nico ubicado en la Primera Secci\u00f3n del Bosque de Chapultepec, en un horario de 20:00 a 22:30 horas. Realiz\u00f3 un recorrido de la Puerta de los Leones al Altar a la Patria, en donde observ\u00f3 la exposici\u00f3n \u201cTotocalli, la casa de los animales\u201d, as\u00ed como un performance y record\u00f3 a la ciudadan\u00eda, los nuevos recintos culturales que podr\u00e1 disfrutar en el Bosque de Chapultepec.<\/p>\n<p>&#8220;Queremos que entre todos y todas disfrutemos este maravilloso Bosque de Chapultepec que, ahora con el recurso que nos ha dado el Presidente de la Rep\u00fablica, se est\u00e1 haciendo much\u00edsima obra y nuevas \u00e1reas culturales, tambi\u00e9n de naturaleza en la Primera, la Segunda, la Tercera y ya saben que muy pronto tendremos la Cuarta Secci\u00f3n del Bosque de Chapultepec; ah\u00ed se est\u00e1 haciendo una Cineteca, se est\u00e1 haciendo una Bodega Nacional&#8221;, inform\u00f3.<\/p>\n<p>Entre otros atractivos tambi\u00e9n se encuentran las exposiciones, \u201cTotocalli, im\u00e1genes para la conservaci\u00f3n\u201d y \u201c100 a\u00f1os haciendo historia\u201d; cuyo objetivo es concientizar sobre el papel de los zool\u00f3gicos en la conservaci\u00f3n de las especies, al representar un refugio para la vida silvestre y un resguardo de aquellas que est\u00e1n en peligro de extinci\u00f3n.<\/p>\n<p>En este sentido, la Jefa de Gobierno, afirm\u00f3 que los ejemplares que habitan en los zool\u00f3gicos capitalinos, son atendidos de manera integral, con alimentaci\u00f3n especializada y revisiones peri\u00f3dicas de salud.<\/p>\n<p>\u201cEs falso que los animales no tengan suficiente comida. Cada comida que se da, aqu\u00ed est\u00e1 nuestro s\u00faper experto Fernando Gual, que es quien se encarga de los zool\u00f3gicos; tienen comida muy especial, cada una de las especies que est\u00e1n aqu\u00ed, se est\u00e1 revisando permanentemente su salud y se est\u00e1 revisando para que est\u00e9n bien, los animales que nacieron aqu\u00ed en el zool\u00f3gico o que de alguna manera se recuperan de alg\u00fan espacio y que tienen su espacio de vida aqu\u00ed\u201d, expres\u00f3.<\/p>\n<p>La\u00a0<strong>secretaria del Medio Ambiente (SEDEMA), Marina Robles Garc\u00eda<\/strong>, mencion\u00f3 que \u201cAnimal\u00edstica: Festival del Bosque de Chapultepec\u201d, es parte de las celebraciones del centenario del Zool\u00f3gico de Chapultepec \u201cAlfonso L. Herrera\u201d, un espacio de conservaci\u00f3n para las especies que lo habitan. \u201cUn zool\u00f3gico que ha evolucionado a lo largo de estos 100 a\u00f1os y que en los \u00faltimos a\u00f1os, adem\u00e1s, hemos avanzado para poder trabajar con m\u00e1s profundidad, con m\u00e1s fuerza y con m\u00e1s compromiso con la conservaci\u00f3n de la biodiversidad, con la conservaci\u00f3n de la vida silvestre\u201d, puntualiz\u00f3.<\/p>\n<p>De acuerdo con la SEDEMA, en los Zool\u00f3gicos de la Ciudad de M\u00e9xico, hay m\u00e1s de 180 ejemplares geri\u00e1tricos, algunos incluso han superado su expectativa de vida gracias al nivel de atenci\u00f3n m\u00e9dica, nutricional y cuidados que reciben diariamente para cubrir todas sus necesidades, de acuerdo con su especie.<\/p>\n<p>A la inauguraci\u00f3n tambi\u00e9n asistieron la secretaria de Cultura, Claudia Curiel de Icaza; el director general de Comunicaci\u00f3n de la Ciencia de la Comisi\u00f3n Nacional para el Conocimiento y Uso de la Biodiversidad (CONABIO), Carlos Enrique Galindo Leal; la directora Ejecutiva del Bosque de Chapultepec, M\u00f3nica Pacheco Skidmore; el director general de Zool\u00f3gicos y Conservaci\u00f3n de la Fauna Silvestre de la SEDEMA, Fernando Gual Sill; el director general del Sistema de \u00c1reas Naturales Protegidas y \u00c1reas de Valor Ambiental de la SEDEMA, Rafael Obreg\u00f3n Viloria; la directora del Museo de Historia Natural y Cultura Ambiental, Laura Mercedes Jim\u00e9nez del Arco; el coordinador del Consejo Rector Ciudadano del Bosque de Chapultepec, Pedro \u00c1lvarez Icaza; la coordinadora del Consejo Rector Ciudadano del Bosque de Chapultepec y vicepresidenta en M\u00e9xico de Conservaci\u00f3n Internacional, Leticia Guti\u00e9rrez Lorandi; la representante del Fideicomiso Pro Bosque de Chapultepec, Agla\u00e9 Fragoso Hern\u00e1ndez; la directora de Gesti\u00f3n del Bosque de San Juan de Arag\u00f3n, Carmen Yenitzia Ch\u00e1vez Carpio; y el representante de la Alianza Mexicana de Fotograf\u00eda para la Conservaci\u00f3n, Topiltzin Contreras MacBeath.<\/p>\n<div dir=\"auto\"><a class=\"x1i10hfl xjbqb8w x6umtig x1b1mbwd xaqea5y xav7gou x9f619 x1ypdohk xt0psk2 xe8uvvx xdj266r x11i5rnm xat24cr x1mh8g0r xexx8yu x4uap5 x18d9i69 xkhd6sd x16tdsg8 x1hl2dhg xggy1nq x1a2a7pz xt0b8zv x1qq9wsj xo1l8bm\" tabindex=\"0\" role=\"link\" href=\"https:\/\/www.facebook.com\/hashtag\/secretariadeculturacdmx?__eep__=6&amp;__cft__[0]=AZWfrg67Dfu7_InVpQnQjMPxBxg4bWvYnKnbuyqggfihF6H3a657dNSpFBMiUaI4jjhtmcqrKs6xjaKhqMMfV6skOuNUI-WV1asdMLD1z4WfKEUI8X67AglHdDNlVhmOk_4&amp;__tn__=*NK-R\">#secretariadeculturacdmx<\/a><\/div>\n<div dir=\"auto\"><a class=\"x1i10hfl xjbqb8w x6umtig x1b1mbwd xaqea5y xav7gou x9f619 x1ypdohk xt0psk2 xe8uvvx xdj266r x11i5rnm xat24cr x1mh8g0r xexx8yu x4uap5 x18d9i69 xkhd6sd x16tdsg8 x1hl2dhg xggy1nq x1a2a7pz xt0b8zv x1qq9wsj xo1l8bm\" tabindex=\"0\" role=\"link\" href=\"https:\/\/www.facebook.com\/hashtag\/gobiernodelaciudaddem%C3%A9xico?__eep__=6&amp;__cft__[0]=AZWfrg67Dfu7_InVpQnQjMPxBxg4bWvYnKnbuyqggfihF6H3a657dNSpFBMiUaI4jjhtmcqrKs6xjaKhqMMfV6skOuNUI-WV1asdMLD1z4WfKEUI8X67AglHdDNlVhmOk_4&amp;__tn__=*NK-R\">#GobiernoDeLaCiudadDeM\u00e9xico<\/a><\/div>\n<div dir=\"auto\"><a class=\"x1i10hfl xjbqb8w x6umtig x1b1mbwd xaqea5y xav7gou x9f619 x1ypdohk xt0psk2 xe8uvvx xdj266r x11i5rnm xat24cr x1mh8g0r xexx8yu x4uap5 x18d9i69 xkhd6sd x16tdsg8 x1hl2dhg xggy1nq x1a2a7pz xt0b8zv x1qq9wsj xo1l8bm\" tabindex=\"0\" role=\"link\" href=\"https:\/\/www.facebook.com\/hashtag\/bit%C3%A1coracdmx?__eep__=6&amp;__cft__[0]=AZWfrg67Dfu7_InVpQnQjMPxBxg4bWvYnKnbuyqggfihF6H3a657dNSpFBMiUaI4jjhtmcqrKs6xjaKhqMMfV6skOuNUI-WV1asdMLD1z4WfKEUI8X67AglHdDNlVhmOk_4&amp;__tn__=*NK-R\">#bit\u00e1coracdmx<\/a><\/div>\n<p>[\/fusion_text][fusion_imageframe image_id=&#8221;50565|medium&#8221; max_width=&#8221;&#8221; style_type=&#8221;&#8221; blur=&#8221;&#8221; stylecolor=&#8221;&#8221; hover_type=&#8221;none&#8221; bordersize=&#8221;&#8221; bordercolor=&#8221;&#8221; borderradius=&#8221;&#8221; align=&#8221;none&#8221; lightbox=&#8221;no&#8221; gallery_id=&#8221;&#8221; lightbox_image=&#8221;&#8221; lightbox_image_id=&#8221;&#8221; alt=&#8221;&#8221; link=&#8221;&#8221; linktarget=&#8221;_self&#8221; hide_on_mobile=&#8221;small-visibility,medium-visibility,large-visibility&#8221; class=&#8221;&#8221; id=&#8221;&#8221; animation_type=&#8221;&#8221; animation_direction=&#8221;left&#8221; animation_speed=&#8221;0.3&#8243; animation_offset=&#8221;&#8221;]https:\/\/www.bitacoracdmx.com\/wp-content\/uploads\/2023\/04\/WhatsApp-Image-2023-04-06-at-6.41.20-PM-300&#215;144.jpeg[\/fusion_imageframe][\/fusion_builder_column][\/fusion_builder_row][\/fusion_builder_container]<\/p>\n","protected":false},"excerpt":{"rendered":"<p>[fusion_builder_container hundred_percent=&#8221;no&#8221; equal_height_columns=&#8221;no&#8221; menu_anchor=&#8221;&#8221; hide_on_mobile=&#8221;small-visibility,medium-visibility,large-visibility&#8221; class=&#8221;&#8221; id=&#8221;&#8221; background_color=&#8221;&#8221; background_image=&#8221;&#8221; background_position=&#8221;center center&#8221; background_repeat=&#8221;no-repeat&#8221; fade=&#8221;no&#8221; background_parallax=&#8221;none&#8221; parallax_speed=&#8221;0.3&#8243; video_mp4=&#8221;&#8221; video_webm=&#8221;&#8221; video_ogv=&#8221;&#8221; video_url=&#8221;&#8221; video_aspect_ratio=&#8221;16:9&#8243; video_loop=&#8221;yes&#8221; video_mute=&#8221;yes&#8221; overlay_color=&#8221;&#8221; video_preview_image=&#8221;&#8221; border_size=&#8221;&#8221; border_color=&#8221;&#8221; border_style=&#8221;solid&#8221; padding_top=&#8221;&#8221; padding_bottom=&#8221;&#8221; padding_left=&#8221;&#8221; padding_right=&#8221;&#8221;][fusion_builder_row][fusion_builder_column type=&#8221;1_1&#8243; layout=&#8221;1_1&#8243; background_position=&#8221;left top&#8221; background_color=&#8221;&#8221; border_size=&#8221;&#8221; border_color=&#8221;&#8221; border_style=&#8221;solid&#8221; border_position=&#8221;all&#8221; spacing=&#8221;yes&#8221; background_image=&#8221;&#8221; background_repeat=&#8221;no-repeat&#8221; padding_top=&#8221;&#8221; padding_right=&#8221;&#8221; padding_bottom=&#8221;&#8221; padding_left=&#8221;&#8221; margin_top=&#8221;0px&#8221; margin_bottom=&#8221;0px&#8221; class=&#8221;&#8221; id=&#8221;&#8221; animation_type=&#8221;&#8221; animation_speed=&#8221;0.3&#8243; animation_direction=&#8221;left&#8221; hide_on_mobile=&#8221;small-visibility,medium-visibility,large-visibility&#8221; center_content=&#8221;no&#8221; last=&#8221;no&#8221; min_height=&#8221;&#8221; hover_type=&#8221;none&#8221; link=&#8221;&#8221;][fusion_text] REDACCI\u00d3N \u25cf La secretaria de Medio Ambiente, Marina Robles Garc\u00eda, detall\u00f3 que &#8220;Animal\u00edstica: Festival del Bosque&#8221; forma parte de los festejos de la celebraci\u00f3n de los 100 a\u00f1os del Zool\u00f3gico de Chapultepec &#8220;Alfonso L. Herrera&#8221; \u25cf La Jefa de Gobierno [&hellip;]<\/p>\n","protected":false},"author":1,"featured_media":50565,"comment_status":"open","ping_status":"open","sticky":false,"template":"","format":"standard","meta":{"footnotes":""},"categories":[4,9],"tags":[],"_links":{"self":[{"href":"https:\/\/www.bitacoracdmx.com\/index.php?rest_route=\/wp\/v2\/posts\/50564"}],"collection":[{"href":"https:\/\/www.bitacoracdmx.com\/index.php?rest_route=\/wp\/v2\/posts"}],"about":[{"href":"https:\/\/www.bitacoracdmx.com\/index.php?rest_route=\/wp\/v2\/types\/post"}],"author":[{"embeddable":true,"href":"https:\/\/www.bitacoracdmx.com\/index.php?rest_route=\/wp\/v2\/users\/1"}],"replies":[{"embeddable":true,"href":"https:\/\/www.bitacoracdmx.com\/index.php?rest_route=%2Fwp%2Fv2%2Fcomments&post=50564"}],"version-history":[{"count":1,"href":"https:\/\/www.bitacoracdmx.com\/index.php?rest_route=\/wp\/v2\/posts\/50564\/revisions"}],"predecessor-version":[{"id":50566,"href":"https:\/\/www.bitacoracdmx.com\/index.php?rest_route=\/wp\/v2\/posts\/50564\/revisions\/50566"}],"wp:featuredmedia":[{"embeddable":true,"href":"https:\/\/www.bitacoracdmx.com\/index.php?rest_route=\/wp\/v2\/media\/50565"}],"wp:attachment":[{"href":"https:\/\/www.bitacoracdmx.com\/index.php?rest_route=%2Fwp%2Fv2%2Fmedia&parent=50564"}],"wp:term":[{"taxonomy":"category","embeddable":true,"href":"https:\/\/www.bitacoracdmx.com\/index.php?rest_route=%2Fwp%2Fv2%2Fcategories&post=50564"},{"taxonomy":"post_tag","embeddable":true,"href":"https:\/\/www.bitacoracdmx.com\/index.php?rest_route=%2Fwp%2Fv2%2Ftags&post=50564"}],"curies":[{"name":"wp","href":"https:\/\/api.w.org\/{rel}","templated":true}]}}