{"id":50567,"date":"2023-04-11T04:03:01","date_gmt":"2023-04-11T04:03:01","guid":{"rendered":"https:\/\/www.bitacoracdmx.com\/?p=50567"},"modified":"2023-04-11T04:03:01","modified_gmt":"2023-04-11T04:03:01","slug":"reune-15o-gran-remate-de-libros-y-peliculas-a-mas-de-160-mil-personas-en-el-monumento-a-la-revolucion","status":"publish","type":"post","link":"https:\/\/www.bitacoracdmx.com\/?p=50567","title":{"rendered":"Re\u00fane 15\u00ba GRAN REMATE DE LIBROS Y PEL\u00cdCULAS a m\u00e1s de 160 MIL PERSONAS EN EL MONUMENTO A LA REVOLUCI\u00d3N"},"content":{"rendered":"<p>[fusion_builder_container hundred_percent=&#8221;no&#8221; equal_height_columns=&#8221;no&#8221; menu_anchor=&#8221;&#8221; hide_on_mobile=&#8221;small-visibility,medium-visibility,large-visibility&#8221; class=&#8221;&#8221; id=&#8221;&#8221; background_color=&#8221;&#8221; background_image=&#8221;&#8221; background_position=&#8221;center center&#8221; background_repeat=&#8221;no-repeat&#8221; fade=&#8221;no&#8221; background_parallax=&#8221;none&#8221; parallax_speed=&#8221;0.3&#8243; video_mp4=&#8221;&#8221; video_webm=&#8221;&#8221; video_ogv=&#8221;&#8221; video_url=&#8221;&#8221; video_aspect_ratio=&#8221;16:9&#8243; video_loop=&#8221;yes&#8221; video_mute=&#8221;yes&#8221; overlay_color=&#8221;&#8221; video_preview_image=&#8221;&#8221; border_size=&#8221;&#8221; border_color=&#8221;&#8221; border_style=&#8221;solid&#8221; padding_top=&#8221;&#8221; padding_bottom=&#8221;&#8221; padding_left=&#8221;&#8221; padding_right=&#8221;&#8221;][fusion_builder_row][fusion_builder_column type=&#8221;1_1&#8243; layout=&#8221;1_1&#8243; background_position=&#8221;left top&#8221; background_color=&#8221;&#8221; border_size=&#8221;&#8221; border_color=&#8221;&#8221; border_style=&#8221;solid&#8221; border_position=&#8221;all&#8221; spacing=&#8221;yes&#8221; background_image=&#8221;&#8221; background_repeat=&#8221;no-repeat&#8221; padding_top=&#8221;&#8221; padding_right=&#8221;&#8221; padding_bottom=&#8221;&#8221; padding_left=&#8221;&#8221; margin_top=&#8221;0px&#8221; margin_bottom=&#8221;0px&#8221; class=&#8221;&#8221; id=&#8221;&#8221; animation_type=&#8221;&#8221; animation_speed=&#8221;0.3&#8243; animation_direction=&#8221;left&#8221; hide_on_mobile=&#8221;small-visibility,medium-visibility,large-visibility&#8221; center_content=&#8221;no&#8221; last=&#8221;no&#8221; min_height=&#8221;&#8221; hover_type=&#8221;none&#8221; link=&#8221;&#8221;][fusion_text]<\/p>\n<p>REDACCI\u00d3N<\/p>\n<p>\u25cf El evento organizado por la Brigada Para Leer en Libertad AC. y la Secretar\u00eda de Cultura de la Ciudad de M\u00e9xico, cont\u00f3 con m\u00e1s de 170 expositores y 350 sellos editoriales distribuidos en 10 carpas<\/p>\n<p>\u25cf Con el emblema \u201cSalva un libro, no dejes que lo destruyan\u201d se remataron libros, discos y pel\u00edculas a precios desde los 10 hasta los 150 pesos con el fin de fomentar la lectura entre los capitalinos<\/p>\n<p>\u25cf Lectoras y lectores de todas las edades acudieron del 5 al 9 de abril a rescatar libros que estaban destinados a la trituradora<\/p>\n<p>La Secretar\u00eda de Cultura informa que el\u00a0<strong>15o. Gran Remate de Libros y Pel\u00edculas de la Ciudad de M\u00e9xico<\/strong>, organizado por el\u00a0<strong>Gobierno capitalino y la Brigada para Leer en Libertad AC.<\/strong>, rompi\u00f3 r\u00e9cord de visitantes al reunir a m\u00e1s de\u00a0<strong>160 mil personas<\/strong>\u00a0en el\u00a0<strong>Monumento a la Revoluci\u00f3n<\/strong>, en donde participaron m\u00e1s de 170 expositores y 350 sellos editoriales distribuidos en 10 carpas, del 5 al 9 de abril.<\/p>\n<p>Durante el evento, miles de lectoras y lectores de todas las edades acudieron al Gran Remate en busca de libros de literatura, ciencia, infantiles, de historia, c\u00f3mics, revistas, pel\u00edculas, discos y vinilos en oferta y precios desde los 10 hasta 150 pesos.<\/p>\n<p>Cabe recordar que la edici\u00f3n del a\u00f1o pasado logr\u00f3 reunir a 23 mil personas luego del cierre de sus ediciones en 2020 y 2021 derivado de la pandemia por COVID-19.<\/p>\n<p>Este 2023 el evento retom\u00f3 la totalidad de las actividades y lo hizo bajo el lema \u201cSalva un libro, no dejes que lo destruyan\u201d, a trav\u00e9s del cual se invit\u00f3 a lectoras y lectores a transformar el destino de miles de ejemplares que, de lo contrario, habr\u00edan sido triturados.<\/p>\n<p>La\u00a0<strong>secretaria de Cultura de la Ciudad de M\u00e9xico, Claudia Curiel de Icaza<\/strong>, recalc\u00f3 la importancia de los 15 a\u00f1os de la iniciativa, ya que se ha convertido en un encuentro fundamental para el acceso a la lectura de los habitantes de la ciudad; agreg\u00f3 que este a\u00f1o se cont\u00f3 con 30 sellos editoriales m\u00e1s que en el 2022.<\/p>\n<p>Con esta feria, esta dependencia busca promover los libros, la lectura y garantiza el derecho a la Cultura.<\/p>\n<p>El Gran Remate de Libros es parte de la oferta cultural que el Gobierno capitalino prepar\u00f3 para el periodo vacacional de Semana Santa, que tambi\u00e9n incluy\u00f3 \u201cAnimal\u00edstica Festival del Bosque 2023\u201d, en el Bosque de Chapultepec que cont\u00f3 con m\u00e1s de 120 actividades.<\/p>\n<p>Las actividades de la\u00a0<strong>Secretar\u00eda de Cultura<\/strong>\u00a0se pueden conocer en la\u00a0<strong>Cartelera de la Ciudad de M\u00e9xico<\/strong>\u00a0(cartelera.cdmx.gob.mx) y a trav\u00e9s de sus redes sociales: Facebook, Twitter, Instagram y YouTube.<\/p>\n<div dir=\"auto\"><a class=\"x1i10hfl xjbqb8w x6umtig x1b1mbwd xaqea5y xav7gou x9f619 x1ypdohk xt0psk2 xe8uvvx xdj266r x11i5rnm xat24cr x1mh8g0r xexx8yu x4uap5 x18d9i69 xkhd6sd x16tdsg8 x1hl2dhg xggy1nq x1a2a7pz xt0b8zv x1qq9wsj xo1l8bm\" tabindex=\"0\" role=\"link\" href=\"https:\/\/www.facebook.com\/hashtag\/secretariadeculturacdmx?__eep__=6&amp;__cft__[0]=AZUMwTkrJigo2lK9feGQ22YnE4ijpEcEfTjapPX8spHcH_8C2F5BzTPVzdzt4HfvPFpb8NtX6rGnLLkQLnGfjlemEFyFVS1ME-xG4nFVLBTxOcYy_D8ZdErT1FCTyekSnvE&amp;__tn__=*NK-R\">#secretariadeculturacdmx<\/a><\/div>\n<div dir=\"auto\"><a class=\"x1i10hfl xjbqb8w x6umtig x1b1mbwd xaqea5y xav7gou x9f619 x1ypdohk xt0psk2 xe8uvvx xdj266r x11i5rnm xat24cr x1mh8g0r xexx8yu x4uap5 x18d9i69 xkhd6sd x16tdsg8 x1hl2dhg xggy1nq x1a2a7pz xt0b8zv x1qq9wsj xo1l8bm\" tabindex=\"0\" role=\"link\" href=\"https:\/\/www.facebook.com\/hashtag\/gobiernodelaciudaddem%C3%A9xico?__eep__=6&amp;__cft__[0]=AZUMwTkrJigo2lK9feGQ22YnE4ijpEcEfTjapPX8spHcH_8C2F5BzTPVzdzt4HfvPFpb8NtX6rGnLLkQLnGfjlemEFyFVS1ME-xG4nFVLBTxOcYy_D8ZdErT1FCTyekSnvE&amp;__tn__=*NK-R\">#GobiernoDeLaCiudadDeM\u00e9xico<\/a><\/div>\n<div dir=\"auto\"><a class=\"x1i10hfl xjbqb8w x6umtig x1b1mbwd xaqea5y xav7gou x9f619 x1ypdohk xt0psk2 xe8uvvx xdj266r x11i5rnm xat24cr x1mh8g0r xexx8yu x4uap5 x18d9i69 xkhd6sd x16tdsg8 x1hl2dhg xggy1nq x1a2a7pz xt0b8zv x1qq9wsj xo1l8bm\" tabindex=\"0\" role=\"link\" href=\"https:\/\/www.facebook.com\/hashtag\/bit%C3%A1coracdmx?__eep__=6&amp;__cft__[0]=AZUMwTkrJigo2lK9feGQ22YnE4ijpEcEfTjapPX8spHcH_8C2F5BzTPVzdzt4HfvPFpb8NtX6rGnLLkQLnGfjlemEFyFVS1ME-xG4nFVLBTxOcYy_D8ZdErT1FCTyekSnvE&amp;__tn__=*NK-R\">#bit\u00e1coracdmx<\/a><\/div>\n<p>[\/fusion_text][fusion_imageframe image_id=&#8221;50568|medium&#8221; max_width=&#8221;&#8221; style_type=&#8221;&#8221; blur=&#8221;&#8221; stylecolor=&#8221;&#8221; hover_type=&#8221;none&#8221; bordersize=&#8221;&#8221; bordercolor=&#8221;&#8221; borderradius=&#8221;&#8221; align=&#8221;none&#8221; lightbox=&#8221;no&#8221; gallery_id=&#8221;&#8221; lightbox_image=&#8221;&#8221; lightbox_image_id=&#8221;&#8221; alt=&#8221;&#8221; link=&#8221;&#8221; linktarget=&#8221;_self&#8221; hide_on_mobile=&#8221;small-visibility,medium-visibility,large-visibility&#8221; class=&#8221;&#8221; id=&#8221;&#8221; animation_type=&#8221;&#8221; animation_direction=&#8221;left&#8221; animation_speed=&#8221;0.3&#8243; animation_offset=&#8221;&#8221;]https:\/\/www.bitacoracdmx.com\/wp-content\/uploads\/2023\/04\/WhatsApp-Image-2023-04-09-at-7.45.33-PM-300&#215;200.jpeg[\/fusion_imageframe][\/fusion_builder_column][\/fusion_builder_row][\/fusion_builder_container]<\/p>\n","protected":false},"excerpt":{"rendered":"<p>[fusion_builder_container hundred_percent=&#8221;no&#8221; equal_height_columns=&#8221;no&#8221; menu_anchor=&#8221;&#8221; hide_on_mobile=&#8221;small-visibility,medium-visibility,large-visibility&#8221; class=&#8221;&#8221; id=&#8221;&#8221; background_color=&#8221;&#8221; background_image=&#8221;&#8221; background_position=&#8221;center center&#8221; background_repeat=&#8221;no-repeat&#8221; fade=&#8221;no&#8221; background_parallax=&#8221;none&#8221; parallax_speed=&#8221;0.3&#8243; video_mp4=&#8221;&#8221; video_webm=&#8221;&#8221; video_ogv=&#8221;&#8221; video_url=&#8221;&#8221; video_aspect_ratio=&#8221;16:9&#8243; video_loop=&#8221;yes&#8221; video_mute=&#8221;yes&#8221; overlay_color=&#8221;&#8221; video_preview_image=&#8221;&#8221; border_size=&#8221;&#8221; border_color=&#8221;&#8221; border_style=&#8221;solid&#8221; padding_top=&#8221;&#8221; padding_bottom=&#8221;&#8221; padding_left=&#8221;&#8221; padding_right=&#8221;&#8221;][fusion_builder_row][fusion_builder_column type=&#8221;1_1&#8243; layout=&#8221;1_1&#8243; background_position=&#8221;left top&#8221; background_color=&#8221;&#8221; border_size=&#8221;&#8221; border_color=&#8221;&#8221; border_style=&#8221;solid&#8221; border_position=&#8221;all&#8221; spacing=&#8221;yes&#8221; background_image=&#8221;&#8221; background_repeat=&#8221;no-repeat&#8221; padding_top=&#8221;&#8221; padding_right=&#8221;&#8221; padding_bottom=&#8221;&#8221; padding_left=&#8221;&#8221; margin_top=&#8221;0px&#8221; margin_bottom=&#8221;0px&#8221; class=&#8221;&#8221; id=&#8221;&#8221; animation_type=&#8221;&#8221; animation_speed=&#8221;0.3&#8243; animation_direction=&#8221;left&#8221; hide_on_mobile=&#8221;small-visibility,medium-visibility,large-visibility&#8221; center_content=&#8221;no&#8221; last=&#8221;no&#8221; min_height=&#8221;&#8221; hover_type=&#8221;none&#8221; link=&#8221;&#8221;][fusion_text] REDACCI\u00d3N \u25cf El evento organizado por la Brigada Para Leer en Libertad AC. y la Secretar\u00eda de Cultura de la Ciudad de M\u00e9xico, cont\u00f3 con m\u00e1s de 170 expositores y 350 sellos editoriales distribuidos en 10 carpas \u25cf Con el [&hellip;]<\/p>\n","protected":false},"author":1,"featured_media":50568,"comment_status":"open","ping_status":"open","sticky":false,"template":"","format":"standard","meta":{"footnotes":""},"categories":[9,10],"tags":[],"_links":{"self":[{"href":"https:\/\/www.bitacoracdmx.com\/index.php?rest_route=\/wp\/v2\/posts\/50567"}],"collection":[{"href":"https:\/\/www.bitacoracdmx.com\/index.php?rest_route=\/wp\/v2\/posts"}],"about":[{"href":"https:\/\/www.bitacoracdmx.com\/index.php?rest_route=\/wp\/v2\/types\/post"}],"author":[{"embeddable":true,"href":"https:\/\/www.bitacoracdmx.com\/index.php?rest_route=\/wp\/v2\/users\/1"}],"replies":[{"embeddable":true,"href":"https:\/\/www.bitacoracdmx.com\/index.php?rest_route=%2Fwp%2Fv2%2Fcomments&post=50567"}],"version-history":[{"count":1,"href":"https:\/\/www.bitacoracdmx.com\/index.php?rest_route=\/wp\/v2\/posts\/50567\/revisions"}],"predecessor-version":[{"id":50569,"href":"https:\/\/www.bitacoracdmx.com\/index.php?rest_route=\/wp\/v2\/posts\/50567\/revisions\/50569"}],"wp:featuredmedia":[{"embeddable":true,"href":"https:\/\/www.bitacoracdmx.com\/index.php?rest_route=\/wp\/v2\/media\/50568"}],"wp:attachment":[{"href":"https:\/\/www.bitacoracdmx.com\/index.php?rest_route=%2Fwp%2Fv2%2Fmedia&parent=50567"}],"wp:term":[{"taxonomy":"category","embeddable":true,"href":"https:\/\/www.bitacoracdmx.com\/index.php?rest_route=%2Fwp%2Fv2%2Fcategories&post=50567"},{"taxonomy":"post_tag","embeddable":true,"href":"https:\/\/www.bitacoracdmx.com\/index.php?rest_route=%2Fwp%2Fv2%2Ftags&post=50567"}],"curies":[{"name":"wp","href":"https:\/\/api.w.org\/{rel}","templated":true}]}}