{"id":50574,"date":"2023-04-12T04:31:39","date_gmt":"2023-04-12T04:31:39","guid":{"rendered":"https:\/\/www.bitacoracdmx.com\/?p=50574"},"modified":"2023-04-12T04:31:39","modified_gmt":"2023-04-12T04:31:39","slug":"la-banda-chilena-tomo-como-rey-realizara-extensa-gira-por-mexico-2","status":"publish","type":"post","link":"https:\/\/www.bitacoracdmx.com\/?p=50574","title":{"rendered":"La banda chilena TOMO COMO REY realizar\u00e1 extensa gira por M\u00e9xico"},"content":{"rendered":"<p>[fusion_builder_container hundred_percent=&#8221;no&#8221; equal_height_columns=&#8221;no&#8221; menu_anchor=&#8221;&#8221; hide_on_mobile=&#8221;small-visibility,medium-visibility,large-visibility&#8221; class=&#8221;&#8221; id=&#8221;&#8221; background_color=&#8221;&#8221; background_image=&#8221;&#8221; background_position=&#8221;center center&#8221; background_repeat=&#8221;no-repeat&#8221; fade=&#8221;no&#8221; background_parallax=&#8221;none&#8221; parallax_speed=&#8221;0.3&#8243; video_mp4=&#8221;&#8221; video_webm=&#8221;&#8221; video_ogv=&#8221;&#8221; video_url=&#8221;&#8221; video_aspect_ratio=&#8221;16:9&#8243; video_loop=&#8221;yes&#8221; video_mute=&#8221;yes&#8221; overlay_color=&#8221;&#8221; video_preview_image=&#8221;&#8221; border_size=&#8221;&#8221; border_color=&#8221;&#8221; border_style=&#8221;solid&#8221; padding_top=&#8221;&#8221; padding_bottom=&#8221;&#8221; padding_left=&#8221;&#8221; padding_right=&#8221;&#8221;][fusion_builder_row][fusion_builder_column type=&#8221;1_1&#8243; layout=&#8221;1_1&#8243; background_position=&#8221;left top&#8221; background_color=&#8221;&#8221; border_size=&#8221;&#8221; border_color=&#8221;&#8221; border_style=&#8221;solid&#8221; border_position=&#8221;all&#8221; spacing=&#8221;yes&#8221; background_image=&#8221;&#8221; background_repeat=&#8221;no-repeat&#8221; padding_top=&#8221;&#8221; padding_right=&#8221;&#8221; padding_bottom=&#8221;&#8221; padding_left=&#8221;&#8221; margin_top=&#8221;0px&#8221; margin_bottom=&#8221;0px&#8221; class=&#8221;&#8221; id=&#8221;&#8221; animation_type=&#8221;&#8221; animation_speed=&#8221;0.3&#8243; animation_direction=&#8221;left&#8221; hide_on_mobile=&#8221;small-visibility,medium-visibility,large-visibility&#8221; center_content=&#8221;no&#8221; last=&#8221;no&#8221; min_height=&#8221;&#8221; hover_type=&#8221;none&#8221; link=&#8221;&#8221;][fusion_text]<\/p>\n<p>REDACCI\u00d3N<\/p>\n<p>A bailar se ha dicho! Tomo Como Rey sorprendi\u00f3 a sus fan\u00e1ticos mexicanos con una nueva versi\u00f3n de \u201cArriba quemando el sol\u201d de Violeta Parra. La banda chilena de cumbia y crossover grab\u00f3 una nueva versi\u00f3n de su adaptaci\u00f3n junto a Miguel \u00c1ngel Pellao, El Tenor Pehuenche, con un video que incluye im\u00e1genes en la casa natal de la artista chilena. Esto con la intenci\u00f3n de rendir homenaje a la cantante folcl\u00f3rica, que se cumple 56 a\u00f1os desde su partida. Y con este sencillo es que el reconocid\u00edsimo grupo regresa a M\u00e9xico para ofrecer una serie de conciertos empezando el Jueves 14 de Abril en la Feria del Caballo en Texcoco, para luego ir al Foro The Pit el Viernes 14 de Abril, mientras que el S\u00e1bado 15 de Abril llegar\u00e1n al Foro 304 de Toluca y un d\u00eda despu\u00e9s har\u00e1n suyo el Foro Hilvana de CDMX. Una semana despu\u00e9s comienza su gira por el sureste el Viernes 21 de Abril en Selina, Playa del Carmen, el S\u00e1bado 22 de Abril en La Santa Cruda de Canc\u00fan y finalmente el Selina de Isla Mujeres el Domingo 23 de Abril.<\/p>\n<p>Tomo Como Rey, la banda chilena pionera del movimiento de la nueva cumbia chilena, se origin\u00f3 en 2002 en las aulas del Instituto Nacional de Chile. La banda comenz\u00f3 con 8 integrantes, todos alumnos y compa\u00f1eros de curso. A pesar de que al principio tocaban canciones de otras orquestas tropicales, decidieron bautizarse como Tomo Como Rey, nombre que se convertir\u00eda en sin\u00f3nimo del fen\u00f3meno de la nueva cumbia chilena. Desde sus inicios, la banda se present\u00f3 en distintas fiestas de colegios y universidades, consagr\u00e1ndose entre el p\u00fablico estudiantil. En 2006, lanzaron su primer disco hom\u00f3nimo con EMI, que conten\u00eda 10 temas in\u00e9ditos. Dos a\u00f1os despu\u00e9s, publicaron su segundo \u00e1lbum, &#8220;La traigo yo&#8221;, con el sello Universo Producciones, destacando la versatilidad sonora que mezclaba cumbia, funk y reggaet\u00f3n.<\/p>\n<p>El primer punto de inflexi\u00f3n en su carrera se produjo en 2010 con el lanzamiento de su tercer \u00e1lbum, &#8220;Rey Mambo&#8221;, con el sello Feria Music. Los \u00e9xitos radiales &#8220;Los que toman como rey&#8221;, &#8220;Arriba de la pelota&#8221;, &#8220;Soy del Barrio&#8221;, &#8220;El Ni\u00f1o Maravilla&#8221; y &#8220;Quiero Verte Ganar&#8221; convirtieron a la banda en un \u00e9xito de inmediato, desatando la &#8220;tomo man\u00eda&#8221; en el pa\u00eds y present\u00e1ndose en numerosos programas de televisi\u00f3n, conciertos y festivales a lo largo de Chile. &#8220;El Ni\u00f1o Maravilla&#8221; incluso lleg\u00f3 a sonar en radios italianas y espa\u00f1olas, lo que permiti\u00f3 cerrar un acuerdo comercial de distribuci\u00f3n con DIRECT TV. En 2011, la banda fue invitada a participar en la gira de Telet\u00f3n, la gira art\u00edstica y ben\u00e9fica m\u00e1s grande de Chile, y se encargaron de abrir cada una de las diez fechas del tour. Al a\u00f1o siguiente, fueron convocados nuevamente y se les permiti\u00f3 ser el grupo de cierre, algo impensado para la carrera de la banda, que compart\u00eda escenario con artistas consagrados hace muchos a\u00f1os en el pa\u00eds.<\/p>\n<p>En 2013, la banda comenz\u00f3 la producci\u00f3n de su cuarto disco, &#8220;Prohibido&#8221;, el primero bajo la etiqueta propia TOMA DISCOS &amp; Productora TCR, y particip\u00f3 en uno de los festivales m\u00e1sivos m\u00e1s importantes de Chile. Su \u00e1lbum &#8220;Prohibido&#8221;, es una mezcla de cumbia, pop, ska, salsa, cuarteto trasandino y otros ritmos latinos, que refleja la energ\u00eda de sus shows en vivo en un estudio de producci\u00f3n. Este disco cuenta con colaboraciones destacadas del medio local como Shamanes, Villa Cari\u00f1o y Sinergia, entre otros. &#8220;Borrachos al poder&#8221;, es el primer sencillo de este \u00e1lbum y se convirti\u00f3 r\u00e1pidamente en un cl\u00e1sico y un himno internacional, apoyado por un notable videoclip y posicion\u00e1ndose en todas las radios del pa\u00eds. La banda tambi\u00e9n ha hecho historia, present\u00e1ndose en el Estadio Nacional (coliseo m\u00e1s importante del pa\u00eds con capacidad para 80 mil personas) en plena cancha y con miles de hinchas celebrando su actuaci\u00f3n, antes del \u00faltimo partido de las clasificatorias sudamericanas al mundial de futbol de Brasil 2014.<\/p>\n<p>El segundo sencillo &#8220;No tomo m\u00e1s&#8221; fue lanzado en el 2014, con un videoclip grabado en la zona cordillerana central. Ese mismo a\u00f1o, se edit\u00f3 el clip de &#8220;En c\u00e1mara lenta\u201d, primera cumbia rom\u00e1ntica y ya un cl\u00e1sico en su repertorio. En el 2015, la banda hizo una gira de verano con m\u00e1s de 30 presentaciones y ese mismo a\u00f1o se propusieron cumplir uno de sus mayores objetivos: su primera gira internacional en M\u00e9xico, logrando agendar m\u00e1s de 12 conciertos en solo dos semanas, abriendo el show de los argentinos &#8220;Los Caligaris&#8221;, en el Pepsi Center, con m\u00e1s de 8 mil personas. En ese mismo a\u00f1o, recibieron el doble disco de Oro por el disco &#8220;Prohibido&#8221;. El 2016, fueron invitados a una nueva gira a M\u00e9xico, present\u00e1ndose en el &#8220;Machaca Fest\u201d, en Monterrey, uno de los festivales m\u00e1s importantes del pa\u00eds. Luego, la banda se concentr\u00f3 en Buenos Aires, Argentina, para grabar su sexto disco, &#8220;La fiesta popular&#8221;, de la mano de reconocidos productores musicales argentinos, Martin \u201cMoska\u201d Lorenzo y Mariano Francesccelli, ambos de los Aut\u00e9nticos Decadentes.<\/p>\n<p>Dentro de esta placa, se destacan las canciones &#8220;Weon\u201d, \u201cSi no est\u00e1s&#8221;, &#8220;Casualidad\u201d y \u201cMal de la cabeza\u201d, adem\u00e1s de las colaboraciones en &#8220;Voy a tomar&#8221; con los europeos de &#8220;La Pegatina\u201d. Este disco es el m\u00e1s maduro de la banda y ampl\u00eda su estilo al ska, al rocksteady y al reggae, sin dejar de lado, por supuesto, la cumbia. Cuando todo parec\u00eda normal, en Chile ocurri\u00f3 en Octubre de 2019 el &#8220;Estallido Social\u201d, movimiento de ciudadanos que descontentos por las injusticias se manifestaron masivamente en todo el pa\u00eds, dando paso a una serie de medidas pol\u00edticas que permitieran retomar la normalidad en el pa\u00eds. En el intertanto, los espacios de presentaciones se cerraron y la escena art\u00edstica en Chile se vio sin trabajo remunerado pues todo estaba centrado en el &#8220;c\u00f3mo resolver&#8221; esta crisis interna. Con un acuerdo pol\u00edtico para redactar una nueva constituci\u00f3n, millones se manifestaron a favor de esta opci\u00f3n con el \u201cAPRUEBO\u201d una nueva carta magna, y la banda lejos de esconderse en la incertidumbre lanz\u00f3 el single &#8220;REYES DE LA FIESTA\u201d, una suerte de himno para los trabajadores, estudiantes y ciudadanos que luchan y sue\u00f1an con un pa\u00eds mejor.<\/p>\n<p>Mientras tanto, y con varios a\u00f1os sin editar un disco nuevo, Medel se encarga de comenzar un nuevo proceso creativo recogiendo las necesidades del pueblo, sedientos de justicia y equidad, de fiesta y alegr\u00eda, de amor y tristeza.\u00a0 Es as\u00ed como en la actualidad, se encuentran a las puertas del lanzamiento del sexto \u00e1lbum, que re\u00fane toda su experiencia y vivencias recopiladas en estos a\u00f1os, donde el mundo cada d\u00eda est\u00e1 m\u00e1s complejo, con pandemias incluidas, pero con la confianza y seguridad que el tiempo no pasa en vano y de seguro ser\u00e1 el mejor disco de su historia, nuevamente de la mano de Moska y Mariano, los Tomo se preparan para seguir revolucionando la cumbia, el ska y el rock and roll al ritmo de la banda.<\/p>\n<p>En resumen, Tomo Como Rey, sigue siendo una de las bandas m\u00e1s importantes de Chile y de Latinoam\u00e9rica, con una larga trayectoria y una carrera llena de \u00e9xitos, reconocimientos y una gran base de seguidores. Ellos har\u00e1n una extensa gira por M\u00e9xico, empezando el Jueves 14 de Abril en la Feria del Caballo en Texcoco, para luego ir al Foro The Pit el Viernes 14 de Abril, mientras que el S\u00e1bado 15 de Abril llegar\u00e1n al Foro 304 de Toluca y un d\u00eda despu\u00e9s har\u00e1n suyo el Foro Hilvana de CDMX. Una semana despu\u00e9s comienza su gira por el sureste el Viernes 21 de Abril en Selina, Playa del Carmen, el S\u00e1bado 22 de Abril en La Santa Cruda de Canc\u00fan y finalmente el Selina de Isla Mujeres el Domingo 23 de Abril.<\/p>\n<p>REDES SOCIALES<\/p>\n<p>Facebook TOMO COMO REY \/ 106.000 seguidores.<\/p>\n<p>Instagram @tomocomorey \/ 26.000 seguidores<\/p>\n<p>Twitter @tomocomorey \/ 24.300 seguidores<\/p>\n<p>YouTube tomocomorey \/ 20.500 suscriptores<\/p>\n<p>Spotify TOMO COMO REY \/ 200.000 oyentes mensuales.<\/p>\n<div dir=\"auto\"><a class=\"x1i10hfl xjbqb8w x6umtig x1b1mbwd xaqea5y xav7gou x9f619 x1ypdohk xt0psk2 xe8uvvx xdj266r x11i5rnm xat24cr x1mh8g0r xexx8yu x4uap5 x18d9i69 xkhd6sd x16tdsg8 x1hl2dhg xggy1nq x1a2a7pz xt0b8zv x1qq9wsj xo1l8bm\" tabindex=\"0\" role=\"link\" href=\"https:\/\/www.facebook.com\/hashtag\/tomocomorey?__eep__=6&amp;__cft__[0]=AZW67diArCgqRYbjYpI_QTwa-LtMQdv2bw3JMTIav3rfKSoXSD4lWA0hE07_XXS5cC_teaYZOndtoyCdPwQLbs2qWXXWScy06dKChdeAmt2JZ8ZBjinqD7EOFj5ip_Z3Xu4&amp;__tn__=*NK-R\">#TomoComoRey<\/a><\/div>\n<div dir=\"auto\"><a class=\"x1i10hfl xjbqb8w x6umtig x1b1mbwd xaqea5y xav7gou x9f619 x1ypdohk xt0psk2 xe8uvvx xdj266r x11i5rnm xat24cr x1mh8g0r xexx8yu x4uap5 x18d9i69 xkhd6sd x16tdsg8 x1hl2dhg xggy1nq x1a2a7pz xt0b8zv x1qq9wsj xo1l8bm\" tabindex=\"0\" role=\"link\" href=\"https:\/\/www.facebook.com\/hashtag\/bit%C3%A1coracdmx?__eep__=6&amp;__cft__[0]=AZW67diArCgqRYbjYpI_QTwa-LtMQdv2bw3JMTIav3rfKSoXSD4lWA0hE07_XXS5cC_teaYZOndtoyCdPwQLbs2qWXXWScy06dKChdeAmt2JZ8ZBjinqD7EOFj5ip_Z3Xu4&amp;__tn__=*NK-R\">#bit\u00e1coracdmx<\/a><\/div>\n<p>[\/fusion_text][fusion_imageframe image_id=&#8221;50575|medium&#8221; max_width=&#8221;&#8221; style_type=&#8221;&#8221; blur=&#8221;&#8221; stylecolor=&#8221;&#8221; hover_type=&#8221;none&#8221; bordersize=&#8221;&#8221; bordercolor=&#8221;&#8221; borderradius=&#8221;&#8221; align=&#8221;none&#8221; lightbox=&#8221;no&#8221; gallery_id=&#8221;&#8221; lightbox_image=&#8221;&#8221; lightbox_image_id=&#8221;&#8221; alt=&#8221;&#8221; link=&#8221;&#8221; linktarget=&#8221;_self&#8221; hide_on_mobile=&#8221;small-visibility,medium-visibility,large-visibility&#8221; class=&#8221;&#8221; id=&#8221;&#8221; animation_type=&#8221;&#8221; animation_direction=&#8221;left&#8221; animation_speed=&#8221;0.3&#8243; animation_offset=&#8221;&#8221;]https:\/\/www.bitacoracdmx.com\/wp-content\/uploads\/2023\/04\/descargar-2023-04-11T222530.693-300&#215;300.png[\/fusion_imageframe][\/fusion_builder_column][\/fusion_builder_row][\/fusion_builder_container]<\/p>\n","protected":false},"excerpt":{"rendered":"<p>[fusion_builder_container hundred_percent=&#8221;no&#8221; equal_height_columns=&#8221;no&#8221; menu_anchor=&#8221;&#8221; hide_on_mobile=&#8221;small-visibility,medium-visibility,large-visibility&#8221; class=&#8221;&#8221; id=&#8221;&#8221; background_color=&#8221;&#8221; background_image=&#8221;&#8221; background_position=&#8221;center center&#8221; background_repeat=&#8221;no-repeat&#8221; fade=&#8221;no&#8221; background_parallax=&#8221;none&#8221; parallax_speed=&#8221;0.3&#8243; video_mp4=&#8221;&#8221; video_webm=&#8221;&#8221; video_ogv=&#8221;&#8221; video_url=&#8221;&#8221; video_aspect_ratio=&#8221;16:9&#8243; video_loop=&#8221;yes&#8221; video_mute=&#8221;yes&#8221; overlay_color=&#8221;&#8221; video_preview_image=&#8221;&#8221; border_size=&#8221;&#8221; border_color=&#8221;&#8221; border_style=&#8221;solid&#8221; padding_top=&#8221;&#8221; padding_bottom=&#8221;&#8221; padding_left=&#8221;&#8221; padding_right=&#8221;&#8221;][fusion_builder_row][fusion_builder_column type=&#8221;1_1&#8243; layout=&#8221;1_1&#8243; background_position=&#8221;left top&#8221; background_color=&#8221;&#8221; border_size=&#8221;&#8221; border_color=&#8221;&#8221; border_style=&#8221;solid&#8221; border_position=&#8221;all&#8221; spacing=&#8221;yes&#8221; background_image=&#8221;&#8221; background_repeat=&#8221;no-repeat&#8221; padding_top=&#8221;&#8221; padding_right=&#8221;&#8221; padding_bottom=&#8221;&#8221; padding_left=&#8221;&#8221; margin_top=&#8221;0px&#8221; margin_bottom=&#8221;0px&#8221; class=&#8221;&#8221; id=&#8221;&#8221; animation_type=&#8221;&#8221; animation_speed=&#8221;0.3&#8243; animation_direction=&#8221;left&#8221; hide_on_mobile=&#8221;small-visibility,medium-visibility,large-visibility&#8221; center_content=&#8221;no&#8221; last=&#8221;no&#8221; min_height=&#8221;&#8221; hover_type=&#8221;none&#8221; link=&#8221;&#8221;][fusion_text] REDACCI\u00d3N A bailar se ha dicho! Tomo Como Rey sorprendi\u00f3 a sus fan\u00e1ticos mexicanos con una nueva versi\u00f3n de \u201cArriba quemando el sol\u201d de Violeta Parra. La banda chilena de cumbia y crossover grab\u00f3 una nueva versi\u00f3n de su adaptaci\u00f3n [&hellip;]<\/p>\n","protected":false},"author":1,"featured_media":50575,"comment_status":"open","ping_status":"open","sticky":false,"template":"","format":"standard","meta":{"footnotes":""},"categories":[9,11],"tags":[],"_links":{"self":[{"href":"https:\/\/www.bitacoracdmx.com\/index.php?rest_route=\/wp\/v2\/posts\/50574"}],"collection":[{"href":"https:\/\/www.bitacoracdmx.com\/index.php?rest_route=\/wp\/v2\/posts"}],"about":[{"href":"https:\/\/www.bitacoracdmx.com\/index.php?rest_route=\/wp\/v2\/types\/post"}],"author":[{"embeddable":true,"href":"https:\/\/www.bitacoracdmx.com\/index.php?rest_route=\/wp\/v2\/users\/1"}],"replies":[{"embeddable":true,"href":"https:\/\/www.bitacoracdmx.com\/index.php?rest_route=%2Fwp%2Fv2%2Fcomments&post=50574"}],"version-history":[{"count":1,"href":"https:\/\/www.bitacoracdmx.com\/index.php?rest_route=\/wp\/v2\/posts\/50574\/revisions"}],"predecessor-version":[{"id":50576,"href":"https:\/\/www.bitacoracdmx.com\/index.php?rest_route=\/wp\/v2\/posts\/50574\/revisions\/50576"}],"wp:featuredmedia":[{"embeddable":true,"href":"https:\/\/www.bitacoracdmx.com\/index.php?rest_route=\/wp\/v2\/media\/50575"}],"wp:attachment":[{"href":"https:\/\/www.bitacoracdmx.com\/index.php?rest_route=%2Fwp%2Fv2%2Fmedia&parent=50574"}],"wp:term":[{"taxonomy":"category","embeddable":true,"href":"https:\/\/www.bitacoracdmx.com\/index.php?rest_route=%2Fwp%2Fv2%2Fcategories&post=50574"},{"taxonomy":"post_tag","embeddable":true,"href":"https:\/\/www.bitacoracdmx.com\/index.php?rest_route=%2Fwp%2Fv2%2Ftags&post=50574"}],"curies":[{"name":"wp","href":"https:\/\/api.w.org\/{rel}","templated":true}]}}