{"id":50577,"date":"2023-04-12T04:40:29","date_gmt":"2023-04-12T04:40:29","guid":{"rendered":"https:\/\/www.bitacoracdmx.com\/?p=50577"},"modified":"2023-04-12T04:40:29","modified_gmt":"2023-04-12T04:40:29","slug":"procinecdmx-lanza-catalogo-cinematografico-de-la-ciudad-de-mexico","status":"publish","type":"post","link":"https:\/\/www.bitacoracdmx.com\/?p=50577","title":{"rendered":"PROCINECDMX lanza \u201cCAT\u00c1LOGO CINEMATOGR\u00c1FICO DE LA CIUDAD DE M\u00c9XICO\u201d"},"content":{"rendered":"<p>[fusion_builder_container hundred_percent=&#8221;no&#8221; equal_height_columns=&#8221;no&#8221; menu_anchor=&#8221;&#8221; hide_on_mobile=&#8221;small-visibility,medium-visibility,large-visibility&#8221; class=&#8221;&#8221; id=&#8221;&#8221; background_color=&#8221;&#8221; background_image=&#8221;&#8221; background_position=&#8221;center center&#8221; background_repeat=&#8221;no-repeat&#8221; fade=&#8221;no&#8221; background_parallax=&#8221;none&#8221; parallax_speed=&#8221;0.3&#8243; video_mp4=&#8221;&#8221; video_webm=&#8221;&#8221; video_ogv=&#8221;&#8221; video_url=&#8221;&#8221; video_aspect_ratio=&#8221;16:9&#8243; video_loop=&#8221;yes&#8221; video_mute=&#8221;yes&#8221; overlay_color=&#8221;&#8221; video_preview_image=&#8221;&#8221; border_size=&#8221;&#8221; border_color=&#8221;&#8221; border_style=&#8221;solid&#8221; padding_top=&#8221;&#8221; padding_bottom=&#8221;&#8221; padding_left=&#8221;&#8221; padding_right=&#8221;&#8221;][fusion_builder_row][fusion_builder_column type=&#8221;1_1&#8243; layout=&#8221;1_1&#8243; background_position=&#8221;left top&#8221; background_color=&#8221;&#8221; border_size=&#8221;&#8221; border_color=&#8221;&#8221; border_style=&#8221;solid&#8221; border_position=&#8221;all&#8221; spacing=&#8221;yes&#8221; background_image=&#8221;&#8221; background_repeat=&#8221;no-repeat&#8221; padding_top=&#8221;&#8221; padding_right=&#8221;&#8221; padding_bottom=&#8221;&#8221; padding_left=&#8221;&#8221; margin_top=&#8221;0px&#8221; margin_bottom=&#8221;0px&#8221; class=&#8221;&#8221; id=&#8221;&#8221; animation_type=&#8221;&#8221; animation_speed=&#8221;0.3&#8243; animation_direction=&#8221;left&#8221; hide_on_mobile=&#8221;small-visibility,medium-visibility,large-visibility&#8221; center_content=&#8221;no&#8221; last=&#8221;no&#8221; min_height=&#8221;&#8221; hover_type=&#8221;none&#8221; link=&#8221;&#8221;][fusion_text]<\/p>\n<p>REDACCI\u00d3N<\/p>\n<ul>\n<li>El cat\u00e1logo tiene como objetivo ser un repositorio de pel\u00edculas cuyo escenario, tema o protagonista son la Ciudad de M\u00e9xico, sus habitantes, sus calles, sus parques y sus espacios emblem\u00e1ticos, que sirva adem\u00e1s para recuperar la memoria cinematogr\u00e1fica de la capital<\/li>\n<li>Entre las 14 pel\u00edculas que destacan de su lanzamiento se encuentran\u00a0<em>El a\u00f1o de la peste<\/em>\u00a0de Felipe Cazals, ganadora del Ariel en 1979;\u00a0<em>Retrato de una mujer casada<\/em>, filme de 1982 dirigido por Alberto B\u00f3jorquez Patr\u00f3n<em>; Amor a la vuelta de la esquina y Ciudad de Ciegos<\/em>\u00a0de Alberto Cort\u00e9s y\u00a0<em>Sincron\u00eda<\/em>\u00a0de Iv\u00e1n Morales<\/li>\n<li>Para el final de la actual administraci\u00f3n en 2024, PROCINECDMX planea que el cat\u00e1logo est\u00e9 compuesto por al menos mil pel\u00edculas, para que adem\u00e1s de servir a la ciudadan\u00eda en general, funja como fuente confiable para futuras investigaciones sobre el cine y la Ciudad de M\u00e9xico<\/li>\n<\/ul>\n<p>El\u00a0<strong>Fideicomiso para la Promoci\u00f3n y Desarrollo del Cine Mexicano en la Ciudad de M\u00e9xico<\/strong>\u00a0(PROCINECDMX), organismo adscrito a la\u00a0<strong>Secretar\u00eda de Cultura capitalina<\/strong>, lanz\u00f3 este martes el\u00a0<strong>\u201cCat\u00e1logo Cinematogr\u00e1fico de la Ciudad de M\u00e9xico\u201d<\/strong>, un micrositio que tiene como objetivo ser repositorio de pel\u00edculas cuyo escenario, tema o protagonista son la\u00a0<strong>Ciudad de M\u00e9xico, sus habitantes, sus calles, sus parques y sus espacios emblem\u00e1ticos.<\/strong><br aria-hidden=\"true\" \/><br aria-hidden=\"true\" \/>El cat\u00e1logo, creado en colaboraci\u00f3n con la\u00a0<strong>Oficina para la Memoria Hist\u00f3rica de M\u00e9xico del Archivo General de la Naci\u00f3n<\/strong>\u00a0(OMHM-AGN) y alojado en el sitio de Mem\u00f3rica, M\u00e9xico haz Memoria, tiene en su fase inicial 14 pel\u00edculas que se encuentran disponibles para todo el p\u00fablico, sin embargo, para 2024 buscar\u00e1 albergar al menos mil pel\u00edculas.<br aria-hidden=\"true\" \/><br aria-hidden=\"true\" \/><strong>Cristian Cal\u00f3nico Lucio, director del PROCINECDMX<\/strong>, agradeci\u00f3 a la Oficina para la Memoria Hist\u00f3rica de M\u00e9xico del Archivo General de la Naci\u00f3n por haberse comprometido con el proyecto, as\u00ed como a las instituciones que lo apoyaron en el proceso de investigaci\u00f3n, como el\u00a0<strong>Instituto Mexicano de la Cinematograf\u00eda (IMCINE), la Filmoteca de la Universidad Nacional Aut\u00f3noma de M\u00e9xico (UNAM), la Cineteca Nacional y el Centro de Capacitaci\u00f3n Cinematogr\u00e1fica<\/strong>\u00a0(CCC).<br aria-hidden=\"true\" \/><br aria-hidden=\"true\" \/>Asimismo, reconoci\u00f3 a los autores que para el lanzamiento cedieron los derechos de sus pel\u00edculas y materiales adicionales que las contextualizan:\u00a0<strong>Alberto Cort\u00e9s, Alejandra Islas, Daniela Uribe, Carolina Kerlow, Monserrat Algarabel, Claudia Loredo, Javier Toscano, Jorge Iv\u00e1n Morales, Shula Erenberg, Claudia Ru\u00edz Capdevielle, Mar\u00eda In\u00e9s Roqu\u00e9 y Laura Imperiale.<\/strong><br aria-hidden=\"true\" \/><br aria-hidden=\"true\" \/>Explic\u00f3 que la idea de este cat\u00e1logo surgi\u00f3 en 2009 desde la creaci\u00f3n de PROCINECDMX, que fue acogido en el mismo edificio del Archivo Hist\u00f3rico de la Ciudad de M\u00e9xico; \u201cvimos que hab\u00eda muchos documentos, planos y libros sobre la historia de nuestra ciudad, pero no hab\u00eda ning\u00fan documento audiovisual. En ese momento se nos ocurri\u00f3 hacer este cat\u00e1logo como un lugar de memoria e investigaci\u00f3n sobre la historia de la Ciudad de M\u00e9xico a trav\u00e9s del cine\u201d, dijo Cal\u00f3nico.<br aria-hidden=\"true\" \/><br aria-hidden=\"true\" \/>\u201cAhora que se hace p\u00fablico viene la parte m\u00e1s dif\u00edcil: aumentar la cantidad de pel\u00edculas que lo componen, conseguir la mayor cantidad de materiales adicionales posibles, convencer a los propietarios de los grandes archivos privados para que participen con parte o el total de sus acervos, crear formas l\u00fadicas de participaci\u00f3n de los usuarios, darla a conocer como fuente para investigaciones\u201d, expres\u00f3 Cal\u00f3nico Lucio sobre los retos y el gran camino por recorrer que le espera al \u201cCat\u00e1logo Cinematogr\u00e1fico de la Ciudad de M\u00e9xico\u201d.<br aria-hidden=\"true\" \/><br aria-hidden=\"true\" \/><strong>Regina Tapia Ch\u00e1vez, directora del Archivo Hist\u00f3rico de la Ciudad de M\u00e9xico en representaci\u00f3n de la secretaria de Cultura capitalina Claudia Curiel de Icaza<\/strong>, dijo que \u201cla relaci\u00f3n entre el cine y la memoria es innegable, ese registro de como eran las cosas en cada \u00e9poca nos ayuda mucho a los historiadores a pensar\u201d.<br aria-hidden=\"true\" \/><br aria-hidden=\"true\" \/>Hizo un reconocimiento a quienes participaron en el proceso de investigaci\u00f3n, de curadur\u00eda, de negociaci\u00f3n, de vinculaci\u00f3n interinstitucional que permiti\u00f3 crear esta colecci\u00f3n y que \u201cseguramente va a ir creciendo y gracias a esta primera edici\u00f3n se va a atraer a muchos m\u00e1s colaboradores\u201d, confi\u00f3 Tapia Ch\u00e1vez.<br aria-hidden=\"true\" \/><br aria-hidden=\"true\" \/>El cat\u00e1logo se presenta con 14 filmes que retratan desde diversas miradas la capital, once ensayos en la secci\u00f3n de especialistas, as\u00ed como con un ciclo destacado dedicado a Cl\u00e1sicos Contempor\u00e1neos, el cual retrata los cambios en la capital del pa\u00eds en las \u00faltimas d\u00e9cadas del siglo XX y principios del XXI.<br aria-hidden=\"true\" \/><br aria-hidden=\"true\" \/>Adem\u00e1s de las pel\u00edculas que se pueden ver o consultar de manera p\u00fablica y gratuita, el \u201cCat\u00e1logo Cinematogr\u00e1fico de la Ciudad de M\u00e9xico&#8221; tambi\u00e9n busca integrar la informaci\u00f3n documental que se re\u00fana de cada filme, tales como ficha t\u00e9cnica, fotograf\u00edas, guion, cartel, premios y cr\u00edticas.<br aria-hidden=\"true\" \/><br aria-hidden=\"true\" \/>Toda esta informaci\u00f3n tiene la meta de recuperar la memoria cinematogr\u00e1fica de la Ciudad de M\u00e9xico, tener el registro f\u00edlmico para su estudio en distintos aspectos (arquitect\u00f3nico, urban\u00edstico, cultural, social, hist\u00f3rico, pol\u00edtico, econ\u00f3mico, etc.), as\u00ed como expandir los temas para futuras investigaciones hacia multitud de aspectos posibles, son algunos de los objetivos que persigue este Cat\u00e1logo.<br aria-hidden=\"true\" \/><br aria-hidden=\"true\" \/>Entre las primeras 14 pel\u00edculas que se encuentran en el cat\u00e1logo destacan\u00a0<em>El a\u00f1o de la peste<\/em>\u00a0de Felipe Cazals, ganadora del Ariel en 1979 o\u00a0<em>Retrato de una mujer casada<\/em>, filme de 1982 dirigido por Alberto B\u00f3jorquez Patr\u00f3n<em>; Amor a la vuelta de la esquina y Ciudad de Ciegos<\/em>\u00a0de Alberto Cort\u00e9s, y\u00a0<em>Sincron\u00eda<\/em>\u00a0de Iv\u00e1n Morales.<br aria-hidden=\"true\" \/><br aria-hidden=\"true\" \/>En el lanzamiento participaron tambi\u00e9n Gabriela Pulido Llano, directora general de la Coordinaci\u00f3n de Memoria Hist\u00f3rica y Cultural de M\u00e9xico; Carlos Enrique Ruiz Abreu, director del Archivo General de la Naci\u00f3n; la cineasta Shula Erenberg, y el cr\u00edtico de cine e investigador Hugo Lara Ch\u00e1vez.<br aria-hidden=\"true\" \/>El \u201cCat\u00e1logo Cinematogr\u00e1fico de la Ciudad de M\u00e9xico\u201d est\u00e1 disponible desde este martes 11 de abril en el micrositio de Mem\u00f3rica, M\u00e9xico haz Memoria (<a href=\"https:\/\/gob.us21.list-manage.com\/track\/click?u=24ab1d8cf82850533a5af327c&amp;id=bc261967b0&amp;e=4fe2704bc3\" target=\"_blank\" rel=\"noopener noreferrer\" data-auth=\"NotApplicable\" data-linkindex=\"0\">https:\/\/memoricamexico.gob.mx\/es\/memorica\/PROCINE<\/a>).<br aria-hidden=\"true\" \/><br aria-hidden=\"true\" \/>Para conocer todas las actividades de la Secretar\u00eda de Cultura capitalina se puede consultar la Cartelera de la Ciudad de M\u00e9xico (<a href=\"https:\/\/gob.us21.list-manage.com\/track\/click?u=24ab1d8cf82850533a5af327c&amp;id=f54b2ea586&amp;e=4fe2704bc3\" target=\"_blank\" rel=\"noopener noreferrer\" data-auth=\"NotApplicable\" data-linkindex=\"1\">https:\/\/cartelera.cdmx.gob.mx\/<\/a>)\u00a0 y las redes sociales de la Secretar\u00eda de Cultura: Facebook, Twitter, Instagram y YouTube.<\/p>\n<div dir=\"auto\"><a class=\"x1i10hfl xjbqb8w x6umtig x1b1mbwd xaqea5y xav7gou x9f619 x1ypdohk xt0psk2 xe8uvvx xdj266r x11i5rnm xat24cr x1mh8g0r xexx8yu x4uap5 x18d9i69 xkhd6sd x16tdsg8 x1hl2dhg xggy1nq x1a2a7pz xt0b8zv x1qq9wsj xo1l8bm\" tabindex=\"0\" role=\"link\" href=\"https:\/\/www.facebook.com\/hashtag\/procinecdmx?__eep__=6&amp;__cft__[0]=AZXrh4yV8O-6vibLif4NuTFsKhJeDJp8NVPF47QhloNL8RQC9D_Ks95tCMXF8kxbjUYLjLwKqjJBA6e5L-DB-W8pIHXyBc8RaH5InPLGoQJleWOl9wBX3ENVMusLd_F6S_A&amp;__tn__=*NK-R\">#PROCINECDMX<\/a><\/div>\n<div dir=\"auto\"><a class=\"x1i10hfl xjbqb8w x6umtig x1b1mbwd xaqea5y xav7gou x9f619 x1ypdohk xt0psk2 xe8uvvx xdj266r x11i5rnm xat24cr x1mh8g0r xexx8yu x4uap5 x18d9i69 xkhd6sd x16tdsg8 x1hl2dhg xggy1nq x1a2a7pz xt0b8zv x1qq9wsj xo1l8bm\" tabindex=\"0\" role=\"link\" href=\"https:\/\/www.facebook.com\/hashtag\/secretariadeculturacdmx?__eep__=6&amp;__cft__[0]=AZXrh4yV8O-6vibLif4NuTFsKhJeDJp8NVPF47QhloNL8RQC9D_Ks95tCMXF8kxbjUYLjLwKqjJBA6e5L-DB-W8pIHXyBc8RaH5InPLGoQJleWOl9wBX3ENVMusLd_F6S_A&amp;__tn__=*NK-R\">#secretariadeculturacdmx<\/a><\/div>\n<div dir=\"auto\"><a class=\"x1i10hfl xjbqb8w x6umtig x1b1mbwd xaqea5y xav7gou x9f619 x1ypdohk xt0psk2 xe8uvvx xdj266r x11i5rnm xat24cr x1mh8g0r xexx8yu x4uap5 x18d9i69 xkhd6sd x16tdsg8 x1hl2dhg xggy1nq x1a2a7pz xt0b8zv x1qq9wsj xo1l8bm\" tabindex=\"0\" role=\"link\" href=\"https:\/\/www.facebook.com\/hashtag\/bit%C3%A1coracdmx?__eep__=6&amp;__cft__[0]=AZXrh4yV8O-6vibLif4NuTFsKhJeDJp8NVPF47QhloNL8RQC9D_Ks95tCMXF8kxbjUYLjLwKqjJBA6e5L-DB-W8pIHXyBc8RaH5InPLGoQJleWOl9wBX3ENVMusLd_F6S_A&amp;__tn__=*NK-R\">#bit\u00e1coracdmx<\/a><\/div>\n<p>[\/fusion_text][fusion_imageframe image_id=&#8221;50578|medium&#8221; max_width=&#8221;&#8221; style_type=&#8221;&#8221; blur=&#8221;&#8221; stylecolor=&#8221;&#8221; hover_type=&#8221;none&#8221; bordersize=&#8221;&#8221; bordercolor=&#8221;&#8221; borderradius=&#8221;&#8221; align=&#8221;none&#8221; lightbox=&#8221;no&#8221; gallery_id=&#8221;&#8221; lightbox_image=&#8221;&#8221; lightbox_image_id=&#8221;&#8221; alt=&#8221;&#8221; link=&#8221;&#8221; linktarget=&#8221;_self&#8221; hide_on_mobile=&#8221;small-visibility,medium-visibility,large-visibility&#8221; class=&#8221;&#8221; id=&#8221;&#8221; animation_type=&#8221;&#8221; animation_direction=&#8221;left&#8221; animation_speed=&#8221;0.3&#8243; animation_offset=&#8221;&#8221;]https:\/\/www.bitacoracdmx.com\/wp-content\/uploads\/2023\/04\/f438a249-68a9-9314-3373-3c0e4e3a27ce-300&#215;200.jpg[\/fusion_imageframe][\/fusion_builder_column][\/fusion_builder_row][\/fusion_builder_container]<\/p>\n","protected":false},"excerpt":{"rendered":"<p>[fusion_builder_container hundred_percent=&#8221;no&#8221; equal_height_columns=&#8221;no&#8221; menu_anchor=&#8221;&#8221; hide_on_mobile=&#8221;small-visibility,medium-visibility,large-visibility&#8221; class=&#8221;&#8221; id=&#8221;&#8221; background_color=&#8221;&#8221; background_image=&#8221;&#8221; background_position=&#8221;center center&#8221; background_repeat=&#8221;no-repeat&#8221; fade=&#8221;no&#8221; background_parallax=&#8221;none&#8221; parallax_speed=&#8221;0.3&#8243; video_mp4=&#8221;&#8221; video_webm=&#8221;&#8221; video_ogv=&#8221;&#8221; video_url=&#8221;&#8221; video_aspect_ratio=&#8221;16:9&#8243; video_loop=&#8221;yes&#8221; video_mute=&#8221;yes&#8221; overlay_color=&#8221;&#8221; video_preview_image=&#8221;&#8221; border_size=&#8221;&#8221; border_color=&#8221;&#8221; border_style=&#8221;solid&#8221; padding_top=&#8221;&#8221; padding_bottom=&#8221;&#8221; padding_left=&#8221;&#8221; padding_right=&#8221;&#8221;][fusion_builder_row][fusion_builder_column type=&#8221;1_1&#8243; layout=&#8221;1_1&#8243; background_position=&#8221;left top&#8221; background_color=&#8221;&#8221; border_size=&#8221;&#8221; border_color=&#8221;&#8221; border_style=&#8221;solid&#8221; border_position=&#8221;all&#8221; spacing=&#8221;yes&#8221; background_image=&#8221;&#8221; background_repeat=&#8221;no-repeat&#8221; padding_top=&#8221;&#8221; padding_right=&#8221;&#8221; padding_bottom=&#8221;&#8221; padding_left=&#8221;&#8221; margin_top=&#8221;0px&#8221; margin_bottom=&#8221;0px&#8221; class=&#8221;&#8221; id=&#8221;&#8221; animation_type=&#8221;&#8221; animation_speed=&#8221;0.3&#8243; animation_direction=&#8221;left&#8221; hide_on_mobile=&#8221;small-visibility,medium-visibility,large-visibility&#8221; center_content=&#8221;no&#8221; last=&#8221;no&#8221; min_height=&#8221;&#8221; hover_type=&#8221;none&#8221; link=&#8221;&#8221;][fusion_text] REDACCI\u00d3N El cat\u00e1logo tiene como objetivo ser un repositorio de pel\u00edculas cuyo escenario, tema o protagonista son la Ciudad de M\u00e9xico, sus habitantes, sus calles, sus parques y sus espacios emblem\u00e1ticos, que sirva adem\u00e1s para recuperar la memoria cinematogr\u00e1fica de [&hellip;]<\/p>\n","protected":false},"author":1,"featured_media":50578,"comment_status":"open","ping_status":"open","sticky":false,"template":"","format":"standard","meta":{"footnotes":""},"categories":[3,9],"tags":[],"_links":{"self":[{"href":"https:\/\/www.bitacoracdmx.com\/index.php?rest_route=\/wp\/v2\/posts\/50577"}],"collection":[{"href":"https:\/\/www.bitacoracdmx.com\/index.php?rest_route=\/wp\/v2\/posts"}],"about":[{"href":"https:\/\/www.bitacoracdmx.com\/index.php?rest_route=\/wp\/v2\/types\/post"}],"author":[{"embeddable":true,"href":"https:\/\/www.bitacoracdmx.com\/index.php?rest_route=\/wp\/v2\/users\/1"}],"replies":[{"embeddable":true,"href":"https:\/\/www.bitacoracdmx.com\/index.php?rest_route=%2Fwp%2Fv2%2Fcomments&post=50577"}],"version-history":[{"count":1,"href":"https:\/\/www.bitacoracdmx.com\/index.php?rest_route=\/wp\/v2\/posts\/50577\/revisions"}],"predecessor-version":[{"id":50579,"href":"https:\/\/www.bitacoracdmx.com\/index.php?rest_route=\/wp\/v2\/posts\/50577\/revisions\/50579"}],"wp:featuredmedia":[{"embeddable":true,"href":"https:\/\/www.bitacoracdmx.com\/index.php?rest_route=\/wp\/v2\/media\/50578"}],"wp:attachment":[{"href":"https:\/\/www.bitacoracdmx.com\/index.php?rest_route=%2Fwp%2Fv2%2Fmedia&parent=50577"}],"wp:term":[{"taxonomy":"category","embeddable":true,"href":"https:\/\/www.bitacoracdmx.com\/index.php?rest_route=%2Fwp%2Fv2%2Fcategories&post=50577"},{"taxonomy":"post_tag","embeddable":true,"href":"https:\/\/www.bitacoracdmx.com\/index.php?rest_route=%2Fwp%2Fv2%2Ftags&post=50577"}],"curies":[{"name":"wp","href":"https:\/\/api.w.org\/{rel}","templated":true}]}}