{"id":50689,"date":"2023-04-18T04:46:24","date_gmt":"2023-04-18T04:46:24","guid":{"rendered":"https:\/\/www.bitacoracdmx.com\/?p=50689"},"modified":"2023-04-18T04:46:24","modified_gmt":"2023-04-18T04:46:24","slug":"arranca-taller-para-profesionalizar-practicas-culturales-en-la-ciudad-de-mexico","status":"publish","type":"post","link":"https:\/\/www.bitacoracdmx.com\/?p=50689","title":{"rendered":"Arranca TALLER PARA PROFESIONALIZAR PR\u00c1CTICAS CULTURALES EN LA CIUDAD DE M\u00c9XICO"},"content":{"rendered":"<p>[fusion_builder_container hundred_percent=&#8221;no&#8221; equal_height_columns=&#8221;no&#8221; menu_anchor=&#8221;&#8221; hide_on_mobile=&#8221;small-visibility,medium-visibility,large-visibility&#8221; class=&#8221;&#8221; id=&#8221;&#8221; background_color=&#8221;&#8221; background_image=&#8221;&#8221; background_position=&#8221;center center&#8221; background_repeat=&#8221;no-repeat&#8221; fade=&#8221;no&#8221; background_parallax=&#8221;none&#8221; parallax_speed=&#8221;0.3&#8243; video_mp4=&#8221;&#8221; video_webm=&#8221;&#8221; video_ogv=&#8221;&#8221; video_url=&#8221;&#8221; video_aspect_ratio=&#8221;16:9&#8243; video_loop=&#8221;yes&#8221; video_mute=&#8221;yes&#8221; overlay_color=&#8221;&#8221; video_preview_image=&#8221;&#8221; border_size=&#8221;&#8221; border_color=&#8221;&#8221; border_style=&#8221;solid&#8221; padding_top=&#8221;&#8221; padding_bottom=&#8221;&#8221; padding_left=&#8221;&#8221; padding_right=&#8221;&#8221;][fusion_builder_row][fusion_builder_column type=&#8221;1_1&#8243; layout=&#8221;1_1&#8243; background_position=&#8221;left top&#8221; background_color=&#8221;&#8221; border_size=&#8221;&#8221; border_color=&#8221;&#8221; border_style=&#8221;solid&#8221; border_position=&#8221;all&#8221; spacing=&#8221;yes&#8221; background_image=&#8221;&#8221; background_repeat=&#8221;no-repeat&#8221; padding_top=&#8221;&#8221; padding_right=&#8221;&#8221; padding_bottom=&#8221;&#8221; padding_left=&#8221;&#8221; margin_top=&#8221;0px&#8221; margin_bottom=&#8221;0px&#8221; class=&#8221;&#8221; id=&#8221;&#8221; animation_type=&#8221;&#8221; animation_speed=&#8221;0.3&#8243; animation_direction=&#8221;left&#8221; hide_on_mobile=&#8221;small-visibility,medium-visibility,large-visibility&#8221; center_content=&#8221;no&#8221; last=&#8221;no&#8221; min_height=&#8221;&#8221; hover_type=&#8221;none&#8221; link=&#8221;&#8221;][fusion_text]<\/p>\n<p>REDACCI\u00d3N<\/p>\n<ul>\n<li>Este taller es la primera colaboraci\u00f3n entre la Secretar\u00eda de Cultura de la Ciudad de M\u00e9xico y la Uni\u00f3n de Ciudades Capitales Iberoamericanas, que tiene como objetivo dar a artistas, promotores, gestores, agentes y colectivos las herramientas necesarias para profesionalizar las pr\u00e1cticas culturales e impulsar sus propios proyectos<\/li>\n<li>Adem\u00e1s de la Ciudad de M\u00e9xico participan en el Taller las ciudades de Santo Domingo, La Paz y Buenos Aires, con quienes se compartir\u00e1n experiencias y se realizar\u00e1 un balance desde un enfoque dirigido a la creaci\u00f3n de bienestar, inclusi\u00f3n social y empleos dignos en cada territorio<\/li>\n<li>La secretaria de Cultura capitalina, Claudia Curiel de Icaza, hizo a la comunidad art\u00edstica la invitaci\u00f3n a la Convocatoria de Cooperativas Culturales que se llevar\u00e1 a cabo el pr\u00f3ximo mi\u00e9rcoles 19 de abril a las 18:00 horas en el Museo de la Ciudad de M\u00e9xico, abierta para agentes culturales que busquen financiamiento<\/li>\n<\/ul>\n<p>La\u00a0<strong>Secretar\u00eda de Cultura de la Ciudad de M\u00e9xico<\/strong>\u00a0en colaboraci\u00f3n con la\u00a0<strong>Uni\u00f3n de Ciudades Capitales Iberoamericanas (UCCI)<\/strong>\u00a0a trav\u00e9s del\u00a0<strong>Programa Imaginaci\u00f3n en Movimiento<\/strong>, empresas y emprendimientos culturales, encabezaron el inicio del\u00a0<strong>Taller de Elaboraci\u00f3n de Proyectos Culturales Sustentables e Independientes 2023<\/strong>, que tiene como objetivo proporcionar a artistas, promotores, gestores y agentes culturales las herramientas necesarias para impulsar sus propios proyectos.<br aria-hidden=\"true\" \/>\u00a0<br aria-hidden=\"true\" \/><strong>La secretaria de Cultura capitalina<\/strong>,\u00a0<strong>Claudia Curiel de Icaza,<\/strong>\u00a0dijo que este taller es \u201cfundamental para nosotros como Gobierno para que los agentes culturales puedan impulsar sus proyectos con autonom\u00eda y que se vuelvan parte detonadora de la cultura y que eso permita diversificar y mostrar la riqueza de la Ciudad de M\u00e9xico\u201d.<br aria-hidden=\"true\" \/>\u00a0<br aria-hidden=\"true\" \/>Resalt\u00f3 que este taller se encuentra en sinton\u00eda con la pol\u00edtica de Cultural Comunitaria de la dependencia en la que a trav\u00e9s de m\u00e1s de 300 Puntos de Innovaci\u00f3n, Libertad, Arte, Educaci\u00f3n y Saberes (PILARES), la Red de F\u00e1bricas de Artes y Oficios (FAROS) y Centros Culturales, con los que a trav\u00e9s de agentes culturales se detonan procesos en toda la Ciudad.<br aria-hidden=\"true\" \/>\u00a0<br aria-hidden=\"true\" \/>\u201cEs importante para la Secretar\u00eda este taller para poder trabajar con ustedes, potenciar y ofrecerles, no s\u00f3lo herramientas t\u00e9cnicas, sino tambi\u00e9n facilitar desde el Gobierno las operaciones para que puedan detonar sus propios procesos\u201d, expres\u00f3 Curiel de Icaza.<br aria-hidden=\"true\" \/>\u00a0<br aria-hidden=\"true\" \/>Por ello, extendi\u00f3 la invitaci\u00f3n a la\u00a0<strong>Convocatoria de Cooperativas Culturales<\/strong>\u00a0que se llevar\u00e1 a cabo el pr\u00f3ximo\u00a0<strong>mi\u00e9rcoles 19 de abril a las 18:00 horas en el Museo de la Ciudad de M\u00e9xico<\/strong>, en colaboraci\u00f3n con la Secretar\u00eda del Trabajo y Fomento al Empleo local, abierta para colectivos que busquen financiamiento como \u201ccapital semilla\u201d para el impulso de sus proyectos.<br aria-hidden=\"true\" \/>\u00a0<br aria-hidden=\"true\" \/><strong>Diana Alarc\u00f3n Gonz\u00e1lez<\/strong>, coordinadora de la Uni\u00f3n de Ciudades Capitales Iberoamericanas (UCCI) y coordinadora general de Asesores y Asuntos Internacionales del Gobierno de la Ciudad de M\u00e9xico, asegur\u00f3 que este taller cumple con los tres ejes que el organismo propuso al Gobierno de la Ciudad de M\u00e9xico cuando comenzaron a colaborar: el intercambio de experiencias con otras ciudades del mundo, el liderazgo en promoci\u00f3n de derechos e innovaci\u00f3n, as\u00ed como la participaci\u00f3n ciudadana para fomentar la acci\u00f3n global.\u00a0<br aria-hidden=\"true\" \/>\u00a0<br aria-hidden=\"true\" \/>Este trabajo en conjunto entre el Gobierno de la Ciudad de M\u00e9xico y la UCCI se remonta a 2019 y durante estos a\u00f1os la capital ha encabezado ya seis proyectos, incluido este Taller enfocado en proyectos culturales para \u201ccontribuir a desarrollo econ\u00f3mico, cultural, social de las ciudades participantes (Santo Domingo, La Paz y Buenos Aires) mediante el impulso a la creaci\u00f3n de empresas culturales como motores para la creaci\u00f3n de bienestar, inclusi\u00f3n social y empleos dignos\u201d.<br aria-hidden=\"true\" \/>\u00a0<br aria-hidden=\"true\" \/>Explic\u00f3 que durante ocho meses la UCCI trabajar\u00e1 en la Ciudad de M\u00e9xico para impulsar el programa Imaginaci\u00f3n en Movimiento, con el que se busca profesionalizar las pr\u00e1cticas de a comunidad art\u00edstica y consolidar la alianza entre ciudades que contribuya a la econom\u00eda naranja de cada territorio.<br aria-hidden=\"true\" \/>\u00a0<br aria-hidden=\"true\" \/>En el inicio de estos talleres tambi\u00e9n particip\u00f3\u00a0<strong>Marcela Jim\u00e9nez L\u00f3pez<\/strong>, coordinadora del Programa Imaginaci\u00f3n en Movimiento, y v\u00eda remota\u00a0<strong>Francisco Mugaburo<\/strong>, subdirector de Asuntos Internacionales de la UCCI, quien junto a representantes de las ciudades participantes visitar\u00e1n la Ciudad de M\u00e9xico en los pr\u00f3ximos meses para hacer un balance sobre los resultados de esta experiencia.<br aria-hidden=\"true\" \/>\u00a0<br aria-hidden=\"true\" \/>As\u00ed dio inici\u00f3 este lunes el Taller con su primera sesi\u00f3n a cargo de\u00a0<strong>Ninfa Lizzette Nava Ram\u00edrez<\/strong>, en la que adentr\u00f3 a los artistas y colectivos en los conocimientos necesarios para impulsar proyectos culturales a los que es necesario abordar desde una visi\u00f3n global a lo particular.<br aria-hidden=\"true\" \/>\u00a0<br aria-hidden=\"true\" \/>El taller ser\u00e1 impartido hasta el pr\u00f3ximo viernes 21 de abril en Centro Cultural El Rule Comunidad de Saberes de 10:00 a 14:00 horas, donde los participantes recibir\u00e1n las herramientas necesarias para profesionalizar las pr\u00e1cticas de la comunidad art\u00edstica y cultural para el desarrollo de proyectos con perspectiva de sostenibilidad.<br aria-hidden=\"true\" \/>\u00a0<br aria-hidden=\"true\" \/>Las actividades de la Secretar\u00eda de Cultura capitalina se pueden consultar la Cartelera de la Ciudad de M\u00e9xico (<a href=\"https:\/\/gob.us21.list-manage.com\/track\/click?u=24ab1d8cf82850533a5af327c&amp;id=a6057f2402&amp;e=4fe2704bc3\" target=\"_blank\" rel=\"noopener noreferrer\" data-auth=\"NotApplicable\" data-linkindex=\"0\">https:\/\/cartelera.cdmx.gob.mx\/<\/a>)\u00a0 y las redes sociales de la Secretar\u00eda de Cultura: Facebook, Twitter, Instagram y YouTube.<\/p>\n<div dir=\"auto\"><a class=\"x1i10hfl xjbqb8w x6umtig x1b1mbwd xaqea5y xav7gou x9f619 x1ypdohk xt0psk2 xe8uvvx xdj266r x11i5rnm xat24cr x1mh8g0r xexx8yu x4uap5 x18d9i69 xkhd6sd x16tdsg8 x1hl2dhg xggy1nq x1a2a7pz xt0b8zv x1qq9wsj xo1l8bm\" tabindex=\"0\" role=\"link\" href=\"https:\/\/www.facebook.com\/hashtag\/secretariadeculturacdmx?__eep__=6&amp;__cft__[0]=AZXTD2RenP0aRbHLSodXjKuacvH7kSk8KP0nZGjiD6-TNt9IM9yVp9l8HuiE5aX2KU3lU_gbKBPfdoHLxqhlf4S2Z67NxJVVVI55HiBqFdt134ooe_qLoXeX0fMaoEKxK7c&amp;__tn__=*NK-R\">#secretariadeculturacdmx<\/a><\/div>\n<div dir=\"auto\"><a class=\"x1i10hfl xjbqb8w x6umtig x1b1mbwd xaqea5y xav7gou x9f619 x1ypdohk xt0psk2 xe8uvvx xdj266r x11i5rnm xat24cr x1mh8g0r xexx8yu x4uap5 x18d9i69 xkhd6sd x16tdsg8 x1hl2dhg xggy1nq x1a2a7pz xt0b8zv x1qq9wsj xo1l8bm\" tabindex=\"0\" role=\"link\" href=\"https:\/\/www.facebook.com\/hashtag\/bitacoracdmx?__eep__=6&amp;__cft__[0]=AZXTD2RenP0aRbHLSodXjKuacvH7kSk8KP0nZGjiD6-TNt9IM9yVp9l8HuiE5aX2KU3lU_gbKBPfdoHLxqhlf4S2Z67NxJVVVI55HiBqFdt134ooe_qLoXeX0fMaoEKxK7c&amp;__tn__=*NK-R\">#bitacoracdmx<\/a><\/div>\n<p>[\/fusion_text][fusion_imageframe image_id=&#8221;50690|medium&#8221; max_width=&#8221;&#8221; style_type=&#8221;&#8221; blur=&#8221;&#8221; stylecolor=&#8221;&#8221; hover_type=&#8221;none&#8221; bordersize=&#8221;&#8221; bordercolor=&#8221;&#8221; borderradius=&#8221;&#8221; align=&#8221;none&#8221; lightbox=&#8221;no&#8221; gallery_id=&#8221;&#8221; lightbox_image=&#8221;&#8221; lightbox_image_id=&#8221;&#8221; alt=&#8221;&#8221; link=&#8221;&#8221; linktarget=&#8221;_self&#8221; hide_on_mobile=&#8221;small-visibility,medium-visibility,large-visibility&#8221; class=&#8221;&#8221; id=&#8221;&#8221; animation_type=&#8221;&#8221; animation_direction=&#8221;left&#8221; animation_speed=&#8221;0.3&#8243; animation_offset=&#8221;&#8221;]https:\/\/www.bitacoracdmx.com\/wp-content\/uploads\/2023\/04\/4adb5607-c8b7-0673-9c0e-3a4675e19fa4-300&#215;200.jpg[\/fusion_imageframe][\/fusion_builder_column][\/fusion_builder_row][\/fusion_builder_container]<\/p>\n","protected":false},"excerpt":{"rendered":"<p>[fusion_builder_container hundred_percent=&#8221;no&#8221; equal_height_columns=&#8221;no&#8221; menu_anchor=&#8221;&#8221; hide_on_mobile=&#8221;small-visibility,medium-visibility,large-visibility&#8221; class=&#8221;&#8221; id=&#8221;&#8221; background_color=&#8221;&#8221; background_image=&#8221;&#8221; background_position=&#8221;center center&#8221; background_repeat=&#8221;no-repeat&#8221; fade=&#8221;no&#8221; background_parallax=&#8221;none&#8221; parallax_speed=&#8221;0.3&#8243; video_mp4=&#8221;&#8221; video_webm=&#8221;&#8221; video_ogv=&#8221;&#8221; video_url=&#8221;&#8221; video_aspect_ratio=&#8221;16:9&#8243; video_loop=&#8221;yes&#8221; video_mute=&#8221;yes&#8221; overlay_color=&#8221;&#8221; video_preview_image=&#8221;&#8221; border_size=&#8221;&#8221; border_color=&#8221;&#8221; border_style=&#8221;solid&#8221; padding_top=&#8221;&#8221; padding_bottom=&#8221;&#8221; padding_left=&#8221;&#8221; padding_right=&#8221;&#8221;][fusion_builder_row][fusion_builder_column type=&#8221;1_1&#8243; layout=&#8221;1_1&#8243; background_position=&#8221;left top&#8221; background_color=&#8221;&#8221; border_size=&#8221;&#8221; border_color=&#8221;&#8221; border_style=&#8221;solid&#8221; border_position=&#8221;all&#8221; spacing=&#8221;yes&#8221; background_image=&#8221;&#8221; background_repeat=&#8221;no-repeat&#8221; padding_top=&#8221;&#8221; padding_right=&#8221;&#8221; padding_bottom=&#8221;&#8221; padding_left=&#8221;&#8221; margin_top=&#8221;0px&#8221; margin_bottom=&#8221;0px&#8221; class=&#8221;&#8221; id=&#8221;&#8221; animation_type=&#8221;&#8221; animation_speed=&#8221;0.3&#8243; animation_direction=&#8221;left&#8221; hide_on_mobile=&#8221;small-visibility,medium-visibility,large-visibility&#8221; center_content=&#8221;no&#8221; last=&#8221;no&#8221; min_height=&#8221;&#8221; hover_type=&#8221;none&#8221; link=&#8221;&#8221;][fusion_text] REDACCI\u00d3N Este taller es la primera colaboraci\u00f3n entre la Secretar\u00eda de Cultura de la Ciudad de M\u00e9xico y la Uni\u00f3n de Ciudades Capitales Iberoamericanas, que tiene como objetivo dar a artistas, promotores, gestores, agentes y colectivos las herramientas necesarias para [&hellip;]<\/p>\n","protected":false},"author":1,"featured_media":50690,"comment_status":"open","ping_status":"open","sticky":false,"template":"","format":"standard","meta":{"footnotes":""},"categories":[5,9],"tags":[],"_links":{"self":[{"href":"https:\/\/www.bitacoracdmx.com\/index.php?rest_route=\/wp\/v2\/posts\/50689"}],"collection":[{"href":"https:\/\/www.bitacoracdmx.com\/index.php?rest_route=\/wp\/v2\/posts"}],"about":[{"href":"https:\/\/www.bitacoracdmx.com\/index.php?rest_route=\/wp\/v2\/types\/post"}],"author":[{"embeddable":true,"href":"https:\/\/www.bitacoracdmx.com\/index.php?rest_route=\/wp\/v2\/users\/1"}],"replies":[{"embeddable":true,"href":"https:\/\/www.bitacoracdmx.com\/index.php?rest_route=%2Fwp%2Fv2%2Fcomments&post=50689"}],"version-history":[{"count":1,"href":"https:\/\/www.bitacoracdmx.com\/index.php?rest_route=\/wp\/v2\/posts\/50689\/revisions"}],"predecessor-version":[{"id":50691,"href":"https:\/\/www.bitacoracdmx.com\/index.php?rest_route=\/wp\/v2\/posts\/50689\/revisions\/50691"}],"wp:featuredmedia":[{"embeddable":true,"href":"https:\/\/www.bitacoracdmx.com\/index.php?rest_route=\/wp\/v2\/media\/50690"}],"wp:attachment":[{"href":"https:\/\/www.bitacoracdmx.com\/index.php?rest_route=%2Fwp%2Fv2%2Fmedia&parent=50689"}],"wp:term":[{"taxonomy":"category","embeddable":true,"href":"https:\/\/www.bitacoracdmx.com\/index.php?rest_route=%2Fwp%2Fv2%2Fcategories&post=50689"},{"taxonomy":"post_tag","embeddable":true,"href":"https:\/\/www.bitacoracdmx.com\/index.php?rest_route=%2Fwp%2Fv2%2Ftags&post=50689"}],"curies":[{"name":"wp","href":"https:\/\/api.w.org\/{rel}","templated":true}]}}