{"id":50698,"date":"2023-04-18T05:26:09","date_gmt":"2023-04-18T05:26:09","guid":{"rendered":"https:\/\/www.bitacoracdmx.com\/?p=50698"},"modified":"2023-04-18T05:26:09","modified_gmt":"2023-04-18T05:26:09","slug":"orquesta-filarmonica-de-la-ciudad-de-mexico-inicia-su-segunda-temporada-2023-con-conciertos-infantiles-y-de-dia-de-las-madres","status":"publish","type":"post","link":"https:\/\/www.bitacoracdmx.com\/?p=50698","title":{"rendered":"ORQUESTA FILARM\u00d3NICA de la CIUDAD DE M\u00c9XICO inicia su segunda temporada 2023 con CONCIERTOS INFANTILES y DE D\u00cdA DE LAS MADRES"},"content":{"rendered":"<p>[fusion_builder_container hundred_percent=&#8221;no&#8221; equal_height_columns=&#8221;no&#8221; menu_anchor=&#8221;&#8221; hide_on_mobile=&#8221;small-visibility,medium-visibility,large-visibility&#8221; class=&#8221;&#8221; id=&#8221;&#8221; background_color=&#8221;&#8221; background_image=&#8221;&#8221; background_position=&#8221;center center&#8221; background_repeat=&#8221;no-repeat&#8221; fade=&#8221;no&#8221; background_parallax=&#8221;none&#8221; parallax_speed=&#8221;0.3&#8243; video_mp4=&#8221;&#8221; video_webm=&#8221;&#8221; video_ogv=&#8221;&#8221; video_url=&#8221;&#8221; video_aspect_ratio=&#8221;16:9&#8243; video_loop=&#8221;yes&#8221; video_mute=&#8221;yes&#8221; overlay_color=&#8221;&#8221; video_preview_image=&#8221;&#8221; border_size=&#8221;&#8221; border_color=&#8221;&#8221; border_style=&#8221;solid&#8221; padding_top=&#8221;&#8221; padding_bottom=&#8221;&#8221; padding_left=&#8221;&#8221; padding_right=&#8221;&#8221;][fusion_builder_row][fusion_builder_column type=&#8221;1_1&#8243; layout=&#8221;1_1&#8243; background_position=&#8221;left top&#8221; background_color=&#8221;&#8221; border_size=&#8221;&#8221; border_color=&#8221;&#8221; border_style=&#8221;solid&#8221; border_position=&#8221;all&#8221; spacing=&#8221;yes&#8221; background_image=&#8221;&#8221; background_repeat=&#8221;no-repeat&#8221; padding_top=&#8221;&#8221; padding_right=&#8221;&#8221; padding_bottom=&#8221;&#8221; padding_left=&#8221;&#8221; margin_top=&#8221;0px&#8221; margin_bottom=&#8221;0px&#8221; class=&#8221;&#8221; id=&#8221;&#8221; animation_type=&#8221;&#8221; animation_speed=&#8221;0.3&#8243; animation_direction=&#8221;left&#8221; hide_on_mobile=&#8221;small-visibility,medium-visibility,large-visibility&#8221; center_content=&#8221;no&#8221; last=&#8221;no&#8221; min_height=&#8221;&#8221; hover_type=&#8221;none&#8221; link=&#8221;&#8221;][fusion_text]<\/p>\n<p>REDACCI\u00d3N<\/p>\n<ul>\n<li>Del 21 de abril al 18 de junio, el director titular de la OFCM Scott Yoo y directores invitados como Ra\u00fal Delgado, Ludwig Carrasco, Jos\u00e9 Luis L\u00f3pez Ant\u00f3n y Stephen Ellery realizar\u00e1n recitales dedicados al D\u00eda de las Madres, de Metales y Percusiones, as\u00ed como una serie de conciertos did\u00e1cticos<\/li>\n<li>El pr\u00f3ximo viernes 21 a las 12:00 horas, s\u00e1bado a las 18:00 horas y el domingo 23 a las 12:30 horas arrancar\u00e1 la temporada en la Sala Silvestre Revueltas con la serie de conciertos infantiles denominado \u201cVete de pinta con la OFCM\u201d, dirigido por Ra\u00fal Delgado y narrado por Leonardo Mortera<\/li>\n<li>Stephen Ellery, Ludwig Carrasco, Jos\u00e9 Luis L\u00f3pez Ant\u00f3n, Carlos Spierer y Julio Brise\u00f1o ser\u00e1n los directores invitados, quienes junto al titular de la OFCM Scott Yoo, completan una temporada de grandes sorpresas<\/li>\n<li>Desfilar\u00e1n composiciones de Wagner, Brahms, Shoistakovich y Strauss a la par de m\u00fasica de Moncayo, Rosas, Revueltas y muchos autores m\u00e1s<\/li>\n<\/ul>\n<p>La\u00a0<strong>Orquesta Filarm\u00f3nica de la Ciudad de M\u00e9xico (OFCM)<\/strong>, perteneciente a la\u00a0<strong>Secretar\u00eda de Cultura capitalina<\/strong>, inicia del 21 al 23 de abril su Segunda Temporada 2023 con un especial de m\u00fasica infantil, al que le suceder\u00e1n un especial de D\u00eda de las Madres y conciertos con piezas de Wagner, Brahms, Shoistakovich y Strauss a la par de m\u00fasica de Moncayo, Rosas, Revueltas y muchos autores m\u00e1s, y el regreso de su titular Scott Yoo.<br aria-hidden=\"true\" \/><br aria-hidden=\"true\" \/>Despu\u00e9s de una primera temporada exitosa, que termin\u00f3 el pasado 2 de abril y que incluy\u00f3 una gran variedad de conciertos a cargo del director titular\u00a0<strong>Scott Yoo<\/strong>, con invitados como los directores internacionalmente reconocidos Diego Naser, Consuelo Bolio, Julio Brise\u00f1o, Rodrigo Mac\u00edas y Luis Manuel S\u00e1nchez, esta segunda temporada tambi\u00e9n tiene preparada una serie de recitales en los que la OFCM interpretar\u00e1 obras de grandes representantes nacionales e internacionales de m\u00fasica cl\u00e1sica con ciclos de\u00a0<strong>m\u00fasica de c\u00e1mara, metales y percusiones,\u00a0 y uno dedicado al D\u00eda de las Madres.<\/strong><br aria-hidden=\"true\" \/>\u00a0<br aria-hidden=\"true\" \/>El pr\u00f3ximo viernes 21 a las 12:00 horas, s\u00e1bado a las 18:00 horas y el domingo 23 a las 12:30 horas arrancar\u00e1 la temporada en la Sala Silvestre Revueltas con la serie de conciertos infantiles denominado\u00a0<strong>\u201cVete de pinta con la OFCM\u201d, dirigido por Ra\u00fal Delgado y narrado por Leonardo Mortera<\/strong>, cuyo repertorio incluye\u00a0<em>Grand Fanfare<\/em>\u00a0de Giancarlo Castro D\u2019Addona,\u00a0<em>Peer Gynt, Suite N.\u00ba 1<\/em>\u00a0de Edvard Grieg,\u00a0<em>Obertura Les Tor\u00e9adors<\/em>\u00a0de Georges Bizet y\u00a0<em>Gu\u00eda orquestal para j\u00f3venes\u00a0<\/em>de Benjamin Britten.<br aria-hidden=\"true\" \/>\u00a0<br aria-hidden=\"true\" \/>El siguiente s\u00e1bado 29 a las 18:00 horas y el domingo 30 a las 12:30 horas, ser\u00e1 el director titular de la OFCM, Scott Yoo, quien junto a la soprano Sarah Traubel, deleitar\u00e1n al p\u00fablico con un concierto en el que interpretar\u00e1n\u00a0<em>Urbano<\/em>\u00a0de la mexicana Marcela Rodr\u00edguez,\u00a0<em>Canciones de Wesendonck<\/em>\u00a0de Richard Wagner, as\u00ed como\u00a0<em>Sinfon\u00eda N.\u00ba 4<\/em>\u00a0de Johannes Brahms.<br aria-hidden=\"true\" \/>\u00a0<br aria-hidden=\"true\" \/>En tanto, el s\u00e1bado 6 de mayo a las 18:00 horas y el domingo 7 de mayo a las 12:30 horas la Sala Silvestre Revueltas del Centro Cultural Ollin Yoliztli se convertir\u00e1 en una gran aula gracias a &#8220;Encuentros Notables&#8221;, una serie de conciertos did\u00e1cticos a cargo de Scott Yoo y\u00a0<em>la Sinfon\u00eda N.\u00ba 11, El A\u00f1o 1905<\/em>\u00a0del ruso Dmitri Shostakovich.<br aria-hidden=\"true\" \/>\u00a0<br aria-hidden=\"true\" \/>El fin de semana del s\u00e1bado 13 y domingo 14 de mayo a las 18:00 y 12:30 horas, respectivamente, estar\u00e1 dedicado al D\u00eda de las Madres con un recital en el que Ludwig Carrasco dirigir\u00e1 a la OFCM con el\u00a0<em>Vals Emperador<\/em>\u00a0de Johann Strauss,\u00a0<em>Capricho espa\u00f1ol<\/em>\u00a0de Nicolai Rimsky-Korsakov,\u00a0<em>Suite de Rosenkavalier<\/em>\u00a0de Richard Strauss,\u00a0<em>Morir por tu amor<\/em>\u00a0de Belisario de Jes\u00fas Garc\u00eda y\u00a0<em>Vals sobre las Olas<\/em>\u00a0de Juventino Rosas.<br aria-hidden=\"true\" \/>\u00a0<br aria-hidden=\"true\" \/>El concierto del s\u00e1bado 20 de mayo y domingo 21 de mayo ser\u00e1 dirigido por Jos\u00e9 Luis L\u00f3pez Ant\u00f3n tocando la m\u00fasica de Joseph Haydn, Jos\u00e9 Pablo Moncayo y Alexander Glazunov; mientras que el del 27 y 28 de mayo estar\u00e1 dedicado a Salvador Contreras, Heitor Berlioz, Gy\u00f6rgy Ligeti y Antonin Dvo\u0159\u00e1k bajo la direcci\u00f3n de Stephen Ellery.<br aria-hidden=\"true\" \/>\u00a0<br aria-hidden=\"true\" \/>El s\u00e1bado 3 de junio y el domingo 4 de junio repite Stephen Ellery como director invitado de la OFCM para interpretar\u00a0<em>La Noche de los Mayas (Limantour)<\/em>\u00a0de Silvestre Revueltas y\u00a0<em>Sinfon\u00eda Matis der Maler\u00a0<\/em>de Paul Hindemith.<br aria-hidden=\"true\" \/>\u00a0<br aria-hidden=\"true\" \/>El s\u00e1bado 10 de junio y domingo 11 de junio, a las 18:00 horas y 12:30, respectivamente, la OFCM tendr\u00e1 como director invitado a Carlos Spierer para interpretar a Edvard Grieg,\u00a0<em>De la \u00e9poca de Holberg<\/em>; Alfonso de El\u00edas,\u00a0<em>El jard\u00edn encantado<\/em>; as\u00ed como Joseph Haydn y su\u00a0<em>Sinfon\u00eda N.\u00ba 98.<\/em><br aria-hidden=\"true\" \/>\u00a0<br aria-hidden=\"true\" \/>La temporada cerrar\u00e1 con el concierto dedicado a Metales y Percusiones OFCM del s\u00e1bado 17 y domingo 18 de junio, dirigido por Julio Brise\u00f1o y las composiciones de Gustav Holst con arreglos de Armstrong y Friedman, de Pablo Casals con arreglos de Stokowski, de Blas Galindo, de Charles Ives con arreglos de Crees, de Samuel Barber, y de Leonard Bernstein con arreglos del propio Brise\u00f1o.<br aria-hidden=\"true\" \/>\u00a0<br aria-hidden=\"true\" \/>Esta temporada adem\u00e1s contar\u00e1 con el cuarto y quinto concierto del a\u00f1o de\u00a0<strong>M\u00fasica de C\u00e1mara<\/strong>, que tendr\u00e1n lugar en el vest\u00edbulo de la Sala Silvestre Revueltas, el primero el s\u00e1bado 20 de mayo a las 17:00 horas y el domingo 21 de mayo a las 11:30 horas con Jacob DeVries en el clarinete, Wilfredo P\u00e9rez Gaydos y Farathnaz Danele Gonz\u00e1lez en el viol\u00edn, David Espinosa Ricalde en la viola y Carmen Uribe Moreno en violonchelo tocando el\u00a0<em>Quinteto para clarinete en la mayor, K. 581<\/em>\u00a0de Wolfgang Amadeus Mozart.<br aria-hidden=\"true\" \/>\u00a0<br aria-hidden=\"true\" \/>El quinto concierto de M\u00fasica de C\u00e1mara tendr\u00e1 lugar en el vest\u00edbulo de la Sala Silvestre Revueltas el s\u00e1bado 10 de junio y el domingo 11 de junio, tambi\u00e9n una hora antes del concierto habitual, en el que Serguei Gorbenko en el viol\u00edn, Javier Cruz Espinosa en el contrabajo, Jean Hay en el clarinete, Sof\u00eda Almanza Saavedra con el fagot, Ignacio Cornejo D\u00edaz con la trompeta, Iain Hunter con el tromb\u00f3n y Gabriela Jim\u00e9nez en la percusi\u00f3n interpretar\u00e1n\u00a0<em>La historia del soldado<\/em>\u00a0de Igor Stravinsky.<br aria-hidden=\"true\" \/>\u00a0<br aria-hidden=\"true\" \/>Para conocer a detalle toda la agenda de la segunda temporada de 2023 de la Orquesta Filarm\u00f3nica de la Ciudad de M\u00e9xico y todas las actividades de la Secretar\u00eda de Cultura capitalina se puede consultar la Cartelera de la Ciudad de M\u00e9xico (<a href=\"https:\/\/gob.us21.list-manage.com\/track\/click?u=24ab1d8cf82850533a5af327c&amp;id=9ebc2411a3&amp;e=4fe2704bc3\" target=\"_blank\" rel=\"noopener noreferrer\" data-auth=\"NotApplicable\" data-linkindex=\"0\">https:\/\/cartelera.cdmx.gob.mx\/<\/a>)\u00a0 y las redes sociales de la Secretar\u00eda de Cultura: Facebook, Twitter, Instagram y YouTube.<br aria-hidden=\"true\" \/>\u00a0<br aria-hidden=\"true\" \/><strong>Sobre Scott Yoo<\/strong><br aria-hidden=\"true\" \/><br aria-hidden=\"true\" \/>Es director principal y director art\u00edstico de la Orquesta Filarm\u00f3nica de la Ciudad de M\u00e9xico, director musical del Festival Mozaic, director del Festival de M\u00fasica de Colorado College y fundador del Medell\u00edn Festic\u00e1mara, programa de m\u00fasica de c\u00e1mara que re\u00fane a artistas de talla mundial con j\u00f3venes m\u00fasicos desfavorecidos. Es tambi\u00e9n anfitri\u00f3n y productor ejecutivo de la serie de PBS\u00a0<em>Now Hear This<\/em>, primera serie sobre m\u00fasica cl\u00e1sica en la televisi\u00f3n estadounidense en prime time en 50 a\u00f1os.<br aria-hidden=\"true\" \/><br aria-hidden=\"true\" \/>Ha dirigido las sinf\u00f3nicas de Colorado, Dallas, Indian\u00e1polis, Nuevo Mundo, San Francisco y Utah, y a la Orquesta de C\u00e1mara de St. Paul tanto en su propio festival, el Elliott Carter, como en su debut en el Carnegie Hall. En Europa ha dirigido la English Chamber Orchestra, la City of London Sinfonia, la Britten Sinfonia, la Orquesta Filarm\u00f3nica de Radio Francia, el ensamble orquestal de Par\u00eds, la Odense Symphony y la Sinf\u00f3nica Nacional de Estonia.<br aria-hidden=\"true\" \/><br aria-hidden=\"true\" \/>En Asia, ha dirigido la Orquesta sinf\u00f3nica Yomiuri Nippon en Tokio, la Filarm\u00f3nica de Se\u00fal y la Filarm\u00f3nica de Busan en Corea. Como parte de su amplio cat\u00e1logo discogr\u00e1fico, dirigi\u00f3 a la London Symphony Orchestra y la Royal Scottish National Orchestra en grabaciones para Sony Classical; la orquesta de c\u00e1mara John Harbison, trabajando con la soprano Dawn Upshaw para Bridge Records, consiguiendo la nominaci\u00f3n al National Public Radio Performance Today; los ciclos de canciones de Earl Kim con las sopranos Benita Valente y Karol Bennett para el sello New World, grabaci\u00f3n que recibi\u00f3 el Critics Choice en el\u00a0<em>New York Times<\/em>.<\/p>\n<div dir=\"auto\"><a class=\"x1i10hfl xjbqb8w x6umtig x1b1mbwd xaqea5y xav7gou x9f619 x1ypdohk xt0psk2 xe8uvvx xdj266r x11i5rnm xat24cr x1mh8g0r xexx8yu x4uap5 x18d9i69 xkhd6sd x16tdsg8 x1hl2dhg xggy1nq x1a2a7pz xt0b8zv x1qq9wsj xo1l8bm\" tabindex=\"0\" role=\"link\" href=\"https:\/\/www.facebook.com\/hashtag\/orquestafilarmonicadelaciudaddemexico?__eep__=6&amp;__cft__[0]=AZXvTJu3PLKjTcOldK2Nkqz0iIqdxPkAhP9sqt9x2eu16Eu4KottxALd-leokfhp3jQ-6yoykQCEGat3yVo4oQzQi-FdaneNChZtafq3xgCa-szcFQLFIe-6d6nXBzSv7L0&amp;__tn__=*NK-R\">#orquestafilarmonicadelaciudaddemexico<\/a><\/div>\n<div dir=\"auto\"><a class=\"x1i10hfl xjbqb8w x6umtig x1b1mbwd xaqea5y xav7gou x9f619 x1ypdohk xt0psk2 xe8uvvx xdj266r x11i5rnm xat24cr x1mh8g0r xexx8yu x4uap5 x18d9i69 xkhd6sd x16tdsg8 x1hl2dhg xggy1nq x1a2a7pz xt0b8zv x1qq9wsj xo1l8bm\" tabindex=\"0\" role=\"link\" href=\"https:\/\/www.facebook.com\/hashtag\/secretariadeculturacdmx?__eep__=6&amp;__cft__[0]=AZXvTJu3PLKjTcOldK2Nkqz0iIqdxPkAhP9sqt9x2eu16Eu4KottxALd-leokfhp3jQ-6yoykQCEGat3yVo4oQzQi-FdaneNChZtafq3xgCa-szcFQLFIe-6d6nXBzSv7L0&amp;__tn__=*NK-R\">#secretariadeculturacdmx<\/a><\/div>\n<div dir=\"auto\"><a class=\"x1i10hfl xjbqb8w x6umtig x1b1mbwd xaqea5y xav7gou x9f619 x1ypdohk xt0psk2 xe8uvvx xdj266r x11i5rnm xat24cr x1mh8g0r xexx8yu x4uap5 x18d9i69 xkhd6sd x16tdsg8 x1hl2dhg xggy1nq x1a2a7pz xt0b8zv x1qq9wsj xo1l8bm\" tabindex=\"0\" role=\"link\" href=\"https:\/\/www.facebook.com\/hashtag\/bitacoracdmx?__eep__=6&amp;__cft__[0]=AZXvTJu3PLKjTcOldK2Nkqz0iIqdxPkAhP9sqt9x2eu16Eu4KottxALd-leokfhp3jQ-6yoykQCEGat3yVo4oQzQi-FdaneNChZtafq3xgCa-szcFQLFIe-6d6nXBzSv7L0&amp;__tn__=*NK-R\">#bitacoracdmx<\/a><\/div>\n<p>[\/fusion_text][fusion_imageframe image_id=&#8221;50699|medium&#8221; max_width=&#8221;&#8221; style_type=&#8221;&#8221; blur=&#8221;&#8221; stylecolor=&#8221;&#8221; hover_type=&#8221;none&#8221; bordersize=&#8221;&#8221; bordercolor=&#8221;&#8221; borderradius=&#8221;&#8221; align=&#8221;none&#8221; lightbox=&#8221;no&#8221; gallery_id=&#8221;&#8221; lightbox_image=&#8221;&#8221; lightbox_image_id=&#8221;&#8221; alt=&#8221;&#8221; link=&#8221;&#8221; linktarget=&#8221;_self&#8221; hide_on_mobile=&#8221;small-visibility,medium-visibility,large-visibility&#8221; class=&#8221;&#8221; id=&#8221;&#8221; animation_type=&#8221;&#8221; animation_direction=&#8221;left&#8221; animation_speed=&#8221;0.3&#8243; animation_offset=&#8221;&#8221;]https:\/\/www.bitacoracdmx.com\/wp-content\/uploads\/2023\/04\/54565ea0-01bf-e891-9885-f3364ffc2963-300&#215;300.jpg[\/fusion_imageframe][\/fusion_builder_column][\/fusion_builder_row][\/fusion_builder_container]<\/p>\n","protected":false},"excerpt":{"rendered":"<p>[fusion_builder_container hundred_percent=&#8221;no&#8221; equal_height_columns=&#8221;no&#8221; menu_anchor=&#8221;&#8221; hide_on_mobile=&#8221;small-visibility,medium-visibility,large-visibility&#8221; class=&#8221;&#8221; id=&#8221;&#8221; background_color=&#8221;&#8221; background_image=&#8221;&#8221; background_position=&#8221;center center&#8221; background_repeat=&#8221;no-repeat&#8221; fade=&#8221;no&#8221; background_parallax=&#8221;none&#8221; parallax_speed=&#8221;0.3&#8243; video_mp4=&#8221;&#8221; video_webm=&#8221;&#8221; video_ogv=&#8221;&#8221; video_url=&#8221;&#8221; video_aspect_ratio=&#8221;16:9&#8243; video_loop=&#8221;yes&#8221; video_mute=&#8221;yes&#8221; overlay_color=&#8221;&#8221; video_preview_image=&#8221;&#8221; border_size=&#8221;&#8221; border_color=&#8221;&#8221; border_style=&#8221;solid&#8221; padding_top=&#8221;&#8221; padding_bottom=&#8221;&#8221; padding_left=&#8221;&#8221; padding_right=&#8221;&#8221;][fusion_builder_row][fusion_builder_column type=&#8221;1_1&#8243; layout=&#8221;1_1&#8243; background_position=&#8221;left top&#8221; background_color=&#8221;&#8221; border_size=&#8221;&#8221; border_color=&#8221;&#8221; border_style=&#8221;solid&#8221; border_position=&#8221;all&#8221; spacing=&#8221;yes&#8221; background_image=&#8221;&#8221; background_repeat=&#8221;no-repeat&#8221; padding_top=&#8221;&#8221; padding_right=&#8221;&#8221; padding_bottom=&#8221;&#8221; padding_left=&#8221;&#8221; margin_top=&#8221;0px&#8221; margin_bottom=&#8221;0px&#8221; class=&#8221;&#8221; id=&#8221;&#8221; animation_type=&#8221;&#8221; animation_speed=&#8221;0.3&#8243; animation_direction=&#8221;left&#8221; hide_on_mobile=&#8221;small-visibility,medium-visibility,large-visibility&#8221; center_content=&#8221;no&#8221; last=&#8221;no&#8221; min_height=&#8221;&#8221; hover_type=&#8221;none&#8221; link=&#8221;&#8221;][fusion_text] REDACCI\u00d3N Del 21 de abril al 18 de junio, el director titular de la OFCM Scott Yoo y directores invitados como Ra\u00fal Delgado, Ludwig Carrasco, Jos\u00e9 Luis L\u00f3pez Ant\u00f3n y Stephen Ellery realizar\u00e1n recitales dedicados al D\u00eda de las Madres, [&hellip;]<\/p>\n","protected":false},"author":1,"featured_media":50699,"comment_status":"open","ping_status":"open","sticky":false,"template":"","format":"standard","meta":{"footnotes":""},"categories":[9,11],"tags":[],"_links":{"self":[{"href":"https:\/\/www.bitacoracdmx.com\/index.php?rest_route=\/wp\/v2\/posts\/50698"}],"collection":[{"href":"https:\/\/www.bitacoracdmx.com\/index.php?rest_route=\/wp\/v2\/posts"}],"about":[{"href":"https:\/\/www.bitacoracdmx.com\/index.php?rest_route=\/wp\/v2\/types\/post"}],"author":[{"embeddable":true,"href":"https:\/\/www.bitacoracdmx.com\/index.php?rest_route=\/wp\/v2\/users\/1"}],"replies":[{"embeddable":true,"href":"https:\/\/www.bitacoracdmx.com\/index.php?rest_route=%2Fwp%2Fv2%2Fcomments&post=50698"}],"version-history":[{"count":1,"href":"https:\/\/www.bitacoracdmx.com\/index.php?rest_route=\/wp\/v2\/posts\/50698\/revisions"}],"predecessor-version":[{"id":50700,"href":"https:\/\/www.bitacoracdmx.com\/index.php?rest_route=\/wp\/v2\/posts\/50698\/revisions\/50700"}],"wp:featuredmedia":[{"embeddable":true,"href":"https:\/\/www.bitacoracdmx.com\/index.php?rest_route=\/wp\/v2\/media\/50699"}],"wp:attachment":[{"href":"https:\/\/www.bitacoracdmx.com\/index.php?rest_route=%2Fwp%2Fv2%2Fmedia&parent=50698"}],"wp:term":[{"taxonomy":"category","embeddable":true,"href":"https:\/\/www.bitacoracdmx.com\/index.php?rest_route=%2Fwp%2Fv2%2Fcategories&post=50698"},{"taxonomy":"post_tag","embeddable":true,"href":"https:\/\/www.bitacoracdmx.com\/index.php?rest_route=%2Fwp%2Fv2%2Ftags&post=50698"}],"curies":[{"name":"wp","href":"https:\/\/api.w.org\/{rel}","templated":true}]}}