{"id":50717,"date":"2023-04-19T00:36:35","date_gmt":"2023-04-19T00:36:35","guid":{"rendered":"https:\/\/www.bitacoracdmx.com\/?p=50717"},"modified":"2023-04-19T00:36:35","modified_gmt":"2023-04-19T00:36:35","slug":"wendy-sulca-regresa-a-la-musica-y-nos-dice-mirame-como-soy","status":"publish","type":"post","link":"https:\/\/www.bitacoracdmx.com\/?p=50717","title":{"rendered":"Wendy Sulca regresa a la m\u00fasica y nos dice &#8220;M\u00edrame Como Soy&#8221;"},"content":{"rendered":"<p>[fusion_builder_container hundred_percent=&#8221;no&#8221; equal_height_columns=&#8221;no&#8221; menu_anchor=&#8221;&#8221; hide_on_mobile=&#8221;small-visibility,medium-visibility,large-visibility&#8221; class=&#8221;&#8221; id=&#8221;&#8221; background_color=&#8221;&#8221; background_image=&#8221;&#8221; background_position=&#8221;center center&#8221; background_repeat=&#8221;no-repeat&#8221; fade=&#8221;no&#8221; background_parallax=&#8221;none&#8221; parallax_speed=&#8221;0.3&#8243; video_mp4=&#8221;&#8221; video_webm=&#8221;&#8221; video_ogv=&#8221;&#8221; video_url=&#8221;&#8221; video_aspect_ratio=&#8221;16:9&#8243; video_loop=&#8221;yes&#8221; video_mute=&#8221;yes&#8221; overlay_color=&#8221;&#8221; video_preview_image=&#8221;&#8221; border_size=&#8221;&#8221; border_color=&#8221;&#8221; border_style=&#8221;solid&#8221; padding_top=&#8221;&#8221; padding_bottom=&#8221;&#8221; padding_left=&#8221;&#8221; padding_right=&#8221;&#8221;][fusion_builder_row][fusion_builder_column type=&#8221;1_1&#8243; layout=&#8221;1_1&#8243; background_position=&#8221;left top&#8221; background_color=&#8221;&#8221; border_size=&#8221;&#8221; border_color=&#8221;&#8221; border_style=&#8221;solid&#8221; border_position=&#8221;all&#8221; spacing=&#8221;yes&#8221; background_image=&#8221;&#8221; background_repeat=&#8221;no-repeat&#8221; padding_top=&#8221;&#8221; padding_right=&#8221;&#8221; padding_bottom=&#8221;&#8221; padding_left=&#8221;&#8221; margin_top=&#8221;0px&#8221; margin_bottom=&#8221;0px&#8221; class=&#8221;&#8221; id=&#8221;&#8221; animation_type=&#8221;&#8221; animation_speed=&#8221;0.3&#8243; animation_direction=&#8221;left&#8221; hide_on_mobile=&#8221;small-visibility,medium-visibility,large-visibility&#8221; center_content=&#8221;no&#8221; last=&#8221;no&#8221; min_height=&#8221;&#8221; hover_type=&#8221;none&#8221; link=&#8221;&#8221;][fusion_text]<\/p>\n<p>REDACCI\u00d3N<\/p>\n<h2 dir=\"ltr\"><strong id=\"x_m_6577790821874764415m_4304921651761344354m_-3527112877284265199m_1801061124989131346docs-internal-guid-3c180272-7fff-b4b0-2ada-811d896cb562\">Una canci\u00f3n que le canta a la identidad y a la memoria del Per\u00fa, junto a Lido\u00a0<\/strong>Pimienta &amp; Nero Lvigi<\/h2>\n<p><strong id=\"x_m_6577790821874764415m_4304921651761344354m_-3527112877284265199m_1801061124989131346docs-internal-guid-6e794413-7fff-a6c1-601e-50af21209342\">Tras el lanzamiento y buena recepci\u00f3n de su disco &#8220;Evoluci\u00f3n&#8221;, Wendy Sulca vuelve a la m\u00fasica, con ganas de sorprender a su p\u00fablico reinvent\u00e1ndose una vez m\u00e1s. &#8220;M\u00edrame Como Soy&#8221; es el primer sencillo de un disco nuevo, con un concepto de madurez y viaje a trav\u00e9s de la m\u00fasica del Per\u00fa.<\/strong><\/p>\n<p><strong>Disponible en plataformas digitales a partir del 21 de abril<\/strong><\/p>\n<p dir=\"ltr\"><strong>&#8220;M\u00edrame Como Soy&#8221;\u00a0<\/strong>habla sobre el identificarse como peruano, en un momento en que no podemos dejar de escuchar todas las voces que habitan en el pa\u00eds y que buscan un cambio hacia una mejor sociedad, es un reclamo desde la m\u00fasica y la identidad.<\/p>\n<div>Se invit\u00f3 al tema al rapero afroperuano Nero Lvigi y a la cantante colombiana Lido Pimienta, que hacen que la canci\u00f3n crezca en su mensaje de uni\u00f3n, no solamente dentro del Per\u00fa, sino a toda Latinoam\u00e9rica, que es un pueblo cuya similitud hist\u00f3rica, permite que todos podamos abrazar la letra de la canci\u00f3n. Esta fue escrita por Samanez y producida por Numen, j\u00f3venes talentos cuzque\u00f1os, que han captado la idea de Wendy para juntos llevarla a cabo con este nuevo sonido. La canci\u00f3n cuenta adem\u00e1s con la participaci\u00f3n especial de la maestra Susana Baca, con las palabras que cierran el tema.<\/div>\n<div><\/div>\n<div><strong><em>&#8220;Siempre so\u00f1\u00e9 con que la m\u00fasica peruana sea escuchada por todo el mundo, con un sonido actualizado, diferente y arriesgado. En &#8216;Evoluci\u00f3n&#8217; jugamos con elementos de la m\u00fasica mainstream, llegando incluso a mezclar lo andino con lo urbano, y ahora en esta nueva etapa, estamos jugando con sonidos mucho m\u00e1s complejos y arriesgados, pero siempre dentro de la l\u00f3gica del pop alternativo. Este disco es literalmente un viaje por todos los g\u00e9neros musicales del Per\u00fa, pasando por la m\u00fasica andina, ritmos de la selva, sonidos afroperuanos, e incluso algunos elementos de la m\u00fasica de la costa, como la marinera o el vals. En &#8216;M\u00edrame Como Soy&#8217; quer\u00edamos fusionar lo afro con lo andino, que es la esencia del Per\u00fa a nivel musical y r\u00edtmico, pero d\u00e1ndole una vuelta con sonidos electr\u00f3nicos muy de estos tiempos, es como una actualizaci\u00f3n del World Music, algunos amigos me dicen que sienten que est\u00e1n escuchando un festejo espacial.&#8221;<\/em><\/strong>, dice\u00a0<strong>Wendy Sulca<\/strong>, sobre la nueva direcci\u00f3n de su proyecto musical y sobre esta canci\u00f3n en particular.<\/div>\n<div><\/div>\n<div>\n<div dir=\"auto\"><a class=\"x1i10hfl xjbqb8w x6umtig x1b1mbwd xaqea5y xav7gou x9f619 x1ypdohk xt0psk2 xe8uvvx xdj266r x11i5rnm xat24cr x1mh8g0r xexx8yu x4uap5 x18d9i69 xkhd6sd x16tdsg8 x1hl2dhg xggy1nq x1a2a7pz xt0b8zv x1qq9wsj xo1l8bm\" tabindex=\"0\" role=\"link\" href=\"https:\/\/www.facebook.com\/hashtag\/wendysulca?__eep__=6&amp;__cft__[0]=AZV6t_IV0eiqOcv-tsrfTsFN9Rglar25riGQ06nFi2EE4D_KmG6hNvzVf1JCIkjtTRqbMg3jPgSJUWdZ-oFjbT7fx6gjrBsd5VwRyJ1AaeLwg3gtzY5_XQ40pMXqDiOEy5g&amp;__tn__=*NK-R\">#WendySulca<\/a><\/div>\n<div dir=\"auto\"><a class=\"x1i10hfl xjbqb8w x6umtig x1b1mbwd xaqea5y xav7gou x9f619 x1ypdohk xt0psk2 xe8uvvx xdj266r x11i5rnm xat24cr x1mh8g0r xexx8yu x4uap5 x18d9i69 xkhd6sd x16tdsg8 x1hl2dhg xggy1nq x1a2a7pz xt0b8zv x1qq9wsj xo1l8bm\" tabindex=\"0\" role=\"link\" href=\"https:\/\/www.facebook.com\/hashtag\/miramecomosoy?__eep__=6&amp;__cft__[0]=AZV6t_IV0eiqOcv-tsrfTsFN9Rglar25riGQ06nFi2EE4D_KmG6hNvzVf1JCIkjtTRqbMg3jPgSJUWdZ-oFjbT7fx6gjrBsd5VwRyJ1AaeLwg3gtzY5_XQ40pMXqDiOEy5g&amp;__tn__=*NK-R\">#miramecomosoy<\/a><\/div>\n<div dir=\"auto\"><a class=\"x1i10hfl xjbqb8w x6umtig x1b1mbwd xaqea5y xav7gou x9f619 x1ypdohk xt0psk2 xe8uvvx xdj266r x11i5rnm xat24cr x1mh8g0r xexx8yu x4uap5 x18d9i69 xkhd6sd x16tdsg8 x1hl2dhg xggy1nq x1a2a7pz xt0b8zv x1qq9wsj xo1l8bm\" tabindex=\"0\" role=\"link\" href=\"https:\/\/www.facebook.com\/hashtag\/bitacoracdmx?__eep__=6&amp;__cft__[0]=AZV6t_IV0eiqOcv-tsrfTsFN9Rglar25riGQ06nFi2EE4D_KmG6hNvzVf1JCIkjtTRqbMg3jPgSJUWdZ-oFjbT7fx6gjrBsd5VwRyJ1AaeLwg3gtzY5_XQ40pMXqDiOEy5g&amp;__tn__=*NK-R\">#bitacoracdmx<\/a><\/div>\n<\/div>\n<div><\/div>\n<div><\/div>\n<p>[\/fusion_text][fusion_imageframe image_id=&#8221;50718|medium&#8221; max_width=&#8221;&#8221; style_type=&#8221;&#8221; blur=&#8221;&#8221; stylecolor=&#8221;&#8221; hover_type=&#8221;none&#8221; bordersize=&#8221;&#8221; bordercolor=&#8221;&#8221; borderradius=&#8221;&#8221; align=&#8221;none&#8221; lightbox=&#8221;no&#8221; gallery_id=&#8221;&#8221; lightbox_image=&#8221;&#8221; lightbox_image_id=&#8221;&#8221; alt=&#8221;&#8221; link=&#8221;&#8221; linktarget=&#8221;_self&#8221; hide_on_mobile=&#8221;small-visibility,medium-visibility,large-visibility&#8221; class=&#8221;&#8221; id=&#8221;&#8221; animation_type=&#8221;&#8221; animation_direction=&#8221;left&#8221; animation_speed=&#8221;0.3&#8243; animation_offset=&#8221;&#8221;]https:\/\/www.bitacoracdmx.com\/wp-content\/uploads\/2023\/04\/341569761_620251939614724_1031439997271235195_n-300&#215;300.jpg[\/fusion_imageframe][\/fusion_builder_column][\/fusion_builder_row][\/fusion_builder_container]<\/p>\n","protected":false},"excerpt":{"rendered":"<p>[fusion_builder_container hundred_percent=&#8221;no&#8221; equal_height_columns=&#8221;no&#8221; menu_anchor=&#8221;&#8221; hide_on_mobile=&#8221;small-visibility,medium-visibility,large-visibility&#8221; class=&#8221;&#8221; id=&#8221;&#8221; background_color=&#8221;&#8221; background_image=&#8221;&#8221; background_position=&#8221;center center&#8221; background_repeat=&#8221;no-repeat&#8221; fade=&#8221;no&#8221; background_parallax=&#8221;none&#8221; parallax_speed=&#8221;0.3&#8243; video_mp4=&#8221;&#8221; video_webm=&#8221;&#8221; video_ogv=&#8221;&#8221; video_url=&#8221;&#8221; video_aspect_ratio=&#8221;16:9&#8243; video_loop=&#8221;yes&#8221; video_mute=&#8221;yes&#8221; overlay_color=&#8221;&#8221; video_preview_image=&#8221;&#8221; border_size=&#8221;&#8221; border_color=&#8221;&#8221; border_style=&#8221;solid&#8221; padding_top=&#8221;&#8221; padding_bottom=&#8221;&#8221; padding_left=&#8221;&#8221; padding_right=&#8221;&#8221;][fusion_builder_row][fusion_builder_column type=&#8221;1_1&#8243; layout=&#8221;1_1&#8243; background_position=&#8221;left top&#8221; background_color=&#8221;&#8221; border_size=&#8221;&#8221; border_color=&#8221;&#8221; border_style=&#8221;solid&#8221; border_position=&#8221;all&#8221; spacing=&#8221;yes&#8221; background_image=&#8221;&#8221; background_repeat=&#8221;no-repeat&#8221; padding_top=&#8221;&#8221; padding_right=&#8221;&#8221; padding_bottom=&#8221;&#8221; padding_left=&#8221;&#8221; margin_top=&#8221;0px&#8221; margin_bottom=&#8221;0px&#8221; class=&#8221;&#8221; id=&#8221;&#8221; animation_type=&#8221;&#8221; animation_speed=&#8221;0.3&#8243; animation_direction=&#8221;left&#8221; hide_on_mobile=&#8221;small-visibility,medium-visibility,large-visibility&#8221; center_content=&#8221;no&#8221; last=&#8221;no&#8221; min_height=&#8221;&#8221; hover_type=&#8221;none&#8221; link=&#8221;&#8221;][fusion_text] REDACCI\u00d3N Una canci\u00f3n que le canta a la identidad y a la memoria del Per\u00fa, junto a Lido\u00a0Pimienta &amp; Nero Lvigi Tras el lanzamiento y buena recepci\u00f3n de su disco &#8220;Evoluci\u00f3n&#8221;, Wendy Sulca vuelve a la m\u00fasica, con ganas de [&hellip;]<\/p>\n","protected":false},"author":1,"featured_media":50718,"comment_status":"open","ping_status":"open","sticky":false,"template":"","format":"standard","meta":{"footnotes":""},"categories":[9,11],"tags":[],"_links":{"self":[{"href":"https:\/\/www.bitacoracdmx.com\/index.php?rest_route=\/wp\/v2\/posts\/50717"}],"collection":[{"href":"https:\/\/www.bitacoracdmx.com\/index.php?rest_route=\/wp\/v2\/posts"}],"about":[{"href":"https:\/\/www.bitacoracdmx.com\/index.php?rest_route=\/wp\/v2\/types\/post"}],"author":[{"embeddable":true,"href":"https:\/\/www.bitacoracdmx.com\/index.php?rest_route=\/wp\/v2\/users\/1"}],"replies":[{"embeddable":true,"href":"https:\/\/www.bitacoracdmx.com\/index.php?rest_route=%2Fwp%2Fv2%2Fcomments&post=50717"}],"version-history":[{"count":1,"href":"https:\/\/www.bitacoracdmx.com\/index.php?rest_route=\/wp\/v2\/posts\/50717\/revisions"}],"predecessor-version":[{"id":50719,"href":"https:\/\/www.bitacoracdmx.com\/index.php?rest_route=\/wp\/v2\/posts\/50717\/revisions\/50719"}],"wp:featuredmedia":[{"embeddable":true,"href":"https:\/\/www.bitacoracdmx.com\/index.php?rest_route=\/wp\/v2\/media\/50718"}],"wp:attachment":[{"href":"https:\/\/www.bitacoracdmx.com\/index.php?rest_route=%2Fwp%2Fv2%2Fmedia&parent=50717"}],"wp:term":[{"taxonomy":"category","embeddable":true,"href":"https:\/\/www.bitacoracdmx.com\/index.php?rest_route=%2Fwp%2Fv2%2Fcategories&post=50717"},{"taxonomy":"post_tag","embeddable":true,"href":"https:\/\/www.bitacoracdmx.com\/index.php?rest_route=%2Fwp%2Fv2%2Ftags&post=50717"}],"curies":[{"name":"wp","href":"https:\/\/api.w.org\/{rel}","templated":true}]}}