{"id":50723,"date":"2023-04-19T00:55:32","date_gmt":"2023-04-19T00:55:32","guid":{"rendered":"https:\/\/www.bitacoracdmx.com\/?p=50723"},"modified":"2023-04-19T00:55:32","modified_gmt":"2023-04-19T00:55:32","slug":"presentan-ante-el-congreso-de-la-ciudad-de-mexico-iniciativa-de-reforma-a-ley-de-espacios-culturales-independientes-y-de-establecimientos-mercantiles","status":"publish","type":"post","link":"https:\/\/www.bitacoracdmx.com\/?p=50723","title":{"rendered":"Presentan ante el congreso de la CIUDAD DE M\u00c9XICO iniciativa de reforma a  LEY DE ESPACIOS CULTURALES INDEPENDIENTES Y DE ESTABLECIMIENTOS MERCANTILES"},"content":{"rendered":"<p>[fusion_builder_container hundred_percent=&#8221;no&#8221; equal_height_columns=&#8221;no&#8221; menu_anchor=&#8221;&#8221; hide_on_mobile=&#8221;small-visibility,medium-visibility,large-visibility&#8221; class=&#8221;&#8221; id=&#8221;&#8221; background_color=&#8221;&#8221; background_image=&#8221;&#8221; background_position=&#8221;center center&#8221; background_repeat=&#8221;no-repeat&#8221; fade=&#8221;no&#8221; background_parallax=&#8221;none&#8221; parallax_speed=&#8221;0.3&#8243; video_mp4=&#8221;&#8221; video_webm=&#8221;&#8221; video_ogv=&#8221;&#8221; video_url=&#8221;&#8221; video_aspect_ratio=&#8221;16:9&#8243; video_loop=&#8221;yes&#8221; video_mute=&#8221;yes&#8221; overlay_color=&#8221;&#8221; video_preview_image=&#8221;&#8221; border_size=&#8221;&#8221; border_color=&#8221;&#8221; border_style=&#8221;solid&#8221; padding_top=&#8221;&#8221; padding_bottom=&#8221;&#8221; padding_left=&#8221;&#8221; padding_right=&#8221;&#8221;][fusion_builder_row][fusion_builder_column type=&#8221;1_1&#8243; layout=&#8221;1_1&#8243; background_position=&#8221;left top&#8221; background_color=&#8221;&#8221; border_size=&#8221;&#8221; border_color=&#8221;&#8221; border_style=&#8221;solid&#8221; border_position=&#8221;all&#8221; spacing=&#8221;yes&#8221; background_image=&#8221;&#8221; background_repeat=&#8221;no-repeat&#8221; padding_top=&#8221;&#8221; padding_right=&#8221;&#8221; padding_bottom=&#8221;&#8221; padding_left=&#8221;&#8221; margin_top=&#8221;0px&#8221; margin_bottom=&#8221;0px&#8221; class=&#8221;&#8221; id=&#8221;&#8221; animation_type=&#8221;&#8221; animation_speed=&#8221;0.3&#8243; animation_direction=&#8221;left&#8221; hide_on_mobile=&#8221;small-visibility,medium-visibility,large-visibility&#8221; center_content=&#8221;no&#8221; last=&#8221;no&#8221; min_height=&#8221;&#8221; hover_type=&#8221;none&#8221; link=&#8221;&#8221;][fusion_text]<\/p>\n<p>REDACCI\u00d3N<\/p>\n<ul>\n<li>El objetivo es armonizar ambas leyes a fin de que los espacios culturales independientes puedan ejercer los derechos culturales que la Constituci\u00f3n Pol\u00edtica de la Ciudad de M\u00e9xico reconoce<\/li>\n<li>La secretaria de Cultura capitalina, Claudia Curiel de Icaza, indic\u00f3 que se realizaron mesas interinstitucionales con los equipos t\u00e9cnicos de las diputadas y los diputados para armonizar la ley para que se reconozcan los espacios independientes, comunitarios y autogestivos como espacios fundamentales para la activaci\u00f3n cultural<\/li>\n<li>El 3 y 8 de mayo se llevar\u00e1 a cabo el Parlamento Abierto para conocer las opiniones de la sociedad civil en relaci\u00f3n a la Iniciativa de Reforma a la Ley de Espacios Culturales Independientes<\/li>\n<\/ul>\n<p>La\u00a0<strong>secretaria de Cultura capitalina, Claudia Curiel de Icaza,\u00a0<\/strong>acompa\u00f1\u00f3 este martes a las diputadas y diputados integrantes de la\u00a0<strong>Comisi\u00f3n de Derechos Culturales<\/strong>, quienes presentaron\u00a0 ante el Pleno del\u00a0<strong>Congreso de la Ciudad de M\u00e9xico<\/strong>\u00a0la iniciativa de reforma a la\u00a0<strong>Ley de Espacios Culturales Independientes<\/strong>\u00a0<strong>y de Establecimientos Mercantiles<\/strong>\u00a0que tiene como objetivo emitir un Reglamento adecuado que garantice el ejercicio pleno de los derechos culturales de los espacios independientes, autogestivos y comunitarios que realizan actividades de promoci\u00f3n del arte y la cultura.<br aria-hidden=\"true\" \/><br aria-hidden=\"true\" \/>Curiel de Icaza resalt\u00f3 tambi\u00e9n que la iniciativa busca crear una figura especial para estos lugares y promover apoyos, incentivar sus actividades y facilitar sus tr\u00e1mites con el objetivo de detonar la diversidad cultural desde las propias comunidades como agentes activos de la labor cultural.<br aria-hidden=\"true\" \/><br aria-hidden=\"true\" \/>\u201cSe hicieron mesas interinstitucionales con todos los equipos t\u00e9cnicos de las diputadas y los diputados para armonizar la ley y llegar a esta propuesta para que, por fin, despu\u00e9s de muchos a\u00f1os se reconozcan los espacios independientes, comunitarios y autogestivos como espacios fundamentales para la activaci\u00f3n cultural, pero con derechos pues anteriormente, en t\u00e9rminos pr\u00e1cticos, se abr\u00edan\u00a0 espacios bajo figuras no adecuadas como bares u otros giros que se adaptan bajo la Ley de Establecimientos Mercantiles\u201d, expuso la titular de Cultura local, quien se comprometi\u00f3 a trabajar una nueva propuesta de Reglamento de la Ley una vez aprobadas estas reformas.<br aria-hidden=\"true\" \/>\u00a0<br aria-hidden=\"true\" \/>La\u00a0<strong>titular de la Secretar\u00eda de Cultura local\u00a0<\/strong>y la\u00a0<strong>presidenta de la Comisi\u00f3n de Derechos Culturales, Indal\u00ed Pardillo Cadena,<\/strong>\u00a0acompa\u00f1adas de las diputadas\u00a0<strong>Ana Francis L\u00f3pez Bayghen Pati\u00f1o, Esperanza Villalobos P\u00e9rez y Ra\u00fal Torres Guerrero,<\/strong>\u00a0expusieron la importancia de estas reformas para lograr una correspondencia entre las diversas normas vigentes, as\u00ed como con la diversidad de espacios colectivos, autogestivos independientes y comunitarios.<br aria-hidden=\"true\" \/><br aria-hidden=\"true\" \/>\u201cSi no apoyamos a los espacios independientes frente a la oferta y la competencia de los lugares comerciales simplemente van a desaparecer\u201d, agreg\u00f3 Curiel de Icaza.<br aria-hidden=\"true\" \/><br aria-hidden=\"true\" \/>La presidenta de la Comisi\u00f3n de Derechos Culturales, en presencia de los diputados integrantes Ra\u00fal de Jes\u00fas Torres Guerrero (vicepresidente), Ana Francis L\u00f3pez Bayghen (secretaria) y Esperanza Villalobos, destac\u00f3 este esfuerzo con la propuesta de un llamado a Parlamento abierto para poder escuchar la opini\u00f3n y planteamientos de estos espacios que buscan poder realizar actividades complementarias a su giro principal para fortalecer su desarrollo econ\u00f3mico.<br aria-hidden=\"true\" \/><br aria-hidden=\"true\" \/>\u201cEstos espacios no provocan alteraciones o modificaciones en la armon\u00eda de la comunidad ni inciden en las condiciones viales de la misma, de igual forma no generan intranquilidad con las personas que habitan alrededor de los mismos por los que pueden ser considerados establecimientos mercantiles de bajo impacto\u201d, explic\u00f3 Indal\u00ed Pardillo Cadena.<br aria-hidden=\"true\" \/><br aria-hidden=\"true\" \/>Estas acciones son el resultado de una revisi\u00f3n integral de diversos ordenamientos jur\u00eddicos en materia de cultura, con la finalidad de fortalecer y mejorar el marco normativo vigente en los cuales la Secretar\u00eda de Cultura particip\u00f3 en el an\u00e1lisis, discusi\u00f3n y propuesta de mejora; por ello, se concluy\u00f3 la necesidad de precisar y fortalecer diversos conceptos y art\u00edculos de la Ley de Espacios Culturales Independientes, publicada en noviembre de 2020.<br aria-hidden=\"true\" \/><br aria-hidden=\"true\" \/>En su participaci\u00f3n, los diputados Ra\u00fal de Jes\u00fas Torres Guerrero, Ana Francis L\u00f3pez Bayghen y Esperanza Villalobo resaltaron que tras la emergencia sanitaria por la pandemia de COVID-19 se pudo reconocer el gran impacto de la cultura en la vida social y econ\u00f3mica de la capital, as\u00ed como su relevancia comunitaria.<br aria-hidden=\"true\" \/><br aria-hidden=\"true\" \/>\u201cEntendimos que la cultura es un derecho que nos mantiene con el alma viva, con el alma subsistiendo y que eso es bien importante para la salud. En ese sentido, quiero reconocer el liderazgo tremendo, absoluto, ordenado y ejemplar que ha tenido la diputada Indal\u00ed para llevar a cabo este proceso tan consensuado, tan horizontal y tan bien conversado. Esperamos el parlamento abierto, las observaciones de la sociedad civil y una aprobaci\u00f3n pronta, as\u00ed como su reglamento\u201d, extern\u00f3 la diputada L\u00f3pez Bayghen.<br aria-hidden=\"true\" \/><br aria-hidden=\"true\" \/>Tras la presentaci\u00f3n de las dos iniciativas de reforma ante el Pleno, la Iniciativa de reforma a la\u00a0<strong>Ley de Espacios Culturales Independientes\u00a0<\/strong>se turnar\u00e1 a la Comisi\u00f3n de Derechos Culturales y la de\u00a0<strong>Establecimientos Mercantiles<\/strong>\u00a0a Comisiones Unidas de Administraci\u00f3n P\u00fablica Local y Derechos Culturales, para su an\u00e1lisis y dictaminaci\u00f3n.<br aria-hidden=\"true\" \/><br aria-hidden=\"true\" \/>Las iniciativas proponen dotar a los Espacios Culturales Independientes (ECI) de naturaleza jur\u00eddica a fin de que sean reconocidos como establecimientos mercantiles de bajo impacto cuya actividad principal es la generaci\u00f3n, prestaci\u00f3n y presentaci\u00f3n de bienes y servicios culturales, as\u00ed como darles derecho a realizar actividades complementarias para fortalecer su actividad econ\u00f3mica. Asimismo, se busca establecer con claridad los principios de pol\u00edtica p\u00fablica para promover su desarrollo y atenci\u00f3n, as\u00ed como salvaguardar sus derechos.<br aria-hidden=\"true\" \/><br aria-hidden=\"true\" \/>Entre los beneficios destacan el reconocimiento de la figura de estos ECI dentro de la ley, as\u00ed como la generaci\u00f3n de una pol\u00edtica p\u00fablica de impulso, promoci\u00f3n y difusi\u00f3n para los mismos, evasi\u00f3n de lagunas jur\u00eddicas o administrativas que les impidan la aplicaci\u00f3n de alg\u00fan beneficio e impulsar su creaci\u00f3n y una correcta implementaci\u00f3n de medidas de apoyo para lograr una equidad en materia de desarrollo cultural para impulsar el desarrollo de espacios independientes frente a las grandes industrias culturales.<br aria-hidden=\"true\" \/><br aria-hidden=\"true\" \/>La Secretar\u00eda de Cultura local participar\u00e1 en el Parlamento Abierto de la Iniciativa de reforma a la Ley de Espacios Culturales Independientes y estar\u00e1 atenta al di\u00e1logo con la finalidad de fortalecer la propuesta y avanzar de manera conjunta con el Congreso y la sociedad civil para lograr productos legislativos adecuados para el desarrollo de la cultura en la Ciudad de M\u00e9xico.<br aria-hidden=\"true\" \/><br aria-hidden=\"true\" \/>Para conocer todas las actividades de la\u00a0<strong>Secretar\u00eda de Cultura capitalina<\/strong>\u00a0se puede consultar la\u00a0<strong>Cartelera de la Ciudad de M\u00e9xico<\/strong>\u00a0(<a href=\"https:\/\/gob.us21.list-manage.com\/track\/click?u=24ab1d8cf82850533a5af327c&amp;id=bf069ec4cd&amp;e=4fe2704bc3\" target=\"_blank\" rel=\"noopener noreferrer\" data-auth=\"NotApplicable\" data-linkindex=\"0\">https:\/\/cartelera.cdmx.gob.mx\/<\/a>)\u00a0 y las redes sociales de la Secretar\u00eda de Cultura: Facebook, Twitter, Instagram y YouTube.<\/p>\n<div dir=\"auto\"><a class=\"x1i10hfl xjbqb8w x6umtig x1b1mbwd xaqea5y xav7gou x9f619 x1ypdohk xt0psk2 xe8uvvx xdj266r x11i5rnm xat24cr x1mh8g0r xexx8yu x4uap5 x18d9i69 xkhd6sd x16tdsg8 x1hl2dhg xggy1nq x1a2a7pz xt0b8zv x1qq9wsj xo1l8bm\" tabindex=\"0\" role=\"link\" href=\"https:\/\/www.facebook.com\/hashtag\/secretariadeculturacdmx?__eep__=6&amp;__cft__[0]=AZWxCGp20XgLNvJ2Cs5lt31ImCuV9DQ2jYMHwRh-euZUM14UaTPYR75knvUU7S2_zYX1XDpb3ya6DLii7b2-0qf_z4C66ktGaticFA3xXw8rso-AppwCB2Z3YtrREbxWrts&amp;__tn__=*NK-R\">#secretariadeculturacdmx<\/a><\/div>\n<div dir=\"auto\"><a class=\"x1i10hfl xjbqb8w x6umtig x1b1mbwd xaqea5y xav7gou x9f619 x1ypdohk xt0psk2 xe8uvvx xdj266r x11i5rnm xat24cr x1mh8g0r xexx8yu x4uap5 x18d9i69 xkhd6sd x16tdsg8 x1hl2dhg xggy1nq x1a2a7pz xt0b8zv x1qq9wsj xo1l8bm\" tabindex=\"0\" role=\"link\" href=\"https:\/\/www.facebook.com\/hashtag\/bitacoracdmx?__eep__=6&amp;__cft__[0]=AZWxCGp20XgLNvJ2Cs5lt31ImCuV9DQ2jYMHwRh-euZUM14UaTPYR75knvUU7S2_zYX1XDpb3ya6DLii7b2-0qf_z4C66ktGaticFA3xXw8rso-AppwCB2Z3YtrREbxWrts&amp;__tn__=*NK-R\">#bitacoracdmx<\/a><\/div>\n<p>[\/fusion_text][fusion_imageframe image_id=&#8221;50724|medium&#8221; max_width=&#8221;&#8221; style_type=&#8221;&#8221; blur=&#8221;&#8221; stylecolor=&#8221;&#8221; hover_type=&#8221;none&#8221; bordersize=&#8221;&#8221; bordercolor=&#8221;&#8221; borderradius=&#8221;&#8221; align=&#8221;none&#8221; lightbox=&#8221;no&#8221; gallery_id=&#8221;&#8221; lightbox_image=&#8221;&#8221; lightbox_image_id=&#8221;&#8221; alt=&#8221;&#8221; link=&#8221;&#8221; linktarget=&#8221;_self&#8221; hide_on_mobile=&#8221;small-visibility,medium-visibility,large-visibility&#8221; class=&#8221;&#8221; id=&#8221;&#8221; animation_type=&#8221;&#8221; animation_direction=&#8221;left&#8221; animation_speed=&#8221;0.3&#8243; animation_offset=&#8221;&#8221;]https:\/\/www.bitacoracdmx.com\/wp-content\/uploads\/2023\/04\/631ef83d-2438-ff3c-a74e-8f1509231831-300&#215;200.jpg[\/fusion_imageframe][\/fusion_builder_column][\/fusion_builder_row][\/fusion_builder_container]<\/p>\n","protected":false},"excerpt":{"rendered":"<p>[fusion_builder_container hundred_percent=&#8221;no&#8221; equal_height_columns=&#8221;no&#8221; menu_anchor=&#8221;&#8221; hide_on_mobile=&#8221;small-visibility,medium-visibility,large-visibility&#8221; class=&#8221;&#8221; id=&#8221;&#8221; background_color=&#8221;&#8221; background_image=&#8221;&#8221; background_position=&#8221;center center&#8221; background_repeat=&#8221;no-repeat&#8221; fade=&#8221;no&#8221; background_parallax=&#8221;none&#8221; parallax_speed=&#8221;0.3&#8243; video_mp4=&#8221;&#8221; video_webm=&#8221;&#8221; video_ogv=&#8221;&#8221; video_url=&#8221;&#8221; video_aspect_ratio=&#8221;16:9&#8243; video_loop=&#8221;yes&#8221; video_mute=&#8221;yes&#8221; overlay_color=&#8221;&#8221; video_preview_image=&#8221;&#8221; border_size=&#8221;&#8221; border_color=&#8221;&#8221; border_style=&#8221;solid&#8221; padding_top=&#8221;&#8221; padding_bottom=&#8221;&#8221; padding_left=&#8221;&#8221; padding_right=&#8221;&#8221;][fusion_builder_row][fusion_builder_column type=&#8221;1_1&#8243; layout=&#8221;1_1&#8243; background_position=&#8221;left top&#8221; background_color=&#8221;&#8221; border_size=&#8221;&#8221; border_color=&#8221;&#8221; border_style=&#8221;solid&#8221; border_position=&#8221;all&#8221; spacing=&#8221;yes&#8221; background_image=&#8221;&#8221; background_repeat=&#8221;no-repeat&#8221; padding_top=&#8221;&#8221; padding_right=&#8221;&#8221; padding_bottom=&#8221;&#8221; padding_left=&#8221;&#8221; margin_top=&#8221;0px&#8221; margin_bottom=&#8221;0px&#8221; class=&#8221;&#8221; id=&#8221;&#8221; animation_type=&#8221;&#8221; animation_speed=&#8221;0.3&#8243; animation_direction=&#8221;left&#8221; hide_on_mobile=&#8221;small-visibility,medium-visibility,large-visibility&#8221; center_content=&#8221;no&#8221; last=&#8221;no&#8221; min_height=&#8221;&#8221; hover_type=&#8221;none&#8221; link=&#8221;&#8221;][fusion_text] REDACCI\u00d3N El objetivo es armonizar ambas leyes a fin de que los espacios culturales independientes puedan ejercer los derechos culturales que la Constituci\u00f3n Pol\u00edtica de la Ciudad de M\u00e9xico reconoce La secretaria de Cultura capitalina, Claudia Curiel de Icaza, indic\u00f3 [&hellip;]<\/p>\n","protected":false},"author":1,"featured_media":50724,"comment_status":"open","ping_status":"open","sticky":false,"template":"","format":"standard","meta":{"footnotes":""},"categories":[5,9],"tags":[],"_links":{"self":[{"href":"https:\/\/www.bitacoracdmx.com\/index.php?rest_route=\/wp\/v2\/posts\/50723"}],"collection":[{"href":"https:\/\/www.bitacoracdmx.com\/index.php?rest_route=\/wp\/v2\/posts"}],"about":[{"href":"https:\/\/www.bitacoracdmx.com\/index.php?rest_route=\/wp\/v2\/types\/post"}],"author":[{"embeddable":true,"href":"https:\/\/www.bitacoracdmx.com\/index.php?rest_route=\/wp\/v2\/users\/1"}],"replies":[{"embeddable":true,"href":"https:\/\/www.bitacoracdmx.com\/index.php?rest_route=%2Fwp%2Fv2%2Fcomments&post=50723"}],"version-history":[{"count":1,"href":"https:\/\/www.bitacoracdmx.com\/index.php?rest_route=\/wp\/v2\/posts\/50723\/revisions"}],"predecessor-version":[{"id":50725,"href":"https:\/\/www.bitacoracdmx.com\/index.php?rest_route=\/wp\/v2\/posts\/50723\/revisions\/50725"}],"wp:featuredmedia":[{"embeddable":true,"href":"https:\/\/www.bitacoracdmx.com\/index.php?rest_route=\/wp\/v2\/media\/50724"}],"wp:attachment":[{"href":"https:\/\/www.bitacoracdmx.com\/index.php?rest_route=%2Fwp%2Fv2%2Fmedia&parent=50723"}],"wp:term":[{"taxonomy":"category","embeddable":true,"href":"https:\/\/www.bitacoracdmx.com\/index.php?rest_route=%2Fwp%2Fv2%2Fcategories&post=50723"},{"taxonomy":"post_tag","embeddable":true,"href":"https:\/\/www.bitacoracdmx.com\/index.php?rest_route=%2Fwp%2Fv2%2Ftags&post=50723"}],"curies":[{"name":"wp","href":"https:\/\/api.w.org\/{rel}","templated":true}]}}