{"id":50749,"date":"2023-04-19T23:27:53","date_gmt":"2023-04-19T23:27:53","guid":{"rendered":"https:\/\/www.bitacoracdmx.com\/?p=50749"},"modified":"2023-04-19T23:27:53","modified_gmt":"2023-04-19T23:27:53","slug":"xvi-encuentro-plural-de-danza-de-la-ciudad-de-mexico-reunira-a-cerca-de-mil-bailarines-en-el-centro-cultural-ollin-yoliztli","status":"publish","type":"post","link":"https:\/\/www.bitacoracdmx.com\/?p=50749","title":{"rendered":"XVI ENCUENTRO PLURAL DE DANZA DE LA CIUDAD DE M\u00c9XICO reunir\u00e1 a cerca de MIL BAILARINES en el CENTRO CULTURAL OLLIN YOLIZTLI"},"content":{"rendered":"<p>[fusion_builder_container hundred_percent=&#8221;no&#8221; equal_height_columns=&#8221;no&#8221; menu_anchor=&#8221;&#8221; hide_on_mobile=&#8221;small-visibility,medium-visibility,large-visibility&#8221; class=&#8221;&#8221; id=&#8221;&#8221; background_color=&#8221;&#8221; background_image=&#8221;&#8221; background_position=&#8221;center center&#8221; background_repeat=&#8221;no-repeat&#8221; fade=&#8221;no&#8221; background_parallax=&#8221;none&#8221; parallax_speed=&#8221;0.3&#8243; video_mp4=&#8221;&#8221; video_webm=&#8221;&#8221; video_ogv=&#8221;&#8221; video_url=&#8221;&#8221; video_aspect_ratio=&#8221;16:9&#8243; video_loop=&#8221;yes&#8221; video_mute=&#8221;yes&#8221; overlay_color=&#8221;&#8221; video_preview_image=&#8221;&#8221; border_size=&#8221;&#8221; border_color=&#8221;&#8221; border_style=&#8221;solid&#8221; padding_top=&#8221;&#8221; padding_bottom=&#8221;&#8221; padding_left=&#8221;&#8221; padding_right=&#8221;&#8221;][fusion_builder_row][fusion_builder_column type=&#8221;1_1&#8243; layout=&#8221;1_1&#8243; background_position=&#8221;left top&#8221; background_color=&#8221;&#8221; border_size=&#8221;&#8221; border_color=&#8221;&#8221; border_style=&#8221;solid&#8221; border_position=&#8221;all&#8221; spacing=&#8221;yes&#8221; background_image=&#8221;&#8221; background_repeat=&#8221;no-repeat&#8221; padding_top=&#8221;&#8221; padding_right=&#8221;&#8221; padding_bottom=&#8221;&#8221; padding_left=&#8221;&#8221; margin_top=&#8221;0px&#8221; margin_bottom=&#8221;0px&#8221; class=&#8221;&#8221; id=&#8221;&#8221; animation_type=&#8221;&#8221; animation_speed=&#8221;0.3&#8243; animation_direction=&#8221;left&#8221; hide_on_mobile=&#8221;small-visibility,medium-visibility,large-visibility&#8221; center_content=&#8221;no&#8221; last=&#8221;no&#8221; min_height=&#8221;&#8221; hover_type=&#8221;none&#8221; link=&#8221;&#8221;][fusion_text]<\/p>\n<p>REDACCI\u00d3N<\/p>\n<ul>\n<li>El encuentro celebrar\u00e1 desde el Centro Cultural Ollin Yoliztli el D\u00eda Internacional de la Danza con 105 presentaciones y dos exposiciones, una presencial y otra virtual<\/li>\n<li>Participan m\u00e1s de 100 compa\u00f1\u00edas y grupos con cerca de mil bailarines de diferentes g\u00e9neros desde danza contempor\u00e1nea, cl\u00e1sica, folkl\u00f3rica, espa\u00f1ola, polinesia, de sal\u00f3n y danza urbana, entre otros<\/li>\n<\/ul>\n<p>Para celebrar el\u00a0<strong>D\u00eda Internacional de la Danza<\/strong>, proclamado el 29 de abril por la Organizaci\u00f3n de las Naciones Unidas para la Educaci\u00f3n, la Ciencia y la Cultura (Unesco), el\u00a0<strong>Centro Cultural Ollin Yoliztli<\/strong>, instituto acad\u00e9mico a cargo de la\u00a0<strong>Secretar\u00eda de Cultura capitalina<\/strong>, realizar\u00e1 el\u00a0<strong>XVI Encuentro Plural de Danza de la Ciudad de M\u00e9xico<\/strong>\u00a0que ofrecer\u00e1 el\u00a0<strong>viernes 28 de abril, de las 11:00 a las 21:30 horas,<\/strong>\u00a0una amplia jornada danc\u00edstica.<br aria-hidden=\"true\" \/>\u00a0<br aria-hidden=\"true\" \/>El p\u00fablico podr\u00e1 disfrutar de\u00a0<strong>dos exposiciones<\/strong>, una presencial y otra virtual, y\u00a0<strong>105 presentaciones<\/strong>\u00a0con la participaci\u00f3n de\u00a0<strong>m\u00e1s de 100 compa\u00f1\u00edas y grupos<\/strong>\u00a0danc\u00edsticos con cerca de\u00a0<strong>mil bailarines<\/strong>\u00a0de diferentes g\u00e9neros desde danza contempor\u00e1nea, cl\u00e1sica, folkl\u00f3rica, espa\u00f1ola, regional, polinesia, de sal\u00f3n y danza urbana, entre otros, quienes se presentar\u00e1n en cinco sedes del recinto cultural de manera simult\u00e1nea.<br aria-hidden=\"true\" \/>\u00a0<br aria-hidden=\"true\" \/>La inauguraci\u00f3n del evento ser\u00e1 con el nombramiento del Sal\u00f3n Principal de Danza de este Centro Cultural como\u00a0<strong>\u201cForo Luis Fandi\u00f1o\u201d<\/strong>\u00a0en honor a este maestro y bailar\u00edn fallecido el 18 de diciembre del 2021, quien marc\u00f3 a toda una generaci\u00f3n y cuya t\u00e9cnica se sigue impartiendo y formado a las nuevas generaciones de bailarines.<br aria-hidden=\"true\" \/>\u00a0<br aria-hidden=\"true\" \/>La celebraci\u00f3n, para toda la familia y de entrada libre, llevar\u00e1 la danza en todas sus formas a diversos escenarios en los que se podr\u00e1 disfrutar el trabajo contempor\u00e1neo danc\u00edstico como la Sala Silvestre Revueltas, el Sal\u00f3n Principal de Danza Contempor\u00e1nea (Foro Luis Fandi\u00f1o), el Foro Scala, el Foro La Fuente y el Foro La Explanada.<br aria-hidden=\"true\" \/>\u00a0<br aria-hidden=\"true\" \/>Al Corredor de Arte llegar\u00e1 la primera exposici\u00f3n a cargo de Jorge Izquierdo, \u201cBarro Rojo Gr\u00e1fico 40 y uno\u201d, que ser\u00e1 un homenaje a la compa\u00f1\u00eda mencionada, mientras la segunda en formato virtual, a cargo del fot\u00f3grafo Ernesto Reynoso, proyectar\u00e1 fotograf\u00edas actuales de los alumnos de la Escuela de Danza Contempor\u00e1nea.<br aria-hidden=\"true\" \/>\u00a0<br aria-hidden=\"true\" \/>Participan las compa\u00f1\u00edas Laberinto en Movimiento, Cuerpos de Bamb\u00fa, Colectivo Intermitente, Nativo Danza Contempor\u00e1nea, el Centro Morelense de las Artes, D\u00fao Danc\u00edstico Casa Ferrer, Compa\u00f1\u00eda de danza \u00e1rabe Horeb, el Colectivo Al Aire Flamenco, Ballet Infantil Factor X, el Grupo de Danza Matices de Nuestra Tierra, Central Folklorica Imperial y Espiral Corpus Danza, entre otros representantes.<br aria-hidden=\"true\" \/>\u00a0<br aria-hidden=\"true\" \/>El encuentro, que convoca a todas las \u00e1reas danc\u00edsticas, llega a su segunda edici\u00f3n de manera presencial a los escenarios del CCOY tras dos a\u00f1os de virtualidad (2020 y 2021) para celebrar el D\u00eda Internacional de la Danza, proclamado el 29 de abril en 1982 por la Organizaci\u00f3n de las Naciones Unidas para la Educaci\u00f3n, la Ciencia y la Cultura (Unesco).<br aria-hidden=\"true\" \/>\u00a0<br aria-hidden=\"true\" \/>El Centro Cultural Ollin Yoliztli, a cargo de la Secretar\u00eda de Cultura capitalina, est\u00e1 ubicado en Perif\u00e9rico Sur 5141, colonia Isidro Fabela en la Alcald\u00eda Tlalpan. Entrada libre.<br aria-hidden=\"true\" \/>\u00a0<br aria-hidden=\"true\" \/>Para conocer toda la cartelera del XVI Encuentro Plural de Danza de la Ciudad de M\u00e9xico visite las redes sociales del CCOY en Facebook (<a href=\"https:\/\/gob.us21.list-manage.com\/track\/click?u=24ab1d8cf82850533a5af327c&amp;id=bc6fef926f&amp;e=4fe2704bc3\" target=\"_blank\" rel=\"noopener noreferrer\" data-auth=\"NotApplicable\" data-linkindex=\"0\">https:\/\/www.facebook.com\/CCOllinYoliztli<\/a>), Twitter (<a href=\"https:\/\/gob.us21.list-manage.com\/track\/click?u=24ab1d8cf82850533a5af327c&amp;id=b631cf2549&amp;e=4fe2704bc3\" target=\"_blank\" rel=\"noopener noreferrer\" data-auth=\"NotApplicable\" data-linkindex=\"1\">https:\/\/twitter.com\/OllinYoliztli<\/a>) e Instagram (\u00a0<a href=\"https:\/\/gob.us21.list-manage.com\/track\/click?u=24ab1d8cf82850533a5af327c&amp;id=52a0589774&amp;e=4fe2704bc3\" target=\"_blank\" rel=\"noopener noreferrer\" data-auth=\"NotApplicable\" data-linkindex=\"2\">https:\/\/www.instagram.com\/cc.ollinyoliztli\/<\/a>).\u00a0<br aria-hidden=\"true\" \/>\u00a0<br aria-hidden=\"true\" \/>Las actividades de la Secretar\u00eda de Cultura capitalina se pueden consultar la Cartelera de la Ciudad de M\u00e9xico (<a href=\"https:\/\/gob.us21.list-manage.com\/track\/click?u=24ab1d8cf82850533a5af327c&amp;id=a19dc55bba&amp;e=4fe2704bc3\" target=\"_blank\" rel=\"noopener noreferrer\" data-auth=\"NotApplicable\" data-linkindex=\"3\">https:\/\/cartelera.cdmx.gob.mx\/<\/a>)\u00a0 y las redes sociales de la Secretar\u00eda de Cultura: Facebook, Twitter, Instagram y YouTube.<\/p>\n<div dir=\"auto\"><a class=\"x1i10hfl xjbqb8w x6umtig x1b1mbwd xaqea5y xav7gou x9f619 x1ypdohk xt0psk2 xe8uvvx xdj266r x11i5rnm xat24cr x1mh8g0r xexx8yu x4uap5 x18d9i69 xkhd6sd x16tdsg8 x1hl2dhg xggy1nq x1a2a7pz xt0b8zv x1qq9wsj xo1l8bm\" tabindex=\"0\" role=\"link\" href=\"https:\/\/www.facebook.com\/hashtag\/secretariadeculturacdmx?__eep__=6&amp;__cft__[0]=AZVQ_Xby4Jl4nbNYGXtIFeyU-0XH-xqGhp9EeeiPLv1qLBvtRCTEw2mBC6yAJHt6qFXphdfbeznTBjb-07ElK2u1736Bh-3a7OA0hNhVdFlO8RWhwMK9BZtlXeAINaPYzxs&amp;__tn__=*NK-R\">#secretariadeculturacdmx<\/a><\/div>\n<div dir=\"auto\"><a class=\"x1i10hfl xjbqb8w x6umtig x1b1mbwd xaqea5y xav7gou x9f619 x1ypdohk xt0psk2 xe8uvvx xdj266r x11i5rnm xat24cr x1mh8g0r xexx8yu x4uap5 x18d9i69 xkhd6sd x16tdsg8 x1hl2dhg xggy1nq x1a2a7pz xt0b8zv x1qq9wsj xo1l8bm\" tabindex=\"0\" role=\"link\" href=\"https:\/\/www.facebook.com\/hashtag\/centroculturalollinyoliztli?__eep__=6&amp;__cft__[0]=AZVQ_Xby4Jl4nbNYGXtIFeyU-0XH-xqGhp9EeeiPLv1qLBvtRCTEw2mBC6yAJHt6qFXphdfbeznTBjb-07ElK2u1736Bh-3a7OA0hNhVdFlO8RWhwMK9BZtlXeAINaPYzxs&amp;__tn__=*NK-R\">#CentroCulturalOllinYoliztli<\/a><\/div>\n<div dir=\"auto\"><a class=\"x1i10hfl xjbqb8w x6umtig x1b1mbwd xaqea5y xav7gou x9f619 x1ypdohk xt0psk2 xe8uvvx xdj266r x11i5rnm xat24cr x1mh8g0r xexx8yu x4uap5 x18d9i69 xkhd6sd x16tdsg8 x1hl2dhg xggy1nq x1a2a7pz xt0b8zv x1qq9wsj xo1l8bm\" tabindex=\"0\" role=\"link\" href=\"https:\/\/www.facebook.com\/hashtag\/bitacoracdmx?__eep__=6&amp;__cft__[0]=AZVQ_Xby4Jl4nbNYGXtIFeyU-0XH-xqGhp9EeeiPLv1qLBvtRCTEw2mBC6yAJHt6qFXphdfbeznTBjb-07ElK2u1736Bh-3a7OA0hNhVdFlO8RWhwMK9BZtlXeAINaPYzxs&amp;__tn__=*NK-R\">#bitacoracdmx<\/a><\/div>\n<p>[\/fusion_text][fusion_imageframe image_id=&#8221;50750|medium&#8221; max_width=&#8221;&#8221; style_type=&#8221;&#8221; blur=&#8221;&#8221; stylecolor=&#8221;&#8221; hover_type=&#8221;none&#8221; bordersize=&#8221;&#8221; bordercolor=&#8221;&#8221; borderradius=&#8221;&#8221; align=&#8221;none&#8221; lightbox=&#8221;no&#8221; gallery_id=&#8221;&#8221; lightbox_image=&#8221;&#8221; lightbox_image_id=&#8221;&#8221; alt=&#8221;&#8221; link=&#8221;&#8221; linktarget=&#8221;_self&#8221; hide_on_mobile=&#8221;small-visibility,medium-visibility,large-visibility&#8221; class=&#8221;&#8221; id=&#8221;&#8221; animation_type=&#8221;&#8221; animation_direction=&#8221;left&#8221; animation_speed=&#8221;0.3&#8243; animation_offset=&#8221;&#8221;]https:\/\/www.bitacoracdmx.com\/wp-content\/uploads\/2023\/04\/cbd26a51-9358-3c03-1796-c9ad621df4da-300&#215;200.jpg[\/fusion_imageframe][\/fusion_builder_column][\/fusion_builder_row][\/fusion_builder_container]<\/p>\n","protected":false},"excerpt":{"rendered":"<p>[fusion_builder_container hundred_percent=&#8221;no&#8221; equal_height_columns=&#8221;no&#8221; menu_anchor=&#8221;&#8221; hide_on_mobile=&#8221;small-visibility,medium-visibility,large-visibility&#8221; class=&#8221;&#8221; id=&#8221;&#8221; background_color=&#8221;&#8221; background_image=&#8221;&#8221; background_position=&#8221;center center&#8221; background_repeat=&#8221;no-repeat&#8221; fade=&#8221;no&#8221; background_parallax=&#8221;none&#8221; parallax_speed=&#8221;0.3&#8243; video_mp4=&#8221;&#8221; video_webm=&#8221;&#8221; video_ogv=&#8221;&#8221; video_url=&#8221;&#8221; video_aspect_ratio=&#8221;16:9&#8243; video_loop=&#8221;yes&#8221; video_mute=&#8221;yes&#8221; overlay_color=&#8221;&#8221; video_preview_image=&#8221;&#8221; border_size=&#8221;&#8221; border_color=&#8221;&#8221; border_style=&#8221;solid&#8221; padding_top=&#8221;&#8221; padding_bottom=&#8221;&#8221; padding_left=&#8221;&#8221; padding_right=&#8221;&#8221;][fusion_builder_row][fusion_builder_column type=&#8221;1_1&#8243; layout=&#8221;1_1&#8243; background_position=&#8221;left top&#8221; background_color=&#8221;&#8221; border_size=&#8221;&#8221; border_color=&#8221;&#8221; border_style=&#8221;solid&#8221; border_position=&#8221;all&#8221; spacing=&#8221;yes&#8221; background_image=&#8221;&#8221; background_repeat=&#8221;no-repeat&#8221; padding_top=&#8221;&#8221; padding_right=&#8221;&#8221; padding_bottom=&#8221;&#8221; padding_left=&#8221;&#8221; margin_top=&#8221;0px&#8221; margin_bottom=&#8221;0px&#8221; class=&#8221;&#8221; id=&#8221;&#8221; animation_type=&#8221;&#8221; animation_speed=&#8221;0.3&#8243; animation_direction=&#8221;left&#8221; hide_on_mobile=&#8221;small-visibility,medium-visibility,large-visibility&#8221; center_content=&#8221;no&#8221; last=&#8221;no&#8221; min_height=&#8221;&#8221; hover_type=&#8221;none&#8221; link=&#8221;&#8221;][fusion_text] REDACCI\u00d3N El encuentro celebrar\u00e1 desde el Centro Cultural Ollin Yoliztli el D\u00eda Internacional de la Danza con 105 presentaciones y dos exposiciones, una presencial y otra virtual Participan m\u00e1s de 100 compa\u00f1\u00edas y grupos con cerca de mil bailarines de [&hellip;]<\/p>\n","protected":false},"author":1,"featured_media":50750,"comment_status":"open","ping_status":"open","sticky":false,"template":"","format":"standard","meta":{"footnotes":""},"categories":[5,9],"tags":[],"_links":{"self":[{"href":"https:\/\/www.bitacoracdmx.com\/index.php?rest_route=\/wp\/v2\/posts\/50749"}],"collection":[{"href":"https:\/\/www.bitacoracdmx.com\/index.php?rest_route=\/wp\/v2\/posts"}],"about":[{"href":"https:\/\/www.bitacoracdmx.com\/index.php?rest_route=\/wp\/v2\/types\/post"}],"author":[{"embeddable":true,"href":"https:\/\/www.bitacoracdmx.com\/index.php?rest_route=\/wp\/v2\/users\/1"}],"replies":[{"embeddable":true,"href":"https:\/\/www.bitacoracdmx.com\/index.php?rest_route=%2Fwp%2Fv2%2Fcomments&post=50749"}],"version-history":[{"count":1,"href":"https:\/\/www.bitacoracdmx.com\/index.php?rest_route=\/wp\/v2\/posts\/50749\/revisions"}],"predecessor-version":[{"id":50751,"href":"https:\/\/www.bitacoracdmx.com\/index.php?rest_route=\/wp\/v2\/posts\/50749\/revisions\/50751"}],"wp:featuredmedia":[{"embeddable":true,"href":"https:\/\/www.bitacoracdmx.com\/index.php?rest_route=\/wp\/v2\/media\/50750"}],"wp:attachment":[{"href":"https:\/\/www.bitacoracdmx.com\/index.php?rest_route=%2Fwp%2Fv2%2Fmedia&parent=50749"}],"wp:term":[{"taxonomy":"category","embeddable":true,"href":"https:\/\/www.bitacoracdmx.com\/index.php?rest_route=%2Fwp%2Fv2%2Fcategories&post=50749"},{"taxonomy":"post_tag","embeddable":true,"href":"https:\/\/www.bitacoracdmx.com\/index.php?rest_route=%2Fwp%2Fv2%2Ftags&post=50749"}],"curies":[{"name":"wp","href":"https:\/\/api.w.org\/{rel}","templated":true}]}}