{"id":50764,"date":"2023-04-20T00:03:40","date_gmt":"2023-04-20T00:03:40","guid":{"rendered":"https:\/\/www.bitacoracdmx.com\/?p=50764"},"modified":"2023-04-20T00:03:40","modified_gmt":"2023-04-20T00:03:40","slug":"isla-de-caras-llegara-desde-argentina-para-ofrecer-nuevo-concierto","status":"publish","type":"post","link":"https:\/\/www.bitacoracdmx.com\/?p=50764","title":{"rendered":"Isla de Caras llegar\u00e1 desde Argentina para ofrecer nuevo concierto"},"content":{"rendered":"<p>[fusion_builder_container hundred_percent=&#8221;no&#8221; equal_height_columns=&#8221;no&#8221; menu_anchor=&#8221;&#8221; hide_on_mobile=&#8221;small-visibility,medium-visibility,large-visibility&#8221; class=&#8221;&#8221; id=&#8221;&#8221; background_color=&#8221;&#8221; background_image=&#8221;&#8221; background_position=&#8221;center center&#8221; background_repeat=&#8221;no-repeat&#8221; fade=&#8221;no&#8221; background_parallax=&#8221;none&#8221; parallax_speed=&#8221;0.3&#8243; video_mp4=&#8221;&#8221; video_webm=&#8221;&#8221; video_ogv=&#8221;&#8221; video_url=&#8221;&#8221; video_aspect_ratio=&#8221;16:9&#8243; video_loop=&#8221;yes&#8221; video_mute=&#8221;yes&#8221; overlay_color=&#8221;&#8221; video_preview_image=&#8221;&#8221; border_size=&#8221;&#8221; border_color=&#8221;&#8221; border_style=&#8221;solid&#8221; padding_top=&#8221;&#8221; padding_bottom=&#8221;&#8221; padding_left=&#8221;&#8221; padding_right=&#8221;&#8221;][fusion_builder_row][fusion_builder_column type=&#8221;1_1&#8243; layout=&#8221;1_1&#8243; background_position=&#8221;left top&#8221; background_color=&#8221;&#8221; border_size=&#8221;&#8221; border_color=&#8221;&#8221; border_style=&#8221;solid&#8221; border_position=&#8221;all&#8221; spacing=&#8221;yes&#8221; background_image=&#8221;&#8221; background_repeat=&#8221;no-repeat&#8221; padding_top=&#8221;&#8221; padding_right=&#8221;&#8221; padding_bottom=&#8221;&#8221; padding_left=&#8221;&#8221; margin_top=&#8221;0px&#8221; margin_bottom=&#8221;0px&#8221; class=&#8221;&#8221; id=&#8221;&#8221; animation_type=&#8221;&#8221; animation_speed=&#8221;0.3&#8243; animation_direction=&#8221;left&#8221; hide_on_mobile=&#8221;small-visibility,medium-visibility,large-visibility&#8221; center_content=&#8221;no&#8221; last=&#8221;no&#8221; min_height=&#8221;&#8221; hover_type=&#8221;none&#8221; link=&#8221;&#8221;][fusion_text]<\/p>\n<p>REDACCI\u00d3N<\/p>\n<div class=\"pr-story--element-space\">\n<div class=\"pr-story-subheader\">\n<h3 class=\"pr-story--subheader text--wrap pr-font--sans\">\u00a1Dar\u00e1 su primer concierto en el Lunario!<\/h3>\n<\/div>\n<\/div>\n<div class=\"pr-story--element-space\">\n<div class=\"pr-story-subheader\">\n<h3 class=\"pr-story--subheader text--wrap pr-font--sans\">8 de noviembre, 2023<\/h3>\n<\/div>\n<\/div>\n<div class=\"pr-story--element-space\">\n<div class=\"pr-story-subheader\">\n<h3 class=\"pr-story--subheader text--wrap pr-font--sans\">Preventa Citibanamex: 20 de abril<\/h3>\n<\/div>\n<\/div>\n<div class=\"pr-story--element-space\">\n<div class=\"pr-story-paragraph\">\n<div class=\"pr-story--text\">La banda argentina\u00a0<b>Isla de Caras<\/b>\u00a0anuncia su regreso a la\u00a0<b>Ciudad de M\u00e9xico,<\/b>\u00a0esta vez para dar su primera presentaci\u00f3n en el ic\u00f3nico\u00a0<b>Lunario\u00a0<\/b>del Auditorio Nacional. La cita es el\u00a0<b>8 de noviembre\u00a0<\/b>y los boletos estar\u00e1n disponibles el\u00a0<b>20 de abril\u00a0<\/b>en la\u00a0<b>Preventa Citibanamex\u00a0<\/b>por medio de la\u00a0<b>Red Ticketmaster<\/b>. La venta general iniciar\u00e1 el 21 de abril.<\/div>\n<div><\/div>\n<\/div>\n<\/div>\n<div class=\"pr-story--element-space\">\n<div class=\"pr-story-paragraph\">\n<div class=\"pr-story--text\"><b>Isla de Caras\u00a0<\/b>es un proyecto originario de Buenos Aires, formado en 2017. Desde entonces, la banda ha estado publicando\u00a0<i>tracks\u00a0<\/i>hipn\u00f3ticos, gracias a los cuales fueron considerados para ser parte del cartel de Lollapalooza en 2018.<\/div>\n<div><\/div>\n<\/div>\n<\/div>\n<div class=\"pr-story--element-space\">\n<div class=\"pr-story-paragraph\">\n<div class=\"pr-story--text\"><i>Chango<\/i>\u00a0(2018), su primer disco, fue reeditado en 2020 por el sello japon\u00e9s P-Vine, y descrito por Tower Records Tokyo como \u201c<i>obra maestra de Sudam\u00e9rica, un para\u00edso indie pop<\/i>\u201d. Ese a\u00f1o,\u00a0<b>Isla de Caras\u00a0<\/b>comenz\u00f3 a compartir\u00a0<i>Una Caricia<\/i>, segundo \u00e1lbum, del que se desprenden los sencillos \u201cPartenaire\u201d, \u201cSu Carita\u201d, \u201cIdiota\u201d con Vanessa Zamora y \u201cChica del Verano\u201d, con la argentina Clara Cava.<\/div>\n<div><\/div>\n<\/div>\n<\/div>\n<div class=\"pr-story--element-space\">\n<div class=\"pr-story-paragraph\">\n<div class=\"pr-story--text\"><b><i>Una Caricia <\/i>fue inspirado por la ruptura de una relaci\u00f3n que dur\u00f3 cuatro a\u00f1os y la mayor\u00eda de las canciones representan la sensaci\u00f3n agridulce de estar al lado de una persona, con la que sabes no llegar\u00e1s a m\u00e1s.<\/b><\/div>\n<div><\/div>\n<\/div>\n<\/div>\n<div class=\"pr-story--element-space\">\n<div class=\"pr-story-paragraph\">\n<div class=\"pr-story--text\">La banda estren\u00f3 este a\u00f1o dos sencillos: \u201cTe Olvidaste\u201d y el reci\u00e9n publicado \u201cTerca\u201d, el cual es el primer promocional de su tercer disco. El video, producido por Misma Estudio y dirigido por Cami Esteban, ya se encuentra en\u00a0<a href=\"https:\/\/www.youtube.com\/watch?v=yC4BemCUZgM\">YouTube<\/a>.<\/div>\n<\/div>\n<\/div>\n<div class=\"pr-story--element-space\">\n<div class=\"pr-story-paragraph\">\n<div class=\"pr-story--text\"><b>Isla de Caras\u00a0<\/b>llegar\u00e1 al\u00a0<b>Lunario\u00a0<\/b>por primera vez el pr\u00f3ximo\u00a0<b>8 de noviembre<\/b>. Los boletos estar\u00e1n disponibles a partir del\u00a0<b>20 de abril\u00a0<\/b>por\u00a0<b>Ticketmaster<\/b>.<\/div>\n<\/div>\n<\/div>\n<div><\/div>\n<div>\n<div dir=\"auto\"><a class=\"x1i10hfl xjbqb8w x6umtig x1b1mbwd xaqea5y xav7gou x9f619 x1ypdohk xt0psk2 xe8uvvx xdj266r x11i5rnm xat24cr x1mh8g0r xexx8yu x4uap5 x18d9i69 xkhd6sd x16tdsg8 x1hl2dhg xggy1nq x1a2a7pz xt0b8zv x1qq9wsj xo1l8bm\" tabindex=\"0\" role=\"link\" href=\"https:\/\/www.facebook.com\/hashtag\/isladecaras?__eep__=6&amp;__cft__[0]=AZVXnMyEu8thh3oAx2Qmc0gErmt9ouj9rMyXCi9hffbvDvCcPrZmPhVtyWrzk-mc5mCOjdo8SFvqW6bYdiv-xan35FL0I68mM3m-CQT6RMsW5tqr7zq7oQUWi3l8uOHuuvE&amp;__tn__=*NK-R\">#isladecaras<\/a><\/div>\n<div dir=\"auto\"><a class=\"x1i10hfl xjbqb8w x6umtig x1b1mbwd xaqea5y xav7gou x9f619 x1ypdohk xt0psk2 xe8uvvx xdj266r x11i5rnm xat24cr x1mh8g0r xexx8yu x4uap5 x18d9i69 xkhd6sd x16tdsg8 x1hl2dhg xggy1nq x1a2a7pz xt0b8zv x1qq9wsj xo1l8bm\" tabindex=\"0\" role=\"link\" href=\"https:\/\/www.facebook.com\/hashtag\/lunariodelauditorionacional?__eep__=6&amp;__cft__[0]=AZVXnMyEu8thh3oAx2Qmc0gErmt9ouj9rMyXCi9hffbvDvCcPrZmPhVtyWrzk-mc5mCOjdo8SFvqW6bYdiv-xan35FL0I68mM3m-CQT6RMsW5tqr7zq7oQUWi3l8uOHuuvE&amp;__tn__=*NK-R\">#lunariodelauditorionacional<\/a><\/div>\n<div dir=\"auto\"><a class=\"x1i10hfl xjbqb8w x6umtig x1b1mbwd xaqea5y xav7gou x9f619 x1ypdohk xt0psk2 xe8uvvx xdj266r x11i5rnm xat24cr x1mh8g0r xexx8yu x4uap5 x18d9i69 xkhd6sd x16tdsg8 x1hl2dhg xggy1nq x1a2a7pz xt0b8zv x1qq9wsj xo1l8bm\" tabindex=\"0\" role=\"link\" href=\"https:\/\/www.facebook.com\/hashtag\/ocesa?__eep__=6&amp;__cft__[0]=AZVXnMyEu8thh3oAx2Qmc0gErmt9ouj9rMyXCi9hffbvDvCcPrZmPhVtyWrzk-mc5mCOjdo8SFvqW6bYdiv-xan35FL0I68mM3m-CQT6RMsW5tqr7zq7oQUWi3l8uOHuuvE&amp;__tn__=*NK-R\">#OCESA<\/a><\/div>\n<div dir=\"auto\"><a class=\"x1i10hfl xjbqb8w x6umtig x1b1mbwd xaqea5y xav7gou x9f619 x1ypdohk xt0psk2 xe8uvvx xdj266r x11i5rnm xat24cr x1mh8g0r xexx8yu x4uap5 x18d9i69 xkhd6sd x16tdsg8 x1hl2dhg xggy1nq x1a2a7pz xt0b8zv x1qq9wsj xo1l8bm\" tabindex=\"0\" role=\"link\" href=\"https:\/\/www.facebook.com\/hashtag\/ticketmaster?__eep__=6&amp;__cft__[0]=AZVXnMyEu8thh3oAx2Qmc0gErmt9ouj9rMyXCi9hffbvDvCcPrZmPhVtyWrzk-mc5mCOjdo8SFvqW6bYdiv-xan35FL0I68mM3m-CQT6RMsW5tqr7zq7oQUWi3l8uOHuuvE&amp;__tn__=*NK-R\">#ticketmaster<\/a><\/div>\n<div dir=\"auto\"><a class=\"x1i10hfl xjbqb8w x6umtig x1b1mbwd xaqea5y xav7gou x9f619 x1ypdohk xt0psk2 xe8uvvx xdj266r x11i5rnm xat24cr x1mh8g0r xexx8yu x4uap5 x18d9i69 xkhd6sd x16tdsg8 x1hl2dhg xggy1nq x1a2a7pz xt0b8zv x1qq9wsj xo1l8bm\" tabindex=\"0\" role=\"link\" href=\"https:\/\/www.facebook.com\/hashtag\/bitacoracdmx?__eep__=6&amp;__cft__[0]=AZVXnMyEu8thh3oAx2Qmc0gErmt9ouj9rMyXCi9hffbvDvCcPrZmPhVtyWrzk-mc5mCOjdo8SFvqW6bYdiv-xan35FL0I68mM3m-CQT6RMsW5tqr7zq7oQUWi3l8uOHuuvE&amp;__tn__=*NK-R\">#bitacoracdmx<\/a><\/div>\n<\/div>\n<p>[\/fusion_text][fusion_imageframe image_id=&#8221;50765|medium&#8221; max_width=&#8221;&#8221; style_type=&#8221;&#8221; blur=&#8221;&#8221; stylecolor=&#8221;&#8221; hover_type=&#8221;none&#8221; bordersize=&#8221;&#8221; bordercolor=&#8221;&#8221; borderradius=&#8221;&#8221; align=&#8221;none&#8221; lightbox=&#8221;no&#8221; gallery_id=&#8221;&#8221; lightbox_image=&#8221;&#8221; lightbox_image_id=&#8221;&#8221; alt=&#8221;&#8221; link=&#8221;&#8221; linktarget=&#8221;_self&#8221; hide_on_mobile=&#8221;small-visibility,medium-visibility,large-visibility&#8221; class=&#8221;&#8221; id=&#8221;&#8221; animation_type=&#8221;&#8221; animation_direction=&#8221;left&#8221; animation_speed=&#8221;0.3&#8243; animation_offset=&#8221;&#8221;]https:\/\/www.bitacoracdmx.com\/wp-content\/uploads\/2023\/04\/image_processing20230419-265649-19qrsoe-300&#215;157.jpg[\/fusion_imageframe][\/fusion_builder_column][\/fusion_builder_row][\/fusion_builder_container]<\/p>\n","protected":false},"excerpt":{"rendered":"<p>[fusion_builder_container hundred_percent=&#8221;no&#8221; equal_height_columns=&#8221;no&#8221; menu_anchor=&#8221;&#8221; hide_on_mobile=&#8221;small-visibility,medium-visibility,large-visibility&#8221; class=&#8221;&#8221; id=&#8221;&#8221; background_color=&#8221;&#8221; background_image=&#8221;&#8221; background_position=&#8221;center center&#8221; background_repeat=&#8221;no-repeat&#8221; fade=&#8221;no&#8221; background_parallax=&#8221;none&#8221; parallax_speed=&#8221;0.3&#8243; video_mp4=&#8221;&#8221; video_webm=&#8221;&#8221; video_ogv=&#8221;&#8221; video_url=&#8221;&#8221; video_aspect_ratio=&#8221;16:9&#8243; video_loop=&#8221;yes&#8221; video_mute=&#8221;yes&#8221; overlay_color=&#8221;&#8221; video_preview_image=&#8221;&#8221; border_size=&#8221;&#8221; border_color=&#8221;&#8221; border_style=&#8221;solid&#8221; padding_top=&#8221;&#8221; padding_bottom=&#8221;&#8221; padding_left=&#8221;&#8221; padding_right=&#8221;&#8221;][fusion_builder_row][fusion_builder_column type=&#8221;1_1&#8243; layout=&#8221;1_1&#8243; background_position=&#8221;left top&#8221; background_color=&#8221;&#8221; border_size=&#8221;&#8221; border_color=&#8221;&#8221; border_style=&#8221;solid&#8221; border_position=&#8221;all&#8221; spacing=&#8221;yes&#8221; background_image=&#8221;&#8221; background_repeat=&#8221;no-repeat&#8221; padding_top=&#8221;&#8221; padding_right=&#8221;&#8221; padding_bottom=&#8221;&#8221; padding_left=&#8221;&#8221; margin_top=&#8221;0px&#8221; margin_bottom=&#8221;0px&#8221; class=&#8221;&#8221; id=&#8221;&#8221; animation_type=&#8221;&#8221; animation_speed=&#8221;0.3&#8243; animation_direction=&#8221;left&#8221; hide_on_mobile=&#8221;small-visibility,medium-visibility,large-visibility&#8221; center_content=&#8221;no&#8221; last=&#8221;no&#8221; min_height=&#8221;&#8221; hover_type=&#8221;none&#8221; link=&#8221;&#8221;][fusion_text] REDACCI\u00d3N \u00a1Dar\u00e1 su primer concierto en el Lunario! 8 de noviembre, 2023 Preventa Citibanamex: 20 de abril La banda argentina\u00a0Isla de Caras\u00a0anuncia su regreso a la\u00a0Ciudad de M\u00e9xico,\u00a0esta vez para dar su primera presentaci\u00f3n en el ic\u00f3nico\u00a0Lunario\u00a0del Auditorio Nacional. La [&hellip;]<\/p>\n","protected":false},"author":1,"featured_media":50765,"comment_status":"open","ping_status":"open","sticky":false,"template":"","format":"standard","meta":{"footnotes":""},"categories":[9,11],"tags":[],"_links":{"self":[{"href":"https:\/\/www.bitacoracdmx.com\/index.php?rest_route=\/wp\/v2\/posts\/50764"}],"collection":[{"href":"https:\/\/www.bitacoracdmx.com\/index.php?rest_route=\/wp\/v2\/posts"}],"about":[{"href":"https:\/\/www.bitacoracdmx.com\/index.php?rest_route=\/wp\/v2\/types\/post"}],"author":[{"embeddable":true,"href":"https:\/\/www.bitacoracdmx.com\/index.php?rest_route=\/wp\/v2\/users\/1"}],"replies":[{"embeddable":true,"href":"https:\/\/www.bitacoracdmx.com\/index.php?rest_route=%2Fwp%2Fv2%2Fcomments&post=50764"}],"version-history":[{"count":1,"href":"https:\/\/www.bitacoracdmx.com\/index.php?rest_route=\/wp\/v2\/posts\/50764\/revisions"}],"predecessor-version":[{"id":50766,"href":"https:\/\/www.bitacoracdmx.com\/index.php?rest_route=\/wp\/v2\/posts\/50764\/revisions\/50766"}],"wp:featuredmedia":[{"embeddable":true,"href":"https:\/\/www.bitacoracdmx.com\/index.php?rest_route=\/wp\/v2\/media\/50765"}],"wp:attachment":[{"href":"https:\/\/www.bitacoracdmx.com\/index.php?rest_route=%2Fwp%2Fv2%2Fmedia&parent=50764"}],"wp:term":[{"taxonomy":"category","embeddable":true,"href":"https:\/\/www.bitacoracdmx.com\/index.php?rest_route=%2Fwp%2Fv2%2Fcategories&post=50764"},{"taxonomy":"post_tag","embeddable":true,"href":"https:\/\/www.bitacoracdmx.com\/index.php?rest_route=%2Fwp%2Fv2%2Ftags&post=50764"}],"curies":[{"name":"wp","href":"https:\/\/api.w.org\/{rel}","templated":true}]}}