{"id":50767,"date":"2023-04-20T04:14:24","date_gmt":"2023-04-20T04:14:24","guid":{"rendered":"https:\/\/www.bitacoracdmx.com\/?p=50767"},"modified":"2023-04-20T04:14:24","modified_gmt":"2023-04-20T04:14:24","slug":"invita-gobierno-capitalino-a-presentar-proyectos-culturales","status":"publish","type":"post","link":"https:\/\/www.bitacoracdmx.com\/?p=50767","title":{"rendered":"Invita GOBIERNO CAPITALINO a presentar PROYECTOS CULTURALES"},"content":{"rendered":"<p>[fusion_builder_container hundred_percent=&#8221;no&#8221; equal_height_columns=&#8221;no&#8221; menu_anchor=&#8221;&#8221; hide_on_mobile=&#8221;small-visibility,medium-visibility,large-visibility&#8221; class=&#8221;&#8221; id=&#8221;&#8221; background_color=&#8221;&#8221; background_image=&#8221;&#8221; background_position=&#8221;center center&#8221; background_repeat=&#8221;no-repeat&#8221; fade=&#8221;no&#8221; background_parallax=&#8221;none&#8221; parallax_speed=&#8221;0.3&#8243; video_mp4=&#8221;&#8221; video_webm=&#8221;&#8221; video_ogv=&#8221;&#8221; video_url=&#8221;&#8221; video_aspect_ratio=&#8221;16:9&#8243; video_loop=&#8221;yes&#8221; video_mute=&#8221;yes&#8221; overlay_color=&#8221;&#8221; video_preview_image=&#8221;&#8221; border_size=&#8221;&#8221; border_color=&#8221;&#8221; border_style=&#8221;solid&#8221; padding_top=&#8221;&#8221; padding_bottom=&#8221;&#8221; padding_left=&#8221;&#8221; padding_right=&#8221;&#8221;][fusion_builder_row][fusion_builder_column type=&#8221;1_1&#8243; layout=&#8221;1_1&#8243; background_position=&#8221;left top&#8221; background_color=&#8221;&#8221; border_size=&#8221;&#8221; border_color=&#8221;&#8221; border_style=&#8221;solid&#8221; border_position=&#8221;all&#8221; spacing=&#8221;yes&#8221; background_image=&#8221;&#8221; background_repeat=&#8221;no-repeat&#8221; padding_top=&#8221;&#8221; padding_right=&#8221;&#8221; padding_bottom=&#8221;&#8221; padding_left=&#8221;&#8221; margin_top=&#8221;0px&#8221; margin_bottom=&#8221;0px&#8221; class=&#8221;&#8221; id=&#8221;&#8221; animation_type=&#8221;&#8221; animation_speed=&#8221;0.3&#8243; animation_direction=&#8221;left&#8221; hide_on_mobile=&#8221;small-visibility,medium-visibility,large-visibility&#8221; center_content=&#8221;no&#8221; last=&#8221;no&#8221; min_height=&#8221;&#8221; hover_type=&#8221;none&#8221; link=&#8221;&#8221;][fusion_text]<\/p>\n<p>REDACCI\u00d3N<\/p>\n<ul>\n<li>El programa Econom\u00eda Social apoya a las empresas sociales de nueva creaci\u00f3n integradas por 5 personas con 80 mil pesos<\/li>\n<li>Las Secretar\u00edas de Cultura y de Trabajo y Fomento al Empleo, se reunieron con artistas, colectivos, agentes, gestores y promotores culturales interesados en participar en este Programa<\/li>\n<li>Invitan a los colectivos para que presenten un proyecto que fomente la cultura, en sus diversas expresiones, a lo largo de todos los territorios de la Ciudad de M\u00e9xico y que adem\u00e1s tengan potencial de empresas culturales para crear empleos<\/li>\n<\/ul>\n<p>Las\u00a0<strong>Secretar\u00edas de Cultura local<\/strong>\u00a0y de\u00a0<strong>Trabajo y Fomento al Empleo<\/strong>, llevaron a cabo este mi\u00e9rcoles en el Museo de la Ciudad de M\u00e9xico una sesi\u00f3n informativa con artistas, colectivos, agentes, gestores y promotores culturales para invitarlos a qu\u00e9 presenten proyectos de econom\u00eda social o cooperativa.<br aria-hidden=\"true\" \/>\u00a0<br aria-hidden=\"true\" \/>La titular de la Secretar\u00eda de Cultura capitalina,\u00a0<strong>Claudia Curiel de Icaza<\/strong>; detall\u00f3 cu\u00e1les son los lineamientos para poder presentar estos proyectos cuyo objetivo es impulsar su labor art\u00edstica a trav\u00e9s del Programa Econom\u00eda Social de la Ciudad de M\u00e9xico, de la Secretar\u00eda de Trabajo y Fomento al Empleo.<br aria-hidden=\"true\" \/>\u00a0<br aria-hidden=\"true\" \/>Curiel de Icaza destac\u00f3 que se podr\u00e1n inscribir colectivos a partir de cinco personas a los que se les podr\u00e1n otorgar 80 mil pesos para ser utilizados en la cobertura de necesidades de materiales, equipo, capacitaci\u00f3n, entre otras.<br aria-hidden=\"true\" \/>\u00a0<br aria-hidden=\"true\" \/>Tambi\u00e9n invit\u00f3 a colectivas y colectivos de todas las expresiones culturales, ya sean de m\u00fasica, danza, artes pl\u00e1sticas, pintura, literatura o editoriales, para que se sumen al programa y puedan seguir con el impulso de sus procesos culturales manteniendo su autonom\u00eda.<br aria-hidden=\"true\" \/>\u00a0<br aria-hidden=\"true\" \/>Acompa\u00f1ada de la directora general de Econom\u00eda Social y Solidaria de la Secretar\u00eda de Trabajo y Fomento al Empleo, Monserrat Navarro; y la directora general de Vinculaci\u00f3n Cultural Comunitaria, Magali Cadena, la secretaria de Cultura se\u00f1al\u00f3 que estas acciones se encuentran en sinton\u00eda con la presentaci\u00f3n ante el Congreso de la Ciudad de M\u00e9xico de la iniciativa de reforma de la Ley de Espacios Culturales Independientes y de Establecimientos Mercantiles, que tiene como objetivo garantizar el ejercicio pleno de los derechos culturales en diversos espacios y diferenciarse de otros establecimientos.<br aria-hidden=\"true\" \/><br aria-hidden=\"true\" \/>La directora general de Vinculaci\u00f3n Comunitaria de la Secretar\u00eda de Cultura local, Magali Cadena Amador, expres\u00f3 que la convocatoria y programas de este tipo han sido dise\u00f1ados para fortalecer y consolidar a empresas culturales.<br aria-hidden=\"true\" \/><br aria-hidden=\"true\" \/>\u201cEstos son programas que est\u00e1n pensados como apoyo para poder acompa\u00f1ar a los colectivos que tambi\u00e9n tienen una trayectoria para fortalecer sus peque\u00f1as empresas culturales\u201d, indic\u00f3 Cadena Amador.<br aria-hidden=\"true\" \/><br aria-hidden=\"true\" \/>En representaci\u00f3n del secretario del Trabajo local, Jos\u00e9 Luis Rodr\u00edguez D\u00edaz de Le\u00f3n, la directora general de Econom\u00eda Social y Solidaria, Monserrat Navarro P\u00e9rez, detall\u00f3 que para formar una sociedad cooperativa es necesario cumplir con cada uno de los requisitos que establecen las reglas de operaci\u00f3n del programa Econom\u00eda Social de la Ciudad de M\u00e9xico 2023.<br aria-hidden=\"true\" \/><br aria-hidden=\"true\" \/>Todas las actividades de la Secretar\u00eda de Cultura capitalina se pueden consultar la Cartelera de la Ciudad de M\u00e9xico (https:\/\/cartelera.cdmx.gob.mx\/) y las redes sociales de la Secretar\u00eda de Cultura: Facebook, Twitter, Instagram y YouTube.<\/p>\n<div dir=\"auto\"><a class=\"x1i10hfl xjbqb8w x6umtig x1b1mbwd xaqea5y xav7gou x9f619 x1ypdohk xt0psk2 xe8uvvx xdj266r x11i5rnm xat24cr x1mh8g0r xexx8yu x4uap5 x18d9i69 xkhd6sd x16tdsg8 x1hl2dhg xggy1nq x1a2a7pz xt0b8zv x1qq9wsj xo1l8bm\" tabindex=\"0\" role=\"link\" href=\"https:\/\/www.facebook.com\/hashtag\/secretariadeculturacdmx?__eep__=6&amp;__cft__[0]=AZXLwaypCLN7HBEcQGiWCDTxrxu9H2bc6WKSCINtQV4e3zuuXWeJLzvYqCaY--m7XuAEwd7SztQ_yNq-g2N5r5boqg_0oH8INr6IphzfOSmB0CDsGZ6F0e2aoFaFA1oahiE&amp;__tn__=*NK-R\">#secretariadeculturacdmx<\/a><\/div>\n<div dir=\"auto\"><a class=\"x1i10hfl xjbqb8w x6umtig x1b1mbwd xaqea5y xav7gou x9f619 x1ypdohk xt0psk2 xe8uvvx xdj266r x11i5rnm xat24cr x1mh8g0r xexx8yu x4uap5 x18d9i69 xkhd6sd x16tdsg8 x1hl2dhg xggy1nq x1a2a7pz xt0b8zv x1qq9wsj xo1l8bm\" tabindex=\"0\" role=\"link\" href=\"https:\/\/www.facebook.com\/hashtag\/bitacoracdmx?__eep__=6&amp;__cft__[0]=AZXLwaypCLN7HBEcQGiWCDTxrxu9H2bc6WKSCINtQV4e3zuuXWeJLzvYqCaY--m7XuAEwd7SztQ_yNq-g2N5r5boqg_0oH8INr6IphzfOSmB0CDsGZ6F0e2aoFaFA1oahiE&amp;__tn__=*NK-R\">#bitacoracdmx<\/a><\/div>\n<p>[\/fusion_text][fusion_imageframe image_id=&#8221;50768|medium&#8221; max_width=&#8221;&#8221; style_type=&#8221;&#8221; blur=&#8221;&#8221; stylecolor=&#8221;&#8221; hover_type=&#8221;none&#8221; bordersize=&#8221;&#8221; bordercolor=&#8221;&#8221; borderradius=&#8221;&#8221; align=&#8221;none&#8221; lightbox=&#8221;no&#8221; gallery_id=&#8221;&#8221; lightbox_image=&#8221;&#8221; lightbox_image_id=&#8221;&#8221; alt=&#8221;&#8221; link=&#8221;&#8221; linktarget=&#8221;_self&#8221; hide_on_mobile=&#8221;small-visibility,medium-visibility,large-visibility&#8221; class=&#8221;&#8221; id=&#8221;&#8221; animation_type=&#8221;&#8221; animation_direction=&#8221;left&#8221; animation_speed=&#8221;0.3&#8243; animation_offset=&#8221;&#8221;]https:\/\/www.bitacoracdmx.com\/wp-content\/uploads\/2023\/04\/2c4d1ccb-90e8-7537-d4e2-fbe1fd877342-300&#215;200.jpg[\/fusion_imageframe][\/fusion_builder_column][\/fusion_builder_row][\/fusion_builder_container]<\/p>\n","protected":false},"excerpt":{"rendered":"<p>[fusion_builder_container hundred_percent=&#8221;no&#8221; equal_height_columns=&#8221;no&#8221; menu_anchor=&#8221;&#8221; hide_on_mobile=&#8221;small-visibility,medium-visibility,large-visibility&#8221; class=&#8221;&#8221; id=&#8221;&#8221; background_color=&#8221;&#8221; background_image=&#8221;&#8221; background_position=&#8221;center center&#8221; background_repeat=&#8221;no-repeat&#8221; fade=&#8221;no&#8221; background_parallax=&#8221;none&#8221; parallax_speed=&#8221;0.3&#8243; video_mp4=&#8221;&#8221; video_webm=&#8221;&#8221; video_ogv=&#8221;&#8221; video_url=&#8221;&#8221; video_aspect_ratio=&#8221;16:9&#8243; video_loop=&#8221;yes&#8221; video_mute=&#8221;yes&#8221; overlay_color=&#8221;&#8221; video_preview_image=&#8221;&#8221; border_size=&#8221;&#8221; border_color=&#8221;&#8221; border_style=&#8221;solid&#8221; padding_top=&#8221;&#8221; padding_bottom=&#8221;&#8221; padding_left=&#8221;&#8221; padding_right=&#8221;&#8221;][fusion_builder_row][fusion_builder_column type=&#8221;1_1&#8243; layout=&#8221;1_1&#8243; background_position=&#8221;left top&#8221; background_color=&#8221;&#8221; border_size=&#8221;&#8221; border_color=&#8221;&#8221; border_style=&#8221;solid&#8221; border_position=&#8221;all&#8221; spacing=&#8221;yes&#8221; background_image=&#8221;&#8221; background_repeat=&#8221;no-repeat&#8221; padding_top=&#8221;&#8221; padding_right=&#8221;&#8221; padding_bottom=&#8221;&#8221; padding_left=&#8221;&#8221; margin_top=&#8221;0px&#8221; margin_bottom=&#8221;0px&#8221; class=&#8221;&#8221; id=&#8221;&#8221; animation_type=&#8221;&#8221; animation_speed=&#8221;0.3&#8243; animation_direction=&#8221;left&#8221; hide_on_mobile=&#8221;small-visibility,medium-visibility,large-visibility&#8221; center_content=&#8221;no&#8221; last=&#8221;no&#8221; min_height=&#8221;&#8221; hover_type=&#8221;none&#8221; link=&#8221;&#8221;][fusion_text] REDACCI\u00d3N El programa Econom\u00eda Social apoya a las empresas sociales de nueva creaci\u00f3n integradas por 5 personas con 80 mil pesos Las Secretar\u00edas de Cultura y de Trabajo y Fomento al Empleo, se reunieron con artistas, colectivos, agentes, gestores y [&hellip;]<\/p>\n","protected":false},"author":1,"featured_media":50768,"comment_status":"open","ping_status":"open","sticky":false,"template":"","format":"standard","meta":{"footnotes":""},"categories":[5,9],"tags":[],"_links":{"self":[{"href":"https:\/\/www.bitacoracdmx.com\/index.php?rest_route=\/wp\/v2\/posts\/50767"}],"collection":[{"href":"https:\/\/www.bitacoracdmx.com\/index.php?rest_route=\/wp\/v2\/posts"}],"about":[{"href":"https:\/\/www.bitacoracdmx.com\/index.php?rest_route=\/wp\/v2\/types\/post"}],"author":[{"embeddable":true,"href":"https:\/\/www.bitacoracdmx.com\/index.php?rest_route=\/wp\/v2\/users\/1"}],"replies":[{"embeddable":true,"href":"https:\/\/www.bitacoracdmx.com\/index.php?rest_route=%2Fwp%2Fv2%2Fcomments&post=50767"}],"version-history":[{"count":1,"href":"https:\/\/www.bitacoracdmx.com\/index.php?rest_route=\/wp\/v2\/posts\/50767\/revisions"}],"predecessor-version":[{"id":50769,"href":"https:\/\/www.bitacoracdmx.com\/index.php?rest_route=\/wp\/v2\/posts\/50767\/revisions\/50769"}],"wp:featuredmedia":[{"embeddable":true,"href":"https:\/\/www.bitacoracdmx.com\/index.php?rest_route=\/wp\/v2\/media\/50768"}],"wp:attachment":[{"href":"https:\/\/www.bitacoracdmx.com\/index.php?rest_route=%2Fwp%2Fv2%2Fmedia&parent=50767"}],"wp:term":[{"taxonomy":"category","embeddable":true,"href":"https:\/\/www.bitacoracdmx.com\/index.php?rest_route=%2Fwp%2Fv2%2Fcategories&post=50767"},{"taxonomy":"post_tag","embeddable":true,"href":"https:\/\/www.bitacoracdmx.com\/index.php?rest_route=%2Fwp%2Fv2%2Ftags&post=50767"}],"curies":[{"name":"wp","href":"https:\/\/api.w.org\/{rel}","templated":true}]}}