{"id":50839,"date":"2023-04-24T03:28:58","date_gmt":"2023-04-24T03:28:58","guid":{"rendered":"https:\/\/www.bitacoracdmx.com\/?p=50839"},"modified":"2023-04-24T03:28:58","modified_gmt":"2023-04-24T03:28:58","slug":"invita-gobierno-de-la-ciudad-de-mexico-al-festival-de-las-ninas-y-los-ninos-en-el-zocalo-capitalino","status":"publish","type":"post","link":"https:\/\/www.bitacoracdmx.com\/?p=50839","title":{"rendered":"Invita GOBIERNO DE LA CIUDAD DE M\u00c9XICO al &#8220;FESTIVAL DE LAS NI\u00d1AS Y LOS NI\u00d1OS&#8221; en el Z\u00d3CALO CAPITALINO"},"content":{"rendered":"<p>[fusion_builder_container hundred_percent=&#8221;no&#8221; equal_height_columns=&#8221;no&#8221; menu_anchor=&#8221;&#8221; hide_on_mobile=&#8221;small-visibility,medium-visibility,large-visibility&#8221; class=&#8221;&#8221; id=&#8221;&#8221; background_color=&#8221;&#8221; background_image=&#8221;&#8221; background_position=&#8221;center center&#8221; background_repeat=&#8221;no-repeat&#8221; fade=&#8221;no&#8221; background_parallax=&#8221;none&#8221; parallax_speed=&#8221;0.3&#8243; video_mp4=&#8221;&#8221; video_webm=&#8221;&#8221; video_ogv=&#8221;&#8221; video_url=&#8221;&#8221; video_aspect_ratio=&#8221;16:9&#8243; video_loop=&#8221;yes&#8221; video_mute=&#8221;yes&#8221; overlay_color=&#8221;&#8221; video_preview_image=&#8221;&#8221; border_size=&#8221;&#8221; border_color=&#8221;&#8221; border_style=&#8221;solid&#8221; padding_top=&#8221;&#8221; padding_bottom=&#8221;&#8221; padding_left=&#8221;&#8221; padding_right=&#8221;&#8221;][fusion_builder_row][fusion_builder_column type=&#8221;1_1&#8243; layout=&#8221;1_1&#8243; background_position=&#8221;left top&#8221; background_color=&#8221;&#8221; border_size=&#8221;&#8221; border_color=&#8221;&#8221; border_style=&#8221;solid&#8221; border_position=&#8221;all&#8221; spacing=&#8221;yes&#8221; background_image=&#8221;&#8221; background_repeat=&#8221;no-repeat&#8221; padding_top=&#8221;&#8221; padding_right=&#8221;&#8221; padding_bottom=&#8221;&#8221; padding_left=&#8221;&#8221; margin_top=&#8221;0px&#8221; margin_bottom=&#8221;0px&#8221; class=&#8221;&#8221; id=&#8221;&#8221; animation_type=&#8221;&#8221; animation_speed=&#8221;0.3&#8243; animation_direction=&#8221;left&#8221; hide_on_mobile=&#8221;small-visibility,medium-visibility,large-visibility&#8221; center_content=&#8221;no&#8221; last=&#8221;no&#8221; min_height=&#8221;&#8221; hover_type=&#8221;none&#8221; link=&#8221;&#8221;][fusion_text]<\/p>\n<p>REDACCI\u00d3N<\/p>\n<ul>\n<li>La Plaza de la Constituci\u00f3n se convertir\u00e1 en un gran patio de juegos con tres velar\u00edas inflables, juegos tradicionales, concursos, karaoke, circo, comida, regalos, una ludoteca y muchas sorpresas para que las ni\u00f1as y ni\u00f1os capitalinos tengan un d\u00eda repleto de actividades este 30 de abril<\/li>\n<li>Las agrupaciones musicales Los Patita de Perro, Triciclo Circus Band y Yucat\u00e1n A Go Go se presentar\u00e1n entre las 15:00 y las 18:00 horas<\/li>\n<li>Se habilitar\u00e1 una Feria del Libro en la que adem\u00e1s de presentaciones de t\u00edtulos de literatura infantil, se regalar\u00e1n 30 mil ejemplares para que los m\u00e1s peque\u00f1os se inicien en el h\u00e1bito de la lectura<\/li>\n<li>Se instalar\u00e1n inflables tem\u00e1ticos, pistas para bicicletas, patines y avalanchas, y canchas para jugar tochito, futbeis, b\u00e1squetbol y una Expo-Ciencia dentro de un planetario m\u00f3vil<\/li>\n<\/ul>\n<p>El\u00a0<strong>Gobierno de la Ciudad de M\u00e9xico\u00a0<\/strong>tiene preparadas diversas actividades gratuitas para celebrar el\u00a0<strong>domingo 30 de abril\u00a0<\/strong>con el<strong>\u00a0&#8220;Festival de las Ni\u00f1as y los Ni\u00f1os&#8221;\u00a0<\/strong>que tendr\u00e1 lugar\u00a0<strong>de las 10:00 a las 19:00 horas<\/strong>\u00a0en el Z\u00f3calo capitalino.<br aria-hidden=\"true\" \/><br aria-hidden=\"true\" \/>En conferencia de prensa, el<strong>\u00a0secretario de Gobierno de la Ciudad de M\u00e9xico, Mart\u00ed Batres,<\/strong>\u00a0inform\u00f3 que, por instrucciones de la\u00a0<strong>Jefa de Gobierno, Claudia Sheinbaum Pardo<\/strong>, se realizar\u00e1 este evento para garantizar sus derechos<strong>.<\/strong><br aria-hidden=\"true\" \/>\u00a0<br aria-hidden=\"true\" \/>\u201cEsto se va a realizar en el marco de una visi\u00f3n de derechos: derechos de las ni\u00f1as, los ni\u00f1os, los adolescentes; y derechos a la recreaci\u00f3n, a la cultura y al esparcimiento\u201d, indic\u00f3.<br aria-hidden=\"true\" \/>\u00a0<br aria-hidden=\"true\" \/>La\u00a0<strong>secretar\u00eda de Cultura capitalina, Claudia Curiel de Icaza<\/strong>, detall\u00f3 que este evento retoma los juegos tradicionales mexicanos que tuvieron lugar el a\u00f1o pasado en el Festival \u201cVerano divertido\u201d, al cual asistieron m\u00e1s de 80 mil ni\u00f1as y ni\u00f1os en el Monumento a la Revoluci\u00f3n.<br aria-hidden=\"true\" \/>\u00a0<br aria-hidden=\"true\" \/>\u201cEntre las actividades principales van a haber nuevamente los juegos tradicionales mexicanos: vamos a tener serpientes y escaleras, avioncito, resorte y muchos juegos de mesa. Y tambi\u00e9n, en temas de literatura, porque este a\u00f1o vamos a tener literatura, ciencia, deporte m\u00fasica y artes esc\u00e9nicas, tenemos una Feria del Libro donde vamos a entregar m\u00e1s de 30 mil ejemplares gratuitos para ni\u00f1as y ni\u00f1os; va a haber presentaciones de libros. Vamos a hacer ciencia con el planetario m\u00f3vil que tiene SECTEI\u201d, se\u00f1al\u00f3 la funcionaria.<br aria-hidden=\"true\" \/><br aria-hidden=\"true\" \/>Curiel de Icaza hizo \u00e9nfasis en la recuperaci\u00f3n de los juegos tradicionales a fin de que las infancias hagan algo distinto a las actividades del mundo digital o de la televisi\u00f3n.<br aria-hidden=\"true\" \/><br aria-hidden=\"true\" \/>\u201cEs muy importante reencontrarnos en comunidad, en espacio p\u00fablico y qu\u00e9 mejor que con juegos tradicionales mexicanos que, como comentaba, el a\u00f1o pasado vimos que es incre\u00edble, que convoca familias y que estuvieron muy contentos y contentas\u201d, dijo.<br aria-hidden=\"true\" \/><br aria-hidden=\"true\" \/>En la Plaza de la Constituci\u00f3n se instalar\u00e1 una ludoteca con juegos y actividades did\u00e1cticas, adem\u00e1s de dos velar\u00edas, una con juegos como el avioncito, salto de cuerda, resorte, quemados, encantados y stop, y otra con juegos de mesa tradicionales como serpientes y escaleras, loter\u00eda, pirinola, damas chinas, palillos chinos, jenga, balero, yoyo, canicas, matatena y trompo; una tercera velar\u00eda contar\u00e1 con un espect\u00e1culo de circo y karaoke infantil, adem\u00e1s de una cooperativa con dulces mexicanos, aguas frescas y nieves.<br aria-hidden=\"true\" \/><br aria-hidden=\"true\" \/>Asimismo, se habilitar\u00e1 una Feria del Libro en la que adem\u00e1s de presentaciones de diversos t\u00edtulos de literatura infantil, se regalar\u00e1n 30 mil ejemplares para que los m\u00e1s peque\u00f1os del hogar se inicien en el h\u00e1bito de la lectura.<br aria-hidden=\"true\" \/><br aria-hidden=\"true\" \/>De 15:00 a 18:00 horas en el escenario principal se ofrecer\u00e1n los conciertos de\u00a0<strong>Los Patita de Perro<\/strong>\u00a0con sus divertidas canciones al ritmo de rock;\u00a0<strong>Triciclo Circus Band,<\/strong>\u00a0que promete un espect\u00e1culo lleno de fusiones r\u00edtmicas y artes circenses; adem\u00e1s de\u00a0<strong>Yucat\u00e1n A Go Go<\/strong>, banda de la Ciudad de M\u00e9xico que tuvo sus inicios dentro del surf, rock y punk grunge, pero que evolucion\u00f3 para interpretar canciones infantiles.<br aria-hidden=\"true\" \/><br aria-hidden=\"true\" \/>De igual forma, habr\u00e1 un planetario m\u00f3vil en donde p\u00fablico de todas las edades podr\u00e1 conocer m\u00e1s sobre el espacio, las constelaciones y las galaxias a trav\u00e9s de proyecciones.<br aria-hidden=\"true\" \/><br aria-hidden=\"true\" \/>En cuanto a actividades deportivas, el \u201cFestival de las Ni\u00f1as y los Ni\u00f1os\u201d contar\u00e1 con un espacio para jugar f\u00fatbol y practicar rappel; asimismo, tendr\u00e1 trampolines, un ring de box y juegos como tochito, futbeis y b\u00e1squetbol, e instalar\u00e1 una gran pista para bicicletas, patines y avalanchas.<br aria-hidden=\"true\" \/>El \u201cFestival de las Ni\u00f1as y los Ni\u00f1os\u201d es un esfuerzo interinstitucional entre las\u00a0<strong>secretar\u00edas de Cultura local y de Educaci\u00f3n, Ciencia, Tecnolog\u00eda e Innovaci\u00f3n (SECTEI), el Sistema de Desarrollo Integral de la Familia (DIF), el Instituto del Deporte (INDEPORTE) y el Fondo de Cultura Econ\u00f3mica.<\/strong><br aria-hidden=\"true\" \/>\u00a0<br aria-hidden=\"true\" \/>Todas las actividades de la Secretar\u00eda de Cultura capitalina se pueden consultar en la Cartelera de la Ciudad de M\u00e9xico (<a href=\"https:\/\/gob.us21.list-manage.com\/track\/click?u=24ab1d8cf82850533a5af327c&amp;id=318c5e48bb&amp;e=4fe2704bc3\" target=\"_blank\" rel=\"noopener noreferrer\" data-auth=\"NotApplicable\" data-linkindex=\"0\">https:\/\/cartelera.cdmx.gob.mx\/<\/a>)\u00a0 y las redes sociales de la Secretar\u00eda de Cultura: Facebook, Twitter, Instagram y YouTube.<\/p>\n<div dir=\"auto\"><a class=\"x1i10hfl xjbqb8w x6umtig x1b1mbwd xaqea5y xav7gou x9f619 x1ypdohk xt0psk2 xe8uvvx xdj266r x11i5rnm xat24cr x1mh8g0r xexx8yu x4uap5 x18d9i69 xkhd6sd x16tdsg8 x1hl2dhg xggy1nq x1a2a7pz xt0b8zv x1qq9wsj xo1l8bm\" tabindex=\"0\" role=\"link\" href=\"https:\/\/www.facebook.com\/hashtag\/secretariadeculturacdmx?__eep__=6&amp;__cft__[0]=AZVvXu846RGaeVEu2o1KrpjSeCiyvkRXdgF18APU3lcvkOxNccBUQW_CaFL-zRzyDUhTJiD7oVVJHxwxrNEfiBjowbZc2XywTmyTHn1Wotj8HYjAYQAP3vwyKwnTYtx3J7imMkR3MXx9MeKTt2LIyVLC&amp;__tn__=*NK-R\">#secretariadeculturacdmx<\/a><\/div>\n<div dir=\"auto\"><a class=\"x1i10hfl xjbqb8w x6umtig x1b1mbwd xaqea5y xav7gou x9f619 x1ypdohk xt0psk2 xe8uvvx xdj266r x11i5rnm xat24cr x1mh8g0r xexx8yu x4uap5 x18d9i69 xkhd6sd x16tdsg8 x1hl2dhg xggy1nq x1a2a7pz xt0b8zv x1qq9wsj xo1l8bm\" tabindex=\"0\" role=\"link\" href=\"https:\/\/www.facebook.com\/hashtag\/gobiernodelaciudaddem%C3%A9xico?__eep__=6&amp;__cft__[0]=AZVvXu846RGaeVEu2o1KrpjSeCiyvkRXdgF18APU3lcvkOxNccBUQW_CaFL-zRzyDUhTJiD7oVVJHxwxrNEfiBjowbZc2XywTmyTHn1Wotj8HYjAYQAP3vwyKwnTYtx3J7imMkR3MXx9MeKTt2LIyVLC&amp;__tn__=*NK-R\">#GobiernoDeLaCiudadDeM\u00e9xico<\/a><\/div>\n<div dir=\"auto\"><a class=\"x1i10hfl xjbqb8w x6umtig x1b1mbwd xaqea5y xav7gou x9f619 x1ypdohk xt0psk2 xe8uvvx xdj266r x11i5rnm xat24cr x1mh8g0r xexx8yu x4uap5 x18d9i69 xkhd6sd x16tdsg8 x1hl2dhg xggy1nq x1a2a7pz xt0b8zv x1qq9wsj xo1l8bm\" tabindex=\"0\" role=\"link\" href=\"https:\/\/www.facebook.com\/hashtag\/bitacoracdmx?__eep__=6&amp;__cft__[0]=AZVvXu846RGaeVEu2o1KrpjSeCiyvkRXdgF18APU3lcvkOxNccBUQW_CaFL-zRzyDUhTJiD7oVVJHxwxrNEfiBjowbZc2XywTmyTHn1Wotj8HYjAYQAP3vwyKwnTYtx3J7imMkR3MXx9MeKTt2LIyVLC&amp;__tn__=*NK-R\">#bitacoracdmx<\/a><\/div>\n<p>[\/fusion_text][fusion_imageframe image_id=&#8221;50840|medium&#8221; max_width=&#8221;&#8221; style_type=&#8221;&#8221; blur=&#8221;&#8221; stylecolor=&#8221;&#8221; hover_type=&#8221;none&#8221; bordersize=&#8221;&#8221; bordercolor=&#8221;&#8221; borderradius=&#8221;&#8221; align=&#8221;none&#8221; lightbox=&#8221;no&#8221; gallery_id=&#8221;&#8221; lightbox_image=&#8221;&#8221; lightbox_image_id=&#8221;&#8221; alt=&#8221;&#8221; link=&#8221;&#8221; linktarget=&#8221;_self&#8221; hide_on_mobile=&#8221;small-visibility,medium-visibility,large-visibility&#8221; class=&#8221;&#8221; id=&#8221;&#8221; animation_type=&#8221;&#8221; animation_direction=&#8221;left&#8221; animation_speed=&#8221;0.3&#8243; animation_offset=&#8221;&#8221;]https:\/\/www.bitacoracdmx.com\/wp-content\/uploads\/2023\/04\/ebb8a21b-4b3e-82b6-0849-6264229558a9-250&#215;300.jpg[\/fusion_imageframe][\/fusion_builder_column][\/fusion_builder_row][\/fusion_builder_container]<\/p>\n","protected":false},"excerpt":{"rendered":"<p>[fusion_builder_container hundred_percent=&#8221;no&#8221; equal_height_columns=&#8221;no&#8221; menu_anchor=&#8221;&#8221; hide_on_mobile=&#8221;small-visibility,medium-visibility,large-visibility&#8221; class=&#8221;&#8221; id=&#8221;&#8221; background_color=&#8221;&#8221; background_image=&#8221;&#8221; background_position=&#8221;center center&#8221; background_repeat=&#8221;no-repeat&#8221; fade=&#8221;no&#8221; background_parallax=&#8221;none&#8221; parallax_speed=&#8221;0.3&#8243; video_mp4=&#8221;&#8221; video_webm=&#8221;&#8221; video_ogv=&#8221;&#8221; video_url=&#8221;&#8221; video_aspect_ratio=&#8221;16:9&#8243; video_loop=&#8221;yes&#8221; video_mute=&#8221;yes&#8221; overlay_color=&#8221;&#8221; video_preview_image=&#8221;&#8221; border_size=&#8221;&#8221; border_color=&#8221;&#8221; border_style=&#8221;solid&#8221; padding_top=&#8221;&#8221; padding_bottom=&#8221;&#8221; padding_left=&#8221;&#8221; padding_right=&#8221;&#8221;][fusion_builder_row][fusion_builder_column type=&#8221;1_1&#8243; layout=&#8221;1_1&#8243; background_position=&#8221;left top&#8221; background_color=&#8221;&#8221; border_size=&#8221;&#8221; border_color=&#8221;&#8221; border_style=&#8221;solid&#8221; border_position=&#8221;all&#8221; spacing=&#8221;yes&#8221; background_image=&#8221;&#8221; background_repeat=&#8221;no-repeat&#8221; padding_top=&#8221;&#8221; padding_right=&#8221;&#8221; padding_bottom=&#8221;&#8221; padding_left=&#8221;&#8221; margin_top=&#8221;0px&#8221; margin_bottom=&#8221;0px&#8221; class=&#8221;&#8221; id=&#8221;&#8221; animation_type=&#8221;&#8221; animation_speed=&#8221;0.3&#8243; animation_direction=&#8221;left&#8221; hide_on_mobile=&#8221;small-visibility,medium-visibility,large-visibility&#8221; center_content=&#8221;no&#8221; last=&#8221;no&#8221; min_height=&#8221;&#8221; hover_type=&#8221;none&#8221; link=&#8221;&#8221;][fusion_text] REDACCI\u00d3N La Plaza de la Constituci\u00f3n se convertir\u00e1 en un gran patio de juegos con tres velar\u00edas inflables, juegos tradicionales, concursos, karaoke, circo, comida, regalos, una ludoteca y muchas sorpresas para que las ni\u00f1as y ni\u00f1os capitalinos tengan un d\u00eda [&hellip;]<\/p>\n","protected":false},"author":1,"featured_media":50840,"comment_status":"open","ping_status":"open","sticky":false,"template":"","format":"standard","meta":{"footnotes":""},"categories":[5,9],"tags":[],"_links":{"self":[{"href":"https:\/\/www.bitacoracdmx.com\/index.php?rest_route=\/wp\/v2\/posts\/50839"}],"collection":[{"href":"https:\/\/www.bitacoracdmx.com\/index.php?rest_route=\/wp\/v2\/posts"}],"about":[{"href":"https:\/\/www.bitacoracdmx.com\/index.php?rest_route=\/wp\/v2\/types\/post"}],"author":[{"embeddable":true,"href":"https:\/\/www.bitacoracdmx.com\/index.php?rest_route=\/wp\/v2\/users\/1"}],"replies":[{"embeddable":true,"href":"https:\/\/www.bitacoracdmx.com\/index.php?rest_route=%2Fwp%2Fv2%2Fcomments&post=50839"}],"version-history":[{"count":1,"href":"https:\/\/www.bitacoracdmx.com\/index.php?rest_route=\/wp\/v2\/posts\/50839\/revisions"}],"predecessor-version":[{"id":50841,"href":"https:\/\/www.bitacoracdmx.com\/index.php?rest_route=\/wp\/v2\/posts\/50839\/revisions\/50841"}],"wp:featuredmedia":[{"embeddable":true,"href":"https:\/\/www.bitacoracdmx.com\/index.php?rest_route=\/wp\/v2\/media\/50840"}],"wp:attachment":[{"href":"https:\/\/www.bitacoracdmx.com\/index.php?rest_route=%2Fwp%2Fv2%2Fmedia&parent=50839"}],"wp:term":[{"taxonomy":"category","embeddable":true,"href":"https:\/\/www.bitacoracdmx.com\/index.php?rest_route=%2Fwp%2Fv2%2Fcategories&post=50839"},{"taxonomy":"post_tag","embeddable":true,"href":"https:\/\/www.bitacoracdmx.com\/index.php?rest_route=%2Fwp%2Fv2%2Ftags&post=50839"}],"curies":[{"name":"wp","href":"https:\/\/api.w.org\/{rel}","templated":true}]}}