{"id":50842,"date":"2023-04-24T03:47:21","date_gmt":"2023-04-24T03:47:21","guid":{"rendered":"https:\/\/www.bitacoracdmx.com\/?p=50842"},"modified":"2023-04-24T03:47:21","modified_gmt":"2023-04-24T03:47:21","slug":"despues-de-17-anos-la-perra-presenta-su-nuevo-disco","status":"publish","type":"post","link":"https:\/\/www.bitacoracdmx.com\/?p=50842","title":{"rendered":"\u00a1\u00a1\u00a1Despu\u00e9s de 17 a\u00f1os!!!  LA PERRA presenta su nuevo disco"},"content":{"rendered":"<p>[fusion_builder_container hundred_percent=&#8221;no&#8221; equal_height_columns=&#8221;no&#8221; menu_anchor=&#8221;&#8221; hide_on_mobile=&#8221;small-visibility,medium-visibility,large-visibility&#8221; class=&#8221;&#8221; id=&#8221;&#8221; background_color=&#8221;&#8221; background_image=&#8221;&#8221; background_position=&#8221;center center&#8221; background_repeat=&#8221;no-repeat&#8221; fade=&#8221;no&#8221; background_parallax=&#8221;none&#8221; parallax_speed=&#8221;0.3&#8243; video_mp4=&#8221;&#8221; video_webm=&#8221;&#8221; video_ogv=&#8221;&#8221; video_url=&#8221;&#8221; video_aspect_ratio=&#8221;16:9&#8243; video_loop=&#8221;yes&#8221; video_mute=&#8221;yes&#8221; overlay_color=&#8221;&#8221; video_preview_image=&#8221;&#8221; border_size=&#8221;&#8221; border_color=&#8221;&#8221; border_style=&#8221;solid&#8221; padding_top=&#8221;&#8221; padding_bottom=&#8221;&#8221; padding_left=&#8221;&#8221; padding_right=&#8221;&#8221;][fusion_builder_row][fusion_builder_column type=&#8221;1_1&#8243; layout=&#8221;1_1&#8243; background_position=&#8221;left top&#8221; background_color=&#8221;&#8221; border_size=&#8221;&#8221; border_color=&#8221;&#8221; border_style=&#8221;solid&#8221; border_position=&#8221;all&#8221; spacing=&#8221;yes&#8221; background_image=&#8221;&#8221; background_repeat=&#8221;no-repeat&#8221; padding_top=&#8221;&#8221; padding_right=&#8221;&#8221; padding_bottom=&#8221;&#8221; padding_left=&#8221;&#8221; margin_top=&#8221;0px&#8221; margin_bottom=&#8221;0px&#8221; class=&#8221;&#8221; id=&#8221;&#8221; animation_type=&#8221;&#8221; animation_speed=&#8221;0.3&#8243; animation_direction=&#8221;left&#8221; hide_on_mobile=&#8221;small-visibility,medium-visibility,large-visibility&#8221; center_content=&#8221;no&#8221; last=&#8221;no&#8221; min_height=&#8221;&#8221; hover_type=&#8221;none&#8221; link=&#8221;&#8221;][fusion_text]<\/p>\n<p>REDACCI\u00d3N<\/p>\n<p>RODANDO es el nombre de la nueva placa de una de las agrupaciones legendarias del rock progresivo nacional y que estar\u00e1 limitado a 300 piezas en CD, que cuenta con 30 temas instrumentales, y ser\u00e1 un \u00e1lbum doble<\/p>\n<p>Este material ya se encuentra disponible en plataformas digitales<\/p>\n<p>Todos los s\u00e1bados del mes de mayo se presentar\u00e1n en La Titer\u00eda de Coyoac\u00e1n<\/p>\n<p>La Perra (rock de c\u00e1mara) es una banda mexicana que fusiona el rock, el jazz y la m\u00fasica contempor\u00e1nea. Ha creado su propio lenguaje sonoro a partir de dos instrumentos: la bater\u00eda y el bajo el\u00e9ctrico. No usan secuencias, pistas grabadas o sampleos; fomentan desde hace m\u00e1s de 26 a\u00f1os el rock pura y meramente en vivo.<\/p>\n<p>Perico (bater\u00eda) y Elena S\u00e1nchez (bajo) iniciaron este proyecto de casi tres d\u00e9cadas de vida y a pesar de no haber dejado nunca de tocar, no fueron muy asiduos al estudio de grabaci\u00f3n. Pero ahora, la vida los ha llevado a las plataformas digitales, a las redes sociales y a un nuevo \u00e1lbum.<\/p>\n<p>Comenzaron su camino en 1997, en ese mismo a\u00f1o lanzaron su disco debut hom\u00f3nimo. Posteriormente, en el 2000 sali\u00f3 a la luz Fricci\u00f3n Visual. En el 2006, lanzaron Romance Con la Ira y en 2010 un DVD en vivo a lado de Manolo Garibay (artista visual). Tuvieron que pasar largos 17 a\u00f1os para llegar a Rodando, su m\u00e1s reciente material discogr\u00e1fico de La Perra.<\/p>\n<p>Su sonido siempre se ha mantenido en los m\u00e1rgenes de lo que muchos consideran rock progresivo, un g\u00e9nero no tan explorado y explotado en M\u00e9xico, pero que al mismo tiempo los ha llevado a recorrer diferentes escenarios a lo largo y ancho de la Rep\u00fablica Mexicana.<\/p>\n<p>Se han presentado en el Festival Cervantino, en el Museo del Chopo, Multiforo Ollin Kan, en el Festival Arte Contempor\u00e1neo Universitario, el Baja-Prog y muchos otros festivales y recintos culturales en el pa\u00eds.<\/p>\n<p>Es por eso y dada su trayectoria que buscan posicionar este nuevo disco, como una joya oculta de una banda que no aparece en el radar, pero siempre ha estado ah\u00ed. Y es as\u00ed<\/p>\n<p>que presentan Rodando. Material discogr\u00e1fico limitado a 300 piezas, un CD doble con 30 temas instrumentales repletas de la esencia de La Perra.<\/p>\n<p>Rodando surge como una retrospectiva basada en el cambio de interpretaci\u00f3n, a partir del gusto por las nuevas versiones de antiguos temas. Incluye 11 temas que no hab\u00edan grabado \u201cUrdimbre del tiempo\u201d, &#8220;Tiempo transcurrido\u201d y \u201cA Charles Mingus\u201d, compuesta para el Festival \u201cCharles Mingus\u201d de Cuernavaca, Morelos, entre otras y siete piezas de reciente manufactura.<\/p>\n<p>En Rodando hay reversiones, temas en vivo y temas in\u00e9ditos, siendo uno de sus materiales m\u00e1s elaborados colaborando con diversos ingenieros, estudios y salas. Mezclado y masterizado por Arcadio Hern\u00e1ndez.<\/p>\n<p>Adem\u00e1s, el dise\u00f1o del disco f\u00edsico que corri\u00f3 a cargo de la artista visual mexicana Vanesa Quintanilla, basados en el juguete View Master, con fotograf\u00edas de Arturo Lara con lo que no s\u00f3lo entregan un disco para su escucha, sino un objeto para conservar y admirar.<\/p>\n<p>La Perra busca en 2023 amplificar su p\u00fablico y expandir sus escuchas, por eso, ahora toda su discograf\u00eda ya se encuentra disponible en plataformas digitales. Mientras que el CD RODANDO llegar\u00e1 en f\u00edsico a partir del 6 de mayo para deleite de los mel\u00f3manos.<\/p>\n<p>Y como tocar en vivo es lo suyo, se estar\u00e1n presentando durante todo un mes en LA TITER\u00cdA (Vicente Guerrero 7, Colonia del Carmen, Coyoac\u00e1n, esq. Av. M\u00e9xico) Esta temporada ser\u00e1 todos los s\u00e1bados de mayo a partir de las 19:00 horas.<\/p>\n<p>Boletos en: www.latiteria.mx y https:\/\/boletopolis.com\/es\/agrupacion\/LaTiteria<\/p>\n<p>Facebook<\/p>\n<p>https:\/\/www.facebook.com\/laperra.powerduo<\/p>\n<div dir=\"auto\"><a class=\"x1i10hfl xjbqb8w x6umtig x1b1mbwd xaqea5y xav7gou x9f619 x1ypdohk xt0psk2 xe8uvvx xdj266r x11i5rnm xat24cr x1mh8g0r xexx8yu x4uap5 x18d9i69 xkhd6sd x16tdsg8 x1hl2dhg xggy1nq x1a2a7pz xt0b8zv x1qq9wsj xo1l8bm\" tabindex=\"0\" role=\"link\" href=\"https:\/\/www.facebook.com\/hashtag\/laperra?__eep__=6&amp;__cft__[0]=AZVrGON-uG02MelVvewqESa0mwObJqW72bXyVaOsG9M3Y_HdnA9VSD_MzRj1qU3AYLO4RnsdCsdrzuRc3o6_zyu4eAGzYchD9HR1XxkUmlz7bYW0CD3TFEMcYsDRTuCVOrU&amp;__tn__=*NK-R\">#laperra<\/a><\/div>\n<div dir=\"auto\"><a class=\"x1i10hfl xjbqb8w x6umtig x1b1mbwd xaqea5y xav7gou x9f619 x1ypdohk xt0psk2 xe8uvvx xdj266r x11i5rnm xat24cr x1mh8g0r xexx8yu x4uap5 x18d9i69 xkhd6sd x16tdsg8 x1hl2dhg xggy1nq x1a2a7pz xt0b8zv x1qq9wsj xo1l8bm\" tabindex=\"0\" role=\"link\" href=\"https:\/\/www.facebook.com\/hashtag\/latiteriademarionetasdelaesquina?__eep__=6&amp;__cft__[0]=AZVrGON-uG02MelVvewqESa0mwObJqW72bXyVaOsG9M3Y_HdnA9VSD_MzRj1qU3AYLO4RnsdCsdrzuRc3o6_zyu4eAGzYchD9HR1XxkUmlz7bYW0CD3TFEMcYsDRTuCVOrU&amp;__tn__=*NK-R\">#latiteriademarionetasdelaesquina<\/a><\/div>\n<div dir=\"auto\"><a class=\"x1i10hfl xjbqb8w x6umtig x1b1mbwd xaqea5y xav7gou x9f619 x1ypdohk xt0psk2 xe8uvvx xdj266r x11i5rnm xat24cr x1mh8g0r xexx8yu x4uap5 x18d9i69 xkhd6sd x16tdsg8 x1hl2dhg xggy1nq x1a2a7pz xt0b8zv x1qq9wsj xo1l8bm\" tabindex=\"0\" role=\"link\" href=\"https:\/\/www.facebook.com\/hashtag\/bitacoracdmx?__eep__=6&amp;__cft__[0]=AZVrGON-uG02MelVvewqESa0mwObJqW72bXyVaOsG9M3Y_HdnA9VSD_MzRj1qU3AYLO4RnsdCsdrzuRc3o6_zyu4eAGzYchD9HR1XxkUmlz7bYW0CD3TFEMcYsDRTuCVOrU&amp;__tn__=*NK-R\">#bitacoracdmx<\/a><\/div>\n<p>[\/fusion_text][fusion_imageframe image_id=&#8221;50843|medium&#8221; max_width=&#8221;&#8221; style_type=&#8221;&#8221; blur=&#8221;&#8221; stylecolor=&#8221;&#8221; hover_type=&#8221;none&#8221; bordersize=&#8221;&#8221; bordercolor=&#8221;&#8221; borderradius=&#8221;&#8221; align=&#8221;none&#8221; lightbox=&#8221;no&#8221; gallery_id=&#8221;&#8221; lightbox_image=&#8221;&#8221; lightbox_image_id=&#8221;&#8221; alt=&#8221;&#8221; link=&#8221;&#8221; linktarget=&#8221;_self&#8221; hide_on_mobile=&#8221;small-visibility,medium-visibility,large-visibility&#8221; class=&#8221;&#8221; id=&#8221;&#8221; animation_type=&#8221;&#8221; animation_direction=&#8221;left&#8221; animation_speed=&#8221;0.3&#8243; animation_offset=&#8221;&#8221;]https:\/\/www.bitacoracdmx.com\/wp-content\/uploads\/2023\/04\/Arte-La-Perra-169&#215;300.jpeg[\/fusion_imageframe][\/fusion_builder_column][\/fusion_builder_row][\/fusion_builder_container]<\/p>\n","protected":false},"excerpt":{"rendered":"<p>[fusion_builder_container hundred_percent=&#8221;no&#8221; equal_height_columns=&#8221;no&#8221; menu_anchor=&#8221;&#8221; hide_on_mobile=&#8221;small-visibility,medium-visibility,large-visibility&#8221; class=&#8221;&#8221; id=&#8221;&#8221; background_color=&#8221;&#8221; background_image=&#8221;&#8221; background_position=&#8221;center center&#8221; background_repeat=&#8221;no-repeat&#8221; fade=&#8221;no&#8221; background_parallax=&#8221;none&#8221; parallax_speed=&#8221;0.3&#8243; video_mp4=&#8221;&#8221; video_webm=&#8221;&#8221; video_ogv=&#8221;&#8221; video_url=&#8221;&#8221; video_aspect_ratio=&#8221;16:9&#8243; video_loop=&#8221;yes&#8221; video_mute=&#8221;yes&#8221; overlay_color=&#8221;&#8221; video_preview_image=&#8221;&#8221; border_size=&#8221;&#8221; border_color=&#8221;&#8221; border_style=&#8221;solid&#8221; padding_top=&#8221;&#8221; padding_bottom=&#8221;&#8221; padding_left=&#8221;&#8221; padding_right=&#8221;&#8221;][fusion_builder_row][fusion_builder_column type=&#8221;1_1&#8243; layout=&#8221;1_1&#8243; background_position=&#8221;left top&#8221; background_color=&#8221;&#8221; border_size=&#8221;&#8221; border_color=&#8221;&#8221; border_style=&#8221;solid&#8221; border_position=&#8221;all&#8221; spacing=&#8221;yes&#8221; background_image=&#8221;&#8221; background_repeat=&#8221;no-repeat&#8221; padding_top=&#8221;&#8221; padding_right=&#8221;&#8221; padding_bottom=&#8221;&#8221; padding_left=&#8221;&#8221; margin_top=&#8221;0px&#8221; margin_bottom=&#8221;0px&#8221; class=&#8221;&#8221; id=&#8221;&#8221; animation_type=&#8221;&#8221; animation_speed=&#8221;0.3&#8243; animation_direction=&#8221;left&#8221; hide_on_mobile=&#8221;small-visibility,medium-visibility,large-visibility&#8221; center_content=&#8221;no&#8221; last=&#8221;no&#8221; min_height=&#8221;&#8221; hover_type=&#8221;none&#8221; link=&#8221;&#8221;][fusion_text] REDACCI\u00d3N RODANDO es el nombre de la nueva placa de una de las agrupaciones legendarias del rock progresivo nacional y que estar\u00e1 limitado a 300 piezas en CD, que cuenta con 30 temas instrumentales, y ser\u00e1 un \u00e1lbum doble Este [&hellip;]<\/p>\n","protected":false},"author":1,"featured_media":50843,"comment_status":"open","ping_status":"open","sticky":false,"template":"","format":"standard","meta":{"footnotes":""},"categories":[9,11],"tags":[],"_links":{"self":[{"href":"https:\/\/www.bitacoracdmx.com\/index.php?rest_route=\/wp\/v2\/posts\/50842"}],"collection":[{"href":"https:\/\/www.bitacoracdmx.com\/index.php?rest_route=\/wp\/v2\/posts"}],"about":[{"href":"https:\/\/www.bitacoracdmx.com\/index.php?rest_route=\/wp\/v2\/types\/post"}],"author":[{"embeddable":true,"href":"https:\/\/www.bitacoracdmx.com\/index.php?rest_route=\/wp\/v2\/users\/1"}],"replies":[{"embeddable":true,"href":"https:\/\/www.bitacoracdmx.com\/index.php?rest_route=%2Fwp%2Fv2%2Fcomments&post=50842"}],"version-history":[{"count":1,"href":"https:\/\/www.bitacoracdmx.com\/index.php?rest_route=\/wp\/v2\/posts\/50842\/revisions"}],"predecessor-version":[{"id":50844,"href":"https:\/\/www.bitacoracdmx.com\/index.php?rest_route=\/wp\/v2\/posts\/50842\/revisions\/50844"}],"wp:featuredmedia":[{"embeddable":true,"href":"https:\/\/www.bitacoracdmx.com\/index.php?rest_route=\/wp\/v2\/media\/50843"}],"wp:attachment":[{"href":"https:\/\/www.bitacoracdmx.com\/index.php?rest_route=%2Fwp%2Fv2%2Fmedia&parent=50842"}],"wp:term":[{"taxonomy":"category","embeddable":true,"href":"https:\/\/www.bitacoracdmx.com\/index.php?rest_route=%2Fwp%2Fv2%2Fcategories&post=50842"},{"taxonomy":"post_tag","embeddable":true,"href":"https:\/\/www.bitacoracdmx.com\/index.php?rest_route=%2Fwp%2Fv2%2Ftags&post=50842"}],"curies":[{"name":"wp","href":"https:\/\/api.w.org\/{rel}","templated":true}]}}