{"id":50851,"date":"2023-04-24T05:29:18","date_gmt":"2023-04-24T05:29:18","guid":{"rendered":"https:\/\/www.bitacoracdmx.com\/?p=50851"},"modified":"2023-04-24T05:29:18","modified_gmt":"2023-04-24T05:29:18","slug":"el-espectaculo-para-todas-las-edades-vie-de-cirque-devela-placa-por-100-representaciones-en-el-teatro-de-la-ciudad","status":"publish","type":"post","link":"https:\/\/www.bitacoracdmx.com\/?p=50851","title":{"rendered":"El espect\u00e1culo para todas las edades Vie de Cirque devela placa por 100 representaciones en el Teatro de la Ciudad."},"content":{"rendered":"<p>[fusion_builder_container hundred_percent=&#8221;no&#8221; equal_height_columns=&#8221;no&#8221; menu_anchor=&#8221;&#8221; hide_on_mobile=&#8221;small-visibility,medium-visibility,large-visibility&#8221; class=&#8221;&#8221; id=&#8221;&#8221; background_color=&#8221;&#8221; background_image=&#8221;&#8221; background_position=&#8221;center center&#8221; background_repeat=&#8221;no-repeat&#8221; fade=&#8221;no&#8221; background_parallax=&#8221;none&#8221; parallax_speed=&#8221;0.3&#8243; video_mp4=&#8221;&#8221; video_webm=&#8221;&#8221; video_ogv=&#8221;&#8221; video_url=&#8221;&#8221; video_aspect_ratio=&#8221;16:9&#8243; video_loop=&#8221;yes&#8221; video_mute=&#8221;yes&#8221; overlay_color=&#8221;&#8221; video_preview_image=&#8221;&#8221; border_size=&#8221;&#8221; border_color=&#8221;&#8221; border_style=&#8221;solid&#8221; padding_top=&#8221;&#8221; padding_bottom=&#8221;&#8221; padding_left=&#8221;&#8221; padding_right=&#8221;&#8221;][fusion_builder_row][fusion_builder_column type=&#8221;1_1&#8243; layout=&#8221;1_1&#8243; background_position=&#8221;left top&#8221; background_color=&#8221;&#8221; border_size=&#8221;&#8221; border_color=&#8221;&#8221; border_style=&#8221;solid&#8221; border_position=&#8221;all&#8221; spacing=&#8221;yes&#8221; background_image=&#8221;&#8221; background_repeat=&#8221;no-repeat&#8221; padding_top=&#8221;&#8221; padding_right=&#8221;&#8221; padding_bottom=&#8221;&#8221; padding_left=&#8221;&#8221; margin_top=&#8221;0px&#8221; margin_bottom=&#8221;0px&#8221; class=&#8221;&#8221; id=&#8221;&#8221; animation_type=&#8221;&#8221; animation_speed=&#8221;0.3&#8243; animation_direction=&#8221;left&#8221; hide_on_mobile=&#8221;small-visibility,medium-visibility,large-visibility&#8221; center_content=&#8221;no&#8221; last=&#8221;no&#8221; min_height=&#8221;&#8221; hover_type=&#8221;none&#8221; link=&#8221;&#8221;][fusion_text]<\/p>\n<p>REDACCI\u00d3N<\/p>\n<p>Foto: Omar Castillo<\/p>\n<p>La destacada compa\u00f1\u00eda\u00a0<strong>Vie de Cirque<\/strong>, dedicada especialmente al arte del circo y del\u00a0<em>clown<\/em>, y representada fielmente por Paqu\u00edn Jr. y \u00c1ngelo, regres\u00f3 al <strong>Teatro de la Ciudad Esperanza Iris<\/strong>\u00a0con su espect\u00e1culo\u00a0<em><strong>Vie de Cirque<\/strong><\/em>, para festejar 100 representaciones de este espect\u00e1culo para todas las edades.<\/p>\n<p>El montaje es parte de las actividades de la segunda edici\u00f3n de la\u00a0<strong>Fiesta de las Infancias y sus Derechos,\u00a0<\/strong>que organiza por segundo a\u00f1o consecutivo la<strong>\u00a0Direcci\u00f3n del Sistema de Teatros de la Secretar\u00eda de Cultura de la Ciudad de M\u00e9xico<\/strong>\u00a0con la finalidad de invitar a las ni\u00f1as y los ni\u00f1os a expresar sus intereses y deseos a trav\u00e9s de las artes esc\u00e9nicas.<\/p>\n<p>Vie de Cirque es una compa\u00f1\u00eda de artes esc\u00e9nicas dedicada al arte del payaso, creada de forma independiente con el objetivo de ofrecer propuestas art\u00edsticas de calidad que acerquen a la familia y a las nuevas generaciones al teatro a trav\u00e9s del circo y de historias que diviertan y conmuevan.<\/p>\n<p>Su espect\u00e1culo\u00a0<em><strong>Vie de Cirque<\/strong><\/em>\u00a0es una propuesta de talla internacional que cuenta con la direcci\u00f3n general de Paqu\u00edn Jr., a partir de una idea original de \u00c1ngelo, dirigida esc\u00e9nicamente por el experto en el tema Fernando Hondall.<\/p>\n<p>El pasado 15 de abril devel\u00f3 placa por las 100 primeras representaciones del espect\u00e1culo, que se present\u00f3 en el recinto de Donceles el pasado enero con localidades agotadas.<\/p>\n<p>Cuentan la historia de una poderosa y m\u00e1gica soga que es descubierta en el escenario por un inocente e imprudente payaso. Luego de indagar en sus enigm\u00e1ticas y diversas funciones, la soga le presenta a otro antiguo y amigable payaso cara blanca.<\/p>\n<p>Juntos hacen un viaje m\u00e1gico a trav\u00e9s de la historia del circo, en un espect\u00e1culo sin palabras, lleno de humor, m\u00fasica, diversi\u00f3n y sorprendentes actos circenses. A la risa garantizada, el p\u00fablico sumar\u00e1 la sensibilidad, el asombro y la belleza de la danza, la acrobacia, la m\u00fasica y la nostalgia de tiempos lejanos y entra\u00f1ables.<\/p>\n<p>De esta forma, el internacional payaso mexicano Paqu\u00edn Jr. celebra 35 a\u00f1os de trayectoria, de la mano de \u00c1ngelo, uno de los m\u00e1s grandes y j\u00f3venes payasos, quien contin\u00faan la gran tradici\u00f3n circense del Payaso Cara Blanca.<\/p>\n<p><em><strong>Vie de Cirque\u00a0<\/strong><\/em>es un espect\u00e1culo con una mirada diferente hacia el payaso de origen mexicano, una exaltaci\u00f3n al humor esc\u00e9nico, conducido por los entra\u00f1ables e hist\u00f3ricos g\u00e9neros del payaso, el Augusto y el Cara Blanca, interpretados por Paqu\u00edn Jr. y \u00c1ngelo.<\/p>\n<p>Tambi\u00e9n es una gran oportunidad de recuperar el hilo de la gran tradici\u00f3n mexicana que ha tenido el circo en nuestro pa\u00eds, en el que el payaso se brinda al noble arte de la risa, y utiliza s\u00f3lo el humor blanco combinado con la destreza de n\u00fameros de circo, conducidos en el espect\u00e1culo con talento completamente mexicano.<\/p>\n<p>De tal forma que en el espect\u00e1culo participan los directivos, as\u00ed como un elenco formado por Deborah P\u00f3rtela, Iv\u00e1n Castillo, Fernanda Far\u00edas, Ang\u00e9lica Trevi\u00f1o, Violeta Vallejo, \u00c9rica Flores, Mar Rivas, Carlos Rodr\u00edguez, Mayumi Ju\u00e1rez, Mariah Cuevas, Ir\u00e1n Rosales, Alondra P. Lugo, Dulce Aguilar y Perseo Lucero, tambi\u00e9n destacados exponentes de las artes circenses.<\/p>\n<p><em><strong>Vie de Cirque<\/strong><\/em><strong>\u00a0<\/strong>cuenta en la direcci\u00f3n, adem\u00e1s, con el exitoso\u00a0<em>clown<\/em>\u00a0mexicano Fernando Hondall, un actor,\u00a0<em>clown<\/em>, dramaturgo, director y productor de la compa\u00f1\u00eda mexicana de artes esc\u00e9nicas, circenses y artes del payaso: Los Estrouberry Clowns. Cuenta con 20 a\u00f1os de trayectoria profesional.<\/p>\n<p>Participan adem\u00e1s en el equipo creativo Sandra Patricia Valencia en la producci\u00f3n general, Nayelli Matus en la asistencia de producci\u00f3n, \u00c9rica Flores en la coreograf\u00eda y Rey L\u00f3pez en la iluminaci\u00f3n, entre muchos otros, en un evento de Carlota producciones.<\/p>\n<div dir=\"auto\"><a class=\"x1i10hfl xjbqb8w x6umtig x1b1mbwd xaqea5y xav7gou x9f619 x1ypdohk xt0psk2 xe8uvvx xdj266r x11i5rnm xat24cr x1mh8g0r xexx8yu x4uap5 x18d9i69 xkhd6sd x16tdsg8 x1hl2dhg xggy1nq x1a2a7pz xt0b8zv x1qq9wsj xo1l8bm\" tabindex=\"0\" role=\"link\" href=\"https:\/\/www.facebook.com\/hashtag\/viedecirque?__eep__=6&amp;__cft__[0]=AZWUEeA3t2WAjCVIODsHWNw--ZF3Hyda5rPuA2Icp0gVZyxsJPflNIEHZz2z_Swym5_QHx-6fq3uPzvF56x5Du5E_bTUp1Ic4F0ea3JNCri11Q&amp;__tn__=*NK-R\">#ViedeCirque<\/a><\/div>\n<div dir=\"auto\"><a class=\"x1i10hfl xjbqb8w x6umtig x1b1mbwd xaqea5y xav7gou x9f619 x1ypdohk xt0psk2 xe8uvvx xdj266r x11i5rnm xat24cr x1mh8g0r xexx8yu x4uap5 x18d9i69 xkhd6sd x16tdsg8 x1hl2dhg xggy1nq x1a2a7pz xt0b8zv x1qq9wsj xo1l8bm\" tabindex=\"0\" role=\"link\" href=\"https:\/\/www.facebook.com\/hashtag\/teatrodelaciudadesperanzairis?__eep__=6&amp;__cft__[0]=AZWUEeA3t2WAjCVIODsHWNw--ZF3Hyda5rPuA2Icp0gVZyxsJPflNIEHZz2z_Swym5_QHx-6fq3uPzvF56x5Du5E_bTUp1Ic4F0ea3JNCri11Q&amp;__tn__=*NK-R\">#TeatroDeLaCiudadEsperanzaIris<\/a><\/div>\n<div dir=\"auto\"><a class=\"x1i10hfl xjbqb8w x6umtig x1b1mbwd xaqea5y xav7gou x9f619 x1ypdohk xt0psk2 xe8uvvx xdj266r x11i5rnm xat24cr x1mh8g0r xexx8yu x4uap5 x18d9i69 xkhd6sd x16tdsg8 x1hl2dhg xggy1nq x1a2a7pz xt0b8zv x1qq9wsj xo1l8bm\" tabindex=\"0\" role=\"link\" href=\"https:\/\/www.facebook.com\/hashtag\/paquinjr?__eep__=6&amp;__cft__[0]=AZWUEeA3t2WAjCVIODsHWNw--ZF3Hyda5rPuA2Icp0gVZyxsJPflNIEHZz2z_Swym5_QHx-6fq3uPzvF56x5Du5E_bTUp1Ic4F0ea3JNCri11Q&amp;__tn__=*NK-R\">#paquinjr<\/a><\/div>\n<div dir=\"auto\"><a class=\"x1i10hfl xjbqb8w x6umtig x1b1mbwd xaqea5y xav7gou x9f619 x1ypdohk xt0psk2 xe8uvvx xdj266r x11i5rnm xat24cr x1mh8g0r xexx8yu x4uap5 x18d9i69 xkhd6sd x16tdsg8 x1hl2dhg xggy1nq x1a2a7pz xt0b8zv x1qq9wsj xo1l8bm\" tabindex=\"0\" role=\"link\" href=\"https:\/\/www.facebook.com\/hashtag\/bitacoracdmx?__eep__=6&amp;__cft__[0]=AZWUEeA3t2WAjCVIODsHWNw--ZF3Hyda5rPuA2Icp0gVZyxsJPflNIEHZz2z_Swym5_QHx-6fq3uPzvF56x5Du5E_bTUp1Ic4F0ea3JNCri11Q&amp;__tn__=*NK-R\">#bitacoracdmx<\/a><\/div>\n<p>[\/fusion_text][fusion_imageframe image_id=&#8221;50852|medium&#8221; max_width=&#8221;&#8221; style_type=&#8221;&#8221; blur=&#8221;&#8221; stylecolor=&#8221;&#8221; hover_type=&#8221;none&#8221; bordersize=&#8221;&#8221; bordercolor=&#8221;&#8221; borderradius=&#8221;&#8221; align=&#8221;none&#8221; lightbox=&#8221;no&#8221; gallery_id=&#8221;&#8221; lightbox_image=&#8221;&#8221; lightbox_image_id=&#8221;&#8221; alt=&#8221;&#8221; link=&#8221;&#8221; linktarget=&#8221;_self&#8221; hide_on_mobile=&#8221;small-visibility,medium-visibility,large-visibility&#8221; class=&#8221;&#8221; id=&#8221;&#8221; animation_type=&#8221;&#8221; animation_direction=&#8221;left&#8221; animation_speed=&#8221;0.3&#8243; animation_offset=&#8221;&#8221;]https:\/\/www.bitacoracdmx.com\/wp-content\/uploads\/2023\/04\/343229654_152304857799819_5799286094899433552_n-300&#215;200.jpg[\/fusion_imageframe][\/fusion_builder_column][\/fusion_builder_row][\/fusion_builder_container]<\/p>\n","protected":false},"excerpt":{"rendered":"<p>[fusion_builder_container hundred_percent=&#8221;no&#8221; equal_height_columns=&#8221;no&#8221; menu_anchor=&#8221;&#8221; hide_on_mobile=&#8221;small-visibility,medium-visibility,large-visibility&#8221; class=&#8221;&#8221; id=&#8221;&#8221; background_color=&#8221;&#8221; background_image=&#8221;&#8221; background_position=&#8221;center center&#8221; background_repeat=&#8221;no-repeat&#8221; fade=&#8221;no&#8221; background_parallax=&#8221;none&#8221; parallax_speed=&#8221;0.3&#8243; video_mp4=&#8221;&#8221; video_webm=&#8221;&#8221; video_ogv=&#8221;&#8221; video_url=&#8221;&#8221; video_aspect_ratio=&#8221;16:9&#8243; video_loop=&#8221;yes&#8221; video_mute=&#8221;yes&#8221; overlay_color=&#8221;&#8221; video_preview_image=&#8221;&#8221; border_size=&#8221;&#8221; border_color=&#8221;&#8221; border_style=&#8221;solid&#8221; padding_top=&#8221;&#8221; padding_bottom=&#8221;&#8221; padding_left=&#8221;&#8221; padding_right=&#8221;&#8221;][fusion_builder_row][fusion_builder_column type=&#8221;1_1&#8243; layout=&#8221;1_1&#8243; background_position=&#8221;left top&#8221; background_color=&#8221;&#8221; border_size=&#8221;&#8221; border_color=&#8221;&#8221; border_style=&#8221;solid&#8221; border_position=&#8221;all&#8221; spacing=&#8221;yes&#8221; background_image=&#8221;&#8221; background_repeat=&#8221;no-repeat&#8221; padding_top=&#8221;&#8221; padding_right=&#8221;&#8221; padding_bottom=&#8221;&#8221; padding_left=&#8221;&#8221; margin_top=&#8221;0px&#8221; margin_bottom=&#8221;0px&#8221; class=&#8221;&#8221; id=&#8221;&#8221; animation_type=&#8221;&#8221; animation_speed=&#8221;0.3&#8243; animation_direction=&#8221;left&#8221; hide_on_mobile=&#8221;small-visibility,medium-visibility,large-visibility&#8221; center_content=&#8221;no&#8221; last=&#8221;no&#8221; min_height=&#8221;&#8221; hover_type=&#8221;none&#8221; link=&#8221;&#8221;][fusion_text] REDACCI\u00d3N Foto: Omar Castillo La destacada compa\u00f1\u00eda\u00a0Vie de Cirque, dedicada especialmente al arte del circo y del\u00a0clown, y representada fielmente por Paqu\u00edn Jr. y \u00c1ngelo, regres\u00f3 al Teatro de la Ciudad Esperanza Iris\u00a0con su espect\u00e1culo\u00a0Vie de Cirque, para festejar 100 [&hellip;]<\/p>\n","protected":false},"author":1,"featured_media":50852,"comment_status":"open","ping_status":"open","sticky":false,"template":"","format":"standard","meta":{"footnotes":""},"categories":[7,9,14],"tags":[],"_links":{"self":[{"href":"https:\/\/www.bitacoracdmx.com\/index.php?rest_route=\/wp\/v2\/posts\/50851"}],"collection":[{"href":"https:\/\/www.bitacoracdmx.com\/index.php?rest_route=\/wp\/v2\/posts"}],"about":[{"href":"https:\/\/www.bitacoracdmx.com\/index.php?rest_route=\/wp\/v2\/types\/post"}],"author":[{"embeddable":true,"href":"https:\/\/www.bitacoracdmx.com\/index.php?rest_route=\/wp\/v2\/users\/1"}],"replies":[{"embeddable":true,"href":"https:\/\/www.bitacoracdmx.com\/index.php?rest_route=%2Fwp%2Fv2%2Fcomments&post=50851"}],"version-history":[{"count":1,"href":"https:\/\/www.bitacoracdmx.com\/index.php?rest_route=\/wp\/v2\/posts\/50851\/revisions"}],"predecessor-version":[{"id":50853,"href":"https:\/\/www.bitacoracdmx.com\/index.php?rest_route=\/wp\/v2\/posts\/50851\/revisions\/50853"}],"wp:featuredmedia":[{"embeddable":true,"href":"https:\/\/www.bitacoracdmx.com\/index.php?rest_route=\/wp\/v2\/media\/50852"}],"wp:attachment":[{"href":"https:\/\/www.bitacoracdmx.com\/index.php?rest_route=%2Fwp%2Fv2%2Fmedia&parent=50851"}],"wp:term":[{"taxonomy":"category","embeddable":true,"href":"https:\/\/www.bitacoracdmx.com\/index.php?rest_route=%2Fwp%2Fv2%2Fcategories&post=50851"},{"taxonomy":"post_tag","embeddable":true,"href":"https:\/\/www.bitacoracdmx.com\/index.php?rest_route=%2Fwp%2Fv2%2Ftags&post=50851"}],"curies":[{"name":"wp","href":"https:\/\/api.w.org\/{rel}","templated":true}]}}