{"id":50869,"date":"2023-04-25T23:08:48","date_gmt":"2023-04-25T23:08:48","guid":{"rendered":"https:\/\/www.bitacoracdmx.com\/?p=50869"},"modified":"2023-04-25T23:08:49","modified_gmt":"2023-04-25T23:08:49","slug":"noche-de-museos-de-abril-ofrecera-circo-conciertos-cuentos-y-juegos-para-festejar-el-dia-de-la-nina-y-el-nino","status":"publish","type":"post","link":"https:\/\/www.bitacoracdmx.com\/?p=50869","title":{"rendered":"NOCHE DE MUSEOS DE ABRIL ofrecer\u00e1 CIRCO, CONCIERTOS, CUENTOS Y JUEGOS PARA FESTEJAR EL D\u00cdA DE LA NI\u00d1A Y EL NI\u00d1O"},"content":{"rendered":"<p>[fusion_builder_container hundred_percent=&#8221;no&#8221; equal_height_columns=&#8221;no&#8221; menu_anchor=&#8221;&#8221; hide_on_mobile=&#8221;small-visibility,medium-visibility,large-visibility&#8221; class=&#8221;&#8221; id=&#8221;&#8221; background_color=&#8221;&#8221; background_image=&#8221;&#8221; background_position=&#8221;center center&#8221; background_repeat=&#8221;no-repeat&#8221; fade=&#8221;no&#8221; background_parallax=&#8221;none&#8221; parallax_speed=&#8221;0.3&#8243; video_mp4=&#8221;&#8221; video_webm=&#8221;&#8221; video_ogv=&#8221;&#8221; video_url=&#8221;&#8221; video_aspect_ratio=&#8221;16:9&#8243; video_loop=&#8221;yes&#8221; video_mute=&#8221;yes&#8221; overlay_color=&#8221;&#8221; video_preview_image=&#8221;&#8221; border_size=&#8221;&#8221; border_color=&#8221;&#8221; border_style=&#8221;solid&#8221; padding_top=&#8221;&#8221; padding_bottom=&#8221;&#8221; padding_left=&#8221;&#8221; padding_right=&#8221;&#8221;][fusion_builder_row][fusion_builder_column type=&#8221;1_1&#8243; layout=&#8221;1_1&#8243; background_position=&#8221;left top&#8221; background_color=&#8221;&#8221; border_size=&#8221;&#8221; border_color=&#8221;&#8221; border_style=&#8221;solid&#8221; border_position=&#8221;all&#8221; spacing=&#8221;yes&#8221; background_image=&#8221;&#8221; background_repeat=&#8221;no-repeat&#8221; padding_top=&#8221;&#8221; padding_right=&#8221;&#8221; padding_bottom=&#8221;&#8221; padding_left=&#8221;&#8221; margin_top=&#8221;0px&#8221; margin_bottom=&#8221;0px&#8221; class=&#8221;&#8221; id=&#8221;&#8221; animation_type=&#8221;&#8221; animation_speed=&#8221;0.3&#8243; animation_direction=&#8221;left&#8221; hide_on_mobile=&#8221;small-visibility,medium-visibility,large-visibility&#8221; center_content=&#8221;no&#8221; last=&#8221;no&#8221; min_height=&#8221;&#8221; hover_type=&#8221;none&#8221; link=&#8221;&#8221;][fusion_text]<\/p>\n<p>REDACCI\u00d3N<\/p>\n<ul>\n<li>El Museo de la Ciudad de M\u00e9xico, adem\u00e1s de la visita guiada \u201cLa Condesa en su Palacio\u201d, con motivo del D\u00eda del Ni\u00f1o y la Ni\u00f1a cerrar\u00e1 esta edici\u00f3n de la Noche de Museos con una muestra de artes circenses<\/li>\n<li>La Casa Refugio Citlalt\u00e9petl, recinto enfocado en promover una cultura de paz y una reflexi\u00f3n sobre los derechos humanos y culturales, har\u00e1 su debut en la Noche de Museos con la puesta en escena del cl\u00e1sico de Federico Garc\u00eda Lorca \u201cBodas de Sangre\u201d<\/li>\n<li>El Antiguo Colegio de San Ildefonso con \u201cVlady. Revoluci\u00f3n y Disidencia\u201d se une al Museo Nacional de las Culturas del Mundo y a la Sinagoga Hist\u00f3rica Justo Sierra para acercar al p\u00fablico al arte jud\u00edo en nuestro pa\u00eds<\/li>\n<\/ul>\n<p>La\u00a0<strong>Noche de Museos<\/strong>, iniciativa en la que intervienen las\u00a0<strong>Secretar\u00edas de Cultura federal y de la Ciudad de M\u00e9xico\u00a0<\/strong>que se lleva a cabo el \u00faltimo mi\u00e9rcoles de cada mes y en el que participan casi 60 museos de toda la capital, tendr\u00e1 una edici\u00f3n especial el pr\u00f3ximo mi\u00e9rcoles 26 de abril en la que se realizar\u00e1n actividades en diversos recintos para festejar el\u00a0<strong>D\u00eda de la Ni\u00f1a y el Ni\u00f1o<\/strong>, donde habr\u00e1 actos de circo, recorridos guiados, conciertos, cuentacuentos, juegos y muchas sorpresas.<br aria-hidden=\"true\" \/>\u00a0<br aria-hidden=\"true\" \/>El\u00a0<strong>Museo de la Ciudad de M\u00e9xico<\/strong>, ubicado en Pino Su\u00e1rez 30 del Centro Hist\u00f3rico, tendr\u00e1 la visita teatralizada &#8216;La Condesa en su palacio&#8217;, la visita guiada a la exposici\u00f3n &#8216;Memorias Fragmentadas&#8217; y con motivo del D\u00eda de la Ni\u00f1a y el Ni\u00f1o cerrar\u00e1 esta edici\u00f3n con un acto de artes circenses.<br aria-hidden=\"true\" \/>\u00a0<br aria-hidden=\"true\" \/>En el\u00a0<strong>Museo Nacional de Historia Castillo de Chapultepec<\/strong>\u00a0se realizar\u00e1, como es costumbre, un recorrido diario por los exteriores del recinto, y para festejar el D\u00eda de la Ni\u00f1a y el Ni\u00f1o se ofrecer\u00e1 el concierto \u201cC\u00f3mo aprendi\u00f3 Nanita a hacer flan\u201d, un espect\u00e1culo de \u00f3pera para ni\u00f1os que tendr\u00e1 lugar en el Patio de Eventos a las 19:00 horas.<br aria-hidden=\"true\" \/>\u00a0<br aria-hidden=\"true\" \/>En el\u00a0<strong>Palacio de Bellas Artes<\/strong>\u00a0tendr\u00e1 juegos tradicionales como rompecabezas y Loter\u00eda; mientras que el\u00a0<strong>Palacio de Miner\u00eda lanz\u00f3 la iniciativa \u201cPara jugar como peques\u201d,<\/strong>\u00a0con la que los ni\u00f1os y ni\u00f1as podr\u00e1n divertirse y al mismo tiempo aprender por medio de din\u00e1micas y juegos tradicionales.<br aria-hidden=\"true\" \/>\u00a0<br aria-hidden=\"true\" \/>Por su parte, el\u00a0<strong>Centro Cultural del M\u00e9xico Contempor\u00e1neo, la Casa del Poeta y Ex Convento de Culhuac\u00e1n<\/strong>\u00a0tendr\u00e1s cuentacuentos para los m\u00e1s peque\u00f1os del hogar, que adem\u00e1s har\u00e1n a los padres a remontarse a su infancia.<br aria-hidden=\"true\" \/>\u00a0<br aria-hidden=\"true\" \/>Entre las actividades distintas a la conmemoraci\u00f3n del D\u00eda del Ni\u00f1o y la Ni\u00f1a,\u00a0<strong>Casa Refugio Citlalt\u00e9petl,<\/strong>\u00a0ubicada en Citlalt\u00e9petl 25 de la colonia Hip\u00f3dromo Condesa, har\u00e1 su debut en la Noche de Museos de abril con la puesta en escena del cl\u00e1sico de Federico Garc\u00eda Lorca \u201cBodas de Sangre\u201d, a cargo de la Compa\u00f1\u00eda Migrante, que se presentar\u00e1 de manera gratuita a las 19:00 horas.<br aria-hidden=\"true\" \/>\u00a0<br aria-hidden=\"true\" \/>Este espacio naci\u00f3 en 1999 con la encomienda principal el hospedar a escritores amenazados o perseguidos en sus pa\u00edses de origen. Su fin es promover una cultura de paz y una reflexi\u00f3n sobre los derechos humanos y culturales, cuenta con dos bibliotecas, un patio abierto y lugares propicios para realizar talleres y otros eventos.<br aria-hidden=\"true\" \/>\u00a0<br aria-hidden=\"true\" \/>En la actualidad sus actividades giran alrededor de los derechos humanos, las migraciones y la libertad de expresi\u00f3n en transversalidad con la cultura.<br aria-hidden=\"true\" \/>\u00a0<br aria-hidden=\"true\" \/>A trav\u00e9s de diversas actividades como conferencias, seminarios, conversatorios, presentaciones de libros, lecturas, talleres, puestas en escena, ciclos de cine, exposiciones y recitales, busca contribuir para sanar, recordar y reflexionar en torno a las urgencias de este pa\u00eds u otros.<br aria-hidden=\"true\" \/>\u00a0<br aria-hidden=\"true\" \/>Tambi\u00e9n har\u00e1 su debut el\u00a0<strong>Museo Casa de la Bola<\/strong>, que en el siglo XVIII fue una finca productora de aceite de oliva y pulque, comprada en 1942 por Antonio Haghenbeck, quien la transform\u00f3 en su hogar y la decor\u00f3 al gusto de las familias aristocr\u00e1ticas del M\u00e9xico decimon\u00f3nico.<br aria-hidden=\"true\" \/>\u00a0<br aria-hidden=\"true\" \/>Adem\u00e1s de la colecci\u00f3n art\u00edstica, el museo cuenta con un extraordinario jard\u00edn rom\u00e1ntico a la inglesa, que envuelve, a quienes lo recorren, en una atm\u00f3sfera de tranquilidad y relajaci\u00f3n.<br aria-hidden=\"true\" \/>\u00a0<br aria-hidden=\"true\" \/>Para incorporarse a la Noche de Museos dar\u00e1 el concierto \u201cNoche de Pel\u00edculas\u201d por parte de la Orquesta Cadi Community a las 19:30 horas en Parque Lira 136 de la alcald\u00eda Miguel Hidalgo.<br aria-hidden=\"true\" \/>\u00a0<br aria-hidden=\"true\" \/>Entre otras actividades destacadas se encuentra la visita guiada por la exposici\u00f3n del artista Librado Garc\u00eda y talleres de fotograf\u00eda que se llevar\u00e1n a cabo en el\u00a0<strong>Museo del Estanquillo.<\/strong><br aria-hidden=\"true\" \/>\u00a0<br aria-hidden=\"true\" \/>En el\u00a0<strong>Museo Nacional de la Revoluci\u00f3n<\/strong>\u00a0se llevar\u00e1 a cabo el taller \u201cCad\u00e1ver Exquisto\u201d impartido por Virginia Mares, as\u00ed como una conferencia sobre la vida y obra de Benita Galeana, una activista mexicana de que actualmente se ofrece la exposici\u00f3n \u201c\u00a1Que hable la de las trenzas! en la media luna de este recinto.<br aria-hidden=\"true\" \/>\u00a0<br aria-hidden=\"true\" \/>La\u00a0<strong>Casa Universitaria del Libro de la Universidad Nacional Aut\u00f3noma de M\u00e9xico<\/strong>\u00a0recibir\u00e1 a las 18:00 horas al escritor Xavier Velasco, quien conversar\u00e1 sobre los 20 a\u00f1os de su obra cumbre \u201cDiablo Guardi\u00e1n\u201d.<br aria-hidden=\"true\" \/>\u00a0<br aria-hidden=\"true\" \/>El\u00a0<strong>Museo de Arte Popular<\/strong>\u00a0tendr\u00e1 la visita guiada \u201cEntre danzas y fandangos\u201d, en las que los asistentes podr\u00e1n conocer m\u00e1s sobre la danza de los venados la realizan los yaquis y mayos en Sinaloa y Sonora.<br aria-hidden=\"true\" \/>\u00a0<br aria-hidden=\"true\" \/>En esta ocasi\u00f3n tres recintos se unen para que el p\u00fablico se acerque m\u00e1s al arte jud\u00edo por medio de actividades en el\u00a0<strong>Museo Nacional de las Culturas del Mundo, el Antiguo Colegio de San Ildefonso y la Sinagoga Hist\u00f3rica Justo Sierra<\/strong>.<br aria-hidden=\"true\" \/>\u00a0<br aria-hidden=\"true\" \/>En el\u00a0<strong>Museo Nacional de las Culturas del Mundo<\/strong>\u00a0se realizar\u00e1n visitas guiadas en la exposici\u00f3n \u201cNo complaciente: Boris Laurie en M\u00e9xico\u201d, mientras que en San Ildefonso ser\u00e1 con \u201cVlady. Revoluci\u00f3n y Disidencia\u201d, ambas muestras de artistas de origen jud\u00edo.<br aria-hidden=\"true\" \/>\u00a0<br aria-hidden=\"true\" \/>Por su parte en la Sinagoga Hist\u00f3rica Justo Sierra se dar\u00e1 la visita en la exposici\u00f3n \u201cLos jud\u00edos europeos que se establecieron en M\u00e9xico en el contexto de la II Guerra Mundial\u201d.<br aria-hidden=\"true\" \/>\u00a0<br aria-hidden=\"true\" \/>Para conocer todas las actividades de la edici\u00f3n de abril de la\u00a0<strong>Noche de Museos<\/strong>\u00a0sigue sus redes sociales (<a href=\"https:\/\/gob.us21.list-manage.com\/track\/click?u=24ab1d8cf82850533a5af327c&amp;id=f3122f923c&amp;e=4fe2704bc3\" target=\"_blank\" rel=\"noopener noreferrer\" data-auth=\"NotApplicable\" data-linkindex=\"0\">https:\/\/twitter.com\/nochedemuseos<\/a>) y para estar al tanto de todas las actividades de la\u00a0<strong>Secretar\u00eda de Cultura capitalina<\/strong>\u00a0se puede consultar la\u00a0<strong>Cartelera de la Ciudad de M\u00e9xico<\/strong>\u00a0(<a href=\"https:\/\/gob.us21.list-manage.com\/track\/click?u=24ab1d8cf82850533a5af327c&amp;id=030a981011&amp;e=4fe2704bc3\" target=\"_blank\" rel=\"noopener noreferrer\" data-auth=\"NotApplicable\" data-linkindex=\"1\">https:\/\/cartelera.cdmx.gob.mx\/<\/a>)\u00a0 y las redes sociales de la Secretar\u00eda de Cultura: Facebook, Twitter, Instagram y YouTube.<\/p>\n<div dir=\"auto\"><a class=\"x1i10hfl xjbqb8w x6umtig x1b1mbwd xaqea5y xav7gou x9f619 x1ypdohk xt0psk2 xe8uvvx xdj266r x11i5rnm xat24cr x1mh8g0r xexx8yu x4uap5 x18d9i69 xkhd6sd x16tdsg8 x1hl2dhg xggy1nq x1a2a7pz xt0b8zv x1qq9wsj xo1l8bm\" tabindex=\"0\" role=\"link\" href=\"https:\/\/www.facebook.com\/hashtag\/nochedemuseos?__eep__=6&amp;__cft__[0]=AZUNEtQvS9rBghDhiklDF2AHjZiN1muyn9nb3Olneo7HZdWYDcYNi94_hjDZ-ZMQ_6hPnOppdxLwCNoOc9w4lRprvrygHxl9BKD9MgAUydBPKtA7nD8XUnTY6FPzpIZpxns&amp;__tn__=*NK-R\">#NocheDeMuseos<\/a><\/div>\n<div dir=\"auto\"><a class=\"x1i10hfl xjbqb8w x6umtig x1b1mbwd xaqea5y xav7gou x9f619 x1ypdohk xt0psk2 xe8uvvx xdj266r x11i5rnm xat24cr x1mh8g0r xexx8yu x4uap5 x18d9i69 xkhd6sd x16tdsg8 x1hl2dhg xggy1nq x1a2a7pz xt0b8zv x1qq9wsj xo1l8bm\" tabindex=\"0\" role=\"link\" href=\"https:\/\/www.facebook.com\/hashtag\/secretariadeculturacdmx?__eep__=6&amp;__cft__[0]=AZUNEtQvS9rBghDhiklDF2AHjZiN1muyn9nb3Olneo7HZdWYDcYNi94_hjDZ-ZMQ_6hPnOppdxLwCNoOc9w4lRprvrygHxl9BKD9MgAUydBPKtA7nD8XUnTY6FPzpIZpxns&amp;__tn__=*NK-R\">#secretariadeculturacdmx<\/a><\/div>\n<div dir=\"auto\"><a class=\"x1i10hfl xjbqb8w x6umtig x1b1mbwd xaqea5y xav7gou x9f619 x1ypdohk xt0psk2 xe8uvvx xdj266r x11i5rnm xat24cr x1mh8g0r xexx8yu x4uap5 x18d9i69 xkhd6sd x16tdsg8 x1hl2dhg xggy1nq x1a2a7pz xt0b8zv x1qq9wsj xo1l8bm\" tabindex=\"0\" role=\"link\" href=\"https:\/\/www.facebook.com\/hashtag\/bitacoracdmx?__eep__=6&amp;__cft__[0]=AZUNEtQvS9rBghDhiklDF2AHjZiN1muyn9nb3Olneo7HZdWYDcYNi94_hjDZ-ZMQ_6hPnOppdxLwCNoOc9w4lRprvrygHxl9BKD9MgAUydBPKtA7nD8XUnTY6FPzpIZpxns&amp;__tn__=*NK-R\">#bitacoracdmx<\/a><\/div>\n<p>[\/fusion_text][fusion_imageframe image_id=&#8221;50870|medium&#8221; max_width=&#8221;&#8221; style_type=&#8221;&#8221; blur=&#8221;&#8221; stylecolor=&#8221;&#8221; hover_type=&#8221;none&#8221; bordersize=&#8221;&#8221; bordercolor=&#8221;&#8221; borderradius=&#8221;&#8221; align=&#8221;none&#8221; lightbox=&#8221;no&#8221; gallery_id=&#8221;&#8221; lightbox_image=&#8221;&#8221; lightbox_image_id=&#8221;&#8221; alt=&#8221;&#8221; link=&#8221;&#8221; linktarget=&#8221;_self&#8221; hide_on_mobile=&#8221;small-visibility,medium-visibility,large-visibility&#8221; class=&#8221;&#8221; id=&#8221;&#8221; animation_type=&#8221;&#8221; animation_direction=&#8221;left&#8221; animation_speed=&#8221;0.3&#8243; animation_offset=&#8221;&#8221;]https:\/\/www.bitacoracdmx.com\/wp-content\/uploads\/2023\/04\/1410a9e3-d913-c305-cbc5-3ddc4692bd8b-250&#215;300.jpg[\/fusion_imageframe][\/fusion_builder_column][\/fusion_builder_row][\/fusion_builder_container]<\/p>\n","protected":false},"excerpt":{"rendered":"<p>[fusion_builder_container hundred_percent=&#8221;no&#8221; equal_height_columns=&#8221;no&#8221; menu_anchor=&#8221;&#8221; hide_on_mobile=&#8221;small-visibility,medium-visibility,large-visibility&#8221; class=&#8221;&#8221; id=&#8221;&#8221; background_color=&#8221;&#8221; background_image=&#8221;&#8221; background_position=&#8221;center center&#8221; background_repeat=&#8221;no-repeat&#8221; fade=&#8221;no&#8221; background_parallax=&#8221;none&#8221; parallax_speed=&#8221;0.3&#8243; video_mp4=&#8221;&#8221; video_webm=&#8221;&#8221; video_ogv=&#8221;&#8221; video_url=&#8221;&#8221; video_aspect_ratio=&#8221;16:9&#8243; video_loop=&#8221;yes&#8221; video_mute=&#8221;yes&#8221; overlay_color=&#8221;&#8221; video_preview_image=&#8221;&#8221; border_size=&#8221;&#8221; border_color=&#8221;&#8221; border_style=&#8221;solid&#8221; padding_top=&#8221;&#8221; padding_bottom=&#8221;&#8221; padding_left=&#8221;&#8221; padding_right=&#8221;&#8221;][fusion_builder_row][fusion_builder_column type=&#8221;1_1&#8243; layout=&#8221;1_1&#8243; background_position=&#8221;left top&#8221; background_color=&#8221;&#8221; border_size=&#8221;&#8221; border_color=&#8221;&#8221; border_style=&#8221;solid&#8221; border_position=&#8221;all&#8221; spacing=&#8221;yes&#8221; background_image=&#8221;&#8221; background_repeat=&#8221;no-repeat&#8221; padding_top=&#8221;&#8221; padding_right=&#8221;&#8221; padding_bottom=&#8221;&#8221; padding_left=&#8221;&#8221; margin_top=&#8221;0px&#8221; margin_bottom=&#8221;0px&#8221; class=&#8221;&#8221; id=&#8221;&#8221; animation_type=&#8221;&#8221; animation_speed=&#8221;0.3&#8243; animation_direction=&#8221;left&#8221; hide_on_mobile=&#8221;small-visibility,medium-visibility,large-visibility&#8221; center_content=&#8221;no&#8221; last=&#8221;no&#8221; min_height=&#8221;&#8221; hover_type=&#8221;none&#8221; link=&#8221;&#8221;][fusion_text] REDACCI\u00d3N El Museo de la Ciudad de M\u00e9xico, adem\u00e1s de la visita guiada \u201cLa Condesa en su Palacio\u201d, con motivo del D\u00eda del Ni\u00f1o y la Ni\u00f1a cerrar\u00e1 esta edici\u00f3n de la Noche de Museos con una muestra de artes [&hellip;]<\/p>\n","protected":false},"author":1,"featured_media":50870,"comment_status":"open","ping_status":"open","sticky":false,"template":"","format":"standard","meta":{"footnotes":""},"categories":[9,27],"tags":[],"_links":{"self":[{"href":"https:\/\/www.bitacoracdmx.com\/index.php?rest_route=\/wp\/v2\/posts\/50869"}],"collection":[{"href":"https:\/\/www.bitacoracdmx.com\/index.php?rest_route=\/wp\/v2\/posts"}],"about":[{"href":"https:\/\/www.bitacoracdmx.com\/index.php?rest_route=\/wp\/v2\/types\/post"}],"author":[{"embeddable":true,"href":"https:\/\/www.bitacoracdmx.com\/index.php?rest_route=\/wp\/v2\/users\/1"}],"replies":[{"embeddable":true,"href":"https:\/\/www.bitacoracdmx.com\/index.php?rest_route=%2Fwp%2Fv2%2Fcomments&post=50869"}],"version-history":[{"count":1,"href":"https:\/\/www.bitacoracdmx.com\/index.php?rest_route=\/wp\/v2\/posts\/50869\/revisions"}],"predecessor-version":[{"id":50871,"href":"https:\/\/www.bitacoracdmx.com\/index.php?rest_route=\/wp\/v2\/posts\/50869\/revisions\/50871"}],"wp:featuredmedia":[{"embeddable":true,"href":"https:\/\/www.bitacoracdmx.com\/index.php?rest_route=\/wp\/v2\/media\/50870"}],"wp:attachment":[{"href":"https:\/\/www.bitacoracdmx.com\/index.php?rest_route=%2Fwp%2Fv2%2Fmedia&parent=50869"}],"wp:term":[{"taxonomy":"category","embeddable":true,"href":"https:\/\/www.bitacoracdmx.com\/index.php?rest_route=%2Fwp%2Fv2%2Fcategories&post=50869"},{"taxonomy":"post_tag","embeddable":true,"href":"https:\/\/www.bitacoracdmx.com\/index.php?rest_route=%2Fwp%2Fv2%2Ftags&post=50869"}],"curies":[{"name":"wp","href":"https:\/\/api.w.org\/{rel}","templated":true}]}}