{"id":50872,"date":"2023-04-25T23:16:21","date_gmt":"2023-04-25T23:16:21","guid":{"rendered":"https:\/\/www.bitacoracdmx.com\/?p=50872"},"modified":"2023-04-25T23:16:21","modified_gmt":"2023-04-25T23:16:21","slug":"procinecdmx-presenta-resultados-de-tres-convocatorias-de-cortometraje","status":"publish","type":"post","link":"https:\/\/www.bitacoracdmx.com\/?p=50872","title":{"rendered":"PROCINECDMX presenta resultados de TRES CONVOCATORIAS DE CORTOMETRAJE"},"content":{"rendered":"<p>[fusion_builder_container hundred_percent=&#8221;no&#8221; equal_height_columns=&#8221;no&#8221; menu_anchor=&#8221;&#8221; hide_on_mobile=&#8221;small-visibility,medium-visibility,large-visibility&#8221; class=&#8221;&#8221; id=&#8221;&#8221; background_color=&#8221;&#8221; background_image=&#8221;&#8221; background_position=&#8221;center center&#8221; background_repeat=&#8221;no-repeat&#8221; fade=&#8221;no&#8221; background_parallax=&#8221;none&#8221; parallax_speed=&#8221;0.3&#8243; video_mp4=&#8221;&#8221; video_webm=&#8221;&#8221; video_ogv=&#8221;&#8221; video_url=&#8221;&#8221; video_aspect_ratio=&#8221;16:9&#8243; video_loop=&#8221;yes&#8221; video_mute=&#8221;yes&#8221; overlay_color=&#8221;&#8221; video_preview_image=&#8221;&#8221; border_size=&#8221;&#8221; border_color=&#8221;&#8221; border_style=&#8221;solid&#8221; padding_top=&#8221;&#8221; padding_bottom=&#8221;&#8221; padding_left=&#8221;&#8221; padding_right=&#8221;&#8221;][fusion_builder_row][fusion_builder_column type=&#8221;1_1&#8243; layout=&#8221;1_1&#8243; background_position=&#8221;left top&#8221; background_color=&#8221;&#8221; border_size=&#8221;&#8221; border_color=&#8221;&#8221; border_style=&#8221;solid&#8221; border_position=&#8221;all&#8221; spacing=&#8221;yes&#8221; background_image=&#8221;&#8221; background_repeat=&#8221;no-repeat&#8221; padding_top=&#8221;&#8221; padding_right=&#8221;&#8221; padding_bottom=&#8221;&#8221; padding_left=&#8221;&#8221; margin_top=&#8221;0px&#8221; margin_bottom=&#8221;0px&#8221; class=&#8221;&#8221; id=&#8221;&#8221; animation_type=&#8221;&#8221; animation_speed=&#8221;0.3&#8243; animation_direction=&#8221;left&#8221; hide_on_mobile=&#8221;small-visibility,medium-visibility,large-visibility&#8221; center_content=&#8221;no&#8221; last=&#8221;no&#8221; min_height=&#8221;&#8221; hover_type=&#8221;none&#8221; link=&#8221;&#8221;][fusion_text]<\/p>\n<p>REDACCI\u00d3N<\/p>\n<ul>\n<li>El p\u00fablico disfrut\u00f3 de nueve cortometrajes producto de los apoyos para la producci\u00f3n y realizaci\u00f3n de cortometrajes con las tem\u00e1ticas violencia de g\u00e9nero, derechos educativos y culturales de ni\u00f1as, ni\u00f1os y adolescentes durante la pandemia y tema libre.<\/li>\n<li>Se proyectaron en la Sala 4 las producciones\u00a0<em>Refugio, El color de la habitaci\u00f3n, A la distancia nos vemos, Zoom, Carnaza, M\u00e9tele clutch, Corre sonido, Alicia\u00a0<\/em>y<em>\u00a0Una buena persona.<\/em><\/li>\n<\/ul>\n<p>Con el prop\u00f3sito de desplegar el potencial cinematogr\u00e1fico de la Ciudad de M\u00e9xico, adem\u00e1s de enriquecer su producci\u00f3n con acervo de cortometrajes y obras audiovisuales de calidad, la\u00a0<strong>Secretar\u00eda de Cultura de la Ciudad de M\u00e9xico,<\/strong>\u00a0a trav\u00e9s del\u00a0<strong>Fideicomiso para la Promoci\u00f3n y Desarrollo del Cine Mexicano en la Ciudad de M\u00e9xico (PROCINECDMX)<\/strong>, present\u00f3 este lunes 24 de abril, en la\u00a0<strong>Cineteca Nacional,\u00a0<\/strong>nueve cortometrajes producto de tres de las nueve convocatorias lanzadas en el 2022.<br aria-hidden=\"true\" \/>\u00a0<br aria-hidden=\"true\" \/>El estreno, realizado en la Sala 4 del recinto cinematogr\u00e1fico, cont\u00f3 con la participaci\u00f3n de Cristi\u00e1n Cal\u00f3nico, director general de PROCINECDMX, as\u00ed como de cineastas y el p\u00fablico en general, quienes a trav\u00e9s de dos funciones establecieron un di\u00e1logo con los y las realizadoras de cada cortometraje, cuyo monto otorgado fue de hasta 200 mil pesos por proyecto.<br aria-hidden=\"true\" \/>\u00a0<br aria-hidden=\"true\" \/>&#8220;Tradicionalmente hacemos esta exhibici\u00f3n aqu\u00ed en la Cineteca Nacional como una forma de mostrar el trabajo y tener una exhibici\u00f3n en una sala de cine real porque lo que est\u00e1n haciendo es cine, aunque el cortometraje sea el g\u00e9nero menos visto en este pa\u00eds&#8221;, expres\u00f3 Cal\u00f3nico momentos antes de la funci\u00f3n que cont\u00f3 con una sala llena.<br aria-hidden=\"true\" \/>\u00a0<br aria-hidden=\"true\" \/>El funcionario capitalino agreg\u00f3 que el resultado visto, que marc\u00f3 el inicio de la gira de estos materiales en festivales, es el esfuerzo y ciclo final del apoyo de tres convocatorias del 2022: la primera dedicada a los infantes y sus derechos durante la pandemia, la segunda enfocada a la violencia de g\u00e9nero en el medio audiovisual y la tercera con tem\u00e1tica abierta.<br aria-hidden=\"true\" \/>\u00a0<br aria-hidden=\"true\" \/>Como resultado de la convocatoria de\u00a0<strong>\u201cApoyo para la producci\u00f3n y realizaci\u00f3n de cortometrajes, con la tem\u00e1tica &#8220;Los derechos educativos y culturales de ni\u00f1as, ni\u00f1os y adolescentes durante la pandemia\u201d,\u00a0<\/strong>se pudieron disfrutar\u00a0<em>A la distancia nos vemos<\/em>, de Jocelyn L\u00f3pez C\u00e1rdenas, y\u00a0<em>Zoom<\/em>, de Maribel Taboas Rodr\u00edguez, que abordaron el confinamiento y c\u00f3mo este ha provocado que sus vidas giren en torno a la virtualidad, adem\u00e1s del alejamiento del contacto humano, as\u00ed como las nuevas modalidades de ense\u00f1anza que se implementaron derivadas del COVID-19.<br aria-hidden=\"true\" \/>\u00a0<br aria-hidden=\"true\" \/>Dicha convocatoria tiene el objeto de destacar la importancia de reconocer a los menores de edad como sujetos que tienen derecho a una educaci\u00f3n de calidad que garantice el respeto a su dignidad humana y el desarrollo arm\u00f3nico de sus potencialidades y personalidad, as\u00ed como a ejercer libremente su cultura, lengua, usos, costumbres, pr\u00e1cticas culturales, religi\u00f3n, recursos y formas espec\u00edficas de organizaci\u00f3n social y todos los elementos que constituyen su identidad cultural, tal como lo establece la Ley de los Derechos de ni\u00f1as, ni\u00f1os y adolescentes de la Ciudad de M\u00e9xico, \u00faltima reforma publicada en la Gaceta Oficial de la Ciudad de M\u00e9xico, el 9 de junio de 2021.<br aria-hidden=\"true\" \/>\u00a0<br aria-hidden=\"true\" \/>De igual manera, la convocatoria de &#8220;Perspectiva de g\u00e9nero&#8221; enfocada a la violencia en la comunidad audiovisual, present\u00f3 los cortos\u00a0<em>Corre sonido<\/em>, de Mercedes San Rom\u00e1n y\u00a0<em>Una buena persona<\/em>, de Minerva Elisa Rivera Bola\u00f1os, que tratan en formato documental y ficci\u00f3n las problem\u00e1ticas y abusos relacionados con la violencia de g\u00e9nero en la comunidad audiovisual, uno de los ejes primordiales que ha trabajado el Fideicomiso durante su administraci\u00f3n.<br aria-hidden=\"true\" \/><br aria-hidden=\"true\" \/>En materia de g\u00e9nero, se retrata en estos dos cortos la versi\u00f3n de un director acusado de violaci\u00f3n a una mujer de su equipo, en donde busca probar su inocencia; y el problema que enfrenta una sonidista al descubrir a un abusador sexual y las experiencias de abuso en el set que enfrentan mujeres en el \u00e1mbito laboral.<br aria-hidden=\"true\" \/><br aria-hidden=\"true\" \/>De la convocatoria con mayor n\u00famero de participaci\u00f3n \u201c<strong>Tema libre&#8221;<\/strong>, con 64 proyectos inscritos y una selecci\u00f3n de cinco apoyos susceptibles, los temas que se abordaron est\u00e1n relacionados con la migraci\u00f3n, asilo y refugio de migrantes haitianos, as\u00ed como el autismo y los problemas ambientales y amenazas que enfrenta la zona chinampera de Xochimilco, adem\u00e1s de la visibilizaci\u00f3n del abuso sexual infantil en M\u00e9xico y las consecuencias y afectaciones por la ausencia de la figura paterna.<br aria-hidden=\"true\" \/><br aria-hidden=\"true\" \/>Los proyectos de tem\u00e1tica libre presentados fueron\u00a0<em>Refugio<\/em>, de Claudia Ru\u00edz Capdevielle; El<em>\u00a0color de la habitaci\u00f3n<\/em>, dirigido por Iv\u00e1n L\u00f6wenberg;\u00a0<em>Carnaza<\/em>, a cargo de H\u00e9ctor Laurel Guerra;\u00a0<em>M\u00e9tele clutch<\/em>, de Kevin Alejandro Gonz\u00e1les Barriga y\u00a0<em>Alicia<\/em>, de Tania Claudia Castillo Castillo.<br aria-hidden=\"true\" \/><br aria-hidden=\"true\" \/>El Fideicomiso para la Promoci\u00f3n y Desarrollo del Cine Mexicano en la Ciudad de M\u00e9xico, PROCINECDMX, adscrito a la Secretar\u00eda de Cultura capitalina, es un \u00f3rgano desconcentrado creado por decreto en la Ley de Fomento al Cine Mexicano de la Ciudad de M\u00e9xico, que busca apoyar, fomentar, promocionar y desarrollar permanentemente la industria cultural cinematogr\u00e1fica en la Ciudad de M\u00e9xico; adem\u00e1s de brindar un sistema de apoyos y est\u00edmulos financieros al sector cinematogr\u00e1fico, a cineastas, investigadores y cineclubes.<br aria-hidden=\"true\" \/><br aria-hidden=\"true\" \/>Las actividades de la Secretar\u00eda de Cultura capitalina se pueden conocer en la p\u00e1gina oficial en la Cartelera de la Ciudad de M\u00e9xico (cartelera.cdmx.gob.mx\/), y a trav\u00e9s de sus redes sociales en Facebook, Instagram, Twitter y en su canal de YouTube.<\/p>\n<div dir=\"auto\"><a class=\"x1i10hfl xjbqb8w x6umtig x1b1mbwd xaqea5y xav7gou x9f619 x1ypdohk xt0psk2 xe8uvvx xdj266r x11i5rnm xat24cr x1mh8g0r xexx8yu x4uap5 x18d9i69 xkhd6sd x16tdsg8 x1hl2dhg xggy1nq x1a2a7pz xt0b8zv x1qq9wsj xo1l8bm\" tabindex=\"0\" role=\"link\" href=\"https:\/\/www.facebook.com\/hashtag\/procinecdmx?__eep__=6&amp;__cft__[0]=AZXHrytUHLk6GI7eDIdLoyWCKh6rQzqCEOiJlUEU1k1KssCnqYrXS5iZSgmTpEZKM53aFY4xToNNbRb0RKPGDCYQeMoncYOPhbAf6i3IUU0jwR0Qc-Wvt3wSZ1JJRbJBLVY&amp;__tn__=*NK-R\">#PROCINECDMX<\/a><\/div>\n<div dir=\"auto\"><a class=\"x1i10hfl xjbqb8w x6umtig x1b1mbwd xaqea5y xav7gou x9f619 x1ypdohk xt0psk2 xe8uvvx xdj266r x11i5rnm xat24cr x1mh8g0r xexx8yu x4uap5 x18d9i69 xkhd6sd x16tdsg8 x1hl2dhg xggy1nq x1a2a7pz xt0b8zv x1qq9wsj xo1l8bm\" tabindex=\"0\" role=\"link\" href=\"https:\/\/www.facebook.com\/hashtag\/secretariadeculturacdmx?__eep__=6&amp;__cft__[0]=AZXHrytUHLk6GI7eDIdLoyWCKh6rQzqCEOiJlUEU1k1KssCnqYrXS5iZSgmTpEZKM53aFY4xToNNbRb0RKPGDCYQeMoncYOPhbAf6i3IUU0jwR0Qc-Wvt3wSZ1JJRbJBLVY&amp;__tn__=*NK-R\">#secretariadeculturacdmx<\/a><\/div>\n<div dir=\"auto\"><a class=\"x1i10hfl xjbqb8w x6umtig x1b1mbwd xaqea5y xav7gou x9f619 x1ypdohk xt0psk2 xe8uvvx xdj266r x11i5rnm xat24cr x1mh8g0r xexx8yu x4uap5 x18d9i69 xkhd6sd x16tdsg8 x1hl2dhg xggy1nq x1a2a7pz xt0b8zv x1qq9wsj xo1l8bm\" tabindex=\"0\" role=\"link\" href=\"https:\/\/www.facebook.com\/hashtag\/bitacoracdmx?__eep__=6&amp;__cft__[0]=AZXHrytUHLk6GI7eDIdLoyWCKh6rQzqCEOiJlUEU1k1KssCnqYrXS5iZSgmTpEZKM53aFY4xToNNbRb0RKPGDCYQeMoncYOPhbAf6i3IUU0jwR0Qc-Wvt3wSZ1JJRbJBLVY&amp;__tn__=*NK-R\">#bitacoracdmx<\/a><\/div>\n<p>[\/fusion_text][fusion_imageframe image_id=&#8221;50873|medium&#8221; max_width=&#8221;&#8221; style_type=&#8221;&#8221; blur=&#8221;&#8221; stylecolor=&#8221;&#8221; hover_type=&#8221;none&#8221; bordersize=&#8221;&#8221; bordercolor=&#8221;&#8221; borderradius=&#8221;&#8221; align=&#8221;none&#8221; lightbox=&#8221;no&#8221; gallery_id=&#8221;&#8221; lightbox_image=&#8221;&#8221; lightbox_image_id=&#8221;&#8221; alt=&#8221;&#8221; link=&#8221;&#8221; linktarget=&#8221;_self&#8221; hide_on_mobile=&#8221;small-visibility,medium-visibility,large-visibility&#8221; class=&#8221;&#8221; id=&#8221;&#8221; animation_type=&#8221;&#8221; animation_direction=&#8221;left&#8221; animation_speed=&#8221;0.3&#8243; animation_offset=&#8221;&#8221;]https:\/\/www.bitacoracdmx.com\/wp-content\/uploads\/2023\/04\/1a001076-0cfc-6c26-a59e-8434d103d869-300&#215;200.jpg[\/fusion_imageframe][\/fusion_builder_column][\/fusion_builder_row][\/fusion_builder_container]<\/p>\n","protected":false},"excerpt":{"rendered":"<p>[fusion_builder_container hundred_percent=&#8221;no&#8221; equal_height_columns=&#8221;no&#8221; menu_anchor=&#8221;&#8221; hide_on_mobile=&#8221;small-visibility,medium-visibility,large-visibility&#8221; class=&#8221;&#8221; id=&#8221;&#8221; background_color=&#8221;&#8221; background_image=&#8221;&#8221; background_position=&#8221;center center&#8221; background_repeat=&#8221;no-repeat&#8221; fade=&#8221;no&#8221; background_parallax=&#8221;none&#8221; parallax_speed=&#8221;0.3&#8243; video_mp4=&#8221;&#8221; video_webm=&#8221;&#8221; video_ogv=&#8221;&#8221; video_url=&#8221;&#8221; video_aspect_ratio=&#8221;16:9&#8243; video_loop=&#8221;yes&#8221; video_mute=&#8221;yes&#8221; overlay_color=&#8221;&#8221; video_preview_image=&#8221;&#8221; border_size=&#8221;&#8221; border_color=&#8221;&#8221; border_style=&#8221;solid&#8221; padding_top=&#8221;&#8221; padding_bottom=&#8221;&#8221; padding_left=&#8221;&#8221; padding_right=&#8221;&#8221;][fusion_builder_row][fusion_builder_column type=&#8221;1_1&#8243; layout=&#8221;1_1&#8243; background_position=&#8221;left top&#8221; background_color=&#8221;&#8221; border_size=&#8221;&#8221; border_color=&#8221;&#8221; border_style=&#8221;solid&#8221; border_position=&#8221;all&#8221; spacing=&#8221;yes&#8221; background_image=&#8221;&#8221; background_repeat=&#8221;no-repeat&#8221; padding_top=&#8221;&#8221; padding_right=&#8221;&#8221; padding_bottom=&#8221;&#8221; padding_left=&#8221;&#8221; margin_top=&#8221;0px&#8221; margin_bottom=&#8221;0px&#8221; class=&#8221;&#8221; id=&#8221;&#8221; animation_type=&#8221;&#8221; animation_speed=&#8221;0.3&#8243; animation_direction=&#8221;left&#8221; hide_on_mobile=&#8221;small-visibility,medium-visibility,large-visibility&#8221; center_content=&#8221;no&#8221; last=&#8221;no&#8221; min_height=&#8221;&#8221; hover_type=&#8221;none&#8221; link=&#8221;&#8221;][fusion_text] REDACCI\u00d3N El p\u00fablico disfrut\u00f3 de nueve cortometrajes producto de los apoyos para la producci\u00f3n y realizaci\u00f3n de cortometrajes con las tem\u00e1ticas violencia de g\u00e9nero, derechos educativos y culturales de ni\u00f1as, ni\u00f1os y adolescentes durante la pandemia y tema libre. Se [&hellip;]<\/p>\n","protected":false},"author":1,"featured_media":50873,"comment_status":"open","ping_status":"open","sticky":false,"template":"","format":"standard","meta":{"footnotes":""},"categories":[3,9],"tags":[],"_links":{"self":[{"href":"https:\/\/www.bitacoracdmx.com\/index.php?rest_route=\/wp\/v2\/posts\/50872"}],"collection":[{"href":"https:\/\/www.bitacoracdmx.com\/index.php?rest_route=\/wp\/v2\/posts"}],"about":[{"href":"https:\/\/www.bitacoracdmx.com\/index.php?rest_route=\/wp\/v2\/types\/post"}],"author":[{"embeddable":true,"href":"https:\/\/www.bitacoracdmx.com\/index.php?rest_route=\/wp\/v2\/users\/1"}],"replies":[{"embeddable":true,"href":"https:\/\/www.bitacoracdmx.com\/index.php?rest_route=%2Fwp%2Fv2%2Fcomments&post=50872"}],"version-history":[{"count":1,"href":"https:\/\/www.bitacoracdmx.com\/index.php?rest_route=\/wp\/v2\/posts\/50872\/revisions"}],"predecessor-version":[{"id":50874,"href":"https:\/\/www.bitacoracdmx.com\/index.php?rest_route=\/wp\/v2\/posts\/50872\/revisions\/50874"}],"wp:featuredmedia":[{"embeddable":true,"href":"https:\/\/www.bitacoracdmx.com\/index.php?rest_route=\/wp\/v2\/media\/50873"}],"wp:attachment":[{"href":"https:\/\/www.bitacoracdmx.com\/index.php?rest_route=%2Fwp%2Fv2%2Fmedia&parent=50872"}],"wp:term":[{"taxonomy":"category","embeddable":true,"href":"https:\/\/www.bitacoracdmx.com\/index.php?rest_route=%2Fwp%2Fv2%2Fcategories&post=50872"},{"taxonomy":"post_tag","embeddable":true,"href":"https:\/\/www.bitacoracdmx.com\/index.php?rest_route=%2Fwp%2Fv2%2Ftags&post=50872"}],"curies":[{"name":"wp","href":"https:\/\/api.w.org\/{rel}","templated":true}]}}