{"id":50884,"date":"2023-04-25T23:50:05","date_gmt":"2023-04-25T23:50:05","guid":{"rendered":"https:\/\/www.bitacoracdmx.com\/?p=50884"},"modified":"2023-04-25T23:50:05","modified_gmt":"2023-04-25T23:50:05","slug":"porter-se-presentara-en-el-palacio-de-los-deportes","status":"publish","type":"post","link":"https:\/\/www.bitacoracdmx.com\/?p=50884","title":{"rendered":"Porter se presentar\u00e1 en el Palacio de los Deportes"},"content":{"rendered":"<p>[fusion_builder_container hundred_percent=&#8221;no&#8221; equal_height_columns=&#8221;no&#8221; menu_anchor=&#8221;&#8221; hide_on_mobile=&#8221;small-visibility,medium-visibility,large-visibility&#8221; class=&#8221;&#8221; id=&#8221;&#8221; background_color=&#8221;&#8221; background_image=&#8221;&#8221; background_position=&#8221;center center&#8221; background_repeat=&#8221;no-repeat&#8221; fade=&#8221;no&#8221; background_parallax=&#8221;none&#8221; parallax_speed=&#8221;0.3&#8243; video_mp4=&#8221;&#8221; video_webm=&#8221;&#8221; video_ogv=&#8221;&#8221; video_url=&#8221;&#8221; video_aspect_ratio=&#8221;16:9&#8243; video_loop=&#8221;yes&#8221; video_mute=&#8221;yes&#8221; overlay_color=&#8221;&#8221; video_preview_image=&#8221;&#8221; border_size=&#8221;&#8221; border_color=&#8221;&#8221; border_style=&#8221;solid&#8221; padding_top=&#8221;&#8221; padding_bottom=&#8221;&#8221; padding_left=&#8221;&#8221; padding_right=&#8221;&#8221;][fusion_builder_row][fusion_builder_column type=&#8221;1_1&#8243; layout=&#8221;1_1&#8243; background_position=&#8221;left top&#8221; background_color=&#8221;&#8221; border_size=&#8221;&#8221; border_color=&#8221;&#8221; border_style=&#8221;solid&#8221; border_position=&#8221;all&#8221; spacing=&#8221;yes&#8221; background_image=&#8221;&#8221; background_repeat=&#8221;no-repeat&#8221; padding_top=&#8221;&#8221; padding_right=&#8221;&#8221; padding_bottom=&#8221;&#8221; padding_left=&#8221;&#8221; margin_top=&#8221;0px&#8221; margin_bottom=&#8221;0px&#8221; class=&#8221;&#8221; id=&#8221;&#8221; animation_type=&#8221;&#8221; animation_speed=&#8221;0.3&#8243; animation_direction=&#8221;left&#8221; hide_on_mobile=&#8221;small-visibility,medium-visibility,large-visibility&#8221; center_content=&#8221;no&#8221; last=&#8221;no&#8221; min_height=&#8221;&#8221; hover_type=&#8221;none&#8221; link=&#8221;&#8221;][fusion_text]<\/p>\n<p>REDACCI\u00d3N<\/p>\n<div class=\"pr-story--element-space\">\n<div class=\"pr-story-subheader\">\n<h3 class=\"pr-story--subheader text--wrap pr-font--sans\">S\u00e1bado 23 de septiembre, 2023<\/h3>\n<\/div>\n<\/div>\n<div class=\"pr-story--element-space\">\n<div class=\"pr-story-subheader\">\n<h3 class=\"pr-story--subheader text--wrap pr-font--sans\">Preventa Citibanamex: 26 de abril<\/h3>\n<\/div>\n<\/div>\n<div class=\"pr-story--element-space\">\n<div class=\"pr-story-paragraph\">\n<div class=\"pr-story--text\">Una de las bandas de rock alternativo y experimental m\u00e1s importantes de la escena musical en M\u00e9xico,\u00a0<b>Porter<\/b>, anuncia hoy su siguiente paso tras la presentaci\u00f3n que tuvieron en el Auditorio Nacional de la\u00a0<b>Ciudad de M\u00e9xico\u00a0<\/b>el a\u00f1o pasado. Ser\u00e1 el pr\u00f3ximo\u00a0<b>23 de septiembre\u00a0<\/b>de 2023 que el\u00a0<b>Palacio de los Deportes\u00a0<\/b>reciba a la banda tapat\u00eda.<\/div>\n<div><\/div>\n<\/div>\n<\/div>\n<div class=\"pr-story--element-space\">\n<div class=\"pr-story-paragraph\">\n<div class=\"pr-story--text\">Los<b>\u00a0boletos\u00a0<\/b>estar\u00e1n disponibles en la\u00a0<b>Preventa Citibanamex\u00a0<\/b>el\u00a0<b>mi\u00e9rcoles 26 de abril a las 11 AM\u00a0<\/b>por medio de la\u00a0<b>Red Ticketmaster<\/b>. La Venta General inicia el jueves 27 de abril a las 11 AM hora local.<\/div>\n<div><\/div>\n<\/div>\n<\/div>\n<div class=\"pr-story--element-space\">\n<div class=\"pr-story-paragraph\">\n<div class=\"pr-story--text\"><b>Porter\u00a0<\/b>lleva casi 20 a\u00f1os siendo uno de los principales referentes del rock alternativo en M\u00e9xico. Su trayectoria ha sido cimentada desde el 2004 con himnos como \u201cEspiral\u201d y \u201cDaphne\u201d, del disco\u00a0<b><i>Donde los Ponys Pastan<\/i><\/b>; adem\u00e1s de \u201cHost of a Ghost\u201d y \u201cVaquero Gal\u00e1ctico\u201d, del \u00e1lbum de 2007,\u00a0<b><i>Atemahawke<\/i><\/b>.<\/div>\n<div><\/div>\n<\/div>\n<\/div>\n<div class=\"pr-story--element-space\">\n<div class=\"pr-story-paragraph\">\n<div class=\"pr-story--text\">Con\u00a0<i>Moctezuma<\/i>,\u00a0<b>Porter\u00a0<\/b>marc\u00f3 su regreso con \u00e9xitos como \u201cLa China\u201d y \u201cHuitzil\u201d, con este \u00faltimo lograron la nominaci\u00f3n a los GRAMMY\u00ae Latinos por\u00a0<i>Mejor Video Musical<\/i>, adem\u00e1s de\u00a0<i>Mejor \u00c1lbum de M\u00fasica Alternativa<\/i>.\u00a0<b><i>Las Batallas<\/i><\/b><i>\u00a0<\/i>(2019) lleg\u00f3 antes de la pandemia a instaurar nuevos temas favoritos de las listas de\u00a0<i>streaming<\/i>, como \u201cP\u00e1jaros\u201d e \u201cHimno Eterno\u201d.<\/div>\n<div><\/div>\n<\/div>\n<\/div>\n<div class=\"pr-story--element-space\">\n<div class=\"pr-story-paragraph\">\n<div class=\"pr-story--text\"><b>El <i>track\u00a0<\/i>\u201cCachito de Galaxia\u201d, del \u00e1lbum\u00a0<i>La Historia Sin Fin<\/i>\u00a0fue la primera colaboraci\u00f3n que ha tenido la banda en todos los a\u00f1os que llevan de carrera.<\/b><\/div>\n<div><\/div>\n<\/div>\n<\/div>\n<div class=\"pr-story--element-space\">\n<div class=\"pr-story-paragraph\">\n<div class=\"pr-story--text\"><b><i>La Historia Sin Fin\u00a0<\/i><\/b>se lanz\u00f3 en febrero de 2022, para marcar una nueva era en la historia de la banda. Este \u00e1lbum es un viaje profundo al presente y un homenaje a la nostalgia, con canciones como \u201cCachito de Galaxia\u201d con Ana Torroja y \u201cRanchito\u201d.<\/div>\n<div><\/div>\n<\/div>\n<\/div>\n<div class=\"pr-story--element-space\">\n<div class=\"pr-story-paragraph\">\n<div class=\"pr-story--text\">En d\u00edas recientes,\u00a0<b>Porter\u00a0<\/b>estren\u00f3 una reversi\u00f3n de uno de los temas del disco junto a Ximena Sari\u00f1ana, el cual, ya alcanz\u00f3 m\u00e1s de medio mill\u00f3n de reproducciones.<\/div>\n<div><\/div>\n<\/div>\n<\/div>\n<div class=\"pr-story--element-space\">\n<div class=\"pr-story-paragraph\">\n<div class=\"pr-story--text\">Acompa\u00f1a a\u00a0<b>Porter\u00a0<\/b>en este nuevo viaje que llega al\u00a0<b>Palacio de los Deportes<\/b>\u00a0el pr\u00f3ximo\u00a0<b>23 de septiembre<\/b>.<\/div>\n<\/div>\n<\/div>\n<div class=\"pr-story--element-space\">\n<div class=\"pr-story-paragraph\">\n<div class=\"pr-story--text\">Los boletos estar\u00e1n disponibles a partir del\u00a0<b>26 de abril\u00a0<\/b>por\u00a0<b>Ticketmaster<\/b>.<\/div>\n<\/div>\n<\/div>\n<div><\/div>\n<div>\n<div dir=\"auto\"><a class=\"x1i10hfl xjbqb8w x6umtig x1b1mbwd xaqea5y xav7gou x9f619 x1ypdohk xt0psk2 xe8uvvx xdj266r x11i5rnm xat24cr x1mh8g0r xexx8yu x4uap5 x18d9i69 xkhd6sd x16tdsg8 x1hl2dhg xggy1nq x1a2a7pz xt0b8zv x1qq9wsj xo1l8bm\" tabindex=\"0\" role=\"link\" href=\"https:\/\/www.facebook.com\/hashtag\/palaciodelosdeportes?__eep__=6&amp;__cft__[0]=AZV46Zz_kmFxzn0bTEPsh60l46UvHLG_qlRSuprfm6BzNQlWSu9H_lLLsOq19V3gnXJ9Kp3mxSmZdOO30NVFDgL9j7LIMezT2CTp6VzBzXoqo-1UiHwtU0yVn9LKdtJR7vs&amp;__tn__=*NK-R\">#palaciodelosdeportes<\/a><\/div>\n<div dir=\"auto\"><a class=\"x1i10hfl xjbqb8w x6umtig x1b1mbwd xaqea5y xav7gou x9f619 x1ypdohk xt0psk2 xe8uvvx xdj266r x11i5rnm xat24cr x1mh8g0r xexx8yu x4uap5 x18d9i69 xkhd6sd x16tdsg8 x1hl2dhg xggy1nq x1a2a7pz xt0b8zv x1qq9wsj xo1l8bm\" tabindex=\"0\" role=\"link\" href=\"https:\/\/www.facebook.com\/hashtag\/ocesa?__eep__=6&amp;__cft__[0]=AZV46Zz_kmFxzn0bTEPsh60l46UvHLG_qlRSuprfm6BzNQlWSu9H_lLLsOq19V3gnXJ9Kp3mxSmZdOO30NVFDgL9j7LIMezT2CTp6VzBzXoqo-1UiHwtU0yVn9LKdtJR7vs&amp;__tn__=*NK-R\">#OCESA<\/a><\/div>\n<div dir=\"auto\"><a class=\"x1i10hfl xjbqb8w x6umtig x1b1mbwd xaqea5y xav7gou x9f619 x1ypdohk xt0psk2 xe8uvvx xdj266r x11i5rnm xat24cr x1mh8g0r xexx8yu x4uap5 x18d9i69 xkhd6sd x16tdsg8 x1hl2dhg xggy1nq x1a2a7pz xt0b8zv x1qq9wsj xo1l8bm\" tabindex=\"0\" role=\"link\" href=\"https:\/\/www.facebook.com\/hashtag\/ticketmaster?__eep__=6&amp;__cft__[0]=AZV46Zz_kmFxzn0bTEPsh60l46UvHLG_qlRSuprfm6BzNQlWSu9H_lLLsOq19V3gnXJ9Kp3mxSmZdOO30NVFDgL9j7LIMezT2CTp6VzBzXoqo-1UiHwtU0yVn9LKdtJR7vs&amp;__tn__=*NK-R\">#ticketmaster<\/a><\/div>\n<div dir=\"auto\"><a class=\"x1i10hfl xjbqb8w x6umtig x1b1mbwd xaqea5y xav7gou x9f619 x1ypdohk xt0psk2 xe8uvvx xdj266r x11i5rnm xat24cr x1mh8g0r xexx8yu x4uap5 x18d9i69 xkhd6sd x16tdsg8 x1hl2dhg xggy1nq x1a2a7pz xt0b8zv x1qq9wsj xo1l8bm\" tabindex=\"0\" role=\"link\" href=\"https:\/\/www.facebook.com\/hashtag\/bitacoracdmx?__eep__=6&amp;__cft__[0]=AZV46Zz_kmFxzn0bTEPsh60l46UvHLG_qlRSuprfm6BzNQlWSu9H_lLLsOq19V3gnXJ9Kp3mxSmZdOO30NVFDgL9j7LIMezT2CTp6VzBzXoqo-1UiHwtU0yVn9LKdtJR7vs&amp;__tn__=*NK-R\">#bitacoracdmx<\/a><\/div>\n<\/div>\n<p>[\/fusion_text][fusion_imageframe image_id=&#8221;50885|medium&#8221; max_width=&#8221;&#8221; style_type=&#8221;&#8221; blur=&#8221;&#8221; stylecolor=&#8221;&#8221; hover_type=&#8221;none&#8221; bordersize=&#8221;&#8221; bordercolor=&#8221;&#8221; borderradius=&#8221;&#8221; align=&#8221;none&#8221; lightbox=&#8221;no&#8221; gallery_id=&#8221;&#8221; lightbox_image=&#8221;&#8221; lightbox_image_id=&#8221;&#8221; alt=&#8221;&#8221; link=&#8221;&#8221; linktarget=&#8221;_self&#8221; hide_on_mobile=&#8221;small-visibility,medium-visibility,large-visibility&#8221; class=&#8221;&#8221; id=&#8221;&#8221; animation_type=&#8221;&#8221; animation_direction=&#8221;left&#8221; animation_speed=&#8221;0.3&#8243; animation_offset=&#8221;&#8221;]https:\/\/www.bitacoracdmx.com\/wp-content\/uploads\/2023\/04\/image_processing20230424-820730-sddwsd-300&#215;157.jpg[\/fusion_imageframe][\/fusion_builder_column][\/fusion_builder_row][\/fusion_builder_container]<\/p>\n","protected":false},"excerpt":{"rendered":"<p>[fusion_builder_container hundred_percent=&#8221;no&#8221; equal_height_columns=&#8221;no&#8221; menu_anchor=&#8221;&#8221; hide_on_mobile=&#8221;small-visibility,medium-visibility,large-visibility&#8221; class=&#8221;&#8221; id=&#8221;&#8221; background_color=&#8221;&#8221; background_image=&#8221;&#8221; background_position=&#8221;center center&#8221; background_repeat=&#8221;no-repeat&#8221; fade=&#8221;no&#8221; background_parallax=&#8221;none&#8221; parallax_speed=&#8221;0.3&#8243; video_mp4=&#8221;&#8221; video_webm=&#8221;&#8221; video_ogv=&#8221;&#8221; video_url=&#8221;&#8221; video_aspect_ratio=&#8221;16:9&#8243; video_loop=&#8221;yes&#8221; video_mute=&#8221;yes&#8221; overlay_color=&#8221;&#8221; video_preview_image=&#8221;&#8221; border_size=&#8221;&#8221; border_color=&#8221;&#8221; border_style=&#8221;solid&#8221; padding_top=&#8221;&#8221; padding_bottom=&#8221;&#8221; padding_left=&#8221;&#8221; padding_right=&#8221;&#8221;][fusion_builder_row][fusion_builder_column type=&#8221;1_1&#8243; layout=&#8221;1_1&#8243; background_position=&#8221;left top&#8221; background_color=&#8221;&#8221; border_size=&#8221;&#8221; border_color=&#8221;&#8221; border_style=&#8221;solid&#8221; border_position=&#8221;all&#8221; spacing=&#8221;yes&#8221; background_image=&#8221;&#8221; background_repeat=&#8221;no-repeat&#8221; padding_top=&#8221;&#8221; padding_right=&#8221;&#8221; padding_bottom=&#8221;&#8221; padding_left=&#8221;&#8221; margin_top=&#8221;0px&#8221; margin_bottom=&#8221;0px&#8221; class=&#8221;&#8221; id=&#8221;&#8221; animation_type=&#8221;&#8221; animation_speed=&#8221;0.3&#8243; animation_direction=&#8221;left&#8221; hide_on_mobile=&#8221;small-visibility,medium-visibility,large-visibility&#8221; center_content=&#8221;no&#8221; last=&#8221;no&#8221; min_height=&#8221;&#8221; hover_type=&#8221;none&#8221; link=&#8221;&#8221;][fusion_text] REDACCI\u00d3N S\u00e1bado 23 de septiembre, 2023 Preventa Citibanamex: 26 de abril Una de las bandas de rock alternativo y experimental m\u00e1s importantes de la escena musical en M\u00e9xico,\u00a0Porter, anuncia hoy su siguiente paso tras la presentaci\u00f3n que tuvieron en el [&hellip;]<\/p>\n","protected":false},"author":1,"featured_media":50885,"comment_status":"open","ping_status":"open","sticky":false,"template":"","format":"standard","meta":{"footnotes":""},"categories":[9,11],"tags":[],"_links":{"self":[{"href":"https:\/\/www.bitacoracdmx.com\/index.php?rest_route=\/wp\/v2\/posts\/50884"}],"collection":[{"href":"https:\/\/www.bitacoracdmx.com\/index.php?rest_route=\/wp\/v2\/posts"}],"about":[{"href":"https:\/\/www.bitacoracdmx.com\/index.php?rest_route=\/wp\/v2\/types\/post"}],"author":[{"embeddable":true,"href":"https:\/\/www.bitacoracdmx.com\/index.php?rest_route=\/wp\/v2\/users\/1"}],"replies":[{"embeddable":true,"href":"https:\/\/www.bitacoracdmx.com\/index.php?rest_route=%2Fwp%2Fv2%2Fcomments&post=50884"}],"version-history":[{"count":1,"href":"https:\/\/www.bitacoracdmx.com\/index.php?rest_route=\/wp\/v2\/posts\/50884\/revisions"}],"predecessor-version":[{"id":50886,"href":"https:\/\/www.bitacoracdmx.com\/index.php?rest_route=\/wp\/v2\/posts\/50884\/revisions\/50886"}],"wp:featuredmedia":[{"embeddable":true,"href":"https:\/\/www.bitacoracdmx.com\/index.php?rest_route=\/wp\/v2\/media\/50885"}],"wp:attachment":[{"href":"https:\/\/www.bitacoracdmx.com\/index.php?rest_route=%2Fwp%2Fv2%2Fmedia&parent=50884"}],"wp:term":[{"taxonomy":"category","embeddable":true,"href":"https:\/\/www.bitacoracdmx.com\/index.php?rest_route=%2Fwp%2Fv2%2Fcategories&post=50884"},{"taxonomy":"post_tag","embeddable":true,"href":"https:\/\/www.bitacoracdmx.com\/index.php?rest_route=%2Fwp%2Fv2%2Ftags&post=50884"}],"curies":[{"name":"wp","href":"https:\/\/api.w.org\/{rel}","templated":true}]}}