{"id":51030,"date":"2023-05-05T20:20:49","date_gmt":"2023-05-05T20:20:49","guid":{"rendered":"https:\/\/www.bitacoracdmx.com\/?p=51030"},"modified":"2023-05-05T20:20:49","modified_gmt":"2023-05-05T20:20:49","slug":"el-dramaturgo-juan-cabello-celebra-15-anos-de-nocturno-teatro-con-la-puesta-en-escena-de-su-autoria-y-direccion-el-misterioso-caso-de-la-sombra","status":"publish","type":"post","link":"https:\/\/www.bitacoracdmx.com\/?p=51030","title":{"rendered":"El dramaturgo Juan Cabello celebra 15 a\u00f1os de Nocturno Teatro con la puesta en escena de su autor\u00eda y direcci\u00f3n El Misterioso Caso de la Sombra"},"content":{"rendered":"<p>[fusion_builder_container hundred_percent=&#8221;no&#8221; equal_height_columns=&#8221;no&#8221; menu_anchor=&#8221;&#8221; hide_on_mobile=&#8221;small-visibility,medium-visibility,large-visibility&#8221; class=&#8221;&#8221; id=&#8221;&#8221; background_color=&#8221;&#8221; background_image=&#8221;&#8221; background_position=&#8221;center center&#8221; background_repeat=&#8221;no-repeat&#8221; fade=&#8221;no&#8221; background_parallax=&#8221;none&#8221; parallax_speed=&#8221;0.3&#8243; video_mp4=&#8221;&#8221; video_webm=&#8221;&#8221; video_ogv=&#8221;&#8221; video_url=&#8221;&#8221; video_aspect_ratio=&#8221;16:9&#8243; video_loop=&#8221;yes&#8221; video_mute=&#8221;yes&#8221; overlay_color=&#8221;&#8221; video_preview_image=&#8221;&#8221; border_size=&#8221;&#8221; border_color=&#8221;&#8221; border_style=&#8221;solid&#8221; padding_top=&#8221;&#8221; padding_bottom=&#8221;&#8221; padding_left=&#8221;&#8221; padding_right=&#8221;&#8221;][fusion_builder_row][fusion_builder_column type=&#8221;1_1&#8243; layout=&#8221;1_1&#8243; background_position=&#8221;left top&#8221; background_color=&#8221;&#8221; border_size=&#8221;&#8221; border_color=&#8221;&#8221; border_style=&#8221;solid&#8221; border_position=&#8221;all&#8221; spacing=&#8221;yes&#8221; background_image=&#8221;&#8221; background_repeat=&#8221;no-repeat&#8221; padding_top=&#8221;&#8221; padding_right=&#8221;&#8221; padding_bottom=&#8221;&#8221; padding_left=&#8221;&#8221; margin_top=&#8221;0px&#8221; margin_bottom=&#8221;0px&#8221; class=&#8221;&#8221; id=&#8221;&#8221; animation_type=&#8221;&#8221; animation_speed=&#8221;0.3&#8243; animation_direction=&#8221;left&#8221; hide_on_mobile=&#8221;small-visibility,medium-visibility,large-visibility&#8221; center_content=&#8221;no&#8221; last=&#8221;no&#8221; min_height=&#8221;&#8221; hover_type=&#8221;none&#8221; link=&#8221;&#8221;][fusion_text]<\/p>\n<p>REDACCI\u00d3N<\/p>\n<p dir=\"ltr\">-Entre sus textos destacan El Cuerpo de Mercutio, Vine a Decir Adi\u00f3s y Recordar.<\/p>\n<p dir=\"ltr\">&#8211; Algunos de sus textos han sido traducidos al ingl\u00e9s y al chino, y sus obras han sido presentadas en diversos estados de la rep\u00fablica y en Shangh\u00e1i.<\/p>\n<p dir=\"ltr\">El Dramaturgo y Productor, celebra el XV aniversario de Nocturno Teatro con la puesta en escena El Misterioso Caso de la Sombra en el Teatro Mil\u00e1n del 30 de abril al 27 de agosto. La obra es producida gracias al Est\u00edmulo Fiscal EFIARTES y cuenta con una producci\u00f3n y elenco de primera. Juan Cabello ha escrito m\u00e1s de una docena de obras de teatro y ha adaptado algunas novelas y relatos para la escena. Como dramaturgo, ha sido becario del FONCA en dos ocasiones y, tambi\u00e9n, fue becario de la prestigiosa Fundaci\u00f3n para las Letras Mexicanas (f,l,lm.)<\/p>\n<p dir=\"ltr\">\u201cHe sido muy afortunado por haberme encontrado con la lectura y la escritura desde muy joven. En cuanto a la escritura, es un oficio que madura con el tiempo. Como dramaturgo, me pongo nuevos retos y juego con estructuras o personajes que me atraen, disfruto ser testigo y sorprenderme con lo que sucede en la p\u00e1gina mientras escribo.\u201d Comenta Juan Cabello<\/p>\n<p dir=\"ltr\">Sobre la internacionalizaci\u00f3n de su trabajo, comparte: \u201cYo escribo para luego dirigir mis propios textos, a veces, otros directores me piden poner en escena alg\u00fan texto, pero mi intenci\u00f3n casi siempre est\u00e1 en levantar mis propios proyectos con Nocturno Teatro. As\u00ed que me sorprendi\u00f3, gratamente, cuando un texto m\u00edo lleg\u00f3 a China o, ahora mismo, que alguien est\u00e9 traduciendo El Cuerpo de Mercutio en la Universidad de Utah, en EU. Me sorprende que, aunque yo estoy enfocado en hacer teatro aqu\u00ed, en mi pa\u00eds, los textos vayan abriendo sus propios caminos.\u201d<\/p>\n<p dir=\"ltr\">Juan Cabello estudi\u00f3 actuaci\u00f3n con \u00e9nfasis en Shakespeare en Oxford, Reino Unido, becado por The Anglo Mexican Foundation y la British American Drama Academy (BADA), en 2013. Ha escrito, actuado, dirigido o producido diversos espect\u00e1culos que se han presentado en diferentes teatros de M\u00e9xico y algunos escenarios del mundo (Valpara\u00edso, Chile; Munich, Alemania; Miami, EUA y Shanghai). Actualmente, su m\u00e1s reciente texto El Misterioso Caso de la Sombra se puede ver en el Teatro Mil\u00e1n los domingos a las 12:00 hasta el 27 de agosto; es una obra para toda la familia<\/p>\n<p>[\/fusion_text][fusion_imageframe image_id=&#8221;51031|medium&#8221; max_width=&#8221;&#8221; style_type=&#8221;&#8221; blur=&#8221;&#8221; stylecolor=&#8221;&#8221; hover_type=&#8221;none&#8221; bordersize=&#8221;&#8221; bordercolor=&#8221;&#8221; borderradius=&#8221;&#8221; align=&#8221;none&#8221; lightbox=&#8221;no&#8221; gallery_id=&#8221;&#8221; lightbox_image=&#8221;&#8221; lightbox_image_id=&#8221;&#8221; alt=&#8221;&#8221; link=&#8221;&#8221; linktarget=&#8221;_self&#8221; hide_on_mobile=&#8221;small-visibility,medium-visibility,large-visibility&#8221; class=&#8221;&#8221; id=&#8221;&#8221; animation_type=&#8221;&#8221; animation_direction=&#8221;left&#8221; animation_speed=&#8221;0.3&#8243; animation_offset=&#8221;&#8221;]https:\/\/www.bitacoracdmx.com\/wp-content\/uploads\/2023\/05\/344436931_901175294465512_1309742123474929332_n-300&#215;300.jpg[\/fusion_imageframe][\/fusion_builder_column][\/fusion_builder_row][\/fusion_builder_container]<\/p>\n","protected":false},"excerpt":{"rendered":"<p>[fusion_builder_container hundred_percent=&#8221;no&#8221; equal_height_columns=&#8221;no&#8221; menu_anchor=&#8221;&#8221; hide_on_mobile=&#8221;small-visibility,medium-visibility,large-visibility&#8221; class=&#8221;&#8221; id=&#8221;&#8221; background_color=&#8221;&#8221; background_image=&#8221;&#8221; background_position=&#8221;center center&#8221; background_repeat=&#8221;no-repeat&#8221; fade=&#8221;no&#8221; background_parallax=&#8221;none&#8221; parallax_speed=&#8221;0.3&#8243; video_mp4=&#8221;&#8221; video_webm=&#8221;&#8221; video_ogv=&#8221;&#8221; video_url=&#8221;&#8221; video_aspect_ratio=&#8221;16:9&#8243; video_loop=&#8221;yes&#8221; video_mute=&#8221;yes&#8221; overlay_color=&#8221;&#8221; video_preview_image=&#8221;&#8221; border_size=&#8221;&#8221; border_color=&#8221;&#8221; border_style=&#8221;solid&#8221; padding_top=&#8221;&#8221; padding_bottom=&#8221;&#8221; padding_left=&#8221;&#8221; padding_right=&#8221;&#8221;][fusion_builder_row][fusion_builder_column type=&#8221;1_1&#8243; layout=&#8221;1_1&#8243; background_position=&#8221;left top&#8221; background_color=&#8221;&#8221; border_size=&#8221;&#8221; border_color=&#8221;&#8221; border_style=&#8221;solid&#8221; border_position=&#8221;all&#8221; spacing=&#8221;yes&#8221; background_image=&#8221;&#8221; background_repeat=&#8221;no-repeat&#8221; padding_top=&#8221;&#8221; padding_right=&#8221;&#8221; padding_bottom=&#8221;&#8221; padding_left=&#8221;&#8221; margin_top=&#8221;0px&#8221; margin_bottom=&#8221;0px&#8221; class=&#8221;&#8221; id=&#8221;&#8221; animation_type=&#8221;&#8221; animation_speed=&#8221;0.3&#8243; animation_direction=&#8221;left&#8221; hide_on_mobile=&#8221;small-visibility,medium-visibility,large-visibility&#8221; center_content=&#8221;no&#8221; last=&#8221;no&#8221; min_height=&#8221;&#8221; hover_type=&#8221;none&#8221; link=&#8221;&#8221;][fusion_text] REDACCI\u00d3N -Entre sus textos destacan El Cuerpo de Mercutio, Vine a Decir Adi\u00f3s y Recordar. &#8211; Algunos de sus textos han sido traducidos al ingl\u00e9s y al chino, y sus obras han sido presentadas en diversos estados de la rep\u00fablica [&hellip;]<\/p>\n","protected":false},"author":1,"featured_media":51031,"comment_status":"open","ping_status":"open","sticky":false,"template":"","format":"standard","meta":{"footnotes":""},"categories":[9,14],"tags":[],"_links":{"self":[{"href":"https:\/\/www.bitacoracdmx.com\/index.php?rest_route=\/wp\/v2\/posts\/51030"}],"collection":[{"href":"https:\/\/www.bitacoracdmx.com\/index.php?rest_route=\/wp\/v2\/posts"}],"about":[{"href":"https:\/\/www.bitacoracdmx.com\/index.php?rest_route=\/wp\/v2\/types\/post"}],"author":[{"embeddable":true,"href":"https:\/\/www.bitacoracdmx.com\/index.php?rest_route=\/wp\/v2\/users\/1"}],"replies":[{"embeddable":true,"href":"https:\/\/www.bitacoracdmx.com\/index.php?rest_route=%2Fwp%2Fv2%2Fcomments&post=51030"}],"version-history":[{"count":1,"href":"https:\/\/www.bitacoracdmx.com\/index.php?rest_route=\/wp\/v2\/posts\/51030\/revisions"}],"predecessor-version":[{"id":51032,"href":"https:\/\/www.bitacoracdmx.com\/index.php?rest_route=\/wp\/v2\/posts\/51030\/revisions\/51032"}],"wp:featuredmedia":[{"embeddable":true,"href":"https:\/\/www.bitacoracdmx.com\/index.php?rest_route=\/wp\/v2\/media\/51031"}],"wp:attachment":[{"href":"https:\/\/www.bitacoracdmx.com\/index.php?rest_route=%2Fwp%2Fv2%2Fmedia&parent=51030"}],"wp:term":[{"taxonomy":"category","embeddable":true,"href":"https:\/\/www.bitacoracdmx.com\/index.php?rest_route=%2Fwp%2Fv2%2Fcategories&post=51030"},{"taxonomy":"post_tag","embeddable":true,"href":"https:\/\/www.bitacoracdmx.com\/index.php?rest_route=%2Fwp%2Fv2%2Ftags&post=51030"}],"curies":[{"name":"wp","href":"https:\/\/api.w.org\/{rel}","templated":true}]}}