{"id":51036,"date":"2023-05-05T21:44:25","date_gmt":"2023-05-05T21:44:25","guid":{"rendered":"https:\/\/www.bitacoracdmx.com\/?p=51036"},"modified":"2023-05-05T21:44:25","modified_gmt":"2023-05-05T21:44:25","slug":"vampiro-anuncia-su-retiro-definitivo-de-la-lucha-libre-y-se-elige-como-director-e-instructor-de-krav-maga-en-mexico","status":"publish","type":"post","link":"https:\/\/www.bitacoracdmx.com\/?p=51036","title":{"rendered":"VAMPIRO anuncia su retiro definitivo de la LUCHA LIBRE y se elige como DIRECTOR E INSTRUCTOR DE KRAV MAGA EN M\u00c9XICO"},"content":{"rendered":"<p>[fusion_builder_container hundred_percent=&#8221;no&#8221; equal_height_columns=&#8221;no&#8221; menu_anchor=&#8221;&#8221; hide_on_mobile=&#8221;small-visibility,medium-visibility,large-visibility&#8221; class=&#8221;&#8221; id=&#8221;&#8221; background_color=&#8221;&#8221; background_image=&#8221;&#8221; background_position=&#8221;center center&#8221; background_repeat=&#8221;no-repeat&#8221; fade=&#8221;no&#8221; background_parallax=&#8221;none&#8221; parallax_speed=&#8221;0.3&#8243; video_mp4=&#8221;&#8221; video_webm=&#8221;&#8221; video_ogv=&#8221;&#8221; video_url=&#8221;&#8221; video_aspect_ratio=&#8221;16:9&#8243; video_loop=&#8221;yes&#8221; video_mute=&#8221;yes&#8221; overlay_color=&#8221;&#8221; video_preview_image=&#8221;&#8221; border_size=&#8221;&#8221; border_color=&#8221;&#8221; border_style=&#8221;solid&#8221; padding_top=&#8221;&#8221; padding_bottom=&#8221;&#8221; padding_left=&#8221;&#8221; padding_right=&#8221;&#8221;][fusion_builder_row][fusion_builder_column type=&#8221;1_1&#8243; layout=&#8221;1_1&#8243; background_position=&#8221;left top&#8221; background_color=&#8221;&#8221; border_size=&#8221;&#8221; border_color=&#8221;&#8221; border_style=&#8221;solid&#8221; border_position=&#8221;all&#8221; spacing=&#8221;yes&#8221; background_image=&#8221;&#8221; background_repeat=&#8221;no-repeat&#8221; padding_top=&#8221;&#8221; padding_right=&#8221;&#8221; padding_bottom=&#8221;&#8221; padding_left=&#8221;&#8221; margin_top=&#8221;0px&#8221; margin_bottom=&#8221;0px&#8221; class=&#8221;&#8221; id=&#8221;&#8221; animation_type=&#8221;&#8221; animation_speed=&#8221;0.3&#8243; animation_direction=&#8221;left&#8221; hide_on_mobile=&#8221;small-visibility,medium-visibility,large-visibility&#8221; center_content=&#8221;no&#8221; last=&#8221;no&#8221; min_height=&#8221;&#8221; hover_type=&#8221;none&#8221; link=&#8221;&#8221;][fusion_text]<\/p>\n<p>REDACCI\u00d3N<\/p>\n<p>Vampiro Canadiense se enfrenta a nuevas realidades en su carrera como luchador y presentador de televisi\u00f3n debido a las lesiones que ha sufrido en el \u00faltimo mes. Los planes de una gira de despedida de la lucha libre y un reality show deber\u00e1n ser adaptados a estas circunstancias. Sin embargo, el reconocido m\u00fasico y luchador ha anunciado su colaboraci\u00f3n con su amigo Ashes (guitarrista de Nine Inch Nails y Static X) y el creciente \u00e9xito de su programa de radio nocturno, RADIO VAMPIRO, un programa nocturno de radio FM que se emite desde el 91.5 en GDL y en\u00a0<a href=\"http:\/\/radiovampiro.com\/\" target=\"_blank\" rel=\"noopener noreferrer\" data-auth=\"NotApplicable\" data-linkindex=\"4\">radiovampiro.com<\/a>\u00a0de lunes a viernes de 9 a 11pm.<\/p>\n<p>Adem\u00e1s de su carrera en el entretenimiento, Vampiro tambi\u00e9n se desempe\u00f1a como instructor de Krav Maga, avalado por la Krav Maga Alliance en M\u00e9xico. Ahora, como fundador y Director de la Alianza de Krav Maga Mexico funda la Nueva Escuela de Combate y Alto Nivel de Seguridad de Krav Maga en la ciudad de Guadalajara, Jalisco. La escuela cuenta con el aval m\u00e1s alto fuera de Israel para ense\u00f1ar a civiles y personal de seguridad y fuerzas armadas. Las clases se impartir\u00e1n en el Instituto N\u00f3rdico Universitario, que se especializa en entrenar y desarrollar a personal de seguridad de alto nivel, trabajadores de primera l\u00ednea, escoltas VIP y seguridad corporativa. Las clases comenzar\u00e1n el 8 de mayo y Vampiro estar\u00e1 a cargo de ense\u00f1ar todas las clases.<\/p>\n<p>La escuela donde Vampiro pertenece y donde a partir del 8 de Mayo comenzar\u00e1 a impartir clases tiene el aval m\u00e1s alto fuera de Israel para ense\u00f1ar a civiles y personal de seguridad y fuerzas armadas. La Alianza de Krav Maga por primera vez es un programa acreditado en una instituci\u00f3n de aprendizaje fuera de Israel. Se iniciar\u00e1 con clases libres y abiertas para que pueda introducir el sistema y la gente pueda ir paulatinamente conociendo la escuela.<\/p>\n<p>Krav Maga es un sistema moderno y din\u00e1mico de defensa personal y lucha que se dise\u00f1\u00f3 originalmente para el ej\u00e9rcito israel\u00ed en la d\u00e9cada de 1950. Ahora es ense\u00f1ado a civiles y personal de seguridad en todo el mundo. Vampiro ha sido certificado para ense\u00f1ar Krav Maga en la escuela de Guadalajara y est\u00e1 ofreciendo cursos especializados, clases magistrales y otros programas innovadores en su plan de estudios oficial de 10 meses por nivel.<\/p>\n<p>Las clases son libres y abiertas para el p\u00fablico y se est\u00e1 ofreciendo una promoci\u00f3n para el mes de mayo si se confirma la inscripci\u00f3n para junio. Aprender Krav Maga puede ser una herramienta invaluable para desarrollar habilidades de defensa personal y aumentar la conciencia y los reflejos instintivos para hacer frente a los ataques en cualquier situaci\u00f3n.<\/p>\n<p>Erigido como un artista multifac\u00e9tico que arranca su carrera en M\u00e9xico en los a\u00f1os noventa como un reconocido atleta de la lucha libre que luego lo catapult\u00f3 como modelo, actor y m\u00fasico, situ\u00e1ndolo en lo m\u00e1s alto de los \u00eddolos en nuestro pa\u00eds, Vampiro Canadiense, como fue conocido en su primer etapa en M\u00e9xico, est\u00e1 listo para afrontar lo que \u00e9l mismo ha llamado \u201cla lucha m\u00e1s importante de su vida\u201d, para as\u00ed estar \u201cCelebrando la victoria\u2026 porque para m\u00ed no hay imposibles\u201d.<\/p>\n<div dir=\"auto\"><a class=\"x1i10hfl xjbqb8w x6umtig x1b1mbwd xaqea5y xav7gou x9f619 x1ypdohk xt0psk2 xe8uvvx xdj266r x11i5rnm xat24cr x1mh8g0r xexx8yu x4uap5 x18d9i69 xkhd6sd x16tdsg8 x1hl2dhg xggy1nq x1a2a7pz xt0b8zv x1qq9wsj xo1l8bm\" tabindex=\"0\" role=\"link\" href=\"https:\/\/www.facebook.com\/hashtag\/vampirocanadiense?__eep__=6&amp;__cft__[0]=AZUhf1v4WOwPknAF-nMWxkcQ266UXJn4jlCSs8pU5UVjx06I83PXYHX9kX4aKUb6BHv5gBAyiCCSyf48O7jUxbMTj9SEyvLD0O7S9ootTaY3E5SoXcdFj8XIwFiqQJ30fpU&amp;__tn__=*NK-R\">#VampiroCanadiense<\/a><\/div>\n<div dir=\"auto\"><a class=\"x1i10hfl xjbqb8w x6umtig x1b1mbwd xaqea5y xav7gou x9f619 x1ypdohk xt0psk2 xe8uvvx xdj266r x11i5rnm xat24cr x1mh8g0r xexx8yu x4uap5 x18d9i69 xkhd6sd x16tdsg8 x1hl2dhg xggy1nq x1a2a7pz xt0b8zv x1qq9wsj xo1l8bm\" tabindex=\"0\" role=\"link\" href=\"https:\/\/www.facebook.com\/hashtag\/bitacoracdmx?__eep__=6&amp;__cft__[0]=AZUhf1v4WOwPknAF-nMWxkcQ266UXJn4jlCSs8pU5UVjx06I83PXYHX9kX4aKUb6BHv5gBAyiCCSyf48O7jUxbMTj9SEyvLD0O7S9ootTaY3E5SoXcdFj8XIwFiqQJ30fpU&amp;__tn__=*NK-R\">#bitacoracdmx<\/a><\/div>\n<p>[\/fusion_text][fusion_imageframe image_id=&#8221;51037|medium&#8221; max_width=&#8221;&#8221; style_type=&#8221;&#8221; blur=&#8221;&#8221; stylecolor=&#8221;&#8221; hover_type=&#8221;none&#8221; bordersize=&#8221;&#8221; bordercolor=&#8221;&#8221; borderradius=&#8221;&#8221; align=&#8221;none&#8221; lightbox=&#8221;no&#8221; gallery_id=&#8221;&#8221; lightbox_image=&#8221;&#8221; lightbox_image_id=&#8221;&#8221; alt=&#8221;&#8221; link=&#8221;&#8221; linktarget=&#8221;_self&#8221; hide_on_mobile=&#8221;small-visibility,medium-visibility,large-visibility&#8221; class=&#8221;&#8221; id=&#8221;&#8221; animation_type=&#8221;&#8221; animation_direction=&#8221;left&#8221; animation_speed=&#8221;0.3&#8243; animation_offset=&#8221;&#8221;]https:\/\/www.bitacoracdmx.com\/wp-content\/uploads\/2023\/05\/descargar-2023-05-05T143139.914-300&#215;186.png[\/fusion_imageframe][\/fusion_builder_column][\/fusion_builder_row][\/fusion_builder_container]<\/p>\n","protected":false},"excerpt":{"rendered":"<p>[fusion_builder_container hundred_percent=&#8221;no&#8221; equal_height_columns=&#8221;no&#8221; menu_anchor=&#8221;&#8221; hide_on_mobile=&#8221;small-visibility,medium-visibility,large-visibility&#8221; class=&#8221;&#8221; id=&#8221;&#8221; background_color=&#8221;&#8221; background_image=&#8221;&#8221; background_position=&#8221;center center&#8221; background_repeat=&#8221;no-repeat&#8221; fade=&#8221;no&#8221; background_parallax=&#8221;none&#8221; parallax_speed=&#8221;0.3&#8243; video_mp4=&#8221;&#8221; video_webm=&#8221;&#8221; video_ogv=&#8221;&#8221; video_url=&#8221;&#8221; video_aspect_ratio=&#8221;16:9&#8243; video_loop=&#8221;yes&#8221; video_mute=&#8221;yes&#8221; overlay_color=&#8221;&#8221; video_preview_image=&#8221;&#8221; border_size=&#8221;&#8221; border_color=&#8221;&#8221; border_style=&#8221;solid&#8221; padding_top=&#8221;&#8221; padding_bottom=&#8221;&#8221; padding_left=&#8221;&#8221; padding_right=&#8221;&#8221;][fusion_builder_row][fusion_builder_column type=&#8221;1_1&#8243; layout=&#8221;1_1&#8243; background_position=&#8221;left top&#8221; background_color=&#8221;&#8221; border_size=&#8221;&#8221; border_color=&#8221;&#8221; border_style=&#8221;solid&#8221; border_position=&#8221;all&#8221; spacing=&#8221;yes&#8221; background_image=&#8221;&#8221; background_repeat=&#8221;no-repeat&#8221; padding_top=&#8221;&#8221; padding_right=&#8221;&#8221; padding_bottom=&#8221;&#8221; padding_left=&#8221;&#8221; margin_top=&#8221;0px&#8221; margin_bottom=&#8221;0px&#8221; class=&#8221;&#8221; id=&#8221;&#8221; animation_type=&#8221;&#8221; animation_speed=&#8221;0.3&#8243; animation_direction=&#8221;left&#8221; hide_on_mobile=&#8221;small-visibility,medium-visibility,large-visibility&#8221; center_content=&#8221;no&#8221; last=&#8221;no&#8221; min_height=&#8221;&#8221; hover_type=&#8221;none&#8221; link=&#8221;&#8221;][fusion_text] REDACCI\u00d3N Vampiro Canadiense se enfrenta a nuevas realidades en su carrera como luchador y presentador de televisi\u00f3n debido a las lesiones que ha sufrido en el \u00faltimo mes. Los planes de una gira de despedida de la lucha libre y [&hellip;]<\/p>\n","protected":false},"author":1,"featured_media":51037,"comment_status":"open","ping_status":"open","sticky":false,"template":"","format":"standard","meta":{"footnotes":""},"categories":[8,9],"tags":[],"_links":{"self":[{"href":"https:\/\/www.bitacoracdmx.com\/index.php?rest_route=\/wp\/v2\/posts\/51036"}],"collection":[{"href":"https:\/\/www.bitacoracdmx.com\/index.php?rest_route=\/wp\/v2\/posts"}],"about":[{"href":"https:\/\/www.bitacoracdmx.com\/index.php?rest_route=\/wp\/v2\/types\/post"}],"author":[{"embeddable":true,"href":"https:\/\/www.bitacoracdmx.com\/index.php?rest_route=\/wp\/v2\/users\/1"}],"replies":[{"embeddable":true,"href":"https:\/\/www.bitacoracdmx.com\/index.php?rest_route=%2Fwp%2Fv2%2Fcomments&post=51036"}],"version-history":[{"count":1,"href":"https:\/\/www.bitacoracdmx.com\/index.php?rest_route=\/wp\/v2\/posts\/51036\/revisions"}],"predecessor-version":[{"id":51038,"href":"https:\/\/www.bitacoracdmx.com\/index.php?rest_route=\/wp\/v2\/posts\/51036\/revisions\/51038"}],"wp:featuredmedia":[{"embeddable":true,"href":"https:\/\/www.bitacoracdmx.com\/index.php?rest_route=\/wp\/v2\/media\/51037"}],"wp:attachment":[{"href":"https:\/\/www.bitacoracdmx.com\/index.php?rest_route=%2Fwp%2Fv2%2Fmedia&parent=51036"}],"wp:term":[{"taxonomy":"category","embeddable":true,"href":"https:\/\/www.bitacoracdmx.com\/index.php?rest_route=%2Fwp%2Fv2%2Fcategories&post=51036"},{"taxonomy":"post_tag","embeddable":true,"href":"https:\/\/www.bitacoracdmx.com\/index.php?rest_route=%2Fwp%2Fv2%2Ftags&post=51036"}],"curies":[{"name":"wp","href":"https:\/\/api.w.org\/{rel}","templated":true}]}}