{"id":51049,"date":"2023-05-05T22:13:25","date_gmt":"2023-05-05T22:13:25","guid":{"rendered":"https:\/\/www.bitacoracdmx.com\/?p=51049"},"modified":"2023-05-05T22:13:25","modified_gmt":"2023-05-05T22:13:25","slug":"reset-antropologia-del-yo-exploracion-de-los-ciclos-de-la-vida-como-formas-de-reinicio-y-vuelta-a-comenzar","status":"publish","type":"post","link":"https:\/\/www.bitacoracdmx.com\/?p=51049","title":{"rendered":"RESET. Antropolog\u00eda del Yo, exploraci\u00f3n de los ciclos de la vida como formas de reinicio y vuelta a comenzar"},"content":{"rendered":"<p>[fusion_builder_container hundred_percent=&#8221;no&#8221; equal_height_columns=&#8221;no&#8221; menu_anchor=&#8221;&#8221; hide_on_mobile=&#8221;small-visibility,medium-visibility,large-visibility&#8221; class=&#8221;&#8221; id=&#8221;&#8221; background_color=&#8221;&#8221; background_image=&#8221;&#8221; background_position=&#8221;center center&#8221; background_repeat=&#8221;no-repeat&#8221; fade=&#8221;no&#8221; background_parallax=&#8221;none&#8221; parallax_speed=&#8221;0.3&#8243; video_mp4=&#8221;&#8221; video_webm=&#8221;&#8221; video_ogv=&#8221;&#8221; video_url=&#8221;&#8221; video_aspect_ratio=&#8221;16:9&#8243; video_loop=&#8221;yes&#8221; video_mute=&#8221;yes&#8221; overlay_color=&#8221;&#8221; video_preview_image=&#8221;&#8221; border_size=&#8221;&#8221; border_color=&#8221;&#8221; border_style=&#8221;solid&#8221; padding_top=&#8221;&#8221; padding_bottom=&#8221;&#8221; padding_left=&#8221;&#8221; padding_right=&#8221;&#8221;][fusion_builder_row][fusion_builder_column type=&#8221;1_1&#8243; layout=&#8221;1_1&#8243; background_position=&#8221;left top&#8221; background_color=&#8221;&#8221; border_size=&#8221;&#8221; border_color=&#8221;&#8221; border_style=&#8221;solid&#8221; border_position=&#8221;all&#8221; spacing=&#8221;yes&#8221; background_image=&#8221;&#8221; background_repeat=&#8221;no-repeat&#8221; padding_top=&#8221;&#8221; padding_right=&#8221;&#8221; padding_bottom=&#8221;&#8221; padding_left=&#8221;&#8221; margin_top=&#8221;0px&#8221; margin_bottom=&#8221;0px&#8221; class=&#8221;&#8221; id=&#8221;&#8221; animation_type=&#8221;&#8221; animation_speed=&#8221;0.3&#8243; animation_direction=&#8221;left&#8221; hide_on_mobile=&#8221;small-visibility,medium-visibility,large-visibility&#8221; center_content=&#8221;no&#8221; last=&#8221;no&#8221; min_height=&#8221;&#8221; hover_type=&#8221;none&#8221; link=&#8221;&#8221;][fusion_text]<\/p>\n<p>REDACCI\u00d3N<\/p>\n<ul class=\"x_unordered_list\">\n<li class=\"x_list_item\">Dirigida e interpretada por Yansi M\u00e9ndez y Luis Galaviz, la propuesta tendr\u00e1 cuatro \u00fanicas funciones en el Foro A Poco No<\/li>\n<\/ul>\n<p>\u200bUna exploraci\u00f3n danc\u00edstica por m\u00faltiples conceptos dicot\u00f3micos que muestran c\u00f3mo la sociedad tiende a generar ciclos que se reinician y atraviesan a las personas en diferentes etapas de su vida son expuestos, desde la corporalidad, como una antropolog\u00eda de la cotidianidad en <em><strong>RESET. Antopolog\u00eda del Yo<\/strong><\/em>, espect\u00e1culo que contrar\u00e1 con cuatro \u00fanicas funciones en el\u00a0<strong>Foro A Poco No de la Direcci\u00f3n del Sistema de Teatros de la Secretar\u00eda de Cultura de la Ciudad de M\u00e9xico.<\/strong><\/p>\n<p>\u200bDos cuerpos se unen en escena, son c\u00f3mplices y forman un duo de pensamientos e historias que conservan la indiviualidad y la existencia de cada uno pero que forman una obra coreogr\u00e1fica, dirigida e interpretada por Yansi M\u00e9ndez y Luis Galaviz, como una necesidad de compartir su sentir y el estado critico de la condici\u00f3n humana frente a la relaci\u00f3n de sus decisiones, compa\u00f1\u00edas, recuerdos y formas de enfrentar e intentar comprender los ciclos naturales que la vida propone.<\/p>\n<p>\u200b\u201cNos resulta importante hablar de ello pues desde el momento en que se gener\u00f3 la pieza (2017) hasta el d\u00eda de hoy (con una pandemia en medio) nuestro estar evoluciona y, asimismo, el ser humano y su relaci\u00f3n con lo cotidiano, entendi\u00e9ndonos desde lugares m\u00e1s amorosos, amables y emp\u00e1ticos, pero, sobre todo, de madurez para soltar\/resetear, empezar de nuevo\u201d, afirman los creadores esc\u00e9nicos.<\/p>\n<p>\u200bLa propuesta surge a partir de la resonancia a ciertas etapas de la vida de cada int\u00e9rprete, que plantea distintos momentos f\u00edsicos y emocionales que se abstraen en historias que, al llegar al nudo clim\u00e1tico, se rompen para empezar de nuevo y volverse un\u00a0<em>loop\u00a0<\/em>el uno del otro y con el otro.<\/p>\n<p>\u200bSe plantea en el espect\u00e1culo la conceptualizaci\u00f3n del t\u00e9rmino\u00a0<em>Reset<\/em>\u00a0como una constante resignificaci\u00f3n del ciclo, la transformaci\u00f3n y la autotrascedencia. Por ello, la est\u00e9tica y pl\u00e1stica que expone la puesta muestra cuerpos andr\u00f3ginos en constante dicotom\u00eda que logra un equilibrio entre natura y cultura, masculino y femenino e inconsciente y consciente.<\/p>\n<p>\u200b\u201cLas sociedades evolucionan y \u00e9sta nunca es l\u00edneal sino c\u00edclica. Los seres humanos tendemos a repetir la historia y los mismo patrones de comportamiento e inevitablemente se vuelven al inicio, RESET\u201d, subrayan M\u00e9ndez y Galaviz.<\/p>\n<p>\u200bEl equipo creativo lo completan: Isabel Becerril en el dise\u00f1o y realizaci\u00f3n de la iluminaci\u00f3n, Manuel Estrella <em>Gato<\/em>\u00a0en el dise\u00f1o sonoro, Juan Carlos Franco en el texto, Tayana Yi en la creaci\u00f3n del vestuario, y Juan Carlos L\u00f3pez en el dise\u00f1o de escenograf\u00eda.<\/p>\n<p>\u200bOriginaria de Guerrero, Yansi M\u00e9ndez es licenciada en Danza Contempor\u00e1nea por la Escuela Nacional de Danza Cl\u00e1sica y Contempor\u00e1nea. Fue bailarina principal y docente en el Ballet Nacional de Ecuador, al tiempo de haber obtenido los roles principales en compa\u00f1\u00edas como Barro Rojo y A Poc A Poc Danza, entre otras. Asimismo, form\u00f3 parte del elenco del Centro de Producci\u00f3n de Danza Contempor\u00e1nea (CEPRODAC) 2016- 2020. En 2021 obtuvo el Premio Nacional de Danza Guillermo Arriaga con <em>20:21<\/em>, una creaci\u00f3n colectiva junto a Luis Galaviz y Luis Ortega, as\u00ed como el Premio a la Mejor Interpretaci\u00f3n Femenina.<\/p>\n<p>\u200bLuis Galaviz es un artista esc\u00e9nico originario de Los Mochis, Sinaloa. Egresado de la licenciatura en Danza Contempor\u00e1nea de la Universidad Veracruzana, ha trabajo con reconocidos core\u00f3grafos. Integrante de la tercera generaci\u00f3n del CEPRODAC 2015-2017, ha participado en encuentros como el Kampnagel International Festival en Hamburgo, Alemania. Ha colaborado como interprete con proyectos y compa\u00f1\u00edas como ASyC Teatro en Movimiento, La Infinita Compa\u00f1\u00eda y \u00d3scar Ruvalcaba CIA, entre otros. En 2021 obtuvo el Premio Nacional de Danza Guillermo Arriaga con <em>20:21<\/em>, una creaci\u00f3n colectiva junto a Yansi M\u00e9ndez y Luis Ortega, adem\u00e1s de obtener una menci\u00f3n a la Mejor Interpretaci\u00f3n Masculina. Al mismo tiempo, trabaja en su proyecto art\u00edstico en conjunto con la core\u00f3grafa y bailarina Yansi Mendez, ambos reconocidos por Forbes Mexico como parte de los 100 mexicanos + creativos en el mundo 2022.<\/p>\n<p>\u200b<em><strong>RESET. Antropolog\u00eda del Yo<\/strong><\/em>\u00a0se presentar\u00e1 cuatro \u00fanicas funciones, los d\u00edas jueves 11 y viernes 12 de mayo a las 20:00 horas, s\u00e1bado 13 a las 19:00, y domingo 14 a las 18:00 horas, en el\u00a0<strong>Foro A Poco No<\/strong>\u00a0(Rep\u00fablica de Cuba 49, colonia Centro Hist\u00f3rico, Metro Allende).<\/p>\n<p><strong>Admisi\u00f3n: entrada general, $205<\/strong>. Los boletos se pueden adquirir en la taquilla del teatro y en las plataformas digitales de\u00a0<strong>Ticketmaster<\/strong>.<\/p>\n<p>Para conocer la programaci\u00f3n de la\u00a0<strong>Direcci\u00f3n del Sistema de Teatros de la Ciudad de M\u00e9xico<\/strong>, visite la p\u00e1gina:\u00a0<a href=\"https:\/\/click.convertkit-mail2.com\/r8un6v79z4foh20vp0vu2\/08hwh9hdovokkrul\/aHR0cDovL3d3dy50ZWF0cm9zLmN1bHR1cmEuY2RteC5nb2IubXgv\" target=\"_blank\" rel=\"noopener noreferrer\" data-auth=\"NotApplicable\" data-linkindex=\"0\">www.teatros.cultura.cdmx.gob.mx<\/a>\u00a0o la aplicaci\u00f3n\u00a0<strong>TeatrosCDMX<\/strong>, disponible en los sistemas operativos Android e IOS y en las redes sociales: Facebook @TeatrosCdMexico, Twitter @TeatrosCdMexico e Instagram @teatroscdmexico.<\/p>\n<div dir=\"auto\"><a class=\"x1i10hfl xjbqb8w x6umtig x1b1mbwd xaqea5y xav7gou x9f619 x1ypdohk xt0psk2 xe8uvvx xdj266r x11i5rnm xat24cr x1mh8g0r xexx8yu x4uap5 x18d9i69 xkhd6sd x16tdsg8 x1hl2dhg xggy1nq x1a2a7pz xt0b8zv x1qq9wsj xo1l8bm\" tabindex=\"0\" role=\"link\" href=\"https:\/\/www.facebook.com\/hashtag\/reset?__eep__=6&amp;__cft__[0]=AZU79lYWI0gP6abQZLNnqVbVkNN05nySn0K_EK_VasacCcQ2ZFhEm5Ao5gFEIdGsnZRFVnwOAr4lmQgXbzom_iWml7DXT_IFGt08ZOkC-8BoNv3qRQtG6eeuWszLgpmwvxE&amp;__tn__=*NK-R\">#reset<\/a><\/div>\n<div dir=\"auto\"><a class=\"x1i10hfl xjbqb8w x6umtig x1b1mbwd xaqea5y xav7gou x9f619 x1ypdohk xt0psk2 xe8uvvx xdj266r x11i5rnm xat24cr x1mh8g0r xexx8yu x4uap5 x18d9i69 xkhd6sd x16tdsg8 x1hl2dhg xggy1nq x1a2a7pz xt0b8zv x1qq9wsj xo1l8bm\" tabindex=\"0\" role=\"link\" href=\"https:\/\/www.facebook.com\/hashtag\/foroapocono?__eep__=6&amp;__cft__[0]=AZU79lYWI0gP6abQZLNnqVbVkNN05nySn0K_EK_VasacCcQ2ZFhEm5Ao5gFEIdGsnZRFVnwOAr4lmQgXbzom_iWml7DXT_IFGt08ZOkC-8BoNv3qRQtG6eeuWszLgpmwvxE&amp;__tn__=*NK-R\">#ForoAPocoNo<\/a><\/div>\n<div dir=\"auto\"><a class=\"x1i10hfl xjbqb8w x6umtig x1b1mbwd xaqea5y xav7gou x9f619 x1ypdohk xt0psk2 xe8uvvx xdj266r x11i5rnm xat24cr x1mh8g0r xexx8yu x4uap5 x18d9i69 xkhd6sd x16tdsg8 x1hl2dhg xggy1nq x1a2a7pz xt0b8zv x1qq9wsj xo1l8bm\" tabindex=\"0\" role=\"link\" href=\"https:\/\/www.facebook.com\/hashtag\/bitacoracdmx?__eep__=6&amp;__cft__[0]=AZU79lYWI0gP6abQZLNnqVbVkNN05nySn0K_EK_VasacCcQ2ZFhEm5Ao5gFEIdGsnZRFVnwOAr4lmQgXbzom_iWml7DXT_IFGt08ZOkC-8BoNv3qRQtG6eeuWszLgpmwvxE&amp;__tn__=*NK-R\">#bitacoracdmx<\/a><\/div>\n<p>[\/fusion_text][fusion_imageframe image_id=&#8221;51050|medium&#8221; max_width=&#8221;&#8221; style_type=&#8221;&#8221; blur=&#8221;&#8221; stylecolor=&#8221;&#8221; hover_type=&#8221;none&#8221; bordersize=&#8221;&#8221; bordercolor=&#8221;&#8221; borderradius=&#8221;&#8221; align=&#8221;none&#8221; lightbox=&#8221;no&#8221; gallery_id=&#8221;&#8221; lightbox_image=&#8221;&#8221; lightbox_image_id=&#8221;&#8221; alt=&#8221;&#8221; link=&#8221;&#8221; linktarget=&#8221;_self&#8221; hide_on_mobile=&#8221;small-visibility,medium-visibility,large-visibility&#8221; class=&#8221;&#8221; id=&#8221;&#8221; animation_type=&#8221;&#8221; animation_direction=&#8221;left&#8221; animation_speed=&#8221;0.3&#8243; animation_offset=&#8221;&#8221;]https:\/\/www.bitacoracdmx.com\/wp-content\/uploads\/2023\/05\/345207470_930335518310335_1610196471161887503_n-216&#215;300.jpg[\/fusion_imageframe][\/fusion_builder_column][\/fusion_builder_row][\/fusion_builder_container]<\/p>\n","protected":false},"excerpt":{"rendered":"<p>[fusion_builder_container hundred_percent=&#8221;no&#8221; equal_height_columns=&#8221;no&#8221; menu_anchor=&#8221;&#8221; hide_on_mobile=&#8221;small-visibility,medium-visibility,large-visibility&#8221; class=&#8221;&#8221; id=&#8221;&#8221; background_color=&#8221;&#8221; background_image=&#8221;&#8221; background_position=&#8221;center center&#8221; background_repeat=&#8221;no-repeat&#8221; fade=&#8221;no&#8221; background_parallax=&#8221;none&#8221; parallax_speed=&#8221;0.3&#8243; video_mp4=&#8221;&#8221; video_webm=&#8221;&#8221; video_ogv=&#8221;&#8221; video_url=&#8221;&#8221; video_aspect_ratio=&#8221;16:9&#8243; video_loop=&#8221;yes&#8221; video_mute=&#8221;yes&#8221; overlay_color=&#8221;&#8221; video_preview_image=&#8221;&#8221; border_size=&#8221;&#8221; border_color=&#8221;&#8221; border_style=&#8221;solid&#8221; padding_top=&#8221;&#8221; padding_bottom=&#8221;&#8221; padding_left=&#8221;&#8221; padding_right=&#8221;&#8221;][fusion_builder_row][fusion_builder_column type=&#8221;1_1&#8243; layout=&#8221;1_1&#8243; background_position=&#8221;left top&#8221; background_color=&#8221;&#8221; border_size=&#8221;&#8221; border_color=&#8221;&#8221; border_style=&#8221;solid&#8221; border_position=&#8221;all&#8221; spacing=&#8221;yes&#8221; background_image=&#8221;&#8221; background_repeat=&#8221;no-repeat&#8221; padding_top=&#8221;&#8221; padding_right=&#8221;&#8221; padding_bottom=&#8221;&#8221; padding_left=&#8221;&#8221; margin_top=&#8221;0px&#8221; margin_bottom=&#8221;0px&#8221; class=&#8221;&#8221; id=&#8221;&#8221; animation_type=&#8221;&#8221; animation_speed=&#8221;0.3&#8243; animation_direction=&#8221;left&#8221; hide_on_mobile=&#8221;small-visibility,medium-visibility,large-visibility&#8221; center_content=&#8221;no&#8221; last=&#8221;no&#8221; min_height=&#8221;&#8221; hover_type=&#8221;none&#8221; link=&#8221;&#8221;][fusion_text] REDACCI\u00d3N Dirigida e interpretada por Yansi M\u00e9ndez y Luis Galaviz, la propuesta tendr\u00e1 cuatro \u00fanicas funciones en el Foro A Poco No \u200bUna exploraci\u00f3n danc\u00edstica por m\u00faltiples conceptos dicot\u00f3micos que muestran c\u00f3mo la sociedad tiende a generar ciclos que se [&hellip;]<\/p>\n","protected":false},"author":1,"featured_media":51050,"comment_status":"open","ping_status":"open","sticky":false,"template":"","format":"standard","meta":{"footnotes":""},"categories":[9,14],"tags":[],"_links":{"self":[{"href":"https:\/\/www.bitacoracdmx.com\/index.php?rest_route=\/wp\/v2\/posts\/51049"}],"collection":[{"href":"https:\/\/www.bitacoracdmx.com\/index.php?rest_route=\/wp\/v2\/posts"}],"about":[{"href":"https:\/\/www.bitacoracdmx.com\/index.php?rest_route=\/wp\/v2\/types\/post"}],"author":[{"embeddable":true,"href":"https:\/\/www.bitacoracdmx.com\/index.php?rest_route=\/wp\/v2\/users\/1"}],"replies":[{"embeddable":true,"href":"https:\/\/www.bitacoracdmx.com\/index.php?rest_route=%2Fwp%2Fv2%2Fcomments&post=51049"}],"version-history":[{"count":1,"href":"https:\/\/www.bitacoracdmx.com\/index.php?rest_route=\/wp\/v2\/posts\/51049\/revisions"}],"predecessor-version":[{"id":51051,"href":"https:\/\/www.bitacoracdmx.com\/index.php?rest_route=\/wp\/v2\/posts\/51049\/revisions\/51051"}],"wp:featuredmedia":[{"embeddable":true,"href":"https:\/\/www.bitacoracdmx.com\/index.php?rest_route=\/wp\/v2\/media\/51050"}],"wp:attachment":[{"href":"https:\/\/www.bitacoracdmx.com\/index.php?rest_route=%2Fwp%2Fv2%2Fmedia&parent=51049"}],"wp:term":[{"taxonomy":"category","embeddable":true,"href":"https:\/\/www.bitacoracdmx.com\/index.php?rest_route=%2Fwp%2Fv2%2Fcategories&post=51049"},{"taxonomy":"post_tag","embeddable":true,"href":"https:\/\/www.bitacoracdmx.com\/index.php?rest_route=%2Fwp%2Fv2%2Ftags&post=51049"}],"curies":[{"name":"wp","href":"https:\/\/api.w.org\/{rel}","templated":true}]}}