{"id":51052,"date":"2023-05-05T22:20:21","date_gmt":"2023-05-05T22:20:21","guid":{"rendered":"https:\/\/www.bitacoracdmx.com\/?p=51052"},"modified":"2023-05-05T22:20:21","modified_gmt":"2023-05-05T22:20:21","slug":"arbol-rojo-presenta-nucleos-para-sus-6-anos","status":"publish","type":"post","link":"https:\/\/www.bitacoracdmx.com\/?p=51052","title":{"rendered":"\u201c\u00c1rbol Rojo presenta N\u00facleos para sus 6 a\u00f1os\u201d"},"content":{"rendered":"<p>[fusion_builder_container hundred_percent=&#8221;no&#8221; equal_height_columns=&#8221;no&#8221; menu_anchor=&#8221;&#8221; hide_on_mobile=&#8221;small-visibility,medium-visibility,large-visibility&#8221; class=&#8221;&#8221; id=&#8221;&#8221; background_color=&#8221;&#8221; background_image=&#8221;&#8221; background_position=&#8221;center center&#8221; background_repeat=&#8221;no-repeat&#8221; fade=&#8221;no&#8221; background_parallax=&#8221;none&#8221; parallax_speed=&#8221;0.3&#8243; video_mp4=&#8221;&#8221; video_webm=&#8221;&#8221; video_ogv=&#8221;&#8221; video_url=&#8221;&#8221; video_aspect_ratio=&#8221;16:9&#8243; video_loop=&#8221;yes&#8221; video_mute=&#8221;yes&#8221; overlay_color=&#8221;&#8221; video_preview_image=&#8221;&#8221; border_size=&#8221;&#8221; border_color=&#8221;&#8221; border_style=&#8221;solid&#8221; padding_top=&#8221;&#8221; padding_bottom=&#8221;&#8221; padding_left=&#8221;&#8221; padding_right=&#8221;&#8221;][fusion_builder_row][fusion_builder_column type=&#8221;1_1&#8243; layout=&#8221;1_1&#8243; background_position=&#8221;left top&#8221; background_color=&#8221;&#8221; border_size=&#8221;&#8221; border_color=&#8221;&#8221; border_style=&#8221;solid&#8221; border_position=&#8221;all&#8221; spacing=&#8221;yes&#8221; background_image=&#8221;&#8221; background_repeat=&#8221;no-repeat&#8221; padding_top=&#8221;&#8221; padding_right=&#8221;&#8221; padding_bottom=&#8221;&#8221; padding_left=&#8221;&#8221; margin_top=&#8221;0px&#8221; margin_bottom=&#8221;0px&#8221; class=&#8221;&#8221; id=&#8221;&#8221; animation_type=&#8221;&#8221; animation_speed=&#8221;0.3&#8243; animation_direction=&#8221;left&#8221; hide_on_mobile=&#8221;small-visibility,medium-visibility,large-visibility&#8221; center_content=&#8221;no&#8221; last=&#8221;no&#8221; min_height=&#8221;&#8221; hover_type=&#8221;none&#8221; link=&#8221;&#8221;][fusion_text]<\/p>\n<p>REDACCI\u00d3N<\/p>\n<ul>\n<li>\n<h3 class=\"x_null\"><em>\u00c1rbol Rojo presenta la imagen oficial, sedes, fechas y actividades de formaci\u00f3n para celebrar su sexto aniversario, que ser\u00e1 el n\u00facleo de un ecosistema cinematogr\u00e1fico que florece y evoluciona del 29 de junio al 9 de julio en Chetumal, Bacalar, Mahahual y del 14 al 16 de julio en Canc\u00fan.<\/em><\/h3>\n<\/li>\n<\/ul>\n<h3 class=\"x_null\">El d\u00eda de hoy se presentaron los primeros detalles de lo que ser\u00e1 la celebraci\u00f3n por el 6to aniversario de la asociaci\u00f3n civil \u00c1rbol Rojo, encargada de promover la vinculaci\u00f3n entre los p\u00fablicos, la naturaleza y el arte cinematogr\u00e1fica en el sureste de M\u00e9xico.<\/h3>\n<h3 class=\"x_null\">Alejandro Silveira, director de \u00c1rbol Rojo, detall\u00f3 que las fechas en que se llevar\u00e1 a cabo esta celebraci\u00f3n ser\u00e1n del\u00a0<strong>29 de junio al 9 de julio, en Chetumal, Bacalar y Mahahual<\/strong>\u00a0y por primera vez, del\u00a0<strong>14 al 16 de julio en Canc\u00fan<\/strong>, gracias a la alianza con el Centro Universitario de Artes Visuales y Esc\u00e9nicas de Canc\u00fan FILMA.<\/h3>\n<h3 class=\"x_null\">As\u00ed mismo, se devel\u00f3 la imagen oficial de este aniversario:\u00a0<strong>\u00abN\u00facleos: Primordial. Latente. Vital\u00bb<\/strong>. La imagen creada por las artistas visuales, Mar\u00eda Elisa Mercader Valencia y Lauren Vargas, representa la idea de evoluci\u00f3n, donde continuando con la l\u00ednea narrativa de la edici\u00f3n anterior buscan plantear el crecimiento de aquellas ra\u00edces que ahora florecen en una continua evoluci\u00f3n, como un organismo en constante aprendizaje y desarrollo. El cineminuto de este a\u00f1o correr\u00e1 bajo esta l\u00ednea gr\u00e1fica y estar\u00e1 a cargo del equipo de Apix Films, quienes una vez m\u00e1s se sumar\u00e1n como presentadores de nuestro aniversario.<\/h3>\n<h3 class=\"x_null\">Las sedes de esta edici\u00f3n ser\u00e1n el Planetario Yook\u2019ol Kaab y Cin\u00e9polis en Chetumal, el emblem\u00e1tico Fuerte de San Felipe y el Anfiteatro de Bacalar, la explanada del Faro de Mahahual y el Teatro Alamos de Canc\u00fan, en donde todas nuestras funciones ser\u00e1n gratuitas, reiterando nuestro compromiso con la gente, quienes a lo largo de 6 a\u00f1os han sido nuestro motor y soporte para el crecimiento.<\/h3>\n<h3 class=\"x_null\">En esta ocasi\u00f3n se prepara una programaci\u00f3n titulada\u00a0<strong>\u201cCosmovisiones\u201d<\/strong>\u00a0que incluye una selecta y cuidadosa programaci\u00f3n de cintas que presentan un panorama actual del mundo desde el documental, la ficci\u00f3n, el cine de terror, la ciencia ficci\u00f3n y la fantas\u00eda. La tradicional\u00a0<strong>\u201cNoche de diversidad\u201d\u00a0<\/strong>en alianza con la asociaci\u00f3n civil Queertana Roo, y la secci\u00f3n \u201c<strong>Cine y g\u00e9nero<\/strong>\u201d, que incluir\u00e1 un foro de di\u00e1logo enfocado en la figura de la mujer en la industria cinematogr\u00e1fica, realizada en alianza con el Instituto Quintanarroense de la Mujer.<\/h3>\n<h3 class=\"x_null\">El \u00e1rea de formaci\u00f3n estar\u00e1 enfocada en la creaci\u00f3n integral de una pel\u00edcula y contar\u00e1 con el seminario virtual\u00a0<strong>\u201c\u00bfC\u00f3mo realizar tu \u00f3pera prima?\u201d<\/strong>\u00a0que ser\u00e1 impartido en alianza con Machete, productora de pel\u00edculas como Huesera, La Jaula de Oro y A\u00f1o Bisiesto, entre otras.<\/h3>\n<h3 class=\"x_null\">De la misma manera, la animadora nominada 5 veces al Ariel y participante del crew mexicano en \u201cPinocchio de Guillermo del Toro\u201d (2022) Sof\u00eda Carrillo, ofrecer\u00e1 un\u00a0<strong>\u201cTaller virtual de animaci\u00f3n\u201d<\/strong>, gracias a la alianza con Ci\u00e9nega Talleres.<\/h3>\n<h3 class=\"x_null\">Y por \u00faltimo contaremos con la presencia de Apix Films, quienes se suman con un taller presencial para la gente de Chetumal y Bacalar.<\/h3>\n<h3 class=\"x_null\">Muy pronto daremos a conocer los detalles, fechas y convocatoria de cada uno de estos talleres.<\/h3>\n<h3 class=\"x_null\">Agradecemos al Hotel Our H\u00e1bitas Bacalar, Disco Macs, Mezcal Amares y Mazorca Negra por su invaluable apoyo en la realizaci\u00f3n de esta Presentaci\u00f3n de los 6 a\u00f1os de \u00c1rbol Rojo y por supuesto al Instituto de la Cultura y las Artes de Quintana Roo por presentar de la mano con \u00c1rbol Rojo la programaci\u00f3n de este a\u00f1o. Gracias a todos los aliados que se siguen sumando para traer Cine y cultura al Sur.<\/h3>\n<h3 class=\"x_null\">Del 29 de junio al 9 de julio y del 14 al 16 de julio ac\u00e9rcate al N\u00facleo, y se parte de esta transformaci\u00f3n en cualquiera de sus ecosistemas en sus 4 sedes.<\/h3>\n<div dir=\"auto\"><a class=\"x1i10hfl xjbqb8w x6umtig x1b1mbwd xaqea5y xav7gou x9f619 x1ypdohk xt0psk2 xe8uvvx xdj266r x11i5rnm xat24cr x1mh8g0r xexx8yu x4uap5 x18d9i69 xkhd6sd x16tdsg8 x1hl2dhg xggy1nq x1a2a7pz xt0b8zv x1qq9wsj xo1l8bm\" tabindex=\"0\" role=\"link\" href=\"https:\/\/www.facebook.com\/hashtag\/primordiallatentevital?__eep__=6&amp;__cft__[0]=AZUuXcRve_Eh0Z21wyhjUzQHMCuaoPIem0SDvS4QdhOvoIEkGRTpNbOlLp41on6gbQflzmJvgUI2Ar4so-PBuxSdAOzoa0j-p635nebzhXOxBKM6mXGE0lhzgt-q1mn7evs&amp;__tn__=*NK-R\">#PrimordialLatenteVital<\/a><\/div>\n<div dir=\"auto\"><a class=\"x1i10hfl xjbqb8w x6umtig x1b1mbwd xaqea5y xav7gou x9f619 x1ypdohk xt0psk2 xe8uvvx xdj266r x11i5rnm xat24cr x1mh8g0r xexx8yu x4uap5 x18d9i69 xkhd6sd x16tdsg8 x1hl2dhg xggy1nq x1a2a7pz xt0b8zv x1qq9wsj xo1l8bm\" tabindex=\"0\" role=\"link\" href=\"https:\/\/www.facebook.com\/hashtag\/somoselfestivaldelsur?__eep__=6&amp;__cft__[0]=AZUuXcRve_Eh0Z21wyhjUzQHMCuaoPIem0SDvS4QdhOvoIEkGRTpNbOlLp41on6gbQflzmJvgUI2Ar4so-PBuxSdAOzoa0j-p635nebzhXOxBKM6mXGE0lhzgt-q1mn7evs&amp;__tn__=*NK-R\">#SomosElFestivalDelSur<\/a><\/div>\n<div dir=\"auto\"><a class=\"x1i10hfl xjbqb8w x6umtig x1b1mbwd xaqea5y xav7gou x9f619 x1ypdohk xt0psk2 xe8uvvx xdj266r x11i5rnm xat24cr x1mh8g0r xexx8yu x4uap5 x18d9i69 xkhd6sd x16tdsg8 x1hl2dhg xggy1nq x1a2a7pz xt0b8zv x1qq9wsj xo1l8bm\" tabindex=\"0\" role=\"link\" href=\"https:\/\/www.facebook.com\/hashtag\/6a%C3%B1os?__eep__=6&amp;__cft__[0]=AZUuXcRve_Eh0Z21wyhjUzQHMCuaoPIem0SDvS4QdhOvoIEkGRTpNbOlLp41on6gbQflzmJvgUI2Ar4so-PBuxSdAOzoa0j-p635nebzhXOxBKM6mXGE0lhzgt-q1mn7evs&amp;__tn__=*NK-R\">#6a\u00f1os<\/a><\/div>\n<div dir=\"auto\"><a class=\"x1i10hfl xjbqb8w x6umtig x1b1mbwd xaqea5y xav7gou x9f619 x1ypdohk xt0psk2 xe8uvvx xdj266r x11i5rnm xat24cr x1mh8g0r xexx8yu x4uap5 x18d9i69 xkhd6sd x16tdsg8 x1hl2dhg xggy1nq x1a2a7pz xt0b8zv x1qq9wsj xo1l8bm\" tabindex=\"0\" role=\"link\" href=\"https:\/\/www.facebook.com\/hashtag\/bitacoracdmx?__eep__=6&amp;__cft__[0]=AZUuXcRve_Eh0Z21wyhjUzQHMCuaoPIem0SDvS4QdhOvoIEkGRTpNbOlLp41on6gbQflzmJvgUI2Ar4so-PBuxSdAOzoa0j-p635nebzhXOxBKM6mXGE0lhzgt-q1mn7evs&amp;__tn__=*NK-R\">#bitacoracdmx<\/a><\/div>\n<p>[\/fusion_text][fusion_imageframe image_id=&#8221;51053|medium&#8221; max_width=&#8221;&#8221; style_type=&#8221;&#8221; blur=&#8221;&#8221; stylecolor=&#8221;&#8221; hover_type=&#8221;none&#8221; bordersize=&#8221;&#8221; bordercolor=&#8221;&#8221; borderradius=&#8221;&#8221; align=&#8221;none&#8221; lightbox=&#8221;no&#8221; gallery_id=&#8221;&#8221; lightbox_image=&#8221;&#8221; lightbox_image_id=&#8221;&#8221; alt=&#8221;&#8221; link=&#8221;&#8221; linktarget=&#8221;_self&#8221; hide_on_mobile=&#8221;small-visibility,medium-visibility,large-visibility&#8221; class=&#8221;&#8221; id=&#8221;&#8221; animation_type=&#8221;&#8221; animation_direction=&#8221;left&#8221; animation_speed=&#8221;0.3&#8243; animation_offset=&#8221;&#8221;]https:\/\/www.bitacoracdmx.com\/wp-content\/uploads\/2023\/05\/344575788_1014270313316516_2708348228753378022_n-300&#215;158.jpg[\/fusion_imageframe][\/fusion_builder_column][\/fusion_builder_row][\/fusion_builder_container]<\/p>\n","protected":false},"excerpt":{"rendered":"<p>[fusion_builder_container hundred_percent=&#8221;no&#8221; equal_height_columns=&#8221;no&#8221; menu_anchor=&#8221;&#8221; hide_on_mobile=&#8221;small-visibility,medium-visibility,large-visibility&#8221; class=&#8221;&#8221; id=&#8221;&#8221; background_color=&#8221;&#8221; background_image=&#8221;&#8221; background_position=&#8221;center center&#8221; background_repeat=&#8221;no-repeat&#8221; fade=&#8221;no&#8221; background_parallax=&#8221;none&#8221; parallax_speed=&#8221;0.3&#8243; video_mp4=&#8221;&#8221; video_webm=&#8221;&#8221; video_ogv=&#8221;&#8221; video_url=&#8221;&#8221; video_aspect_ratio=&#8221;16:9&#8243; video_loop=&#8221;yes&#8221; video_mute=&#8221;yes&#8221; overlay_color=&#8221;&#8221; video_preview_image=&#8221;&#8221; border_size=&#8221;&#8221; border_color=&#8221;&#8221; border_style=&#8221;solid&#8221; padding_top=&#8221;&#8221; padding_bottom=&#8221;&#8221; padding_left=&#8221;&#8221; padding_right=&#8221;&#8221;][fusion_builder_row][fusion_builder_column type=&#8221;1_1&#8243; layout=&#8221;1_1&#8243; background_position=&#8221;left top&#8221; background_color=&#8221;&#8221; border_size=&#8221;&#8221; border_color=&#8221;&#8221; border_style=&#8221;solid&#8221; border_position=&#8221;all&#8221; spacing=&#8221;yes&#8221; background_image=&#8221;&#8221; background_repeat=&#8221;no-repeat&#8221; padding_top=&#8221;&#8221; padding_right=&#8221;&#8221; padding_bottom=&#8221;&#8221; padding_left=&#8221;&#8221; margin_top=&#8221;0px&#8221; margin_bottom=&#8221;0px&#8221; class=&#8221;&#8221; id=&#8221;&#8221; animation_type=&#8221;&#8221; animation_speed=&#8221;0.3&#8243; animation_direction=&#8221;left&#8221; hide_on_mobile=&#8221;small-visibility,medium-visibility,large-visibility&#8221; center_content=&#8221;no&#8221; last=&#8221;no&#8221; min_height=&#8221;&#8221; hover_type=&#8221;none&#8221; link=&#8221;&#8221;][fusion_text] REDACCI\u00d3N \u00c1rbol Rojo presenta la imagen oficial, sedes, fechas y actividades de formaci\u00f3n para celebrar su sexto aniversario, que ser\u00e1 el n\u00facleo de un ecosistema cinematogr\u00e1fico que florece y evoluciona del 29 de junio al 9 de julio en Chetumal, [&hellip;]<\/p>\n","protected":false},"author":1,"featured_media":51053,"comment_status":"open","ping_status":"open","sticky":false,"template":"","format":"standard","meta":{"footnotes":""},"categories":[3,9],"tags":[],"_links":{"self":[{"href":"https:\/\/www.bitacoracdmx.com\/index.php?rest_route=\/wp\/v2\/posts\/51052"}],"collection":[{"href":"https:\/\/www.bitacoracdmx.com\/index.php?rest_route=\/wp\/v2\/posts"}],"about":[{"href":"https:\/\/www.bitacoracdmx.com\/index.php?rest_route=\/wp\/v2\/types\/post"}],"author":[{"embeddable":true,"href":"https:\/\/www.bitacoracdmx.com\/index.php?rest_route=\/wp\/v2\/users\/1"}],"replies":[{"embeddable":true,"href":"https:\/\/www.bitacoracdmx.com\/index.php?rest_route=%2Fwp%2Fv2%2Fcomments&post=51052"}],"version-history":[{"count":1,"href":"https:\/\/www.bitacoracdmx.com\/index.php?rest_route=\/wp\/v2\/posts\/51052\/revisions"}],"predecessor-version":[{"id":51054,"href":"https:\/\/www.bitacoracdmx.com\/index.php?rest_route=\/wp\/v2\/posts\/51052\/revisions\/51054"}],"wp:featuredmedia":[{"embeddable":true,"href":"https:\/\/www.bitacoracdmx.com\/index.php?rest_route=\/wp\/v2\/media\/51053"}],"wp:attachment":[{"href":"https:\/\/www.bitacoracdmx.com\/index.php?rest_route=%2Fwp%2Fv2%2Fmedia&parent=51052"}],"wp:term":[{"taxonomy":"category","embeddable":true,"href":"https:\/\/www.bitacoracdmx.com\/index.php?rest_route=%2Fwp%2Fv2%2Fcategories&post=51052"},{"taxonomy":"post_tag","embeddable":true,"href":"https:\/\/www.bitacoracdmx.com\/index.php?rest_route=%2Fwp%2Fv2%2Ftags&post=51052"}],"curies":[{"name":"wp","href":"https:\/\/api.w.org\/{rel}","templated":true}]}}