{"id":51492,"date":"2023-05-25T06:14:13","date_gmt":"2023-05-25T06:14:13","guid":{"rendered":"https:\/\/www.bitacoracdmx.com\/?p=51492"},"modified":"2023-05-25T06:14:13","modified_gmt":"2023-05-25T06:14:13","slug":"al-ritmo-de-salsa-la-filarmonica-de-las-artes-gozara-en-la-sala-silvestre-revueltas-del-centro-cultural-ollin-yoliztli","status":"publish","type":"post","link":"https:\/\/www.bitacoracdmx.com\/?p=51492","title":{"rendered":"Al ritmo de Salsa la Filarm\u00f3nica de las Artes gozar\u00e1 en la sala Silvestre Revueltas del Centro Cultural Ollin Yoliztli"},"content":{"rendered":"<p>[fusion_builder_container hundred_percent=&#8221;no&#8221; equal_height_columns=&#8221;no&#8221; menu_anchor=&#8221;&#8221; hide_on_mobile=&#8221;small-visibility,medium-visibility,large-visibility&#8221; class=&#8221;&#8221; id=&#8221;&#8221; background_color=&#8221;&#8221; background_image=&#8221;&#8221; background_position=&#8221;center center&#8221; background_repeat=&#8221;no-repeat&#8221; fade=&#8221;no&#8221; background_parallax=&#8221;none&#8221; parallax_speed=&#8221;0.3&#8243; video_mp4=&#8221;&#8221; video_webm=&#8221;&#8221; video_ogv=&#8221;&#8221; video_url=&#8221;&#8221; video_aspect_ratio=&#8221;16:9&#8243; video_loop=&#8221;yes&#8221; video_mute=&#8221;yes&#8221; overlay_color=&#8221;&#8221; video_preview_image=&#8221;&#8221; border_size=&#8221;&#8221; border_color=&#8221;&#8221; border_style=&#8221;solid&#8221; padding_top=&#8221;&#8221; padding_bottom=&#8221;&#8221; padding_left=&#8221;&#8221; padding_right=&#8221;&#8221;][fusion_builder_row][fusion_builder_column type=&#8221;1_1&#8243; layout=&#8221;1_1&#8243; background_position=&#8221;left top&#8221; background_color=&#8221;&#8221; border_size=&#8221;&#8221; border_color=&#8221;&#8221; border_style=&#8221;solid&#8221; border_position=&#8221;all&#8221; spacing=&#8221;yes&#8221; background_image=&#8221;&#8221; background_repeat=&#8221;no-repeat&#8221; padding_top=&#8221;&#8221; padding_right=&#8221;&#8221; padding_bottom=&#8221;&#8221; padding_left=&#8221;&#8221; margin_top=&#8221;0px&#8221; margin_bottom=&#8221;0px&#8221; class=&#8221;&#8221; id=&#8221;&#8221; animation_type=&#8221;&#8221; animation_speed=&#8221;0.3&#8243; animation_direction=&#8221;left&#8221; hide_on_mobile=&#8221;small-visibility,medium-visibility,large-visibility&#8221; center_content=&#8221;no&#8221; last=&#8221;no&#8221; min_height=&#8221;&#8221; hover_type=&#8221;none&#8221; link=&#8221;&#8221;][fusion_text]<\/p>\n<p>REDACCI\u00d3N<\/p>\n<p><strong>&#8211; A cinco a\u00f1os de la primer Producci\u00f3n con este g\u00e9nero musical, la Filarm\u00f3nica de las Artes renueva el Concierto que fusiona la m\u00fasica cl\u00e1sica con la salsa; actualmente sigue siendo el \u00fanico espect\u00e1culo en M\u00e9xico con este concepto<\/strong><\/p>\n<p><strong>&#8211; El evento llamado \u201cSalsa sinf\u00f3nica Espectacular\u201d se llevar\u00e1 a cabo los d\u00edas 22 y 29 de julio a las 19 horas en la Sala Silvestre Revueltas, del Centro Cultural Ollin Yoliztli, en la Ciudad de M\u00e9xico<\/strong><\/p>\n<p>Durante dos d\u00edas del mes de julio, los amantes de la Filarm\u00f3nica podr\u00e1n bailar al ritmo de la salsa en la sala Silvestre Revueltas, del Centro Cultural Ollin Yoliztli.<\/p>\n<p>Y es que por primera vez en su historia, la Filarm\u00f3nica de las Artes presentar\u00e1 en este recinto la producci\u00f3n \u201cSalsa Sinf\u00f3nica Espectacular\u201d, el primero y hasta el momento \u00fanico Espect\u00e1culo en M\u00e9xico donde se fusionan ambos conceptos.<\/p>\n<p>\u201cPara m\u00ed es un privilegio, un honor, que nos permitan estar en la sala Silvestre Revueltas, que es una sala, considero yo, de nivel internacional, sede de una de las mejores orquestas del pa\u00eds, la Filarm\u00f3nica de la Ciudad de M\u00e9xico.<\/p>\n<p>\u201cY que tengan esta apertura como pol\u00edtica cultural a presentar este tipo de espect\u00e1culos, con este tipo de m\u00fasica, la salsa, que pensar\u00edamos que en un recinto de tal magnitud no se podr\u00eda hacer algo as\u00ed\u201d, explica Enrique Abraham V\u00e9lez Godoy, director de la Filarm\u00f3nica de las Artes.<\/p>\n<p>El director a\u00f1ade que el objetivo es que la salsa sea tocada, ejecutada de una forma diferente, haciendo fraseos, din\u00e1micas, articulaciones, como pocas veces se ha hecho con este g\u00e9nero musical.<\/p>\n<p>\u201cAs\u00ed como hicimos Beethoven el a\u00f1o pasado, las Nueve Sinfon\u00edas, en este recinto del Centro Cultural Ollin Yoliztli, demostrarle al p\u00fablico que tambi\u00e9n podemos hacer este tipo de m\u00fasica de corte comercial, de corte popular, con una destreza impecable, con m\u00fasicos de formaci\u00f3n profesional\u201d, dice V\u00e9lez Godoy.<\/p>\n<p>En el 2018 se present\u00f3 la primera versi\u00f3n de este concierto, mientras que la \u00faltima fue puesta en escena en los tiempos en los que la pandemia empez\u00f3 a disminuir y las autoridades lo permitieron.<\/p>\n<p>\u201cLa Filarm\u00f3nica de las Artes ha buscado la independencia en todas sus producciones, esto se ha demostrado con la creaci\u00f3n de agrupaciones como el Coro de las Artes y la Compa\u00f1\u00eda de Danza de las Artes, pero en este g\u00e9nero es muy complicado\u201d, se\u00f1ala la producci\u00f3n.<\/p>\n<p>\u201cMuchas veces la formaci\u00f3n de los m\u00fasicos de ciertos g\u00e9neros no es tan fina como los m\u00fasicos que hacen m\u00fasica sinf\u00f3nica, y eso es lo que buscamos, para producir contrastes entre pianos y fortes, fraseos, articulaciones, que esta m\u00fasica suene como nunca antes\u201d, a\u00f1ade.<\/p>\n<p>En la nueva versi\u00f3n &#8211;que se presentar\u00e1 los d\u00edas 22 y 29 de julio a las 19 horas\u2014habr\u00e1 cambios en los arreglos, de manera en que los mismos integrantes de la Filarm\u00f3nica sean los m\u00fasicos principales.<\/p>\n<p>\u201cToda la m\u00fasica est\u00e1 escrita, entonces, no tiene porque haber ninguna limitaci\u00f3n, sonar\u00e1 muy claro y estar\u00e1 muy bien ejecutado. Se agregaron temas que han hecho falta, canciones que la gente conoce y ha pedido en las ediciones anteriores\u201d, se\u00f1ala la Filarm\u00f3nica.<\/p>\n<p>Adem\u00e1s, agrega que \u201ccomo en todas las anteriores producciones de salsa, por supuesto que el p\u00fablico podr\u00e1 bailar, esta m\u00fasica es imposible escucharla sin moverse, tenemos sangre latina que nos genera inquietud\u201d.<\/p>\n<p>\u200b<strong>Artista invitada<\/strong><\/p>\n<p>Para esta nueva versi\u00f3n, la Filarm\u00f3nica de las Artes tendr\u00e1 como solista estelar invitada a \u201cLa Bravera\u201d (Karal Esquivel).<\/p>\n<p>\u201cCanta padr\u00edsimo y tiene una presencia muy fuerte en el escenario, adem\u00e1s de ser la \u00fanica mujer en M\u00e9xico con un proyecto como solista con mucha calidad. Se necesita a alguien con mucha energ\u00eda en el escenario, que proyecte y contagie al p\u00fablico\u201d, se\u00f1ala la producci\u00f3n.<\/p>\n<p>En versiones anteriores, la m\u00fasica elaborada ha sido de artistas como Celia Cruz, Rub\u00e9n Blades y Ray Barretto. Adem\u00e1s, al igual que en a\u00f1os anteriores, el p\u00fablico tendr\u00e1 la oportunidad de presumir sus mejores pasos de baile en la Sala Silvestre Revueltas.<\/p>\n<p>Salsa sinf\u00f3nica Espectacular se llevar\u00e1 a cabo los d\u00edas 22 y 29 de julio a las 19 horas en la Sala Silvestre Revueltas del Centro Cultural Ollin Yoliztli. La venta de boletos es a trav\u00e9s del sistema TicketMaster y en las Taquillas del Centro Cultural.<\/p>\n<div dir=\"auto\"><a class=\"x1i10hfl xjbqb8w x6umtig x1b1mbwd xaqea5y xav7gou x9f619 x1ypdohk xt0psk2 xe8uvvx xdj266r x11i5rnm xat24cr x1mh8g0r xexx8yu x4uap5 x18d9i69 xkhd6sd x16tdsg8 x1hl2dhg xggy1nq x1a2a7pz xt0b8zv x1qq9wsj xo1l8bm\" tabindex=\"0\" role=\"link\" href=\"https:\/\/www.facebook.com\/hashtag\/salsasinfonica?__eep__=6&amp;__cft__[0]=AZXqcVivvQgUhUihgt6o0rd0dlFpU_VsC_L_S2HBHfwZf1AgGKn7HT4i9pENNOX_-Cgt9pbgMbfM0DOd1UwK5MFAEGqsdo-eO67crvwzOyI_aZkuQHEOQFqJ6nttEdEPX3Y&amp;__tn__=*NK-R\">#salsasinfonica<\/a><\/div>\n<div dir=\"auto\"><a class=\"x1i10hfl xjbqb8w x6umtig x1b1mbwd xaqea5y xav7gou x9f619 x1ypdohk xt0psk2 xe8uvvx xdj266r x11i5rnm xat24cr x1mh8g0r xexx8yu x4uap5 x18d9i69 xkhd6sd x16tdsg8 x1hl2dhg xggy1nq x1a2a7pz xt0b8zv x1qq9wsj xo1l8bm\" tabindex=\"0\" role=\"link\" href=\"https:\/\/www.facebook.com\/hashtag\/salasilvestrerevueltas?__eep__=6&amp;__cft__[0]=AZXqcVivvQgUhUihgt6o0rd0dlFpU_VsC_L_S2HBHfwZf1AgGKn7HT4i9pENNOX_-Cgt9pbgMbfM0DOd1UwK5MFAEGqsdo-eO67crvwzOyI_aZkuQHEOQFqJ6nttEdEPX3Y&amp;__tn__=*NK-R\">#SalaSilvestreRevueltas<\/a><\/div>\n<div dir=\"auto\"><a class=\"x1i10hfl xjbqb8w x6umtig x1b1mbwd xaqea5y xav7gou x9f619 x1ypdohk xt0psk2 xe8uvvx xdj266r x11i5rnm xat24cr x1mh8g0r xexx8yu x4uap5 x18d9i69 xkhd6sd x16tdsg8 x1hl2dhg xggy1nq x1a2a7pz xt0b8zv x1qq9wsj xo1l8bm\" tabindex=\"0\" role=\"link\" href=\"https:\/\/www.facebook.com\/hashtag\/centroculturalollinyolliztli?__eep__=6&amp;__cft__[0]=AZXqcVivvQgUhUihgt6o0rd0dlFpU_VsC_L_S2HBHfwZf1AgGKn7HT4i9pENNOX_-Cgt9pbgMbfM0DOd1UwK5MFAEGqsdo-eO67crvwzOyI_aZkuQHEOQFqJ6nttEdEPX3Y&amp;__tn__=*NK-R\">#centroculturalollinyolliztli<\/a><\/div>\n<div dir=\"auto\"><a class=\"x1i10hfl xjbqb8w x6umtig x1b1mbwd xaqea5y xav7gou x9f619 x1ypdohk xt0psk2 xe8uvvx xdj266r x11i5rnm xat24cr x1mh8g0r xexx8yu x4uap5 x18d9i69 xkhd6sd x16tdsg8 x1hl2dhg xggy1nq x1a2a7pz xt0b8zv x1qq9wsj xo1l8bm\" tabindex=\"0\" role=\"link\" href=\"https:\/\/www.facebook.com\/hashtag\/bitacoracdmx?__eep__=6&amp;__cft__[0]=AZXqcVivvQgUhUihgt6o0rd0dlFpU_VsC_L_S2HBHfwZf1AgGKn7HT4i9pENNOX_-Cgt9pbgMbfM0DOd1UwK5MFAEGqsdo-eO67crvwzOyI_aZkuQHEOQFqJ6nttEdEPX3Y&amp;__tn__=*NK-R\">#bitacoracdmx<\/a><\/div>\n<p>[\/fusion_text][fusion_imageframe image_id=&#8221;51493|medium&#8221; max_width=&#8221;&#8221; style_type=&#8221;&#8221; blur=&#8221;&#8221; stylecolor=&#8221;&#8221; hover_type=&#8221;none&#8221; bordersize=&#8221;&#8221; bordercolor=&#8221;&#8221; borderradius=&#8221;&#8221; align=&#8221;none&#8221; lightbox=&#8221;no&#8221; gallery_id=&#8221;&#8221; lightbox_image=&#8221;&#8221; lightbox_image_id=&#8221;&#8221; alt=&#8221;&#8221; link=&#8221;&#8221; linktarget=&#8221;_self&#8221; hide_on_mobile=&#8221;small-visibility,medium-visibility,large-visibility&#8221; class=&#8221;&#8221; id=&#8221;&#8221; animation_type=&#8221;&#8221; animation_direction=&#8221;left&#8221; animation_speed=&#8221;0.3&#8243; animation_offset=&#8221;&#8221;]https:\/\/www.bitacoracdmx.com\/wp-content\/uploads\/2023\/05\/348811152_1069805777311926_8679236235157168290_n-300&#215;300.jpg[\/fusion_imageframe][\/fusion_builder_column][\/fusion_builder_row][\/fusion_builder_container]<\/p>\n","protected":false},"excerpt":{"rendered":"<p>[fusion_builder_container hundred_percent=&#8221;no&#8221; equal_height_columns=&#8221;no&#8221; menu_anchor=&#8221;&#8221; hide_on_mobile=&#8221;small-visibility,medium-visibility,large-visibility&#8221; class=&#8221;&#8221; id=&#8221;&#8221; background_color=&#8221;&#8221; background_image=&#8221;&#8221; background_position=&#8221;center center&#8221; background_repeat=&#8221;no-repeat&#8221; fade=&#8221;no&#8221; background_parallax=&#8221;none&#8221; parallax_speed=&#8221;0.3&#8243; video_mp4=&#8221;&#8221; video_webm=&#8221;&#8221; video_ogv=&#8221;&#8221; video_url=&#8221;&#8221; video_aspect_ratio=&#8221;16:9&#8243; video_loop=&#8221;yes&#8221; video_mute=&#8221;yes&#8221; overlay_color=&#8221;&#8221; video_preview_image=&#8221;&#8221; border_size=&#8221;&#8221; border_color=&#8221;&#8221; border_style=&#8221;solid&#8221; padding_top=&#8221;&#8221; padding_bottom=&#8221;&#8221; padding_left=&#8221;&#8221; padding_right=&#8221;&#8221;][fusion_builder_row][fusion_builder_column type=&#8221;1_1&#8243; layout=&#8221;1_1&#8243; background_position=&#8221;left top&#8221; background_color=&#8221;&#8221; border_size=&#8221;&#8221; border_color=&#8221;&#8221; border_style=&#8221;solid&#8221; border_position=&#8221;all&#8221; spacing=&#8221;yes&#8221; background_image=&#8221;&#8221; background_repeat=&#8221;no-repeat&#8221; padding_top=&#8221;&#8221; padding_right=&#8221;&#8221; padding_bottom=&#8221;&#8221; padding_left=&#8221;&#8221; margin_top=&#8221;0px&#8221; margin_bottom=&#8221;0px&#8221; class=&#8221;&#8221; id=&#8221;&#8221; animation_type=&#8221;&#8221; animation_speed=&#8221;0.3&#8243; animation_direction=&#8221;left&#8221; hide_on_mobile=&#8221;small-visibility,medium-visibility,large-visibility&#8221; center_content=&#8221;no&#8221; last=&#8221;no&#8221; min_height=&#8221;&#8221; hover_type=&#8221;none&#8221; link=&#8221;&#8221;][fusion_text] REDACCI\u00d3N &#8211; A cinco a\u00f1os de la primer Producci\u00f3n con este g\u00e9nero musical, la Filarm\u00f3nica de las Artes renueva el Concierto que fusiona la m\u00fasica cl\u00e1sica con la salsa; actualmente sigue siendo el \u00fanico espect\u00e1culo en M\u00e9xico con este concepto [&hellip;]<\/p>\n","protected":false},"author":1,"featured_media":51493,"comment_status":"open","ping_status":"open","sticky":false,"template":"","format":"standard","meta":{"footnotes":""},"categories":[9,11],"tags":[],"_links":{"self":[{"href":"https:\/\/www.bitacoracdmx.com\/index.php?rest_route=\/wp\/v2\/posts\/51492"}],"collection":[{"href":"https:\/\/www.bitacoracdmx.com\/index.php?rest_route=\/wp\/v2\/posts"}],"about":[{"href":"https:\/\/www.bitacoracdmx.com\/index.php?rest_route=\/wp\/v2\/types\/post"}],"author":[{"embeddable":true,"href":"https:\/\/www.bitacoracdmx.com\/index.php?rest_route=\/wp\/v2\/users\/1"}],"replies":[{"embeddable":true,"href":"https:\/\/www.bitacoracdmx.com\/index.php?rest_route=%2Fwp%2Fv2%2Fcomments&post=51492"}],"version-history":[{"count":1,"href":"https:\/\/www.bitacoracdmx.com\/index.php?rest_route=\/wp\/v2\/posts\/51492\/revisions"}],"predecessor-version":[{"id":51494,"href":"https:\/\/www.bitacoracdmx.com\/index.php?rest_route=\/wp\/v2\/posts\/51492\/revisions\/51494"}],"wp:featuredmedia":[{"embeddable":true,"href":"https:\/\/www.bitacoracdmx.com\/index.php?rest_route=\/wp\/v2\/media\/51493"}],"wp:attachment":[{"href":"https:\/\/www.bitacoracdmx.com\/index.php?rest_route=%2Fwp%2Fv2%2Fmedia&parent=51492"}],"wp:term":[{"taxonomy":"category","embeddable":true,"href":"https:\/\/www.bitacoracdmx.com\/index.php?rest_route=%2Fwp%2Fv2%2Fcategories&post=51492"},{"taxonomy":"post_tag","embeddable":true,"href":"https:\/\/www.bitacoracdmx.com\/index.php?rest_route=%2Fwp%2Fv2%2Ftags&post=51492"}],"curies":[{"name":"wp","href":"https:\/\/api.w.org\/{rel}","templated":true}]}}