{"id":51495,"date":"2023-05-25T06:23:21","date_gmt":"2023-05-25T06:23:21","guid":{"rendered":"https:\/\/www.bitacoracdmx.com\/?p=51495"},"modified":"2023-05-25T06:23:21","modified_gmt":"2023-05-25T06:23:21","slug":"celebra-orquesta-filarmonica-de-la-ciudad-de-mexico-centenario-de-nacimiento-de-ligeti-con-pieza","status":"publish","type":"post","link":"https:\/\/www.bitacoracdmx.com\/?p=51495","title":{"rendered":"Celebra ORQUESTA FILARM\u00d3NICA de la CIUDAD DE M\u00c9XICO CENTENARIO de NACIMIENTO de LIGETI con pieza"},"content":{"rendered":"<p>[fusion_builder_container hundred_percent=&#8221;no&#8221; equal_height_columns=&#8221;no&#8221; menu_anchor=&#8221;&#8221; hide_on_mobile=&#8221;small-visibility,medium-visibility,large-visibility&#8221; class=&#8221;&#8221; id=&#8221;&#8221; background_color=&#8221;&#8221; background_image=&#8221;&#8221; background_position=&#8221;center center&#8221; background_repeat=&#8221;no-repeat&#8221; fade=&#8221;no&#8221; background_parallax=&#8221;none&#8221; parallax_speed=&#8221;0.3&#8243; video_mp4=&#8221;&#8221; video_webm=&#8221;&#8221; video_ogv=&#8221;&#8221; video_url=&#8221;&#8221; video_aspect_ratio=&#8221;16:9&#8243; video_loop=&#8221;yes&#8221; video_mute=&#8221;yes&#8221; overlay_color=&#8221;&#8221; video_preview_image=&#8221;&#8221; border_size=&#8221;&#8221; border_color=&#8221;&#8221; border_style=&#8221;solid&#8221; padding_top=&#8221;&#8221; padding_bottom=&#8221;&#8221; padding_left=&#8221;&#8221; padding_right=&#8221;&#8221;][fusion_builder_row][fusion_builder_column type=&#8221;1_1&#8243; layout=&#8221;1_1&#8243; background_position=&#8221;left top&#8221; background_color=&#8221;&#8221; border_size=&#8221;&#8221; border_color=&#8221;&#8221; border_style=&#8221;solid&#8221; border_position=&#8221;all&#8221; spacing=&#8221;yes&#8221; background_image=&#8221;&#8221; background_repeat=&#8221;no-repeat&#8221; padding_top=&#8221;&#8221; padding_right=&#8221;&#8221; padding_bottom=&#8221;&#8221; padding_left=&#8221;&#8221; margin_top=&#8221;0px&#8221; margin_bottom=&#8221;0px&#8221; class=&#8221;&#8221; id=&#8221;&#8221; animation_type=&#8221;&#8221; animation_speed=&#8221;0.3&#8243; animation_direction=&#8221;left&#8221; hide_on_mobile=&#8221;small-visibility,medium-visibility,large-visibility&#8221; center_content=&#8221;no&#8221; last=&#8221;no&#8221; min_height=&#8221;&#8221; hover_type=&#8221;none&#8221; link=&#8221;&#8221;][fusion_text]<\/p>\n<p>REDACCI\u00d3N<\/p>\n<ul>\n<li>Gy\u00f6rgy Ligeti naci\u00f3 el 28 de mayo de 1923 y su pieza Melodien es una de las m\u00e1s emblem\u00e1ticas de su carrera por estar marcada por lo que \u00e9l mismo defini\u00f3 como micropolifon\u00eda, un elemento representativo de su obra<\/li>\n<li>Este concierto ser\u00e1 liderado por el ingl\u00e9s Stephen Ellery, un experimentado director de orquesta y \u00f3pera que ha estado al frente importantes orquestas y filarm\u00f3nicas a nivel internacional y que ahora ser\u00e1 el invitado de honor de la OFCM<\/li>\n<li>Este fin de semana se retoman para esta segunda temporada de 2023, en el vest\u00edbulo de la Sala Silvestre Revueltas, las charlas previas con el director operativo de la OFCM Jos\u00e9 Mar\u00eda Serralde, en esta ocasi\u00f3n con la music\u00f3loga Alejandra Hern\u00e1ndez<\/li>\n<\/ul>\n<p>Los pr\u00f3ximos 27 y 28 de mayo, como parte de su segunda temporada de 2023, la\u00a0<strong>Orquesta Filarm\u00f3nica de la Ciudad de M\u00e9xico (OFCM)<\/strong>, perteneciente a la\u00a0<strong>Secretar\u00eda de Cultura capitalina<\/strong>, celebrar\u00e1 el centenario del nacimiento del c\u00e9lebre compositor h\u00fangaro\u00a0<strong>Gy\u00f6rgy Ligeti<\/strong>\u00a0interpretando su pieza\u00a0<strong><em>Melodien<\/em><\/strong>\u00a0en un concierto en la\u00a0<strong>Sala Silvestre Revueltas del Centro Cultural Ollin Yoliztli.<\/strong><br aria-hidden=\"true\" \/>\u00a0<br aria-hidden=\"true\" \/>El repertorio tambi\u00e9n incluir\u00e1\u00a0<strong><em>Danza negra\u00a0<\/em>de Salvador Contreras, de Hector Berlioz,\u00a0<em>El carnaval romano<\/em>\u00a0y de Antonin Dvo\u0159\u00e1k,\u00a0<em>Serenata, op. 22<\/em><\/strong>, dirigidas por el ingl\u00e9s\u00a0<strong>Stephen Ellery<\/strong>, un experimentado director de orquesta y \u00f3pera que recientemente estuvo al frente de la London Symphony Orchestra (LSO), la Filarm\u00f3nia de Cracovia y la Filarm\u00f3nica de Osaka, entre otras.<br aria-hidden=\"true\" \/>\u00a0<br aria-hidden=\"true\" \/>Gy\u00f6rgy Ligeti, nacido el 28 de mayo de 1923 en Rumania, compuso\u00a0<em>Melodien<\/em>\u00a0en 1971 por encargo de la ciudad alemana de Nuremberg para conmemorar los 500 a\u00f1os del nacimiento de Alberto Durero, notable pintor y grabador germano.<br aria-hidden=\"true\" \/>\u00a0<br aria-hidden=\"true\" \/>Cuando Ligeti abord\u00f3 el cumplimiento del encargo, su obra ya estaba marcada por uno de los elementos m\u00e1s emblem\u00e1ticos de su lenguaje, al que \u00e9l mismo design\u00f3 como micropolifon\u00eda, y que est\u00e1 particularmente presente en sus obras orquestales.<br aria-hidden=\"true\" \/>\u00a0<br aria-hidden=\"true\" \/>La partitura de\u00a0<em>Melodien<\/em>\u00a0est\u00e1 dedicada a la esposa del compositor, la psicoanalista h\u00fangaro-austriaca Vera Ligeti, cuyo nombre original era Veronika Spitz.<br aria-hidden=\"true\" \/>\u00a0<br aria-hidden=\"true\" \/>El resto del programa est\u00e1 compuesto por\u00a0<em>El carnaval romano<\/em>\u00a0del franc\u00e9s Hector Berlioz; la\u00a0<em>Serenata Op. 22<\/em>, una de las composiciones m\u00e1s conocidas y admiradas de Antonin Dvo\u0159\u00e1k, y es pieza indispensable en el repertorio de toda orquesta de cuerdas; as\u00ed como\u00a0<em>Danza Negra<\/em>\u00a0del guanajuatense Salvador Contreras, uno de los compositores, violinistas y directores de orquesta m\u00e1s prol\u00edficos y maduros que ha dado M\u00e9xico.<br aria-hidden=\"true\" \/>\u00a0<br aria-hidden=\"true\" \/>Los conciertos se realizar\u00e1n los d\u00edas s\u00e1bado 27 de mayo a las 18:00 horas y domingo 28 de mayo a las 12:30 horas, en la Sala Silvestre Revueltas del Centro Cultural Ollin Yoliztli, ubicada en Perif\u00e9rico Sur 5141.<br aria-hidden=\"true\" \/>\u00a0<br aria-hidden=\"true\" \/>Una hora antes de cada concierto, es decir, el s\u00e1bado 17:00 y domingo 11:30 horas, en el vest\u00edbulo de la sala se llevar\u00e1 a cabo una\u00a0<strong>Charla Musical<\/strong>\u00a0con la participaci\u00f3n de la\u00a0<strong>music\u00f3loga Alejandra Hern\u00e1ndez<\/strong>, moderada por el director operativo de la OFCM,\u00a0<strong>Jos\u00e9 Mar\u00eda Serralde.<\/strong><br aria-hidden=\"true\" \/>\u00a0<br aria-hidden=\"true\" \/>Asimismo, como parte del ciclo\u00a0<strong>Miradas a Nuestro Acervo<\/strong>, se har\u00e1 la retransmisi\u00f3n del concierto dirigido por Jos\u00e9 Luis L\u00f3pez Ant\u00f3n interpretando de Franz Joseph Haydn,\u00a0<em>Sinfon\u00eda No. 96, El Milagro<\/em>; de Jos\u00e9 Pablo Moncayo, Sinfonietta; y de Alexander Glazunov,\u00a0\u00a0<em>Sinfon\u00eda No. 4<\/em>. \u00c9sta ser\u00e1 el s\u00e1bado 27 de mayo a las 15:00 horas a trav\u00e9s de la frecuencia de C\u00f3digo Radio y domingo 28 de mayo a las 12:30 horas, en Opus 94 del Instituto Mexicano de la Radio (Imer).<br aria-hidden=\"true\" \/>\u00a0<br aria-hidden=\"true\" \/>Para conocer a detalle toda la agenda de la segunda temporada de 2023 de la Orquesta Filarm\u00f3nica de la Ciudad de M\u00e9xico y todas las actividades de la Secretar\u00eda de Cultura capitalina se puede consultar la Cartelera de la Ciudad de M\u00e9xico (<a href=\"https:\/\/gob.us21.list-manage.com\/track\/click?u=24ab1d8cf82850533a5af327c&amp;id=59dfc1ea84&amp;e=4fe2704bc3\" target=\"_blank\" rel=\"noopener noreferrer\" data-auth=\"NotApplicable\" data-linkindex=\"0\">https:\/\/cartelera.cdmx.gob.mx\/<\/a>)\u00a0 y las redes sociales de la Secretar\u00eda de Cultura: Facebook, Twitter, Instagram y YouTube.<\/p>\n<div dir=\"auto\"><a class=\"x1i10hfl xjbqb8w x6umtig x1b1mbwd xaqea5y xav7gou x9f619 x1ypdohk xt0psk2 xe8uvvx xdj266r x11i5rnm xat24cr x1mh8g0r xexx8yu x4uap5 x18d9i69 xkhd6sd x16tdsg8 x1hl2dhg xggy1nq x1a2a7pz xt0b8zv x1qq9wsj xo1l8bm\" tabindex=\"0\" role=\"link\" href=\"https:\/\/www.facebook.com\/hashtag\/ofcm?__eep__=6&amp;__cft__[0]=AZX00g_RoXx8thOuwBzhYiDkKHZ5fmFeBHQFv9PHhi7YfdPQNgqoYYogNmi6fKyqX7qAkBMG4sb71ZwSOU5T87r3uZ-4RA59d5dTHxGOrmGu4F2I3j1tLlue7IAv9VUnMxg&amp;__tn__=*NK-R\">#OFCM<\/a><\/div>\n<div dir=\"auto\"><a class=\"x1i10hfl xjbqb8w x6umtig x1b1mbwd xaqea5y xav7gou x9f619 x1ypdohk xt0psk2 xe8uvvx xdj266r x11i5rnm xat24cr x1mh8g0r xexx8yu x4uap5 x18d9i69 xkhd6sd x16tdsg8 x1hl2dhg xggy1nq x1a2a7pz xt0b8zv x1qq9wsj xo1l8bm\" tabindex=\"0\" role=\"link\" href=\"https:\/\/www.facebook.com\/hashtag\/secretariadeculturacdmx?__eep__=6&amp;__cft__[0]=AZX00g_RoXx8thOuwBzhYiDkKHZ5fmFeBHQFv9PHhi7YfdPQNgqoYYogNmi6fKyqX7qAkBMG4sb71ZwSOU5T87r3uZ-4RA59d5dTHxGOrmGu4F2I3j1tLlue7IAv9VUnMxg&amp;__tn__=*NK-R\">#secretariadeculturacdmx<\/a><\/div>\n<div dir=\"auto\"><a class=\"x1i10hfl xjbqb8w x6umtig x1b1mbwd xaqea5y xav7gou x9f619 x1ypdohk xt0psk2 xe8uvvx xdj266r x11i5rnm xat24cr x1mh8g0r xexx8yu x4uap5 x18d9i69 xkhd6sd x16tdsg8 x1hl2dhg xggy1nq x1a2a7pz xt0b8zv x1qq9wsj xo1l8bm\" tabindex=\"0\" role=\"link\" href=\"https:\/\/www.facebook.com\/hashtag\/bitacoracdmx?__eep__=6&amp;__cft__[0]=AZX00g_RoXx8thOuwBzhYiDkKHZ5fmFeBHQFv9PHhi7YfdPQNgqoYYogNmi6fKyqX7qAkBMG4sb71ZwSOU5T87r3uZ-4RA59d5dTHxGOrmGu4F2I3j1tLlue7IAv9VUnMxg&amp;__tn__=*NK-R\">#bitacoracdmx<\/a><\/div>\n<p>[\/fusion_text][fusion_imageframe image_id=&#8221;51496|medium&#8221; max_width=&#8221;&#8221; style_type=&#8221;&#8221; blur=&#8221;&#8221; stylecolor=&#8221;&#8221; hover_type=&#8221;none&#8221; bordersize=&#8221;&#8221; bordercolor=&#8221;&#8221; borderradius=&#8221;&#8221; align=&#8221;none&#8221; lightbox=&#8221;no&#8221; gallery_id=&#8221;&#8221; lightbox_image=&#8221;&#8221; lightbox_image_id=&#8221;&#8221; alt=&#8221;&#8221; link=&#8221;&#8221; linktarget=&#8221;_self&#8221; hide_on_mobile=&#8221;small-visibility,medium-visibility,large-visibility&#8221; class=&#8221;&#8221; id=&#8221;&#8221; animation_type=&#8221;&#8221; animation_direction=&#8221;left&#8221; animation_speed=&#8221;0.3&#8243; animation_offset=&#8221;&#8221;]https:\/\/www.bitacoracdmx.com\/wp-content\/uploads\/2023\/05\/d6acb981-9d30-e114-ce0d-686614f2cde9-250&#215;300.jpeg[\/fusion_imageframe][\/fusion_builder_column][\/fusion_builder_row][\/fusion_builder_container]<\/p>\n","protected":false},"excerpt":{"rendered":"<p>[fusion_builder_container hundred_percent=&#8221;no&#8221; equal_height_columns=&#8221;no&#8221; menu_anchor=&#8221;&#8221; hide_on_mobile=&#8221;small-visibility,medium-visibility,large-visibility&#8221; class=&#8221;&#8221; id=&#8221;&#8221; background_color=&#8221;&#8221; background_image=&#8221;&#8221; background_position=&#8221;center center&#8221; background_repeat=&#8221;no-repeat&#8221; fade=&#8221;no&#8221; background_parallax=&#8221;none&#8221; parallax_speed=&#8221;0.3&#8243; video_mp4=&#8221;&#8221; video_webm=&#8221;&#8221; video_ogv=&#8221;&#8221; video_url=&#8221;&#8221; video_aspect_ratio=&#8221;16:9&#8243; video_loop=&#8221;yes&#8221; video_mute=&#8221;yes&#8221; overlay_color=&#8221;&#8221; video_preview_image=&#8221;&#8221; border_size=&#8221;&#8221; border_color=&#8221;&#8221; border_style=&#8221;solid&#8221; padding_top=&#8221;&#8221; padding_bottom=&#8221;&#8221; padding_left=&#8221;&#8221; padding_right=&#8221;&#8221;][fusion_builder_row][fusion_builder_column type=&#8221;1_1&#8243; layout=&#8221;1_1&#8243; background_position=&#8221;left top&#8221; background_color=&#8221;&#8221; border_size=&#8221;&#8221; border_color=&#8221;&#8221; border_style=&#8221;solid&#8221; border_position=&#8221;all&#8221; spacing=&#8221;yes&#8221; background_image=&#8221;&#8221; background_repeat=&#8221;no-repeat&#8221; padding_top=&#8221;&#8221; padding_right=&#8221;&#8221; padding_bottom=&#8221;&#8221; padding_left=&#8221;&#8221; margin_top=&#8221;0px&#8221; margin_bottom=&#8221;0px&#8221; class=&#8221;&#8221; id=&#8221;&#8221; animation_type=&#8221;&#8221; animation_speed=&#8221;0.3&#8243; animation_direction=&#8221;left&#8221; hide_on_mobile=&#8221;small-visibility,medium-visibility,large-visibility&#8221; center_content=&#8221;no&#8221; last=&#8221;no&#8221; min_height=&#8221;&#8221; hover_type=&#8221;none&#8221; link=&#8221;&#8221;][fusion_text] REDACCI\u00d3N Gy\u00f6rgy Ligeti naci\u00f3 el 28 de mayo de 1923 y su pieza Melodien es una de las m\u00e1s emblem\u00e1ticas de su carrera por estar marcada por lo que \u00e9l mismo defini\u00f3 como micropolifon\u00eda, un elemento representativo de su obra [&hellip;]<\/p>\n","protected":false},"author":1,"featured_media":51496,"comment_status":"open","ping_status":"open","sticky":false,"template":"","format":"standard","meta":{"footnotes":""},"categories":[9,11],"tags":[],"_links":{"self":[{"href":"https:\/\/www.bitacoracdmx.com\/index.php?rest_route=\/wp\/v2\/posts\/51495"}],"collection":[{"href":"https:\/\/www.bitacoracdmx.com\/index.php?rest_route=\/wp\/v2\/posts"}],"about":[{"href":"https:\/\/www.bitacoracdmx.com\/index.php?rest_route=\/wp\/v2\/types\/post"}],"author":[{"embeddable":true,"href":"https:\/\/www.bitacoracdmx.com\/index.php?rest_route=\/wp\/v2\/users\/1"}],"replies":[{"embeddable":true,"href":"https:\/\/www.bitacoracdmx.com\/index.php?rest_route=%2Fwp%2Fv2%2Fcomments&post=51495"}],"version-history":[{"count":1,"href":"https:\/\/www.bitacoracdmx.com\/index.php?rest_route=\/wp\/v2\/posts\/51495\/revisions"}],"predecessor-version":[{"id":51497,"href":"https:\/\/www.bitacoracdmx.com\/index.php?rest_route=\/wp\/v2\/posts\/51495\/revisions\/51497"}],"wp:featuredmedia":[{"embeddable":true,"href":"https:\/\/www.bitacoracdmx.com\/index.php?rest_route=\/wp\/v2\/media\/51496"}],"wp:attachment":[{"href":"https:\/\/www.bitacoracdmx.com\/index.php?rest_route=%2Fwp%2Fv2%2Fmedia&parent=51495"}],"wp:term":[{"taxonomy":"category","embeddable":true,"href":"https:\/\/www.bitacoracdmx.com\/index.php?rest_route=%2Fwp%2Fv2%2Fcategories&post=51495"},{"taxonomy":"post_tag","embeddable":true,"href":"https:\/\/www.bitacoracdmx.com\/index.php?rest_route=%2Fwp%2Fv2%2Ftags&post=51495"}],"curies":[{"name":"wp","href":"https:\/\/api.w.org\/{rel}","templated":true}]}}