{"id":51504,"date":"2023-05-25T07:28:37","date_gmt":"2023-05-25T07:28:37","guid":{"rendered":"https:\/\/www.bitacoracdmx.com\/?p=51504"},"modified":"2023-05-25T07:28:37","modified_gmt":"2023-05-25T07:28:37","slug":"logran-programas-educativos-de-las-fabricas-de-artes-y-oficios-certificacion-ante-la-sep","status":"publish","type":"post","link":"https:\/\/www.bitacoracdmx.com\/?p=51504","title":{"rendered":"Logran programas educativos de las F\u00c1BRICAS DE ARTES y OFICIOS CERTIFICACI\u00d3N ante la SEP"},"content":{"rendered":"<p>[fusion_builder_container hundred_percent=&#8221;no&#8221; equal_height_columns=&#8221;no&#8221; menu_anchor=&#8221;&#8221; hide_on_mobile=&#8221;small-visibility,medium-visibility,large-visibility&#8221; class=&#8221;&#8221; id=&#8221;&#8221; background_color=&#8221;&#8221; background_image=&#8221;&#8221; background_position=&#8221;center center&#8221; background_repeat=&#8221;no-repeat&#8221; fade=&#8221;no&#8221; background_parallax=&#8221;none&#8221; parallax_speed=&#8221;0.3&#8243; video_mp4=&#8221;&#8221; video_webm=&#8221;&#8221; video_ogv=&#8221;&#8221; video_url=&#8221;&#8221; video_aspect_ratio=&#8221;16:9&#8243; video_loop=&#8221;yes&#8221; video_mute=&#8221;yes&#8221; overlay_color=&#8221;&#8221; video_preview_image=&#8221;&#8221; border_size=&#8221;&#8221; border_color=&#8221;&#8221; border_style=&#8221;solid&#8221; padding_top=&#8221;&#8221; padding_bottom=&#8221;&#8221; padding_left=&#8221;&#8221; padding_right=&#8221;&#8221;][fusion_builder_row][fusion_builder_column type=&#8221;1_1&#8243; layout=&#8221;1_1&#8243; background_position=&#8221;left top&#8221; background_color=&#8221;&#8221; border_size=&#8221;&#8221; border_color=&#8221;&#8221; border_style=&#8221;solid&#8221; border_position=&#8221;all&#8221; spacing=&#8221;yes&#8221; background_image=&#8221;&#8221; background_repeat=&#8221;no-repeat&#8221; padding_top=&#8221;&#8221; padding_right=&#8221;&#8221; padding_bottom=&#8221;&#8221; padding_left=&#8221;&#8221; margin_top=&#8221;0px&#8221; margin_bottom=&#8221;0px&#8221; class=&#8221;&#8221; id=&#8221;&#8221; animation_type=&#8221;&#8221; animation_speed=&#8221;0.3&#8243; animation_direction=&#8221;left&#8221; hide_on_mobile=&#8221;small-visibility,medium-visibility,large-visibility&#8221; center_content=&#8221;no&#8221; last=&#8221;no&#8221; min_height=&#8221;&#8221; hover_type=&#8221;none&#8221; link=&#8221;&#8221;][fusion_text]<\/p>\n<p>REDACCI\u00d3N<\/p>\n<table class=\"x_mcnTextBlock\" border=\"0\" width=\"100%\" cellspacing=\"0\" cellpadding=\"0\">\n<tbody class=\"x_mcnTextBlockOuter\">\n<tr>\n<td class=\"x_mcnTextBlockInner\" valign=\"top\">\n<table class=\"x_mcnTextContentContainer\" border=\"0\" width=\"100%\" cellspacing=\"0\" cellpadding=\"0\" align=\"left\">\n<tbody>\n<tr>\n<td class=\"x_mcnTextContent\" valign=\"top\">\n<ul>\n<li>Se otorga el reconocimiento a los saberes y planes de estudio de las especialidades: Producci\u00f3n Pl\u00e1stica en Arte Monumental, de la FARO Oriente; Cine y Producci\u00f3n Audiovisual, de la FARO Arag\u00f3n y Actuaci\u00f3n y Producci\u00f3n Esc\u00e9nica en la FARO Cosmos<\/li>\n<li>Este esfuerzo busca contribuir a las y los egresados para consolidar herramientas que les permitan ingresar con mayor fortaleza en el mundo laboral, lograr un empoderamiento econ\u00f3mico y contribuir al desarrollo cultural<\/li>\n<li>Este modelo de educaci\u00f3n con alto impacto comunitario se ha replicado en ocho FAROS y cuatro Centros Culturales que son: Oriente, Indios Verdes, Tl\u00e1huac Arag\u00f3n, Cosmos, Azcapotzalco, Miacatl\u00e1n y Tec\u00f3mitl as\u00ed como El Rule, Comunidad de Saberes, el Centro Cultural Jos\u00e9 Mart\u00ed, el Centro Cultural La Pir\u00e1mide y el Centro Cultural Xavier Villaurrutia<\/li>\n<\/ul>\n<p>La\u00a0<strong>Secretar\u00eda de Cultura capitalina<\/strong>\u00a0informa que las\u00a0<strong>F\u00e1bricas de Artes y Oficios\u00a0<\/strong>(<strong>FAROS<\/strong>) lograron el\u00a0<strong>reconocimiento\u00a0<\/strong>ante la\u00a0<strong>Secretar\u00eda de Educaci\u00f3n P\u00fablica<\/strong>\u00a0(SEP)\u00a0<strong>de sus saberes y planes de estudio en tres especialidades: Producci\u00f3n Pl\u00e1stica en Arte Monumental, de la FARO Oriente; Cine y Producci\u00f3n Audiovisual, de la FARO Arag\u00f3n; y Actuaci\u00f3n y Producci\u00f3n Esc\u00e9nica en la FARO Cosmos.<\/strong><br aria-hidden=\"true\" \/>\u00a0<br aria-hidden=\"true\" \/>La firma de entrega del reconocimiento de validez oficial estuvo encabezada por la\u00a0<strong>secretaria de Cultura\u00a0 local, Claudia Curiel de Icaza;<\/strong>\u00a0acompa\u00f1ada de la\u00a0<strong>subsecretaria de Educaci\u00f3n Media Superior de la SEP, Nora Ruvalcaba G\u00e1mez<\/strong>; as\u00ed como de la directora general de Vinculaci\u00f3n Cultural Comunitaria de esta dependencia cultural, Magali Cadena Amador; y de Epigmenio Ibarra y Ver\u00f3nica Velasco, de ARGOS Media Group, quienes enfatizaron que este esfuerzo busca empoderar de manera laboral y econ\u00f3mica a la comunidad cultural.<br aria-hidden=\"true\" \/>\u00a0<br aria-hidden=\"true\" \/>&#8220;Esta certificaci\u00f3n no surge a trav\u00e9s de esta Secretar\u00eda con la idea de que hay que institucionalizar todo y hay que certificarlos, es al rev\u00e9s: viene de ustedes como comunidad a lo largo de un trabajo de a\u00f1os de solicitar la conformaci\u00f3n de estos programas y dar hoy vida oficial a estos oficios con los que han trabajado&#8221;, comparti\u00f3 Curiel de Icaza desde FARO Cosmos.<br aria-hidden=\"true\" \/>\u00a0<br aria-hidden=\"true\" \/>La secretaria de Cultura celebr\u00f3 este reconocimiento como un gran avance en la educaci\u00f3n formal que impulsa el gobierno capitalino, a trav\u00e9s de las FAROS y los Puntos de Innovaci\u00f3n Libertad, Arte, Educaci\u00f3n y Saberes (PILARES), centros comunitarios que est\u00e1n en las 16 alcald\u00edas, para descentralizar el acceso a la cultura y el ejercicio de los derechos culturales.<br aria-hidden=\"true\" \/>\u00a0<br aria-hidden=\"true\" \/>Asimismo, Curiel de Icaza agradeci\u00f3 el apoyo de ARGOS Media para el acercamiento al campo laboral de los asistentes a estos espacios formativos en una industria que ha hecho de la Ciudad de M\u00e9xico la Capital Audiovisual de Am\u00e9rica Latina.<br aria-hidden=\"true\" \/>\u00a0<br aria-hidden=\"true\" \/>En este sentido, Nora Ruvalcaba G\u00e1mez felicit\u00f3 los procesos educativos y comunitarios que se dan en estos espacios para promover la disminuci\u00f3n de brecha salarial y de g\u00e9nero en el gremio cultural, as\u00ed como insertar a la poblaci\u00f3n en carreras t\u00e9cnicas mediante una educaci\u00f3n de excelencia con validez oficial.<br aria-hidden=\"true\" \/>\u00a0<br aria-hidden=\"true\" \/>&#8220;Las FAROS nos han representado en todo el mundo, en Am\u00e9rica Latina y Europa, pero, aunque muchos lo sab\u00edamos y muchos lo saben, no hab\u00edamos podido mostrar, nos guste o no, en un mundo meritocr\u00e1tico, un documento que avale todos estos saberes y que el d\u00eda de hoy se hace posible gracias a la voluntad de la SEP&#8221;, expres\u00f3 la directora general de Vinculaci\u00f3n Cultural Comunitaria, Magali Cadena, al recordar el surgimiento de este modelo de iniciaci\u00f3n art\u00edstica y educaci\u00f3n no formal en el a\u00f1o 2000.<br aria-hidden=\"true\" \/>\u00a0<br aria-hidden=\"true\" \/>Gracias a los resultados comprobados de este exitoso modelo de intervenci\u00f3n comunitaria que busca, a trav\u00e9s de su oferta propiciar el ejercicio de los Derechos Culturales de las poblaciones vulnerables en la ciudad, son certificados -gracias al apoyo de la\u00a0<strong>Direcci\u00f3n General de Centros de Formaci\u00f3n para el Trabajo\u00a0<\/strong>(DGCFT)- con el Reconocimiento de Validez Oficial de Estudios en las especialidades de\u00a0<strong>Producci\u00f3n Pl\u00e1stica en Arte Monumental, de la FARO Oriente; Cine y Producci\u00f3n Audiovisual, de la FARO Arag\u00f3n\u00a0<\/strong>y\u00a0<strong>Actuaci\u00f3n y Producci\u00f3n Esc\u00e9nica en la FARO Cosmos<\/strong>.<br aria-hidden=\"true\" \/>\u00a0<br aria-hidden=\"true\" \/>Por su parte, Epigmenio Ibarra, director general de ARGOS, y Ver\u00f3nica Velasco, directora general de Contenido y Producci\u00f3n Original de la productora, aplaudieron estas pol\u00edticas p\u00fablicas que rompen los patrones de centralizaci\u00f3n de la formaci\u00f3n y el consumo cultural para lograr abrir espacios de profesionalizaci\u00f3n en una industria importante en esta capital que democratiza el acceso al conocimiento y herramientas profesionales a trav\u00e9s su validez oficial.<br aria-hidden=\"true\" \/>\u00a0<br aria-hidden=\"true\" \/>&#8220;Es muy emocionante atestiguar el logro que se consolida el d\u00eda de hoy; nada m\u00e1s esperanzador para un pueblo que profesionalizarse, que construir conocimiento conjunto para desafiar el\u00a0<em>status quo<\/em>\u00a0y con ello potenciar mayores niveles de bienestar que enriquezcan nuestras vidas y al pa\u00eds&#8221;, comparti\u00f3 Ver\u00f3nica Velasco.<br aria-hidden=\"true\" \/>\u00a0<br aria-hidden=\"true\" \/>Esta oferta reconocida se complementa con otras nueve especialidades que arrancar\u00e1n durante el segundo semestre de este 2023, las cuales son las siguientes: Gesti\u00f3n de patrimonio y cultura comunitaria en FARO Azcapotzalco; Arte Circense en FARO Cosmos; Producci\u00f3n gr\u00e1fica en FARO Indios Verdes; Gastronom\u00eda tradicional en FARO Tec\u00f3mitl y Miacatl\u00e1n, y Foto Periodismo en FARO Oriente; s\u00ed como Oficios artesanales en FARO Tl\u00e1huac; Especialista en docencia de las artes en el Centro Cultural El Rule; Formaci\u00f3n de bailarines en danzas del mundo en el Centro Cultural La Pir\u00e1mide, y Diplomado en Lenguaje de Se\u00f1as Mexicano para Instructores de Arte por el Centro Cultural Xavier Villaurrutia.<br aria-hidden=\"true\" \/>\u00a0<br aria-hidden=\"true\" \/>El evento tambi\u00e9n cont\u00f3 con la presencia del director general de Centros de Formaci\u00f3n para el Trabajo de la SEP, Mario Hern\u00e1ndez Gonz\u00e1lez; del director general del Fideicomiso para la Promoci\u00f3n y Desarrollo del Cine Mexicano en la Ciudad de M\u00e9xico (PROCINECDMX), Cristian Cal\u00f3nico; y el director general de la Comisi\u00f3n de Filmaciones de la Ciudad de M\u00e9xico, Guillermo Salda\u00f1a.<br aria-hidden=\"true\" \/>\u00a0<br aria-hidden=\"true\" \/>Este reconocimiento es en contribuci\u00f3n y apoyo a los egresados de las FAROS para que cuenten con m\u00e1s herramientas que les permitan ingresar con mayor fortaleza al mundo laboral y, con ello, contribuir al desarrollo cultural gracias a este modelo que, a 23 a\u00f1os de su implementaci\u00f3n, ya es considerado una experiencia de \u201cbuenas pr\u00e1cticas\u201d por la organizaci\u00f3n internacional Ciudades y Gobiernos Locales y Regionales Unidos (CGLU).<br aria-hidden=\"true\" \/>\u00a0<br aria-hidden=\"true\" \/>Su proliferaci\u00f3n cultural ha generado destacados proyectos art\u00edsticos que abarcan incluso producciones pl\u00e1sticas monumentales, realizadas por generaciones de j\u00f3venes y personas de todas las edades que se han formado t\u00e9cnica y art\u00edsticamente en estos recintos y cuya trayectoria ha sido reconocida tanto nacional como internacionalmente como las grandes calaveras de cartoner\u00eda que los capitalinos han podido disfrutar en el Gran Desfile de D\u00eda de Muertos.<br aria-hidden=\"true\" \/>\u00a0<br aria-hidden=\"true\" \/>Este modelo se ha replicado en ocho FAROS y cuatro Centros Culturales que son: Oriente, Indios Verdes, Tl\u00e1huac Arag\u00f3n, Cosmos, Azcapotzalco, Miacatl\u00e1n y Tec\u00f3mitl as\u00ed como El Rule, Comunidad de Saberes, el Centro Cultural Jos\u00e9 Mart\u00ed, el Centro Cultural La Pir\u00e1mide y el Centro Cultural Xavier Villaurrutia.<br aria-hidden=\"true\" \/>\u00a0<br aria-hidden=\"true\" \/>En el a\u00f1o 2000 se fund\u00f3 la primera FARO como parte de una pol\u00edtica de descentralizaci\u00f3n de la cultura para intervenir de manera comunitaria a trav\u00e9s de una oferta de talleres gratuita cuya poblaci\u00f3n aleda\u00f1a se ha colgado en casa espacio, matizados por sus tradiciones y perfiles culturales de cada regi\u00f3n,\u00a0 en sus bibliotecas, libro clubes, galer\u00edas, foros, estudios de grabaci\u00f3n, laboratorios tecnol\u00f3gicos, \u00e1reas de producci\u00f3n y ensayo con absoluta libertad creativa logrando una escuela de educaci\u00f3n art\u00edstica no formal cuya pedagog\u00eda se enfoca plenamente en la pr\u00e1ctica.<br aria-hidden=\"true\" \/>\u00a0<br aria-hidden=\"true\" \/>Como resultado de esta trayectoria del cuerpo docente y colaboraci\u00f3n con la comunidad se han generado proyectos profesionales que se han conformado como microempresas art\u00edsticas o sea han catapultado individualmente a escuelas art\u00edsticas profesionales, as\u00ed como logrado becas en instancias internacionales, lo que ha abierto una oportunidad econ\u00f3mica para decenas de personas que han participado en estas formaciones.<br aria-hidden=\"true\" \/>\u00a0<br aria-hidden=\"true\" \/>Para conocer todas las actividades de la\u00a0<strong>Secretar\u00eda de Cultura capitalina<\/strong>\u00a0se puede consultar la\u00a0<strong>Cartelera de la Ciudad de M\u00e9xico<\/strong>\u00a0(<a href=\"https:\/\/gob.us21.list-manage.com\/track\/click?u=24ab1d8cf82850533a5af327c&amp;id=c4f7bc66ed&amp;e=4fe2704bc3\" target=\"_blank\" rel=\"noopener noreferrer\" data-auth=\"NotApplicable\" data-linkindex=\"0\">https:\/\/cartelera.cdmx.gob.mx\/<\/a>) \u00a0y las redes sociales de la Secretar\u00eda de Cultura:\u00a0Facebook, Twitter, Instagram y YouTube.<\/p>\n<div dir=\"auto\"><a class=\"x1i10hfl xjbqb8w x6umtig x1b1mbwd xaqea5y xav7gou x9f619 x1ypdohk xt0psk2 xe8uvvx xdj266r x11i5rnm xat24cr x1mh8g0r xexx8yu x4uap5 x18d9i69 xkhd6sd x16tdsg8 x1hl2dhg xggy1nq x1a2a7pz xt0b8zv x1qq9wsj xo1l8bm\" tabindex=\"0\" role=\"link\" href=\"https:\/\/www.facebook.com\/hashtag\/secretariadeculturacdmx?__eep__=6&amp;__cft__[0]=AZVMR9rWZwBmf3nVlLg1HyGjd4ZKc2cHJLL5knEq842Jh_T-xb41nSoXtXOEBID-o63xWKeo5t8PDZvptjLJGtEh0bbLvGY7cJeKwiqKLUrVrOYHNboB-qnjSJXUu6WB__E&amp;__tn__=*NK-R\">#secretariadeculturacdmx<\/a><\/div>\n<div dir=\"auto\"><a class=\"x1i10hfl xjbqb8w x6umtig x1b1mbwd xaqea5y xav7gou x9f619 x1ypdohk xt0psk2 xe8uvvx xdj266r x11i5rnm xat24cr x1mh8g0r xexx8yu x4uap5 x18d9i69 xkhd6sd x16tdsg8 x1hl2dhg xggy1nq x1a2a7pz xt0b8zv x1qq9wsj xo1l8bm\" tabindex=\"0\" role=\"link\" href=\"https:\/\/www.facebook.com\/hashtag\/bitacoracdmx?__eep__=6&amp;__cft__[0]=AZVMR9rWZwBmf3nVlLg1HyGjd4ZKc2cHJLL5knEq842Jh_T-xb41nSoXtXOEBID-o63xWKeo5t8PDZvptjLJGtEh0bbLvGY7cJeKwiqKLUrVrOYHNboB-qnjSJXUu6WB__E&amp;__tn__=*NK-R\">#bitacoracdmx<\/a><\/div>\n<\/td>\n<\/tr>\n<\/tbody>\n<\/table>\n<\/td>\n<\/tr>\n<\/tbody>\n<\/table>\n<table class=\"x_mcnDividerBlock\" border=\"0\" width=\"100%\" cellspacing=\"0\" cellpadding=\"0\">\n<tbody class=\"x_mcnDividerBlockOuter\">\n<tr>\n<td class=\"x_mcnDividerBlockInner\">\n<table class=\"x_mcnDividerContent\" border=\"0\" width=\"100%\" cellspacing=\"0\" cellpadding=\"0\">\n<tbody>\n<tr>\n<td><\/td>\n<\/tr>\n<\/tbody>\n<\/table>\n<\/td>\n<\/tr>\n<\/tbody>\n<\/table>\n<p>[\/fusion_text][fusion_imageframe image_id=&#8221;51505|medium&#8221; max_width=&#8221;&#8221; style_type=&#8221;&#8221; blur=&#8221;&#8221; stylecolor=&#8221;&#8221; hover_type=&#8221;none&#8221; bordersize=&#8221;&#8221; bordercolor=&#8221;&#8221; borderradius=&#8221;&#8221; align=&#8221;none&#8221; lightbox=&#8221;no&#8221; gallery_id=&#8221;&#8221; lightbox_image=&#8221;&#8221; lightbox_image_id=&#8221;&#8221; alt=&#8221;&#8221; link=&#8221;&#8221; linktarget=&#8221;_self&#8221; hide_on_mobile=&#8221;small-visibility,medium-visibility,large-visibility&#8221; class=&#8221;&#8221; id=&#8221;&#8221; animation_type=&#8221;&#8221; animation_direction=&#8221;left&#8221; animation_speed=&#8221;0.3&#8243; animation_offset=&#8221;&#8221;]https:\/\/www.bitacoracdmx.com\/wp-content\/uploads\/2023\/05\/3563b654-33db-633c-508e-e325fca8ce59-300&#215;200.jpeg[\/fusion_imageframe][\/fusion_builder_column][\/fusion_builder_row][\/fusion_builder_container]<\/p>\n","protected":false},"excerpt":{"rendered":"<p>[fusion_builder_container hundred_percent=&#8221;no&#8221; equal_height_columns=&#8221;no&#8221; menu_anchor=&#8221;&#8221; hide_on_mobile=&#8221;small-visibility,medium-visibility,large-visibility&#8221; class=&#8221;&#8221; id=&#8221;&#8221; background_color=&#8221;&#8221; background_image=&#8221;&#8221; background_position=&#8221;center center&#8221; background_repeat=&#8221;no-repeat&#8221; fade=&#8221;no&#8221; background_parallax=&#8221;none&#8221; parallax_speed=&#8221;0.3&#8243; video_mp4=&#8221;&#8221; video_webm=&#8221;&#8221; video_ogv=&#8221;&#8221; video_url=&#8221;&#8221; video_aspect_ratio=&#8221;16:9&#8243; video_loop=&#8221;yes&#8221; video_mute=&#8221;yes&#8221; overlay_color=&#8221;&#8221; video_preview_image=&#8221;&#8221; border_size=&#8221;&#8221; border_color=&#8221;&#8221; border_style=&#8221;solid&#8221; padding_top=&#8221;&#8221; padding_bottom=&#8221;&#8221; padding_left=&#8221;&#8221; padding_right=&#8221;&#8221;][fusion_builder_row][fusion_builder_column type=&#8221;1_1&#8243; layout=&#8221;1_1&#8243; background_position=&#8221;left top&#8221; background_color=&#8221;&#8221; border_size=&#8221;&#8221; border_color=&#8221;&#8221; border_style=&#8221;solid&#8221; border_position=&#8221;all&#8221; spacing=&#8221;yes&#8221; background_image=&#8221;&#8221; background_repeat=&#8221;no-repeat&#8221; padding_top=&#8221;&#8221; padding_right=&#8221;&#8221; padding_bottom=&#8221;&#8221; padding_left=&#8221;&#8221; margin_top=&#8221;0px&#8221; margin_bottom=&#8221;0px&#8221; class=&#8221;&#8221; id=&#8221;&#8221; animation_type=&#8221;&#8221; animation_speed=&#8221;0.3&#8243; animation_direction=&#8221;left&#8221; hide_on_mobile=&#8221;small-visibility,medium-visibility,large-visibility&#8221; center_content=&#8221;no&#8221; last=&#8221;no&#8221; min_height=&#8221;&#8221; hover_type=&#8221;none&#8221; link=&#8221;&#8221;][fusion_text] REDACCI\u00d3N Se otorga el reconocimiento a los saberes y planes de estudio de las especialidades: Producci\u00f3n Pl\u00e1stica en Arte Monumental, de la FARO Oriente; Cine y Producci\u00f3n Audiovisual, de la FARO Arag\u00f3n y Actuaci\u00f3n y Producci\u00f3n Esc\u00e9nica en la FARO [&hellip;]<\/p>\n","protected":false},"author":1,"featured_media":51505,"comment_status":"open","ping_status":"open","sticky":false,"template":"","format":"standard","meta":{"footnotes":""},"categories":[4,9],"tags":[],"_links":{"self":[{"href":"https:\/\/www.bitacoracdmx.com\/index.php?rest_route=\/wp\/v2\/posts\/51504"}],"collection":[{"href":"https:\/\/www.bitacoracdmx.com\/index.php?rest_route=\/wp\/v2\/posts"}],"about":[{"href":"https:\/\/www.bitacoracdmx.com\/index.php?rest_route=\/wp\/v2\/types\/post"}],"author":[{"embeddable":true,"href":"https:\/\/www.bitacoracdmx.com\/index.php?rest_route=\/wp\/v2\/users\/1"}],"replies":[{"embeddable":true,"href":"https:\/\/www.bitacoracdmx.com\/index.php?rest_route=%2Fwp%2Fv2%2Fcomments&post=51504"}],"version-history":[{"count":1,"href":"https:\/\/www.bitacoracdmx.com\/index.php?rest_route=\/wp\/v2\/posts\/51504\/revisions"}],"predecessor-version":[{"id":51506,"href":"https:\/\/www.bitacoracdmx.com\/index.php?rest_route=\/wp\/v2\/posts\/51504\/revisions\/51506"}],"wp:featuredmedia":[{"embeddable":true,"href":"https:\/\/www.bitacoracdmx.com\/index.php?rest_route=\/wp\/v2\/media\/51505"}],"wp:attachment":[{"href":"https:\/\/www.bitacoracdmx.com\/index.php?rest_route=%2Fwp%2Fv2%2Fmedia&parent=51504"}],"wp:term":[{"taxonomy":"category","embeddable":true,"href":"https:\/\/www.bitacoracdmx.com\/index.php?rest_route=%2Fwp%2Fv2%2Fcategories&post=51504"},{"taxonomy":"post_tag","embeddable":true,"href":"https:\/\/www.bitacoracdmx.com\/index.php?rest_route=%2Fwp%2Fv2%2Ftags&post=51504"}],"curies":[{"name":"wp","href":"https:\/\/api.w.org\/{rel}","templated":true}]}}