{"id":51507,"date":"2023-05-25T07:37:36","date_gmt":"2023-05-25T07:37:36","guid":{"rendered":"https:\/\/www.bitacoracdmx.com\/?p=51507"},"modified":"2023-05-25T07:37:36","modified_gmt":"2023-05-25T07:37:36","slug":"arbol-rojo-da-a-conocer-los-titulos-de-los-largometrajes-y-cortometrajes-que-llevara-al-sur-en-colaboracion-con-el-ficm-y-ambulante","status":"publish","type":"post","link":"https:\/\/www.bitacoracdmx.com\/?p=51507","title":{"rendered":"\u00c1rbol Rojo da a conocer los t\u00edtulos de los largometrajes y cortometrajes que llevar\u00e1 al sur en colaboraci\u00f3n con el FICM y Ambulante."},"content":{"rendered":"<p>[fusion_builder_container hundred_percent=&#8221;no&#8221; equal_height_columns=&#8221;no&#8221; menu_anchor=&#8221;&#8221; hide_on_mobile=&#8221;small-visibility,medium-visibility,large-visibility&#8221; class=&#8221;&#8221; id=&#8221;&#8221; background_color=&#8221;&#8221; background_image=&#8221;&#8221; background_position=&#8221;center center&#8221; background_repeat=&#8221;no-repeat&#8221; fade=&#8221;no&#8221; background_parallax=&#8221;none&#8221; parallax_speed=&#8221;0.3&#8243; video_mp4=&#8221;&#8221; video_webm=&#8221;&#8221; video_ogv=&#8221;&#8221; video_url=&#8221;&#8221; video_aspect_ratio=&#8221;16:9&#8243; video_loop=&#8221;yes&#8221; video_mute=&#8221;yes&#8221; overlay_color=&#8221;&#8221; video_preview_image=&#8221;&#8221; border_size=&#8221;&#8221; border_color=&#8221;&#8221; border_style=&#8221;solid&#8221; padding_top=&#8221;&#8221; padding_bottom=&#8221;&#8221; padding_left=&#8221;&#8221; padding_right=&#8221;&#8221;][fusion_builder_row][fusion_builder_column type=&#8221;1_1&#8243; layout=&#8221;1_1&#8243; background_position=&#8221;left top&#8221; background_color=&#8221;&#8221; border_size=&#8221;&#8221; border_color=&#8221;&#8221; border_style=&#8221;solid&#8221; border_position=&#8221;all&#8221; spacing=&#8221;yes&#8221; background_image=&#8221;&#8221; background_repeat=&#8221;no-repeat&#8221; padding_top=&#8221;&#8221; padding_right=&#8221;&#8221; padding_bottom=&#8221;&#8221; padding_left=&#8221;&#8221; margin_top=&#8221;0px&#8221; margin_bottom=&#8221;0px&#8221; class=&#8221;&#8221; id=&#8221;&#8221; animation_type=&#8221;&#8221; animation_speed=&#8221;0.3&#8243; animation_direction=&#8221;left&#8221; hide_on_mobile=&#8221;small-visibility,medium-visibility,large-visibility&#8221; center_content=&#8221;no&#8221; last=&#8221;no&#8221; min_height=&#8221;&#8221; hover_type=&#8221;none&#8221; link=&#8221;&#8221;][fusion_text]<\/p>\n<p>REDACCI\u00d3N<\/p>\n<p><em>En colaboraci\u00f3n con el Festival Internacional de Cine de Morelia y Ambulante, \u00c1rbol Rojo presenta la programaci\u00f3n de sus dos secciones Cine Mexicano para el Sur y Documental para el Sur.<\/em><br aria-hidden=\"true\" \/><br aria-hidden=\"true\" \/>En estos seis a\u00f1os de vida de \u00c1rbol Rojo, hemos generado conexiones con instituciones y asociaciones de gran valor para la cultura nacional, y que se han posicionado como pilares vitales para la cinematograf\u00eda en nuestro pa\u00eds.\u00a0<br aria-hidden=\"true\" \/><br aria-hidden=\"true\" \/>Por segundo a\u00f1o consecutivo, hemos buscado generar una colaboraci\u00f3n para crear una ventana de exhibici\u00f3n de grandes piezas cinematogr\u00e1ficas, que han tenido su paso por el Festival Internacional de Cine de Morelia (FICM) y Ambulante, festival itinerante de documentales.\u00a0<br aria-hidden=\"true\" \/><br aria-hidden=\"true\" \/>Gracias al invaluable apoyo de nuestro patrocinador Restaurante Riveros, el viernes 19 de mayo se llev\u00f3 a cabo la Noche Roja; primera cena de recaudaci\u00f3n de \u00c1rbol Rojo. En una velada, acompa\u00f1ados de amigos, aliados, empresarios y autoridades como la directora del Instituto de la Cultura y las Artes, Lilian Villanueva, el subsecretario de gobierno del Estado de Quintana Roo, Luis Gamero, y el director de Turismo del municipio de Bacalar, Hiram G\u00f3mez, se presentaron los t\u00edtulos de los 9 largometrajes y 7 cortometrajes que formar\u00e1n parte de la secci\u00f3n Cine Mexicano para el Sur en colaboraci\u00f3n con FICM y Documental para el Sur gracias al apoyo de Ambulante.<br aria-hidden=\"true\" \/><br aria-hidden=\"true\" \/>La secci\u00f3n Cine Mexicano para el sur es posible gracias al apoyo del Festival Internacional de Cine de Morelia, la cual estar\u00e1 conformada por 5 largometrajes y 7 cortometrajes mexicanos que fueron parte de su vig\u00e9sima edici\u00f3n, celebrada en octubre del a\u00f1o pasado. \u00a0<br aria-hidden=\"true\" \/><br aria-hidden=\"true\" \/><strong>LARGOMETRAJES<\/strong><br aria-hidden=\"true\" \/><br aria-hidden=\"true\" \/>1.- \u201cLa Hija de todas las rabias\u201d (2022), primer largometraje de la cineasta nicarag\u00fcense Laura Baumeister de Montis, una coproducci\u00f3n con M\u00e9xico, protagonizada por Virginia Sevilla, Carlos Gutierrez y No\u00e9 Hern\u00e1ndez. \u00a0<br aria-hidden=\"true\" \/><br aria-hidden=\"true\" \/>Tuvo su estreno mundial en el 47\u00ba Festival Internacional de Cine de Toronto, fue nominada a los Premios Platino 2023 en la categor\u00eda \u00d3pera Prima y ha sido presentada como parte de la programaci\u00f3n de festivales en San Sebasti\u00e1n, Torino, Estados Unidos y Oslo. \u00a0 \u00a0\u00a0<br aria-hidden=\"true\" \/><br aria-hidden=\"true\" \/>2.- \u201cDos estaciones\u201d (2022), es el segundo largometraje del cineasta tapat\u00edo Juan Pablo Gonz\u00e1lez. Protagonizada por Teresa S\u00e1nchez, Tat\u00edn Vera, Rafaela Fuentes y Manuel Garc\u00eda Rulfo.\u00a0<br aria-hidden=\"true\" \/><br aria-hidden=\"true\" \/>Tuvo su estreno mundial en la edici\u00f3n 2022 del Festival de Sundance, en donde fue nominada al Gran Premio del Jurado y en donde se condecor\u00f3 con el premio a Mejor Actuaci\u00f3n para Teresa S\u00e1nchez. As\u00ed mismo ha formado parte de festivales en todo el mundo como el Festival de San Sebasti\u00e1n, el Outfest de Los \u00c1ngeles, el Festival Internacional de Cine de Edimburgo, el True\/False Festival, entre otros. Y nominada como mejor pel\u00edcula en los Gotham Independent Film Awards 2022.<br aria-hidden=\"true\" \/><br aria-hidden=\"true\" \/>3.- \u201cTeorema del tiempo\u201d (2022), primer largometraje documental del cineasta Andr\u00e9s Kaiser en el que a partir de cientos de fotograf\u00edas y videos amateurs narra la historia de sus abuelos, Anita y Arnoldo.\u00a0<br aria-hidden=\"true\" \/><br aria-hidden=\"true\" \/>Su estreno mundial tuvo lugar en el Festival Internacional de Documental de Munich (DOK. Fest M\u00fcnchen), y se estren\u00f3 nacionalmente en el Festival Internacional de Cine de Guanajuato en donde fue premiado con el Premio a Mejor Documental y el Premio de la Prensa. De igual manera, ha formado parte de festivales como el Festival Internacional de Cine de Monterrey, el Festival Internacional de Cine de Biarritz, Docs Mx y el Festival Internacional de Cine de Mosc\u00fa, entre otros.\u00a0<br aria-hidden=\"true\" \/><br aria-hidden=\"true\" \/>4.- \u201cTrigal\u201d (2022), primer largometraje de la cineasta mexicana Anabel Caso. Protagonizada por Emilia Berj\u00f3n, Alberto Guerra, Ursula Pruneda y Abril Michel. Ha formado parte de el Festival Internacional de Cine de Mosc\u00fa, el Festival de M\u00e1laga y recientemente tuvo su estreno comercial en algunas ciudades de nuestro pa\u00eds. \u00a0<br aria-hidden=\"true\" \/><br aria-hidden=\"true\" \/>5.- &#8220;Zapatos Rojos\u201d (2022), es el primer trabajo de direcci\u00f3n del cineasta Carlos Eichelmann, el cual cuenta con la actuaci\u00f3n de Jos\u00e9 Francisco Gonz\u00e1lez Garc\u00eda, Natalia Sol\u00edan y Phanie Molina. Es una coproducci\u00f3n entre M\u00e9xico e Italia.\u00a0<br aria-hidden=\"true\" \/><br aria-hidden=\"true\" \/>Ha formado parte de la Secci\u00f3n Orrizzonti en la edici\u00f3n 79 del Festival Internacional de Cine de Venezia, nominada a Mejor Pel\u00edcula en el Festival Internacional de Cine de San Diego, nominada al Gran Premio de la Competencia Internacional del Festival Internacional de Cine de Sof\u00eda, y nominada a Mejor Pel\u00edcula en el Festival Internacional de Cine de la India. \u00a0<br aria-hidden=\"true\" \/><br aria-hidden=\"true\" \/><strong>CORTOMETRAJES\u00a0<\/strong><br aria-hidden=\"true\" \/><br aria-hidden=\"true\" \/>1.- \u201cLas cosas que te digo\u201d (2022), cortometraje documental dirigido por Daniela Silva Sol\u00f3rzano. Ganador Ojo a Mejor Cortometraje Documental Mexicano del 20\u00ba FICM\u00a0<br aria-hidden=\"true\" \/><br aria-hidden=\"true\" \/>2.- \u201cFlora\u201d (2022), cortometraje documental dirigido por Nicol\u00e1s Pereda \u00a0<br aria-hidden=\"true\" \/><br aria-hidden=\"true\" \/>3.- \u201cAire\u201d (2022), cortometraje de ficci\u00f3n dirigido por Kenya M\u00e1rquez\u00a0<br aria-hidden=\"true\" \/><br aria-hidden=\"true\" \/>4.- &#8220;La ciudad\u201d (2022), cortometraje animado dirigido por Camilla Uboldi, Andreas Papacostas. Ganador Ojo a Mejor Cortometraje de Animaci\u00f3n Mexicano del 20\u00ba FICM\u00a0<br aria-hidden=\"true\" \/><br aria-hidden=\"true\" \/>5.- \u201cLos hijos de Dios\u201d (2022), cortometraje de ficci\u00f3n dirigido por Sebasti\u00e1n Torres Greene\u00a0<br aria-hidden=\"true\" \/><br aria-hidden=\"true\" \/>6.- \u201cVer\u00f3nica\u201d (2022), cortometraje de ficci\u00f3n dirigido por Alejandro Puente.\u00a0<br aria-hidden=\"true\" \/><br aria-hidden=\"true\" \/>7.- \u201cHombres de sal\u201d (2022), cortometraje de ficci\u00f3n dirigido por Luis Armando Sosa Gil.\u00a0<br aria-hidden=\"true\" \/><br aria-hidden=\"true\" \/>De igual forma, la secci\u00f3n Documental para el sur es posible gracias al apoyo de Ambulante, la cual estar\u00e1 conformada por 4 largometrajes nacionales e internacionales que fueron parte de su Gira Ambulante 2022. \u00a0<br aria-hidden=\"true\" \/><br aria-hidden=\"true\" \/>1.- \u201cLas colonias\u201d (2022), documental mexicano dirigido por Luis Lazalde, en el que nos relata la historia de una comunidad menonita de origen europeo, establecida en el norte de M\u00e9xico, ve amenazadas sus tradiciones ancestrales: religi\u00f3n, forma de vida, h\u00e1bitat, idioma y vestimenta, por la tentaci\u00f3n al progreso y a nuevas ideas religiosas.<br aria-hidden=\"true\" \/>\u00a0<br aria-hidden=\"true\" \/>2.- \u201cFruits of Labor\u201d (2021), documental estadounidense dirigido por Emily Cohen Ib\u00e1\u00f1ez, con el que se adentra en la vida de una adolescente mexicana-estadounidense quien sue\u00f1a con seguir sus estudios, pero las redadas contra inmigrantes en California amenazan con separar a su familia. Bajo esta presi\u00f3n, ella tambi\u00e9n debe apoyar econ\u00f3micamente, trabajando en los campos de fresas. \u00a0\u00a0<br aria-hidden=\"true\" \/><br aria-hidden=\"true\" \/>3.- &#8220;Mi casa est\u00e1 en otra parte\u201d (2022), documental animado coproducido por Estados Unidos y M\u00e9xico dirigido por Carlos Hagerman y Jorge Villalobos en donde se cuenta tres historias de j\u00f3venes pertenecientes a familias mexicanas que migraron ilegalmente a Estados Unidos en busca de mejores oportunidades.\u00a0<br aria-hidden=\"true\" \/><br aria-hidden=\"true\" \/>4.- &#8220;Rebel Dread\u201d (2020), documental ingl\u00e9s dirigido por William E. Badgley en donde combina la m\u00fasica con el cine a partir del retrato del DJ, m\u00fasico, manager y director de cine Don Letts, cuyos aportes m\u00e1s significativos fueron acercar los sonidos afrocaribe\u00f1os del reggae al punk y realizar m\u00e1s de trescientos videos musicales, algunos tan ic\u00f3nicos como London Calling, Back on the Chain Gang y Pass the Dutchie.<br aria-hidden=\"true\" \/><br aria-hidden=\"true\" \/>Con la presentaci\u00f3n de estas dos secciones \u00c1rbol Rojo reitera la importancia de llevar cine mexicano e internacional, de ficci\u00f3n, documental y animado al sureste de M\u00e9xico. Estas cintas tendr\u00e1n su exhibici\u00f3n del 29 de junio al 9 de julio en Chetumal, Bacalar y Mahahual.\u00a0<br aria-hidden=\"true\" \/><br aria-hidden=\"true\" \/>Muy pronto revelaremos m\u00e1s detalles sobre el resto de la programaci\u00f3n, las y los invitados y sorpresas que tendremos como parte de esta celebraci\u00f3n. Te esperamos.<\/p>\n<div dir=\"auto\"><a class=\"x1i10hfl xjbqb8w x6umtig x1b1mbwd xaqea5y xav7gou x9f619 x1ypdohk xt0psk2 xe8uvvx xdj266r x11i5rnm xat24cr x1mh8g0r xexx8yu x4uap5 x18d9i69 xkhd6sd x16tdsg8 x1hl2dhg xggy1nq x1a2a7pz xt0b8zv x1qq9wsj xo1l8bm\" tabindex=\"0\" role=\"link\" href=\"https:\/\/www.facebook.com\/hashtag\/arbolrojo?__eep__=6&amp;__cft__[0]=AZUFl8NENYlwI5sIeZxahz72A4bFIZxEUPGaqEWSTRoKOwvkZm1kzUCXn4VKbPliyusm3SXXkaIboSIeV1A5BlrRwn_SbgxrzJ2FYcG2nr0cGHI2G0zCGAgw-DhwYO7MQRI&amp;__tn__=*NK-R\">#arbolrojo<\/a><\/div>\n<div dir=\"auto\"><a class=\"x1i10hfl xjbqb8w x6umtig x1b1mbwd xaqea5y xav7gou x9f619 x1ypdohk xt0psk2 xe8uvvx xdj266r x11i5rnm xat24cr x1mh8g0r xexx8yu x4uap5 x18d9i69 xkhd6sd x16tdsg8 x1hl2dhg xggy1nq x1a2a7pz xt0b8zv x1qq9wsj xo1l8bm\" tabindex=\"0\" role=\"link\" href=\"https:\/\/www.facebook.com\/hashtag\/ficm?__eep__=6&amp;__cft__[0]=AZUFl8NENYlwI5sIeZxahz72A4bFIZxEUPGaqEWSTRoKOwvkZm1kzUCXn4VKbPliyusm3SXXkaIboSIeV1A5BlrRwn_SbgxrzJ2FYcG2nr0cGHI2G0zCGAgw-DhwYO7MQRI&amp;__tn__=*NK-R\">#FICM<\/a><\/div>\n<div dir=\"auto\"><a class=\"x1i10hfl xjbqb8w x6umtig x1b1mbwd xaqea5y xav7gou x9f619 x1ypdohk xt0psk2 xe8uvvx xdj266r x11i5rnm xat24cr x1mh8g0r xexx8yu x4uap5 x18d9i69 xkhd6sd x16tdsg8 x1hl2dhg xggy1nq x1a2a7pz xt0b8zv x1qq9wsj xo1l8bm\" tabindex=\"0\" role=\"link\" href=\"https:\/\/www.facebook.com\/hashtag\/ambulante?__eep__=6&amp;__cft__[0]=AZUFl8NENYlwI5sIeZxahz72A4bFIZxEUPGaqEWSTRoKOwvkZm1kzUCXn4VKbPliyusm3SXXkaIboSIeV1A5BlrRwn_SbgxrzJ2FYcG2nr0cGHI2G0zCGAgw-DhwYO7MQRI&amp;__tn__=*NK-R\">#ambulante<\/a><\/div>\n<div dir=\"auto\"><a class=\"x1i10hfl xjbqb8w x6umtig x1b1mbwd xaqea5y xav7gou x9f619 x1ypdohk xt0psk2 xe8uvvx xdj266r x11i5rnm xat24cr x1mh8g0r xexx8yu x4uap5 x18d9i69 xkhd6sd x16tdsg8 x1hl2dhg xggy1nq x1a2a7pz xt0b8zv x1qq9wsj xo1l8bm\" tabindex=\"0\" role=\"link\" href=\"https:\/\/www.facebook.com\/hashtag\/bitacoracdmx?__eep__=6&amp;__cft__[0]=AZUFl8NENYlwI5sIeZxahz72A4bFIZxEUPGaqEWSTRoKOwvkZm1kzUCXn4VKbPliyusm3SXXkaIboSIeV1A5BlrRwn_SbgxrzJ2FYcG2nr0cGHI2G0zCGAgw-DhwYO7MQRI&amp;__tn__=*NK-R\">#bitacoracdmx<\/a><\/div>\n<p>[\/fusion_text][fusion_imageframe image_id=&#8221;51508|medium&#8221; max_width=&#8221;&#8221; style_type=&#8221;&#8221; blur=&#8221;&#8221; stylecolor=&#8221;&#8221; hover_type=&#8221;none&#8221; bordersize=&#8221;&#8221; bordercolor=&#8221;&#8221; borderradius=&#8221;&#8221; align=&#8221;none&#8221; lightbox=&#8221;no&#8221; gallery_id=&#8221;&#8221; lightbox_image=&#8221;&#8221; lightbox_image_id=&#8221;&#8221; alt=&#8221;&#8221; link=&#8221;&#8221; linktarget=&#8221;_self&#8221; hide_on_mobile=&#8221;small-visibility,medium-visibility,large-visibility&#8221; class=&#8221;&#8221; id=&#8221;&#8221; animation_type=&#8221;&#8221; animation_direction=&#8221;left&#8221; animation_speed=&#8221;0.3&#8243; animation_offset=&#8221;&#8221;]https:\/\/www.bitacoracdmx.com\/wp-content\/uploads\/2023\/05\/05-Zapatos-Rojos-1-300&#215;169.jpg[\/fusion_imageframe][\/fusion_builder_column][\/fusion_builder_row][\/fusion_builder_container]<\/p>\n","protected":false},"excerpt":{"rendered":"<p>[fusion_builder_container hundred_percent=&#8221;no&#8221; equal_height_columns=&#8221;no&#8221; menu_anchor=&#8221;&#8221; hide_on_mobile=&#8221;small-visibility,medium-visibility,large-visibility&#8221; class=&#8221;&#8221; id=&#8221;&#8221; background_color=&#8221;&#8221; background_image=&#8221;&#8221; background_position=&#8221;center center&#8221; background_repeat=&#8221;no-repeat&#8221; fade=&#8221;no&#8221; background_parallax=&#8221;none&#8221; parallax_speed=&#8221;0.3&#8243; video_mp4=&#8221;&#8221; video_webm=&#8221;&#8221; video_ogv=&#8221;&#8221; video_url=&#8221;&#8221; video_aspect_ratio=&#8221;16:9&#8243; video_loop=&#8221;yes&#8221; video_mute=&#8221;yes&#8221; overlay_color=&#8221;&#8221; video_preview_image=&#8221;&#8221; border_size=&#8221;&#8221; border_color=&#8221;&#8221; border_style=&#8221;solid&#8221; padding_top=&#8221;&#8221; padding_bottom=&#8221;&#8221; padding_left=&#8221;&#8221; padding_right=&#8221;&#8221;][fusion_builder_row][fusion_builder_column type=&#8221;1_1&#8243; layout=&#8221;1_1&#8243; background_position=&#8221;left top&#8221; background_color=&#8221;&#8221; border_size=&#8221;&#8221; border_color=&#8221;&#8221; border_style=&#8221;solid&#8221; border_position=&#8221;all&#8221; spacing=&#8221;yes&#8221; background_image=&#8221;&#8221; background_repeat=&#8221;no-repeat&#8221; padding_top=&#8221;&#8221; padding_right=&#8221;&#8221; padding_bottom=&#8221;&#8221; padding_left=&#8221;&#8221; margin_top=&#8221;0px&#8221; margin_bottom=&#8221;0px&#8221; class=&#8221;&#8221; id=&#8221;&#8221; animation_type=&#8221;&#8221; animation_speed=&#8221;0.3&#8243; animation_direction=&#8221;left&#8221; hide_on_mobile=&#8221;small-visibility,medium-visibility,large-visibility&#8221; center_content=&#8221;no&#8221; last=&#8221;no&#8221; min_height=&#8221;&#8221; hover_type=&#8221;none&#8221; link=&#8221;&#8221;][fusion_text] REDACCI\u00d3N En colaboraci\u00f3n con el Festival Internacional de Cine de Morelia y Ambulante, \u00c1rbol Rojo presenta la programaci\u00f3n de sus dos secciones Cine Mexicano para el Sur y Documental para el Sur.En estos seis a\u00f1os de vida de \u00c1rbol Rojo, [&hellip;]<\/p>\n","protected":false},"author":1,"featured_media":51508,"comment_status":"open","ping_status":"open","sticky":false,"template":"","format":"standard","meta":{"footnotes":""},"categories":[3,9],"tags":[],"_links":{"self":[{"href":"https:\/\/www.bitacoracdmx.com\/index.php?rest_route=\/wp\/v2\/posts\/51507"}],"collection":[{"href":"https:\/\/www.bitacoracdmx.com\/index.php?rest_route=\/wp\/v2\/posts"}],"about":[{"href":"https:\/\/www.bitacoracdmx.com\/index.php?rest_route=\/wp\/v2\/types\/post"}],"author":[{"embeddable":true,"href":"https:\/\/www.bitacoracdmx.com\/index.php?rest_route=\/wp\/v2\/users\/1"}],"replies":[{"embeddable":true,"href":"https:\/\/www.bitacoracdmx.com\/index.php?rest_route=%2Fwp%2Fv2%2Fcomments&post=51507"}],"version-history":[{"count":1,"href":"https:\/\/www.bitacoracdmx.com\/index.php?rest_route=\/wp\/v2\/posts\/51507\/revisions"}],"predecessor-version":[{"id":51509,"href":"https:\/\/www.bitacoracdmx.com\/index.php?rest_route=\/wp\/v2\/posts\/51507\/revisions\/51509"}],"wp:featuredmedia":[{"embeddable":true,"href":"https:\/\/www.bitacoracdmx.com\/index.php?rest_route=\/wp\/v2\/media\/51508"}],"wp:attachment":[{"href":"https:\/\/www.bitacoracdmx.com\/index.php?rest_route=%2Fwp%2Fv2%2Fmedia&parent=51507"}],"wp:term":[{"taxonomy":"category","embeddable":true,"href":"https:\/\/www.bitacoracdmx.com\/index.php?rest_route=%2Fwp%2Fv2%2Fcategories&post=51507"},{"taxonomy":"post_tag","embeddable":true,"href":"https:\/\/www.bitacoracdmx.com\/index.php?rest_route=%2Fwp%2Fv2%2Ftags&post=51507"}],"curies":[{"name":"wp","href":"https:\/\/api.w.org\/{rel}","templated":true}]}}