{"id":51603,"date":"2023-05-30T00:49:30","date_gmt":"2023-05-30T00:49:30","guid":{"rendered":"https:\/\/www.bitacoracdmx.com\/?p=51603"},"modified":"2023-05-30T00:49:30","modified_gmt":"2023-05-30T00:49:30","slug":"mujeres-del-alba-de-jimena-montemayor-se-estrenara-en-mexico-con-3-funciones-en-fic-guadalajara-2023","status":"publish","type":"post","link":"https:\/\/www.bitacoracdmx.com\/?p=51603","title":{"rendered":"\u201cMUJERES DEL ALBA\u201d de JIMENA MONTEMAYOR se estrenar\u00e1 en M\u00e9xico con 3 funciones en FIC GUADALAJARA 2023"},"content":{"rendered":"<p>[fusion_builder_container hundred_percent=&#8221;no&#8221; equal_height_columns=&#8221;no&#8221; menu_anchor=&#8221;&#8221; hide_on_mobile=&#8221;small-visibility,medium-visibility,large-visibility&#8221; class=&#8221;&#8221; id=&#8221;&#8221; background_color=&#8221;&#8221; background_image=&#8221;&#8221; background_position=&#8221;center center&#8221; background_repeat=&#8221;no-repeat&#8221; fade=&#8221;no&#8221; background_parallax=&#8221;none&#8221; parallax_speed=&#8221;0.3&#8243; video_mp4=&#8221;&#8221; video_webm=&#8221;&#8221; video_ogv=&#8221;&#8221; video_url=&#8221;&#8221; video_aspect_ratio=&#8221;16:9&#8243; video_loop=&#8221;yes&#8221; video_mute=&#8221;yes&#8221; overlay_color=&#8221;&#8221; video_preview_image=&#8221;&#8221; border_size=&#8221;&#8221; border_color=&#8221;&#8221; border_style=&#8221;solid&#8221; padding_top=&#8221;&#8221; padding_bottom=&#8221;&#8221; padding_left=&#8221;&#8221; padding_right=&#8221;&#8221;][fusion_builder_row][fusion_builder_column type=&#8221;1_1&#8243; layout=&#8221;1_1&#8243; background_position=&#8221;left top&#8221; background_color=&#8221;&#8221; border_size=&#8221;&#8221; border_color=&#8221;&#8221; border_style=&#8221;solid&#8221; border_position=&#8221;all&#8221; spacing=&#8221;yes&#8221; background_image=&#8221;&#8221; background_repeat=&#8221;no-repeat&#8221; padding_top=&#8221;&#8221; padding_right=&#8221;&#8221; padding_bottom=&#8221;&#8221; padding_left=&#8221;&#8221; margin_top=&#8221;0px&#8221; margin_bottom=&#8221;0px&#8221; class=&#8221;&#8221; id=&#8221;&#8221; animation_type=&#8221;&#8221; animation_speed=&#8221;0.3&#8243; animation_direction=&#8221;left&#8221; hide_on_mobile=&#8221;small-visibility,medium-visibility,large-visibility&#8221; center_content=&#8221;no&#8221; last=&#8221;no&#8221; min_height=&#8221;&#8221; hover_type=&#8221;none&#8221; link=&#8221;&#8221;][fusion_text]<\/p>\n<p>REDACCI\u00d3N<\/p>\n<p><strong>\u25cf\u00a0\u00a0\u00a0\u00a0El tercer largometraje de la directora mexicana competir\u00e1 por el Premio Mezcal en el 38 Festival Internacional de Cine en Guadalajara.<\/strong><\/p>\n<p class=\"x_last-child\"><strong>\u25cf\u00a0\u00a0\u00a0\u00a0La pel\u00edcula tendr\u00e1 su estreno latinoamericano en el prestigioso encuentro cinematogr\u00e1fico tapat\u00edo.<\/strong><\/p>\n<p>Tras haberse exhibido de manera exitosa en la m\u00e1s reciente edici\u00f3n de Les Rencontres Du Cin\u00e9ma Latino Am\u00e9ricain De Bordaux en Francia, durante el pasado mes de Marzo, <em><strong>Mujeres del alba<\/strong><\/em>, el tercer largometraje dirigido por la cineasta mexicana <strong>Jimena Montemayor Loyo,<\/strong> llegar\u00e1 a M\u00e9xico para proyectarse como parte de la Selecci\u00f3n Oficial en Competencia del Festival Internacional de Cine en Guadalajara (FICG), a realizarse del 3 al 9 de Junio del presente a\u00f1o.<\/p>\n<p>La pel\u00edcula basada en las novelas \u201cLas mujeres del alba\u201d y Las armas del alba\u201d del c\u00e9lebre escritor Carlos Montemayor, aspira a quedarse este a\u00f1o con el Premio Mezcal, galard\u00f3n con el que se reconocer\u00e1 a lo mejor del cine mexicano durante la edici\u00f3n n\u00famero 38 del FICG, uno de los festivales de cine m\u00e1s importantes en M\u00e9xico.<\/p>\n<p><em><strong>Mujeres del alba<\/strong><\/em> se proyectar\u00e1 <strong>el Mi\u00e9rcoles 7 de Junio a las 15:50 hrs en la Sala Guillermo del Toro de la Cineteca FICG, el Jueves 8 de Junio a las 18:00 hrs en Cineforo y el Viernes 9 de Junio a las 10:30 hrs en la Sala Guillermo del Toro de la Cineteca FICG<\/strong>. Durante el festival estar\u00e1n presentes la directora Jimena Montemayor, el productor V\u00edctor L\u00e9ycegui, el productor ejecutivo Pablo Zimbr\u00f3n y las actrices Myriam Bravo, Chantall Fr\u00edas, Shaula Ponce, Valeria Torres, Catalina L\u00f3pez, Yadira P\u00e9rez, Yolanda Abbud, Yoshira Esc\u00e1rreg y Berenice Mastretta.<\/p>\n<p>Esta pel\u00edcula aborda lo sucedido tras el asalto al cuartel de Ciudad Madera en la Sierra de Chihuahua en 1965, cuando cansados de los abusos y despojos de las compa\u00f1\u00edas madereras y ganaderas en complicidad con las autoridades, un grupo de maestros, estudiantes y l\u00edderes campesinos se rebelaron para tomar las armas. Ese 23 de septiembre comenz\u00f3 la que es considerada la primera acci\u00f3n de la guerrilla contempor\u00e1nea mexicana. Quienes se rebelaron se vieron obligados a ocultarse mientras que sus familias se convirtieron en el principal objetivo del ej\u00e9rcito. Esta historia coral es contada desde la perspectiva de las mujeres valientes que mantienen la cotidianidad de sus vidas mientras luchan desde sus propios frentes para ayudar a la causa.<\/p>\n<p>Con un gui\u00f3n escrito tambi\u00e9n por <strong>Jimena Montemayor, <\/strong>esta es una producci\u00f3n de V\u00edctor L\u00e9ycegui con Varios Lobos, junto a Conejo Media.<\/p>\n<p><strong>SOBRE LA CINEASTA JIMENA MONTEMAYOR<\/strong><\/p>\n<p>Egresada cum laude en la especialidad de Direcci\u00f3n y Cinematograf\u00eda en el Centro de Capacitaci\u00f3n Cinematogr\u00e1fica (CCC), M\u00e9xico. Erasmus y FAMU International en la Film and TV School of the Academy of Performing Arts, Rep\u00fablica Checa, 2006-2007. Particip\u00f3 en el Festival de Cine de Locarno, Suiza, con su \u00f3pera prima, En la sangre (2014). Con su segundo largometraje, Restos de viento (2017), gan\u00f3 el FIPRESCI a Mejor Pel\u00edcula, el Premio Mezcal a Mejor Directora y el Premio Mayahuel a Mejor Pel\u00edcula en el FICG, entre otros importantes reconocimientos.<\/p>\n<div dir=\"auto\"><a class=\"x1i10hfl xjbqb8w x6umtig x1b1mbwd xaqea5y xav7gou x9f619 x1ypdohk xt0psk2 xe8uvvx xdj266r x11i5rnm xat24cr x1mh8g0r xexx8yu x4uap5 x18d9i69 xkhd6sd x16tdsg8 x1hl2dhg xggy1nq x1a2a7pz xt0b8zv x1qq9wsj xo1l8bm\" tabindex=\"0\" role=\"link\" href=\"https:\/\/www.facebook.com\/hashtag\/mujeresdelalba?__eep__=6&amp;__cft__[0]=AZXR5boHMUiqhqTuS4KrudfWP4oe2A3LIKLeVRIUug1gqBx7hUXhQn2VdWeEwtVBZEfzgz4u7ceguL8nRVyYithRtW0SkI-q5nT65hz9a7L8mQkMqK1cIU-h-7nEgp7d3KQ&amp;__tn__=*NK-R\">#MujeresDelAlba<\/a><\/div>\n<div dir=\"auto\"><a class=\"x1i10hfl xjbqb8w x6umtig x1b1mbwd xaqea5y xav7gou x9f619 x1ypdohk xt0psk2 xe8uvvx xdj266r x11i5rnm xat24cr x1mh8g0r xexx8yu x4uap5 x18d9i69 xkhd6sd x16tdsg8 x1hl2dhg xggy1nq x1a2a7pz xt0b8zv x1qq9wsj xo1l8bm\" tabindex=\"0\" role=\"link\" href=\"https:\/\/www.facebook.com\/hashtag\/ficguadalajara?__eep__=6&amp;__cft__[0]=AZXR5boHMUiqhqTuS4KrudfWP4oe2A3LIKLeVRIUug1gqBx7hUXhQn2VdWeEwtVBZEfzgz4u7ceguL8nRVyYithRtW0SkI-q5nT65hz9a7L8mQkMqK1cIU-h-7nEgp7d3KQ&amp;__tn__=*NK-R\">#ficguadalajara<\/a><\/div>\n<div dir=\"auto\"><a class=\"x1i10hfl xjbqb8w x6umtig x1b1mbwd xaqea5y xav7gou x9f619 x1ypdohk xt0psk2 xe8uvvx xdj266r x11i5rnm xat24cr x1mh8g0r xexx8yu x4uap5 x18d9i69 xkhd6sd x16tdsg8 x1hl2dhg xggy1nq x1a2a7pz xt0b8zv x1qq9wsj xo1l8bm\" tabindex=\"0\" role=\"link\" href=\"https:\/\/www.facebook.com\/hashtag\/jimenamontemayor?__eep__=6&amp;__cft__[0]=AZXR5boHMUiqhqTuS4KrudfWP4oe2A3LIKLeVRIUug1gqBx7hUXhQn2VdWeEwtVBZEfzgz4u7ceguL8nRVyYithRtW0SkI-q5nT65hz9a7L8mQkMqK1cIU-h-7nEgp7d3KQ&amp;__tn__=*NK-R\">#jimenamontemayor<\/a><\/div>\n<div dir=\"auto\"><a class=\"x1i10hfl xjbqb8w x6umtig x1b1mbwd xaqea5y xav7gou x9f619 x1ypdohk xt0psk2 xe8uvvx xdj266r x11i5rnm xat24cr x1mh8g0r xexx8yu x4uap5 x18d9i69 xkhd6sd x16tdsg8 x1hl2dhg xggy1nq x1a2a7pz xt0b8zv x1qq9wsj xo1l8bm\" tabindex=\"0\" role=\"link\" href=\"https:\/\/www.facebook.com\/hashtag\/bitacoracdmx?__eep__=6&amp;__cft__[0]=AZXR5boHMUiqhqTuS4KrudfWP4oe2A3LIKLeVRIUug1gqBx7hUXhQn2VdWeEwtVBZEfzgz4u7ceguL8nRVyYithRtW0SkI-q5nT65hz9a7L8mQkMqK1cIU-h-7nEgp7d3KQ&amp;__tn__=*NK-R\">#bitacoracdmx<\/a><\/div>\n<p>[\/fusion_text][fusion_imageframe image_id=&#8221;51604|medium&#8221; max_width=&#8221;&#8221; style_type=&#8221;&#8221; blur=&#8221;&#8221; stylecolor=&#8221;&#8221; hover_type=&#8221;none&#8221; bordersize=&#8221;&#8221; bordercolor=&#8221;&#8221; borderradius=&#8221;&#8221; align=&#8221;none&#8221; lightbox=&#8221;no&#8221; gallery_id=&#8221;&#8221; lightbox_image=&#8221;&#8221; lightbox_image_id=&#8221;&#8221; alt=&#8221;&#8221; link=&#8221;&#8221; linktarget=&#8221;_self&#8221; hide_on_mobile=&#8221;small-visibility,medium-visibility,large-visibility&#8221; class=&#8221;&#8221; id=&#8221;&#8221; animation_type=&#8221;&#8221; animation_direction=&#8221;left&#8221; animation_speed=&#8221;0.3&#8243; animation_offset=&#8221;&#8221;]https:\/\/www.bitacoracdmx.com\/wp-content\/uploads\/2023\/05\/0e073a4f-9cb0-0a8e-447f-1288be7a3007-1-210&#215;300.jpg[\/fusion_imageframe][\/fusion_builder_column][\/fusion_builder_row][\/fusion_builder_container]<\/p>\n","protected":false},"excerpt":{"rendered":"<p>[fusion_builder_container hundred_percent=&#8221;no&#8221; equal_height_columns=&#8221;no&#8221; menu_anchor=&#8221;&#8221; hide_on_mobile=&#8221;small-visibility,medium-visibility,large-visibility&#8221; class=&#8221;&#8221; id=&#8221;&#8221; background_color=&#8221;&#8221; background_image=&#8221;&#8221; background_position=&#8221;center center&#8221; background_repeat=&#8221;no-repeat&#8221; fade=&#8221;no&#8221; background_parallax=&#8221;none&#8221; parallax_speed=&#8221;0.3&#8243; video_mp4=&#8221;&#8221; video_webm=&#8221;&#8221; video_ogv=&#8221;&#8221; video_url=&#8221;&#8221; video_aspect_ratio=&#8221;16:9&#8243; video_loop=&#8221;yes&#8221; video_mute=&#8221;yes&#8221; overlay_color=&#8221;&#8221; video_preview_image=&#8221;&#8221; border_size=&#8221;&#8221; border_color=&#8221;&#8221; border_style=&#8221;solid&#8221; padding_top=&#8221;&#8221; padding_bottom=&#8221;&#8221; padding_left=&#8221;&#8221; padding_right=&#8221;&#8221;][fusion_builder_row][fusion_builder_column type=&#8221;1_1&#8243; layout=&#8221;1_1&#8243; background_position=&#8221;left top&#8221; background_color=&#8221;&#8221; border_size=&#8221;&#8221; border_color=&#8221;&#8221; border_style=&#8221;solid&#8221; border_position=&#8221;all&#8221; spacing=&#8221;yes&#8221; background_image=&#8221;&#8221; background_repeat=&#8221;no-repeat&#8221; padding_top=&#8221;&#8221; padding_right=&#8221;&#8221; padding_bottom=&#8221;&#8221; padding_left=&#8221;&#8221; margin_top=&#8221;0px&#8221; margin_bottom=&#8221;0px&#8221; class=&#8221;&#8221; id=&#8221;&#8221; animation_type=&#8221;&#8221; animation_speed=&#8221;0.3&#8243; animation_direction=&#8221;left&#8221; hide_on_mobile=&#8221;small-visibility,medium-visibility,large-visibility&#8221; center_content=&#8221;no&#8221; last=&#8221;no&#8221; min_height=&#8221;&#8221; hover_type=&#8221;none&#8221; link=&#8221;&#8221;][fusion_text] REDACCI\u00d3N \u25cf\u00a0\u00a0\u00a0\u00a0El tercer largometraje de la directora mexicana competir\u00e1 por el Premio Mezcal en el 38 Festival Internacional de Cine en Guadalajara. \u25cf\u00a0\u00a0\u00a0\u00a0La pel\u00edcula tendr\u00e1 su estreno latinoamericano en el prestigioso encuentro cinematogr\u00e1fico tapat\u00edo. Tras haberse exhibido de manera exitosa [&hellip;]<\/p>\n","protected":false},"author":1,"featured_media":51604,"comment_status":"open","ping_status":"open","sticky":false,"template":"","format":"standard","meta":{"footnotes":""},"categories":[3,9],"tags":[],"_links":{"self":[{"href":"https:\/\/www.bitacoracdmx.com\/index.php?rest_route=\/wp\/v2\/posts\/51603"}],"collection":[{"href":"https:\/\/www.bitacoracdmx.com\/index.php?rest_route=\/wp\/v2\/posts"}],"about":[{"href":"https:\/\/www.bitacoracdmx.com\/index.php?rest_route=\/wp\/v2\/types\/post"}],"author":[{"embeddable":true,"href":"https:\/\/www.bitacoracdmx.com\/index.php?rest_route=\/wp\/v2\/users\/1"}],"replies":[{"embeddable":true,"href":"https:\/\/www.bitacoracdmx.com\/index.php?rest_route=%2Fwp%2Fv2%2Fcomments&post=51603"}],"version-history":[{"count":1,"href":"https:\/\/www.bitacoracdmx.com\/index.php?rest_route=\/wp\/v2\/posts\/51603\/revisions"}],"predecessor-version":[{"id":51605,"href":"https:\/\/www.bitacoracdmx.com\/index.php?rest_route=\/wp\/v2\/posts\/51603\/revisions\/51605"}],"wp:featuredmedia":[{"embeddable":true,"href":"https:\/\/www.bitacoracdmx.com\/index.php?rest_route=\/wp\/v2\/media\/51604"}],"wp:attachment":[{"href":"https:\/\/www.bitacoracdmx.com\/index.php?rest_route=%2Fwp%2Fv2%2Fmedia&parent=51603"}],"wp:term":[{"taxonomy":"category","embeddable":true,"href":"https:\/\/www.bitacoracdmx.com\/index.php?rest_route=%2Fwp%2Fv2%2Fcategories&post=51603"},{"taxonomy":"post_tag","embeddable":true,"href":"https:\/\/www.bitacoracdmx.com\/index.php?rest_route=%2Fwp%2Fv2%2Ftags&post=51603"}],"curies":[{"name":"wp","href":"https:\/\/api.w.org\/{rel}","templated":true}]}}