{"id":51685,"date":"2023-06-01T04:38:26","date_gmt":"2023-06-01T04:38:26","guid":{"rendered":"https:\/\/www.bitacoracdmx.com\/?p=51685"},"modified":"2023-06-01T04:38:26","modified_gmt":"2023-06-01T04:38:26","slug":"presenta-secretaria-de-cultura-de-la-ciudad-de-mexico-mas-de-30-actividades-para-celebrar-el-mes-de-la-diversidad","status":"publish","type":"post","link":"https:\/\/www.bitacoracdmx.com\/?p=51685","title":{"rendered":"Presenta SECRETAR\u00cdA DE CULTURA de la CIUDAD DE M\u00c9XICO m\u00e1s de 30 actividades para celebrar el mes de la diversidad"},"content":{"rendered":"<p>[fusion_builder_container hundred_percent=&#8221;no&#8221; equal_height_columns=&#8221;no&#8221; menu_anchor=&#8221;&#8221; hide_on_mobile=&#8221;small-visibility,medium-visibility,large-visibility&#8221; class=&#8221;&#8221; id=&#8221;&#8221; background_color=&#8221;&#8221; background_image=&#8221;&#8221; background_position=&#8221;center center&#8221; background_repeat=&#8221;no-repeat&#8221; fade=&#8221;no&#8221; background_parallax=&#8221;none&#8221; parallax_speed=&#8221;0.3&#8243; video_mp4=&#8221;&#8221; video_webm=&#8221;&#8221; video_ogv=&#8221;&#8221; video_url=&#8221;&#8221; video_aspect_ratio=&#8221;16:9&#8243; video_loop=&#8221;yes&#8221; video_mute=&#8221;yes&#8221; overlay_color=&#8221;&#8221; video_preview_image=&#8221;&#8221; border_size=&#8221;&#8221; border_color=&#8221;&#8221; border_style=&#8221;solid&#8221; padding_top=&#8221;&#8221; padding_bottom=&#8221;&#8221; padding_left=&#8221;&#8221; padding_right=&#8221;&#8221;][fusion_builder_row][fusion_builder_column type=&#8221;1_1&#8243; layout=&#8221;1_1&#8243; background_position=&#8221;left top&#8221; background_color=&#8221;&#8221; border_size=&#8221;&#8221; border_color=&#8221;&#8221; border_style=&#8221;solid&#8221; border_position=&#8221;all&#8221; spacing=&#8221;yes&#8221; background_image=&#8221;&#8221; background_repeat=&#8221;no-repeat&#8221; padding_top=&#8221;&#8221; padding_right=&#8221;&#8221; padding_bottom=&#8221;&#8221; padding_left=&#8221;&#8221; margin_top=&#8221;0px&#8221; margin_bottom=&#8221;0px&#8221; class=&#8221;&#8221; id=&#8221;&#8221; animation_type=&#8221;&#8221; animation_speed=&#8221;0.3&#8243; animation_direction=&#8221;left&#8221; hide_on_mobile=&#8221;small-visibility,medium-visibility,large-visibility&#8221; center_content=&#8221;no&#8221; last=&#8221;no&#8221; min_height=&#8221;&#8221; hover_type=&#8221;none&#8221; link=&#8221;&#8221;][fusion_text]<\/p>\n<p>REDACCI\u00d3N<\/p>\n<ul>\n<li>El p\u00fablico podr\u00e1 disfrutar de 31 espect\u00e1culos que reflexionan sobre la diversidad sexual y la inclusi\u00f3n, a trav\u00e9s de teatro, m\u00fasica, danza, cine,\u00a0<em>stand up<\/em>, cabaret y talleres<\/li>\n<li>La cartelera llegar\u00e1 a 11 recintos culturales, incluido el conjunto esc\u00e9nico del Sistema de Teatros, liderado por el Teatro de la Ciudad \u201cEsperanza Iris\u201d, as\u00ed como las FAROS Arag\u00f3n e Indios Verdes y los Centros Culturales Xavier Villaurrutia, Jos\u00e9 Mart\u00ed y La Pir\u00e1mide, adem\u00e1s del Museo Archivo de la Fotograf\u00eda, entre otros<\/li>\n<\/ul>\n<p>Para promover el respeto y reconocimiento de la diversidad sexual a trav\u00e9s del arte, en el marco del\u00a0<strong>D\u00eda Mundial de la Diversidad Sexual<\/strong>\u00a0que se conmemora cada 25 de junio, la\u00a0<strong>Secretar\u00eda de Cultura capitalina<\/strong>\u00a0presenta una cartelera especial para celebrar el\u00a0<strong>Mes de la Diversidad<\/strong>\u00a0con<strong>\u00a0m\u00e1s de 30 actividades\u00a0<\/strong>de teatro, m\u00fasica, danza, cine, stand up, cabaret y talleres en<strong>\u00a011 de sus recintos culturales.<\/strong><br aria-hidden=\"true\" \/>\u00a0<br aria-hidden=\"true\" \/>La oferta cultural llegar\u00e1 a las\u00a0<strong>F\u00e1bricas de Artes y Oficios (FARO) Arag\u00f3n e Indios Verdes<\/strong>\u00a0y a los\u00a0<strong>Centros Culturales Xavier Villaurrutia<\/strong>,\u00a0<strong>Jos\u00e9 Mart\u00ed<\/strong>\u00a0y\u00a0<strong>La Pir\u00e1mide,<\/strong>\u00a0para reflexionar sobre el derecho que tienen las personas de asumir, expresar, vivir la sexualidad, ser reconocidos y protegidos legalmente en pro de la construcci\u00f3n de su identidad.<br aria-hidden=\"true\" \/>\u00a0<br aria-hidden=\"true\" \/>La programaci\u00f3n la encabezar\u00e1 la s\u00e9ptima edici\u00f3n del ciclo\u00a0<strong>\u201cEntre Lenchas Vestidas y Musculocas\u201d,\u00a0<\/strong>que llevar\u00e1 17 espect\u00e1culos a la Red del Sistema de Teatros, integrada por el Teatro de la Ciudad \u201cEsperanza Iris\u201d, el Foro A Poco No y los teatros del Pueblo, Benito Ju\u00e1rez y Sergio Maga\u00f1a.<br aria-hidden=\"true\" \/>\u00a0<br aria-hidden=\"true\" \/>El ciclo &#8220;Entre Lenchas Vestidas y Musculocas\u201d llegar\u00e1 al\u00a0<strong>Teatro de la Ciudad \u201cEsperanza Iris\u201d<\/strong>, del 2 al 4 de junio, a la Compa\u00f1\u00eda Nacional de Danza de M\u00e9xico con el espect\u00e1culo\u00a0<em>ParaleloCND-Diversu;\u00a0<\/em>el mi\u00e9rcoles 7 albergar\u00e1 la inauguraci\u00f3n del 27\u00b0 Festival Mix M\u00e9xico Cine y Diversidad Sexual; mientras que el 10 y 11 de junio ofrecer\u00e1 el concierto\u00a0<em>Juntes somos m\u00e1s fuertes \/ Stronger Together\u00a0<\/em>que reunir\u00e1 a tres coros: el San Diego Gay Men\u00b4s Chorus, con una trayectoria de 38 a\u00f1os; el Coro Gay Ciudad de M\u00e9xico, que con estas funciones celebrar\u00e1 su 10\u00ba aniversario y el Coro Gay de Tijuana.<br aria-hidden=\"true\" \/>\u00a0<br aria-hidden=\"true\" \/>El 17 y 18 de julio regresa al recinto de Donceles, la coreograf\u00eda de ballet cl\u00e1sico y moderno\u00a0<em>Men in Tutus<\/em>, que aborda un discurso sobre la deconstrucci\u00f3n de los estereotipos de g\u00e9nero en la danza y el 23 de junio, a este mismo recinto llegar\u00e1 el\u00a0<em>stand up comedy Be Pride,\u00a0<\/em>para celebrar la diversidad sexual a trav\u00e9s de la risa. Tambi\u00e9n arribar\u00e1 la compa\u00f1\u00eda M\u00e9xico de Colores con \u201cViva la Vida\u201d, el 25 de junio; el tercer Concurso de\u00a0<em>Lip Sync<\/em>\u00a0Esperanza Drag \u201cDivas rancheras\u201d, el 29 y el 30 se presentar\u00e1 el destacado flautista Horacio Franco con el concierto \u201cPlumas Barrocas y Trans-gresoras\u201d.<br aria-hidden=\"true\" \/>\u00a0<br aria-hidden=\"true\" \/>Al\u00a0<strong>Foro A Poco No,<\/strong>\u00a0llegar\u00e1 la puesta en cabaret de Las Vecinas de la Calle J \u201cCelebrando 20 A\u00f1os\u201d, un montaje de teatro\u00a0<em>Drag Queen<\/em>\u00a0con n\u00fameros musicales y de comedia que tendr\u00e1 funciones del 8 al 18 de junio y, del 25 de mayo al 4 de junio, en este mismo espacio se presenta \u201cPatas pa\u2019 que las quiero si tengo alas pa\u00b4la voladera o chiquita feroz\u201d.<br aria-hidden=\"true\" \/>\u00a0<br aria-hidden=\"true\" \/>Del 17 de junio al 2 de julio se presenta, en el marco del mismo ciclo \u201cCuentos sin fronteras\u201d que llevar\u00e1 la imaginaci\u00f3n con t\u00edteres al\u00a0<strong>Teatro del Pueblo<\/strong>; mientras que el\u00a0<strong>Teatro Sergio Maga\u00f1a<\/strong>\u00a0tendr\u00e1 el montaje \u201cTranscraft: Videojuego esc\u00e9nico cabaretero para juventudes\u201d, que explora el mundo de las corporalidades trans y tendr\u00e1 temporada del 1 al 11 de junio.<br aria-hidden=\"true\" \/>\u00a0<br aria-hidden=\"true\" \/>El\u00a0<strong>Teatro Benito Ju\u00e1rez\u00a0<\/strong>ofrecer\u00e1 las puestas en escena\u00a0<em>Marica<\/em>, del 1 al 4 de junio;\u00a0<em>Blanco F\u00e1cil<\/em>, del 8 al 18 de junio y\u00a0<em>Soluciones permanentes para problemas comunes<\/em>, del 22 de junio al 2 de julio, adem\u00e1s de la clase magistral \u201cTeatro, pol\u00edtica y creaci\u00f3n. Una aproximaci\u00f3n al Teatro Justo Rufino Garay de NIcaragua\u201d, a cargo de la dramaturga, directora, actriz y promotora cultural, Lucero Mill\u00e1n.<br aria-hidden=\"true\" \/>\u00a0<br aria-hidden=\"true\" \/>El viernes 2 de junio el\u00a0<strong>Centro Cultural Jos\u00e9 Mart\u00ed<\/strong>\u00a0proyectar\u00e1 la cinta\u00a0<em>Los chicos de la Banda\u00a0<\/em>y el s\u00e1bado 3 tendr\u00e1 la comedia\u00a0<em>Las drag\u00b4s<\/em>\u00b8 as\u00ed como la obra\u00a0<em>Adi\u00f3s querido Cuco<\/em>\u00a0el domingo 4 y el s\u00e1bado 10 y mi\u00e9rcoles 14 de junio ofrecer\u00e1 una funci\u00f3n y charla en el marco del Festival Diversx-Universx 2023.<br aria-hidden=\"true\" \/>\u00a0<br aria-hidden=\"true\" \/>Adem\u00e1s, el s\u00e1bado 3 de junio, en el<strong>\u00a0Centro Cultural Xavier Villaurrutia\u00a0<\/strong>tendr\u00e1 lugar el evento\u00a0<em>Perra Mala 666,\u00a0<\/em>en el que, mediante la lectura de poes\u00eda y un micr\u00f3fono abierto, se visibilizar\u00e1n las problem\u00e1ticas de mujeres y disidencias sexogen\u00e9ricas. El mismo d\u00eda se presentar\u00e1\u00a0<em>\u00bfMi barrix me respalda?,\u00a0<\/em>puesta en escena que reivindica la lucha en favor de la diversidad sexual y la eliminaci\u00f3n de prejuicios. El domingo 4 de junio, la FARO Arag\u00f3n presentar\u00e1 el show\u00a0<em>Dominguearte Queer.<\/em><br aria-hidden=\"true\" \/>\u00a0<br aria-hidden=\"true\" \/>En tanto, el s\u00e1bado 24 de junio, de 9:00 a 18:00 horas, el mismo Centro Cultural realizar\u00e1 un\u00a0<em>shooting<\/em>\u00a0fotogr\u00e1fico, en el marco de la Marcha del Orgullo, donde usuarios y p\u00fablico en general podr\u00e1n tomarse fotos con el fin de crear un \u00e1lbum de fotograf\u00eda colectiva.<br aria-hidden=\"true\" \/>\u00a0<br aria-hidden=\"true\" \/>La\u00a0<strong>FARO Indios Verdes<\/strong>\u00a0llevar\u00e1 a cabo una muestra del taller \u201cDance Queer\u201d, ejemplo de las actividades que realizan el profesor Juan Antonio Jimenez y sus alumnas y alumnos. La cita es el s\u00e1bado 17 de junio a las 17:00 horas.<br aria-hidden=\"true\" \/>\u00a0<br aria-hidden=\"true\" \/>Por su parte, el viernes 23 de junio a las 17:00 horas, la\u00a0<strong>FARO Arag\u00f3n\u00a0<\/strong>organiza el evento\u00a0<em>Mon\u00f3logos, narrativas e historias LGBTT+<\/em>, que dar\u00e1 a conocer personajes hist\u00f3ricos que formaron parte de la comunidad, el cual se acompa\u00f1ar\u00e1 de cortometrajes, pl\u00e1ticas y show drags.<br aria-hidden=\"true\" \/>\u00a0<br aria-hidden=\"true\" \/>El mismo d\u00eda, el\u00a0<strong>Centro Cultural La Pir\u00e1mide<\/strong>\u00a0organiza, de 14:00 a 20:00 horas, la actividad denominada \u201cLa pir\u00e1mide se viste de colores: diversidad, pluralidad y comunidad\u201d, que contar\u00e1 con expositores de productos, un conversatorio sobre la bisexualidad y una jornada de salud.<br aria-hidden=\"true\" \/>\u00a0<br aria-hidden=\"true\" \/>Por \u00faltimo, el mi\u00e9rcoles 28 de junio, el\u00a0<strong>Museo Archivo de la Fotograf\u00eda<\/strong>\u00a0presenta\u00a0<em>La diversidad Sexual en la Fotograf\u00eda,<\/em>\u00a0conferencia en la que el fot\u00f3grafo Armando Cristeto hablar\u00e1 de la conquista por el respeto y los derechos de la comunidad LGBTTTIQ+ en M\u00e9xico; su trabajo ha sido considerado un parteaguas en el retrato de la masculinidad desde una perspectiva homosexual.<br aria-hidden=\"true\" \/>\u00a0<br aria-hidden=\"true\" \/>El\u00a0<strong>D\u00eda Mundial de la Diversidad Sexual\u00a0<\/strong>se inspira en las represiones de las movilizaciones por los derechos de las personas con diversas preferencias sexuales e identidades de g\u00e9nero realizadas en Stonewall, Estados Unidos en 1969, para reivindicar los derechos humanos y las libertades de las personas lesbianas, gays, bisexuales, travesti, transg\u00e9nero, transexual e intersexuales, entre otros g\u00e9neros.<br aria-hidden=\"true\" \/>\u00a0<br aria-hidden=\"true\" \/>El 17 de mayo de 1990, la Organizaci\u00f3n Mundial de la Salud (OMS) resolvi\u00f3 eliminar a la homosexualidad de la lista de enfermedades mentales, por ello esta celebraci\u00f3n es un s\u00edmbolo de respeto y tolerancia a la diversidad que busca erradicar la violencia o discriminaci\u00f3n por motivos de preferencia sexual.<br aria-hidden=\"true\" \/>\u00a0<br aria-hidden=\"true\" \/>Para conocer todas las actividades de la\u00a0<strong>Secretar\u00eda de Cultura capitalina<\/strong>\u00a0se puede consultar la\u00a0<strong>Cartelera de la Ciudad de M\u00e9xico<\/strong>\u00a0en la p\u00e1gina\u00a0<a href=\"https:\/\/gob.us21.list-manage.com\/track\/click?u=24ab1d8cf82850533a5af327c&amp;id=65b9f66d71&amp;e=4fe2704bc3\" target=\"_blank\" rel=\"noopener noreferrer\" data-auth=\"NotApplicable\" data-linkindex=\"0\">https:\/\/cartelera.cdmx.gob.mx\/<\/a>, as\u00ed como en las redes sociales de la Secretar\u00eda de Cultura:\u00a0Facebook, Twitter, Instagram y YouTube.<\/p>\n<div dir=\"auto\"><a class=\"x1i10hfl xjbqb8w x6umtig x1b1mbwd xaqea5y xav7gou x9f619 x1ypdohk xt0psk2 xe8uvvx xdj266r x11i5rnm xat24cr x1mh8g0r xexx8yu x4uap5 x18d9i69 xkhd6sd x16tdsg8 x1hl2dhg xggy1nq x1a2a7pz xt0b8zv x1qq9wsj xo1l8bm\" tabindex=\"0\" role=\"link\" href=\"https:\/\/www.facebook.com\/hashtag\/mesdeladiversidad?__eep__=6&amp;__cft__[0]=AZUDtjXmjskpWEWfeBAxwCH4qQiRF5sjd-RsRjaryZbRdLlQ9ayOsmR81vhMZ6qPSpZUbwuEkJ5xQE8V5Ycpaagd7RvSqr9m8xWyinU2r8zNG5EEKP5ImfM6_2tpF0O3LDcoMqfAZ4NKxBGQDhZQQWMk&amp;__tn__=*NK-R\">#MesDeLaDiversidad<\/a><\/div>\n<div dir=\"auto\"><a class=\"x1i10hfl xjbqb8w x6umtig x1b1mbwd xaqea5y xav7gou x9f619 x1ypdohk xt0psk2 xe8uvvx xdj266r x11i5rnm xat24cr x1mh8g0r xexx8yu x4uap5 x18d9i69 xkhd6sd x16tdsg8 x1hl2dhg xggy1nq x1a2a7pz xt0b8zv x1qq9wsj xo1l8bm\" tabindex=\"0\" role=\"link\" href=\"https:\/\/www.facebook.com\/hashtag\/secretariadeculturacdmx?__eep__=6&amp;__cft__[0]=AZUDtjXmjskpWEWfeBAxwCH4qQiRF5sjd-RsRjaryZbRdLlQ9ayOsmR81vhMZ6qPSpZUbwuEkJ5xQE8V5Ycpaagd7RvSqr9m8xWyinU2r8zNG5EEKP5ImfM6_2tpF0O3LDcoMqfAZ4NKxBGQDhZQQWMk&amp;__tn__=*NK-R\">#secretariadeculturacdmx<\/a><\/div>\n<div dir=\"auto\"><a class=\"x1i10hfl xjbqb8w x6umtig x1b1mbwd xaqea5y xav7gou x9f619 x1ypdohk xt0psk2 xe8uvvx xdj266r x11i5rnm xat24cr x1mh8g0r xexx8yu x4uap5 x18d9i69 xkhd6sd x16tdsg8 x1hl2dhg xggy1nq x1a2a7pz xt0b8zv x1qq9wsj xo1l8bm\" tabindex=\"0\" role=\"link\" href=\"https:\/\/www.facebook.com\/hashtag\/bitacoracdmx?__eep__=6&amp;__cft__[0]=AZUDtjXmjskpWEWfeBAxwCH4qQiRF5sjd-RsRjaryZbRdLlQ9ayOsmR81vhMZ6qPSpZUbwuEkJ5xQE8V5Ycpaagd7RvSqr9m8xWyinU2r8zNG5EEKP5ImfM6_2tpF0O3LDcoMqfAZ4NKxBGQDhZQQWMk&amp;__tn__=*NK-R\">#bitacoracdmx<\/a><\/div>\n<p>[\/fusion_text][fusion_imageframe image_id=&#8221;51686|medium&#8221; max_width=&#8221;&#8221; style_type=&#8221;&#8221; blur=&#8221;&#8221; stylecolor=&#8221;&#8221; hover_type=&#8221;none&#8221; bordersize=&#8221;&#8221; bordercolor=&#8221;&#8221; borderradius=&#8221;&#8221; align=&#8221;none&#8221; lightbox=&#8221;no&#8221; gallery_id=&#8221;&#8221; lightbox_image=&#8221;&#8221; lightbox_image_id=&#8221;&#8221; alt=&#8221;&#8221; link=&#8221;&#8221; linktarget=&#8221;_self&#8221; hide_on_mobile=&#8221;small-visibility,medium-visibility,large-visibility&#8221; class=&#8221;&#8221; id=&#8221;&#8221; animation_type=&#8221;&#8221; animation_direction=&#8221;left&#8221; animation_speed=&#8221;0.3&#8243; animation_offset=&#8221;&#8221;]https:\/\/www.bitacoracdmx.com\/wp-content\/uploads\/2023\/06\/c933cbfe-d41e-1815-04f9-f2b74e587ecf-300&#215;202.jpg[\/fusion_imageframe][\/fusion_builder_column][\/fusion_builder_row][\/fusion_builder_container]<\/p>\n","protected":false},"excerpt":{"rendered":"<p>[fusion_builder_container hundred_percent=&#8221;no&#8221; equal_height_columns=&#8221;no&#8221; menu_anchor=&#8221;&#8221; hide_on_mobile=&#8221;small-visibility,medium-visibility,large-visibility&#8221; class=&#8221;&#8221; id=&#8221;&#8221; background_color=&#8221;&#8221; background_image=&#8221;&#8221; background_position=&#8221;center center&#8221; background_repeat=&#8221;no-repeat&#8221; fade=&#8221;no&#8221; background_parallax=&#8221;none&#8221; parallax_speed=&#8221;0.3&#8243; video_mp4=&#8221;&#8221; video_webm=&#8221;&#8221; video_ogv=&#8221;&#8221; video_url=&#8221;&#8221; video_aspect_ratio=&#8221;16:9&#8243; video_loop=&#8221;yes&#8221; video_mute=&#8221;yes&#8221; overlay_color=&#8221;&#8221; video_preview_image=&#8221;&#8221; border_size=&#8221;&#8221; border_color=&#8221;&#8221; border_style=&#8221;solid&#8221; padding_top=&#8221;&#8221; padding_bottom=&#8221;&#8221; padding_left=&#8221;&#8221; padding_right=&#8221;&#8221;][fusion_builder_row][fusion_builder_column type=&#8221;1_1&#8243; layout=&#8221;1_1&#8243; background_position=&#8221;left top&#8221; background_color=&#8221;&#8221; border_size=&#8221;&#8221; border_color=&#8221;&#8221; border_style=&#8221;solid&#8221; border_position=&#8221;all&#8221; spacing=&#8221;yes&#8221; background_image=&#8221;&#8221; background_repeat=&#8221;no-repeat&#8221; padding_top=&#8221;&#8221; padding_right=&#8221;&#8221; padding_bottom=&#8221;&#8221; padding_left=&#8221;&#8221; margin_top=&#8221;0px&#8221; margin_bottom=&#8221;0px&#8221; class=&#8221;&#8221; id=&#8221;&#8221; animation_type=&#8221;&#8221; animation_speed=&#8221;0.3&#8243; animation_direction=&#8221;left&#8221; hide_on_mobile=&#8221;small-visibility,medium-visibility,large-visibility&#8221; center_content=&#8221;no&#8221; last=&#8221;no&#8221; min_height=&#8221;&#8221; hover_type=&#8221;none&#8221; link=&#8221;&#8221;][fusion_text] REDACCI\u00d3N El p\u00fablico podr\u00e1 disfrutar de 31 espect\u00e1culos que reflexionan sobre la diversidad sexual y la inclusi\u00f3n, a trav\u00e9s de teatro, m\u00fasica, danza, cine,\u00a0stand up, cabaret y talleres La cartelera llegar\u00e1 a 11 recintos culturales, incluido el conjunto esc\u00e9nico del [&hellip;]<\/p>\n","protected":false},"author":1,"featured_media":51686,"comment_status":"open","ping_status":"open","sticky":false,"template":"","format":"standard","meta":{"footnotes":""},"categories":[4,9],"tags":[],"_links":{"self":[{"href":"https:\/\/www.bitacoracdmx.com\/index.php?rest_route=\/wp\/v2\/posts\/51685"}],"collection":[{"href":"https:\/\/www.bitacoracdmx.com\/index.php?rest_route=\/wp\/v2\/posts"}],"about":[{"href":"https:\/\/www.bitacoracdmx.com\/index.php?rest_route=\/wp\/v2\/types\/post"}],"author":[{"embeddable":true,"href":"https:\/\/www.bitacoracdmx.com\/index.php?rest_route=\/wp\/v2\/users\/1"}],"replies":[{"embeddable":true,"href":"https:\/\/www.bitacoracdmx.com\/index.php?rest_route=%2Fwp%2Fv2%2Fcomments&post=51685"}],"version-history":[{"count":1,"href":"https:\/\/www.bitacoracdmx.com\/index.php?rest_route=\/wp\/v2\/posts\/51685\/revisions"}],"predecessor-version":[{"id":51687,"href":"https:\/\/www.bitacoracdmx.com\/index.php?rest_route=\/wp\/v2\/posts\/51685\/revisions\/51687"}],"wp:featuredmedia":[{"embeddable":true,"href":"https:\/\/www.bitacoracdmx.com\/index.php?rest_route=\/wp\/v2\/media\/51686"}],"wp:attachment":[{"href":"https:\/\/www.bitacoracdmx.com\/index.php?rest_route=%2Fwp%2Fv2%2Fmedia&parent=51685"}],"wp:term":[{"taxonomy":"category","embeddable":true,"href":"https:\/\/www.bitacoracdmx.com\/index.php?rest_route=%2Fwp%2Fv2%2Fcategories&post=51685"},{"taxonomy":"post_tag","embeddable":true,"href":"https:\/\/www.bitacoracdmx.com\/index.php?rest_route=%2Fwp%2Fv2%2Ftags&post=51685"}],"curies":[{"name":"wp","href":"https:\/\/api.w.org\/{rel}","templated":true}]}}