{"id":51744,"date":"2023-06-02T02:58:32","date_gmt":"2023-06-02T02:58:32","guid":{"rendered":"https:\/\/www.bitacoracdmx.com\/?p=51744"},"modified":"2023-06-02T02:58:32","modified_gmt":"2023-06-02T02:58:32","slug":"celebran-centenario-del-nacimiento-del-fotografo-hector-garcia-con-nueve-exposiciones","status":"publish","type":"post","link":"https:\/\/www.bitacoracdmx.com\/?p=51744","title":{"rendered":"Celebran CENTENARIO del NACIMIENTO del FOT\u00d3GRAFO H\u00c9CTOR GARC\u00cdA con nueve exposiciones"},"content":{"rendered":"<p>[fusion_builder_container hundred_percent=&#8221;no&#8221; equal_height_columns=&#8221;no&#8221; menu_anchor=&#8221;&#8221; hide_on_mobile=&#8221;small-visibility,medium-visibility,large-visibility&#8221; class=&#8221;&#8221; id=&#8221;&#8221; background_color=&#8221;&#8221; background_image=&#8221;&#8221; background_position=&#8221;center center&#8221; background_repeat=&#8221;no-repeat&#8221; fade=&#8221;no&#8221; background_parallax=&#8221;none&#8221; parallax_speed=&#8221;0.3&#8243; video_mp4=&#8221;&#8221; video_webm=&#8221;&#8221; video_ogv=&#8221;&#8221; video_url=&#8221;&#8221; video_aspect_ratio=&#8221;16:9&#8243; video_loop=&#8221;yes&#8221; video_mute=&#8221;yes&#8221; overlay_color=&#8221;&#8221; video_preview_image=&#8221;&#8221; border_size=&#8221;&#8221; border_color=&#8221;&#8221; border_style=&#8221;solid&#8221; padding_top=&#8221;&#8221; padding_bottom=&#8221;&#8221; padding_left=&#8221;&#8221; padding_right=&#8221;&#8221;][fusion_builder_row][fusion_builder_column type=&#8221;1_1&#8243; layout=&#8221;1_1&#8243; background_position=&#8221;left top&#8221; background_color=&#8221;&#8221; border_size=&#8221;&#8221; border_color=&#8221;&#8221; border_style=&#8221;solid&#8221; border_position=&#8221;all&#8221; spacing=&#8221;yes&#8221; background_image=&#8221;&#8221; background_repeat=&#8221;no-repeat&#8221; padding_top=&#8221;&#8221; padding_right=&#8221;&#8221; padding_bottom=&#8221;&#8221; padding_left=&#8221;&#8221; margin_top=&#8221;0px&#8221; margin_bottom=&#8221;0px&#8221; class=&#8221;&#8221; id=&#8221;&#8221; animation_type=&#8221;&#8221; animation_speed=&#8221;0.3&#8243; animation_direction=&#8221;left&#8221; hide_on_mobile=&#8221;small-visibility,medium-visibility,large-visibility&#8221; center_content=&#8221;no&#8221; last=&#8221;no&#8221; min_height=&#8221;&#8221; hover_type=&#8221;none&#8221; link=&#8221;&#8221;][fusion_text]<\/p>\n<p>REDACCI\u00d3N<\/p>\n<p>\u25cf Las secretar\u00edas de Cultura federal y capitalina, el Centro de la Imagen y la Fundaci\u00f3n Mar\u00eda y H\u00e9ctor Garc\u00eda preparan un programa expositivo que incluye diversas sedes en toda la capital, como el Museo de la Ciudad de M\u00e9xico, el Museo del Estanquillo, el Museo Nacional de las Artes, la Galer\u00eda Abierta Rejas de Chapultepec y el Complejo Cultural Los Pinos<\/p>\n<p>\u25cf Nombrado &#8220;El fot\u00f3grafo de la ciudad&#8221; por Carlos Monsiv\u00e1is, Garc\u00eda Cobo se caracteriz\u00f3 por su visi\u00f3n \u00fanica de la vida cotidiana al dar voz a las calles de la Ciudad de M\u00e9xico y a las personas que las transitan, sin dejar de lado la vida pol\u00edtica, cultural y deportiva que fue retrato del M\u00e9xico de mediados del siglo XX<\/p>\n<p>\u25cf H\u00e9ctor Garc\u00eda hijo asegur\u00f3 que la idea de que la muestra conmemorativa sea en diversas sedes es para que la gente tenga diferentes experiencias de la visi\u00f3n y narrativa de su padre a trav\u00e9s de diferentes recintos, como la vida cotidiana, la construcci\u00f3n de Tlatelolco y la UNAM, entre otros trabajos<\/p>\n<p>La\u00a0<strong>Secretar\u00eda de Cultura capitalina<\/strong>\u00a0en colaboraci\u00f3n con la\u00a0<strong>Secretar\u00eda de Cultura del Gobierno de M\u00e9xico, el Centro de la Imagen y la Fundaci\u00f3n Mar\u00eda y H\u00e9ctor Garc\u00eda<\/strong>\u00a0presentaron nueve exposiciones que suman alrededor de 600 im\u00e1genes para celebrar los 100 a\u00f1os del nacimiento del fot\u00f3grafo\u00a0<strong>H\u00e9ctor Garc\u00eda Cobo<\/strong>\u00a0(23 de agosto de 1923-2 de junio de 2012), que ser\u00e1n exhibidas en diversas sedes de la capital del pa\u00eds, a partir de agosto de este a\u00f1o.<\/p>\n<p>Entre las sedes que albergar\u00e1n las exposiciones se encuentran: el\u00a0<strong>Museo del Estanquillo<\/strong>, el\u00a0<strong>Museo de la Ciudad de M\u00e9xico<\/strong>, el\u00a0<strong>Complejo Cultural Los Pinos<\/strong>, el\u00a0<strong>Centro de la Imagen, la Galer\u00eda Abierta Rejas del Bosque Chapultepec<\/strong>, el\u00a0<strong>Museo Nacional de Arte<\/strong>, el lobby del\u00a0<strong>Instituto Guimar\u00e3es Rosa<\/strong>\u00a0y la\u00a0<strong>LMI Gallery<\/strong>.<\/p>\n<p>La titular de la Secretar\u00eda de Cultura de la Ciudad de M\u00e9xico,\u00a0<strong>Claudia Curiel de Icaza<\/strong>, indic\u00f3 que, por parte de la dependencia, se prepar\u00f3 un programa que incluye tres recintos: el Museo de la Ciudad de M\u00e9xico, las Galer\u00eda Abierta Rejas del Bosque Chapultepec y el Museo del Estanquillo.<\/p>\n<p>Asimismo, explic\u00f3 que el\u00a0<strong>Museo de la Ciudad de M\u00e9xico<\/strong>\u00a0ser\u00e1 sede a partir del 30 de septiembre de\u00a0<strong>\u201cCiudad Espectro\u201d<\/strong>, curada por Laura Gonz\u00e1lez Flores, que es una selecci\u00f3n de 80 fotograf\u00edas realizadas en la Ciudad de M\u00e9xico en espacios en penumbra en las que Garc\u00eda Cobo jug\u00f3 con las luces y las formas.<\/p>\n<p>\u201cNo se puede pensar en la memoria de la Ciudad de M\u00e9xico sin H\u00e9ctor Garc\u00eda Cobo\u201d, dijo la subsecretaria de Desarrollo de Cultura de la Secretar\u00eda de Cultura del Gobierno de M\u00e9xico,\u00a0<strong>Marina N\u00fa\u00f1ez Bespalova<\/strong>, quien agradeci\u00f3 el acercamiento que tuvieron Mar\u00eda Garc\u00eda y H\u00e9ctor Garc\u00eda hijo por acercarse para poder realizar este homenaje.<\/p>\n<p>El 19 de agosto se inaugurar\u00e1 en el\u00a0<strong>Museo del Estanquillo<\/strong>\u00a0la exposici\u00f3n \u201c\u00bfQu\u00e9 me ves? H\u00e9ctor Garc\u00eda, cronista de la lente\u201d, cuya curadur\u00eda est\u00e1 a cargo de Rafael Barajas \u201cEl Fisg\u00f3n\u201d y Ana Catalina Valenzuela; busca ser un escaparate que muestre la relaci\u00f3n entre\u00a0<strong>H\u00e9ctor Garc\u00eda y Carlos Monsiv\u00e1is<\/strong>, en donde el espectador ser\u00e1 testigo de la manera en la que Garc\u00eda retrat\u00f3 las aficiones y los intereses de su amigo, a quien acompa\u00f1\u00f3 en momentos clave de su vida.<\/p>\n<p>El 21 de agosto en la\u00a0<strong>Galer\u00eda Abierta Rejas de Chapultepec<\/strong>\u00a0se inaugura\u00a0<strong>\u201cCiudadanos\u201d<\/strong>, una muestra tambi\u00e9n curada por Laura Gonz\u00e1lez que, detall\u00f3 Curiel de Icaza, exhibir\u00e1 im\u00e1genes ic\u00f3nicas del fot\u00f3grafo con otras menos conocidas de su archivo en las que retrat\u00f3 a los habitantes de la capital del pa\u00eds y cuya intenci\u00f3n es producir un efecto cinematogr\u00e1fico y de espejo en los transe\u00fantes que vean la exposici\u00f3n.<\/p>\n<p>Junto a la directora del Centro de la Imagen,\u00a0<strong>Johan Trujillo Arg\u00fcelles<\/strong>, se informaron los detalles sobre los otros espacios en la Ciudad de M\u00e9xico que albergar\u00e1n otras exposiciones y visiones del llamado &#8220;Fot\u00f3grafo de la ciudad&#8221;, bautizado as\u00ed por Monsiv\u00e1is.<\/p>\n<p>La\u00a0<strong>Fundaci\u00f3n Mar\u00eda y H\u00e9ctor Garc\u00eda<\/strong>, ubicada en Cumbres de Maltrata 581 colonia Periodista, abrir\u00e1 el 14 de septiembre sus puertas a\u00a0<strong>\u201cH\u00e9ctor Garc\u00eda. Archivo\u201d<\/strong>\u00a0curada por Diego Quinto y dirigida por H\u00e9ctor Garc\u00eda hijo, la cual exhibir\u00e1 la historia y actualidad del archivo fotogr\u00e1fico, art\u00edstico y personal del fot\u00f3grafo. En esta exposici\u00f3n, los visitantes ser\u00e1n testigos del trabajo detr\u00e1s de las ic\u00f3nicas im\u00e1genes de Garc\u00eda, tanto en su producci\u00f3n como objetos fotogr\u00e1ficos, as\u00ed como en su relectura hist\u00f3rica, pol\u00edtica y cultural a lo largo de las \u00faltimas d\u00e9cadas.<\/p>\n<p>La exposici\u00f3n\u00a0<strong>\u201cCiudad Vor\u00e1gine\u201d<\/strong>\u00a0ser\u00e1 montada en el\u00a0<strong>Centro de la Imagen<\/strong>\u00a0y exhibida a partir del 30 de agosto, mostrar\u00e1 a los visitantes 80 im\u00e1genes que dan fe de la transformaci\u00f3n de la Ciudad de M\u00e9xico a partir de mediados de la d\u00e9cada de 1940 hasta fines de 1960.<\/p>\n<p>Por su parte, la muestra\u00a0<strong>&#8220;Geometr\u00edas Urbanas&#8221;, ubicada en el fotomuro del Centro de la Imagen<\/strong>, expondr\u00e1 las fotograf\u00edas realizadas para Nueva grandeza mexicana (1968), de Salvador Novo, desplegadas como p\u00e1ginas de un libro; en la exposici\u00f3n se propone una composici\u00f3n de im\u00e1genes a\u00e9reas de la ciudad, fotograf\u00edas de paseantes y autorretratos.<\/p>\n<p>El\u00a0<strong>Complejo Cultural Los Pinos<\/strong>\u00a0tendr\u00e1 disponible al p\u00fablico desde el 23 de agosto\u00a0<strong>\u201cLa mirada de H\u00e9ctor Garc\u00eda frente a los movimientos sociales. El lado oscuro del r\u00e9gimen: la protesta del 58 y el 68\u201d<\/strong>, curada por Alberto del Castillo, la cual expone la amplia forma en que Garc\u00eda cubri\u00f3 dos momentos clave de la protesta social de mediados de siglo pasado, representados por el levantamiento de ferrocarrileros, telegrafistas, estudiantes y maestros de finales de la d\u00e9cada de los cincuenta y la gran revuelta estudiantil de 1968.<\/p>\n<p><strong>H\u00e9ctor Garc\u00eda<\/strong>, hijo, indic\u00f3 que: \u201cLa idea de esta muestra conmemorativa fue que, a trav\u00e9s de diferentes sedes se pudieran abordar diferentes narrativas y que la gente pueda ver im\u00e1genes c\u00f3mo era la ciudad hace 60 a\u00f1os, la urbanizaci\u00f3n, la construcci\u00f3n de Tlatelolco y conocer algo diferente del trabajo de mi padre\u201d.<\/p>\n<p>Para conocer todas las sedes de las exposiciones dedicadas a H\u00e9ctor Garc\u00eda y todas las actividades de la\u00a0<strong>Secretar\u00eda de Cultura de la Ciudad de M\u00e9xico<\/strong>\u00a0se puede consultar la\u00a0<strong>Cartelera de la Ciudad de M\u00e9xico<\/strong>\u00a0(<a href=\"https:\/\/cartelera.cdmx.gob.mx\/\">https:\/\/cartelera.cdmx.gob.mx\/<\/a>) en la que se concentran estas y todas las actividades de la Secretar\u00eda de Cultura de la Ciudad de M\u00e9xico.<\/p>\n<div dir=\"auto\"><a class=\"x1i10hfl xjbqb8w x6umtig x1b1mbwd xaqea5y xav7gou x9f619 x1ypdohk xt0psk2 xe8uvvx xdj266r x11i5rnm xat24cr x1mh8g0r xexx8yu x4uap5 x18d9i69 xkhd6sd x16tdsg8 x1hl2dhg xggy1nq x1a2a7pz xt0b8zv x1qq9wsj xo1l8bm\" tabindex=\"0\" role=\"link\" href=\"https:\/\/www.facebook.com\/hashtag\/hectorgarcia?__eep__=6&amp;__cft__[0]=AZVjsto-GIv6rg_8GeoTj-m0cA-lgWNAYWaNNtOaexsZ2CnKx47ed8yWFBqRgnMhQN84WC4lgI8mxRQEgXwXbSTdUEO5P-5ui9--LYpzgSwz22dkxnzJJyGsj9Dj2BysjFo&amp;__tn__=*NK-R\">#HectorGarcia<\/a><\/div>\n<div dir=\"auto\"><a class=\"x1i10hfl xjbqb8w x6umtig x1b1mbwd xaqea5y xav7gou x9f619 x1ypdohk xt0psk2 xe8uvvx xdj266r x11i5rnm xat24cr x1mh8g0r xexx8yu x4uap5 x18d9i69 xkhd6sd x16tdsg8 x1hl2dhg xggy1nq x1a2a7pz xt0b8zv x1qq9wsj xo1l8bm\" tabindex=\"0\" role=\"link\" href=\"https:\/\/www.facebook.com\/hashtag\/secretariadecultura?__eep__=6&amp;__cft__[0]=AZVjsto-GIv6rg_8GeoTj-m0cA-lgWNAYWaNNtOaexsZ2CnKx47ed8yWFBqRgnMhQN84WC4lgI8mxRQEgXwXbSTdUEO5P-5ui9--LYpzgSwz22dkxnzJJyGsj9Dj2BysjFo&amp;__tn__=*NK-R\">#secretariadecultura<\/a><\/div>\n<div dir=\"auto\"><a class=\"x1i10hfl xjbqb8w x6umtig x1b1mbwd xaqea5y xav7gou x9f619 x1ypdohk xt0psk2 xe8uvvx xdj266r x11i5rnm xat24cr x1mh8g0r xexx8yu x4uap5 x18d9i69 xkhd6sd x16tdsg8 x1hl2dhg xggy1nq x1a2a7pz xt0b8zv x1qq9wsj xo1l8bm\" tabindex=\"0\" role=\"link\" href=\"https:\/\/www.facebook.com\/hashtag\/secretariadeculturacdmx?__eep__=6&amp;__cft__[0]=AZVjsto-GIv6rg_8GeoTj-m0cA-lgWNAYWaNNtOaexsZ2CnKx47ed8yWFBqRgnMhQN84WC4lgI8mxRQEgXwXbSTdUEO5P-5ui9--LYpzgSwz22dkxnzJJyGsj9Dj2BysjFo&amp;__tn__=*NK-R\">#secretariadeculturacdmx<\/a><\/div>\n<div dir=\"auto\"><a class=\"x1i10hfl xjbqb8w x6umtig x1b1mbwd xaqea5y xav7gou x9f619 x1ypdohk xt0psk2 xe8uvvx xdj266r x11i5rnm xat24cr x1mh8g0r xexx8yu x4uap5 x18d9i69 xkhd6sd x16tdsg8 x1hl2dhg xggy1nq x1a2a7pz xt0b8zv x1qq9wsj xo1l8bm\" tabindex=\"0\" role=\"link\" href=\"https:\/\/www.facebook.com\/hashtag\/centrodelaimagen?__eep__=6&amp;__cft__[0]=AZVjsto-GIv6rg_8GeoTj-m0cA-lgWNAYWaNNtOaexsZ2CnKx47ed8yWFBqRgnMhQN84WC4lgI8mxRQEgXwXbSTdUEO5P-5ui9--LYpzgSwz22dkxnzJJyGsj9Dj2BysjFo&amp;__tn__=*NK-R\">#centrodelaimagen<\/a><\/div>\n<div dir=\"auto\"><a class=\"x1i10hfl xjbqb8w x6umtig x1b1mbwd xaqea5y xav7gou x9f619 x1ypdohk xt0psk2 xe8uvvx xdj266r x11i5rnm xat24cr x1mh8g0r xexx8yu x4uap5 x18d9i69 xkhd6sd x16tdsg8 x1hl2dhg xggy1nq x1a2a7pz xt0b8zv x1qq9wsj xo1l8bm\" tabindex=\"0\" role=\"link\" href=\"https:\/\/www.facebook.com\/hashtag\/bitacoracdmx?__eep__=6&amp;__cft__[0]=AZVjsto-GIv6rg_8GeoTj-m0cA-lgWNAYWaNNtOaexsZ2CnKx47ed8yWFBqRgnMhQN84WC4lgI8mxRQEgXwXbSTdUEO5P-5ui9--LYpzgSwz22dkxnzJJyGsj9Dj2BysjFo&amp;__tn__=*NK-R\">#bitacoracdmx<\/a><\/div>\n<p>[\/fusion_text][fusion_imageframe image_id=&#8221;51745|medium&#8221; max_width=&#8221;&#8221; style_type=&#8221;&#8221; blur=&#8221;&#8221; stylecolor=&#8221;&#8221; hover_type=&#8221;none&#8221; bordersize=&#8221;&#8221; bordercolor=&#8221;&#8221; borderradius=&#8221;&#8221; align=&#8221;none&#8221; lightbox=&#8221;no&#8221; gallery_id=&#8221;&#8221; lightbox_image=&#8221;&#8221; lightbox_image_id=&#8221;&#8221; alt=&#8221;&#8221; link=&#8221;&#8221; linktarget=&#8221;_self&#8221; hide_on_mobile=&#8221;small-visibility,medium-visibility,large-visibility&#8221; class=&#8221;&#8221; id=&#8221;&#8221; animation_type=&#8221;&#8221; animation_direction=&#8221;left&#8221; animation_speed=&#8221;0.3&#8243; animation_offset=&#8221;&#8221;]https:\/\/www.bitacoracdmx.com\/wp-content\/uploads\/2023\/06\/WhatsApp-Image-2023-06-01-at-5.40.31-PM-300&#215;300.jpeg[\/fusion_imageframe][\/fusion_builder_column][\/fusion_builder_row][\/fusion_builder_container]<\/p>\n","protected":false},"excerpt":{"rendered":"<p>[fusion_builder_container hundred_percent=&#8221;no&#8221; equal_height_columns=&#8221;no&#8221; menu_anchor=&#8221;&#8221; hide_on_mobile=&#8221;small-visibility,medium-visibility,large-visibility&#8221; class=&#8221;&#8221; id=&#8221;&#8221; background_color=&#8221;&#8221; background_image=&#8221;&#8221; background_position=&#8221;center center&#8221; background_repeat=&#8221;no-repeat&#8221; fade=&#8221;no&#8221; background_parallax=&#8221;none&#8221; parallax_speed=&#8221;0.3&#8243; video_mp4=&#8221;&#8221; video_webm=&#8221;&#8221; video_ogv=&#8221;&#8221; video_url=&#8221;&#8221; video_aspect_ratio=&#8221;16:9&#8243; video_loop=&#8221;yes&#8221; video_mute=&#8221;yes&#8221; overlay_color=&#8221;&#8221; video_preview_image=&#8221;&#8221; border_size=&#8221;&#8221; border_color=&#8221;&#8221; border_style=&#8221;solid&#8221; padding_top=&#8221;&#8221; padding_bottom=&#8221;&#8221; padding_left=&#8221;&#8221; padding_right=&#8221;&#8221;][fusion_builder_row][fusion_builder_column type=&#8221;1_1&#8243; layout=&#8221;1_1&#8243; background_position=&#8221;left top&#8221; background_color=&#8221;&#8221; border_size=&#8221;&#8221; border_color=&#8221;&#8221; border_style=&#8221;solid&#8221; border_position=&#8221;all&#8221; spacing=&#8221;yes&#8221; background_image=&#8221;&#8221; background_repeat=&#8221;no-repeat&#8221; padding_top=&#8221;&#8221; padding_right=&#8221;&#8221; padding_bottom=&#8221;&#8221; padding_left=&#8221;&#8221; margin_top=&#8221;0px&#8221; margin_bottom=&#8221;0px&#8221; class=&#8221;&#8221; id=&#8221;&#8221; animation_type=&#8221;&#8221; animation_speed=&#8221;0.3&#8243; animation_direction=&#8221;left&#8221; hide_on_mobile=&#8221;small-visibility,medium-visibility,large-visibility&#8221; center_content=&#8221;no&#8221; last=&#8221;no&#8221; min_height=&#8221;&#8221; hover_type=&#8221;none&#8221; link=&#8221;&#8221;][fusion_text] REDACCI\u00d3N \u25cf Las secretar\u00edas de Cultura federal y capitalina, el Centro de la Imagen y la Fundaci\u00f3n Mar\u00eda y H\u00e9ctor Garc\u00eda preparan un programa expositivo que incluye diversas sedes en toda la capital, como el Museo de la Ciudad de [&hellip;]<\/p>\n","protected":false},"author":1,"featured_media":51745,"comment_status":"open","ping_status":"open","sticky":false,"template":"","format":"standard","meta":{"footnotes":""},"categories":[4,9],"tags":[],"_links":{"self":[{"href":"https:\/\/www.bitacoracdmx.com\/index.php?rest_route=\/wp\/v2\/posts\/51744"}],"collection":[{"href":"https:\/\/www.bitacoracdmx.com\/index.php?rest_route=\/wp\/v2\/posts"}],"about":[{"href":"https:\/\/www.bitacoracdmx.com\/index.php?rest_route=\/wp\/v2\/types\/post"}],"author":[{"embeddable":true,"href":"https:\/\/www.bitacoracdmx.com\/index.php?rest_route=\/wp\/v2\/users\/1"}],"replies":[{"embeddable":true,"href":"https:\/\/www.bitacoracdmx.com\/index.php?rest_route=%2Fwp%2Fv2%2Fcomments&post=51744"}],"version-history":[{"count":1,"href":"https:\/\/www.bitacoracdmx.com\/index.php?rest_route=\/wp\/v2\/posts\/51744\/revisions"}],"predecessor-version":[{"id":51746,"href":"https:\/\/www.bitacoracdmx.com\/index.php?rest_route=\/wp\/v2\/posts\/51744\/revisions\/51746"}],"wp:featuredmedia":[{"embeddable":true,"href":"https:\/\/www.bitacoracdmx.com\/index.php?rest_route=\/wp\/v2\/media\/51745"}],"wp:attachment":[{"href":"https:\/\/www.bitacoracdmx.com\/index.php?rest_route=%2Fwp%2Fv2%2Fmedia&parent=51744"}],"wp:term":[{"taxonomy":"category","embeddable":true,"href":"https:\/\/www.bitacoracdmx.com\/index.php?rest_route=%2Fwp%2Fv2%2Fcategories&post=51744"},{"taxonomy":"post_tag","embeddable":true,"href":"https:\/\/www.bitacoracdmx.com\/index.php?rest_route=%2Fwp%2Fv2%2Ftags&post=51744"}],"curies":[{"name":"wp","href":"https:\/\/api.w.org\/{rel}","templated":true}]}}