{"id":51837,"date":"2023-06-09T04:09:50","date_gmt":"2023-06-09T04:09:50","guid":{"rendered":"https:\/\/www.bitacoracdmx.com\/?p=51837"},"modified":"2023-06-09T04:09:50","modified_gmt":"2023-06-09T04:09:50","slug":"buena-vista-all-stars-anuncia-su-primer-concierto-en-latinoamerica-de-la-mano-de-su-gira-una-noche-en-la-habana","status":"publish","type":"post","link":"https:\/\/www.bitacoracdmx.com\/?p=51837","title":{"rendered":"Buena Vista All Stars anuncia su primer  concierto en Latinoam\u00e9rica de la mano de su gira  Una Noche en la Habana"},"content":{"rendered":"<p>[fusion_builder_container hundred_percent=&#8221;no&#8221; equal_height_columns=&#8221;no&#8221; menu_anchor=&#8221;&#8221; hide_on_mobile=&#8221;small-visibility,medium-visibility,large-visibility&#8221; class=&#8221;&#8221; id=&#8221;&#8221; background_color=&#8221;&#8221; background_image=&#8221;&#8221; background_position=&#8221;center center&#8221; background_repeat=&#8221;no-repeat&#8221; fade=&#8221;no&#8221; background_parallax=&#8221;none&#8221; parallax_speed=&#8221;0.3&#8243; video_mp4=&#8221;&#8221; video_webm=&#8221;&#8221; video_ogv=&#8221;&#8221; video_url=&#8221;&#8221; video_aspect_ratio=&#8221;16:9&#8243; video_loop=&#8221;yes&#8221; video_mute=&#8221;yes&#8221; overlay_color=&#8221;&#8221; video_preview_image=&#8221;&#8221; border_size=&#8221;&#8221; border_color=&#8221;&#8221; border_style=&#8221;solid&#8221; padding_top=&#8221;&#8221; padding_bottom=&#8221;&#8221; padding_left=&#8221;&#8221; padding_right=&#8221;&#8221;][fusion_builder_row][fusion_builder_column type=&#8221;1_1&#8243; layout=&#8221;1_1&#8243; background_position=&#8221;left top&#8221; background_color=&#8221;&#8221; border_size=&#8221;&#8221; border_color=&#8221;&#8221; border_style=&#8221;solid&#8221; border_position=&#8221;all&#8221; spacing=&#8221;yes&#8221; background_image=&#8221;&#8221; background_repeat=&#8221;no-repeat&#8221; padding_top=&#8221;&#8221; padding_right=&#8221;&#8221; padding_bottom=&#8221;&#8221; padding_left=&#8221;&#8221; margin_top=&#8221;0px&#8221; margin_bottom=&#8221;0px&#8221; class=&#8221;&#8221; id=&#8221;&#8221; animation_type=&#8221;&#8221; animation_speed=&#8221;0.3&#8243; animation_direction=&#8221;left&#8221; hide_on_mobile=&#8221;small-visibility,medium-visibility,large-visibility&#8221; center_content=&#8221;no&#8221; last=&#8221;no&#8221; min_height=&#8221;&#8221; hover_type=&#8221;none&#8221; link=&#8221;&#8221;][fusion_text]<\/p>\n<p>REDACCI\u00d3N<\/p>\n<p>S\u00e1bado 5 de agosto \u2013 Knight Concert Hall, Miami, Florida<\/p>\n<p>La constelaci\u00f3n de artistas est\u00e1 compuesta por Ibrahim Ferrer Jr., Juan De Marcos, Barbarito Torres, Demetrio Mu\u00f1iz, Rubencito Gonz\u00e1lez, Danay Su\u00e1rez, entre otros, quienes estar\u00e1n acompa\u00f1ados por la orquesta de Ibrahim Ferrer Jr., bajo la batuta del director musical Julio Quevedo<\/p>\n<p>El concepto musical que le dio la vuelta al mundo gracias a sus sonidos, ritmos, candela, sabor y baile, Buena Vista Social Club, que se erigi\u00f3 en su momento como uno de los colectivos m\u00e1s transcendentales e importantes de la Isla de Cuba y que estuvo integrado por los talentosos m\u00fasicos y cantantes como Compay Segundo, Ibrahim Ferrer, Omara Portuondo, P\u00edo Leyva, Eliades Ochoa, Manuel \u201cGuajiro\u201d Mirabal, Barbarito Torres, \u201cCachaito\u201d L\u00f3pez, Rub\u00e9n Gonz\u00e1lez, entre otros. En este 2023 continuar\u00e1 con su legado e historia, ya que algunos de sus herederos y sucesores musicales de este renombrado combo, realizar\u00e1n un absoluto homenaje a todos aquellos que dieron vida y voz a canciones ic\u00f3nicas, que traspasaron fronteras, bajo el proyecto Buena Vista All Stars.<\/p>\n<p>Por ello, la continuidad y tradici\u00f3n del arte cubano seguir\u00e1 en manos del Buena Vista All Stars, quienes llevar\u00e1n a los mel\u00f3manos de coraz\u00f3n a un viaje inolvidable en lo que seguramente ser\u00e1n noches llenas de ritmos encantadores y narrativas atemporales, que tocar\u00e1n el alma de nueva cuenta de miles de personas.<\/p>\n<p>Este proyecto, Buena Vista All Stars, comenzar\u00e1 su andar musical el pr\u00f3ximo 5 de agosto con un emotivo show en el Knight Concert Hall de Miami, Florida, y donde se ver\u00e1 en vivo y a todo color la incorporaci\u00f3n de notables y famosos m\u00fasicos cubanos de todos los tiempos, entre los que se encuentran Ibrahim Ferrer Jr., Juan de Marcos Gonz\u00e1lez, Barbarito Torres, Demetrio Mu\u00f1iz, Rubencito Gonz\u00e1lez, Danay Su\u00e1rez (la cuatro veces ganadora del Grammy Latino). Todos ellos estar\u00e1n comandados por la orquesta de cabecera de Ibrahim Ferrer Jr., misma que est\u00e1 dirigida por Julio Quevedo y donde se escuchar\u00e1n temas y arreglos de Juan de Marcos y Demetrio Mu\u00f1iz.<\/p>\n<p>Cabe mencionar que a la experiencia de estas leyendas de la m\u00fasica se sumar\u00e1n nuevos talentos, quienes aportar\u00e1n su granito de arena y dando como resultado una interesante transici\u00f3n, que seguramente ser\u00e1 un agasajo para el sentido auditivo y de la vista. Ser\u00e1 una c\u00e1lida fiesta llena de experiencia y juventud, que no parar\u00e1 por algunas horas.<\/p>\n<p>El Buena Vista All Stars combina elegantemente la tradici\u00f3n e innovaci\u00f3n, preservando fielmente los sonidos de un pasado preciado mientras inyectar\u00e1 sus actuaciones con un esp\u00edritu fresco y vibrante para mantener vivo este hermoso legado en el tiempo. Es una oportunidad incre\u00edble para ver a los artistas superestrellas m\u00e1s relevantes de Cuba.<\/p>\n<p>Todo est\u00e1 listo para la presentaci\u00f3n inaugural de Una Noche en La Habana Tour el 5 de agosto de 2023 en el Knight Concert Hall de Miami, Florida, donde se atestiguar\u00e1 el legado y la herencia musical de Cuba, que seguir\u00e1 preservada por el Buena Vista All Stars. Esta ser\u00e1 una celebraci\u00f3n inolvidable de la m\u00fasica y la cultura cubana. Pronto se anunciar\u00e1n m\u00e1s fechas.<\/p>\n<p>Para m\u00e1s informaci\u00f3n del Buena Vista All Stars sigue sus redes oficiales<\/p>\n<p>www.buenavistaallstars.com https:\/\/www.instagram.com\/buenavistaallstars\/ https:\/\/www.facebook.com\/BuenaVistaAllStars<\/p>\n<div dir=\"auto\"><a class=\"x1i10hfl xjbqb8w x6umtig x1b1mbwd xaqea5y xav7gou x9f619 x1ypdohk xt0psk2 xe8uvvx xdj266r x11i5rnm xat24cr x1mh8g0r xexx8yu x4uap5 x18d9i69 xkhd6sd x16tdsg8 x1hl2dhg xggy1nq x1a2a7pz xt0b8zv x1qq9wsj xo1l8bm\" tabindex=\"0\" role=\"link\" href=\"https:\/\/www.facebook.com\/hashtag\/buenavistaallstars?__eep__=6&amp;__cft__[0]=AZUdVtp2A-xk6u-dqEkrLuTF46zspo4cAowGazWSnqAPz9C03E7I3JUx0gN16XukI_uRQbJP8EIRiWKK3fEmuQFgunKy3qFUp_KwivH_qPBsP0ixi_Wh-aLXChX3hBp32j0&amp;__tn__=*NK-R\">#buenavistaallstars<\/a><\/div>\n<div dir=\"auto\"><a class=\"x1i10hfl xjbqb8w x6umtig x1b1mbwd xaqea5y xav7gou x9f619 x1ypdohk xt0psk2 xe8uvvx xdj266r x11i5rnm xat24cr x1mh8g0r xexx8yu x4uap5 x18d9i69 xkhd6sd x16tdsg8 x1hl2dhg xggy1nq x1a2a7pz xt0b8zv x1qq9wsj xo1l8bm\" tabindex=\"0\" role=\"link\" href=\"https:\/\/www.facebook.com\/hashtag\/bitacoracdmx?__eep__=6&amp;__cft__[0]=AZUdVtp2A-xk6u-dqEkrLuTF46zspo4cAowGazWSnqAPz9C03E7I3JUx0gN16XukI_uRQbJP8EIRiWKK3fEmuQFgunKy3qFUp_KwivH_qPBsP0ixi_Wh-aLXChX3hBp32j0&amp;__tn__=*NK-R\">#bitacoracdmx<\/a><\/div>\n<p>[\/fusion_text][fusion_imageframe image_id=&#8221;51838|medium&#8221; max_width=&#8221;&#8221; style_type=&#8221;&#8221; blur=&#8221;&#8221; stylecolor=&#8221;&#8221; hover_type=&#8221;none&#8221; bordersize=&#8221;&#8221; bordercolor=&#8221;&#8221; borderradius=&#8221;&#8221; align=&#8221;none&#8221; lightbox=&#8221;no&#8221; gallery_id=&#8221;&#8221; lightbox_image=&#8221;&#8221; lightbox_image_id=&#8221;&#8221; alt=&#8221;&#8221; link=&#8221;&#8221; linktarget=&#8221;_self&#8221; hide_on_mobile=&#8221;small-visibility,medium-visibility,large-visibility&#8221; class=&#8221;&#8221; id=&#8221;&#8221; animation_type=&#8221;&#8221; animation_direction=&#8221;left&#8221; animation_speed=&#8221;0.3&#8243; animation_offset=&#8221;&#8221;]https:\/\/www.bitacoracdmx.com\/wp-content\/uploads\/2023\/06\/BVAS-2023-300&#215;169.jpg[\/fusion_imageframe][\/fusion_builder_column][\/fusion_builder_row][\/fusion_builder_container]<\/p>\n","protected":false},"excerpt":{"rendered":"<p>[fusion_builder_container hundred_percent=&#8221;no&#8221; equal_height_columns=&#8221;no&#8221; menu_anchor=&#8221;&#8221; hide_on_mobile=&#8221;small-visibility,medium-visibility,large-visibility&#8221; class=&#8221;&#8221; id=&#8221;&#8221; background_color=&#8221;&#8221; background_image=&#8221;&#8221; background_position=&#8221;center center&#8221; background_repeat=&#8221;no-repeat&#8221; fade=&#8221;no&#8221; background_parallax=&#8221;none&#8221; parallax_speed=&#8221;0.3&#8243; video_mp4=&#8221;&#8221; video_webm=&#8221;&#8221; video_ogv=&#8221;&#8221; video_url=&#8221;&#8221; video_aspect_ratio=&#8221;16:9&#8243; video_loop=&#8221;yes&#8221; video_mute=&#8221;yes&#8221; overlay_color=&#8221;&#8221; video_preview_image=&#8221;&#8221; border_size=&#8221;&#8221; border_color=&#8221;&#8221; border_style=&#8221;solid&#8221; padding_top=&#8221;&#8221; padding_bottom=&#8221;&#8221; padding_left=&#8221;&#8221; padding_right=&#8221;&#8221;][fusion_builder_row][fusion_builder_column type=&#8221;1_1&#8243; layout=&#8221;1_1&#8243; background_position=&#8221;left top&#8221; background_color=&#8221;&#8221; border_size=&#8221;&#8221; border_color=&#8221;&#8221; border_style=&#8221;solid&#8221; border_position=&#8221;all&#8221; spacing=&#8221;yes&#8221; background_image=&#8221;&#8221; background_repeat=&#8221;no-repeat&#8221; padding_top=&#8221;&#8221; padding_right=&#8221;&#8221; padding_bottom=&#8221;&#8221; padding_left=&#8221;&#8221; margin_top=&#8221;0px&#8221; margin_bottom=&#8221;0px&#8221; class=&#8221;&#8221; id=&#8221;&#8221; animation_type=&#8221;&#8221; animation_speed=&#8221;0.3&#8243; animation_direction=&#8221;left&#8221; hide_on_mobile=&#8221;small-visibility,medium-visibility,large-visibility&#8221; center_content=&#8221;no&#8221; last=&#8221;no&#8221; min_height=&#8221;&#8221; hover_type=&#8221;none&#8221; link=&#8221;&#8221;][fusion_text] REDACCI\u00d3N S\u00e1bado 5 de agosto \u2013 Knight Concert Hall, Miami, Florida La constelaci\u00f3n de artistas est\u00e1 compuesta por Ibrahim Ferrer Jr., Juan De Marcos, Barbarito Torres, Demetrio Mu\u00f1iz, Rubencito Gonz\u00e1lez, Danay Su\u00e1rez, entre otros, quienes estar\u00e1n acompa\u00f1ados por la orquesta [&hellip;]<\/p>\n","protected":false},"author":1,"featured_media":51838,"comment_status":"open","ping_status":"open","sticky":false,"template":"","format":"standard","meta":{"footnotes":""},"categories":[9,11],"tags":[],"_links":{"self":[{"href":"https:\/\/www.bitacoracdmx.com\/index.php?rest_route=\/wp\/v2\/posts\/51837"}],"collection":[{"href":"https:\/\/www.bitacoracdmx.com\/index.php?rest_route=\/wp\/v2\/posts"}],"about":[{"href":"https:\/\/www.bitacoracdmx.com\/index.php?rest_route=\/wp\/v2\/types\/post"}],"author":[{"embeddable":true,"href":"https:\/\/www.bitacoracdmx.com\/index.php?rest_route=\/wp\/v2\/users\/1"}],"replies":[{"embeddable":true,"href":"https:\/\/www.bitacoracdmx.com\/index.php?rest_route=%2Fwp%2Fv2%2Fcomments&post=51837"}],"version-history":[{"count":1,"href":"https:\/\/www.bitacoracdmx.com\/index.php?rest_route=\/wp\/v2\/posts\/51837\/revisions"}],"predecessor-version":[{"id":51839,"href":"https:\/\/www.bitacoracdmx.com\/index.php?rest_route=\/wp\/v2\/posts\/51837\/revisions\/51839"}],"wp:featuredmedia":[{"embeddable":true,"href":"https:\/\/www.bitacoracdmx.com\/index.php?rest_route=\/wp\/v2\/media\/51838"}],"wp:attachment":[{"href":"https:\/\/www.bitacoracdmx.com\/index.php?rest_route=%2Fwp%2Fv2%2Fmedia&parent=51837"}],"wp:term":[{"taxonomy":"category","embeddable":true,"href":"https:\/\/www.bitacoracdmx.com\/index.php?rest_route=%2Fwp%2Fv2%2Fcategories&post=51837"},{"taxonomy":"post_tag","embeddable":true,"href":"https:\/\/www.bitacoracdmx.com\/index.php?rest_route=%2Fwp%2Fv2%2Ftags&post=51837"}],"curies":[{"name":"wp","href":"https:\/\/api.w.org\/{rel}","templated":true}]}}