{"id":51840,"date":"2023-06-09T04:18:34","date_gmt":"2023-06-09T04:18:34","guid":{"rendered":"https:\/\/www.bitacoracdmx.com\/?p=51840"},"modified":"2023-06-09T04:18:34","modified_gmt":"2023-06-09T04:18:34","slug":"light-falls-vertical-el-documental-sobre-la-violencia-domestica-impacta-en-el-38-ficg","status":"publish","type":"post","link":"https:\/\/www.bitacoracdmx.com\/?p=51840","title":{"rendered":"LIGHT FALLS VERTICAL, el documental sobre la violencia dom\u00e9stica impacta en el 38 FICG"},"content":{"rendered":"<p>[fusion_builder_container hundred_percent=&#8221;no&#8221; equal_height_columns=&#8221;no&#8221; menu_anchor=&#8221;&#8221; hide_on_mobile=&#8221;small-visibility,medium-visibility,large-visibility&#8221; class=&#8221;&#8221; id=&#8221;&#8221; background_color=&#8221;&#8221; background_image=&#8221;&#8221; background_position=&#8221;center center&#8221; background_repeat=&#8221;no-repeat&#8221; fade=&#8221;no&#8221; background_parallax=&#8221;none&#8221; parallax_speed=&#8221;0.3&#8243; video_mp4=&#8221;&#8221; video_webm=&#8221;&#8221; video_ogv=&#8221;&#8221; video_url=&#8221;&#8221; video_aspect_ratio=&#8221;16:9&#8243; video_loop=&#8221;yes&#8221; video_mute=&#8221;yes&#8221; overlay_color=&#8221;&#8221; video_preview_image=&#8221;&#8221; border_size=&#8221;&#8221; border_color=&#8221;&#8221; border_style=&#8221;solid&#8221; padding_top=&#8221;&#8221; padding_bottom=&#8221;&#8221; padding_left=&#8221;&#8221; padding_right=&#8221;&#8221;][fusion_builder_row][fusion_builder_column type=&#8221;1_1&#8243; layout=&#8221;1_1&#8243; background_position=&#8221;left top&#8221; background_color=&#8221;&#8221; border_size=&#8221;&#8221; border_color=&#8221;&#8221; border_style=&#8221;solid&#8221; border_position=&#8221;all&#8221; spacing=&#8221;yes&#8221; background_image=&#8221;&#8221; background_repeat=&#8221;no-repeat&#8221; padding_top=&#8221;&#8221; padding_right=&#8221;&#8221; padding_bottom=&#8221;&#8221; padding_left=&#8221;&#8221; margin_top=&#8221;0px&#8221; margin_bottom=&#8221;0px&#8221; class=&#8221;&#8221; id=&#8221;&#8221; animation_type=&#8221;&#8221; animation_speed=&#8221;0.3&#8243; animation_direction=&#8221;left&#8221; hide_on_mobile=&#8221;small-visibility,medium-visibility,large-visibility&#8221; center_content=&#8221;no&#8221; last=&#8221;no&#8221; min_height=&#8221;&#8221; hover_type=&#8221;none&#8221; link=&#8221;&#8221;][fusion_text]<\/p>\n<p>REDACCI\u00d3N<\/p>\n<h3 class=\"x_null\">\u201cLa directora encuentra en Ernesto la oportunidad de hablar sobre sus propias violencias, una pel\u00edcula muy interesante y potente\u201d Arturo Garibay, Top Cinema\u00a0<br aria-hidden=\"true\" \/><br aria-hidden=\"true\" \/>\u201cSu montaje se coreograf\u00eda con una narraci\u00f3n que se centra en las violencias dom\u00e9sticas, vista desde un personaje que las ha vivido y las ha ejercido\u201d, Mauricio Orozco, Apuntes de Cine<\/h3>\n<div><strong><em>Light Falls Vertical o Ahora la luz cae vertical<\/em><\/strong>, el documental de la directora griega Efthymia Zymvragaki ha cautivado al p\u00fablico del Festival Internacional de Cine de Guadalajara por retratar dos historias de violencia dom\u00e9stica, por un lado \u201cErnesto\u201d, un hombre que se reconoce como victimario, que cuenta a la vez c\u00f3mo abusaba de su familia y c\u00f3mo su padre le violent\u00f3 y le hered\u00f3 ese maltrato, y por el otro la propia directora cuenta la violencia que vivi\u00f3 en su familia durante su ni\u00f1ez.\u00a0<br aria-hidden=\"true\" \/><br aria-hidden=\"true\" \/>Este documental que ya ha tenido un largo camino recorrido por Europa con su estreno en el reconocido International Documentary Film Festival Amsterdam (IDFA) y otros prestigiosos festivales en Barcelona, M\u00fanich y M\u00e1laga, llega a M\u00e9xico para su estreno latinoamericano en medio de una crisis de violencia en el estado, sobre este paralelismo, la directora nos coment\u00f3:\u00a0<br aria-hidden=\"true\" \/><br aria-hidden=\"true\" \/>\u201cEstar en este festival es un gran regalo, as\u00ed que estar\u00e9 feliz de compartir charlas y pensamientos a ra\u00edz de este encuentro que genera la pel\u00edcula. Estando aqu\u00ed en Guadalajara, me genera mayores cuestionamientos que me gustar\u00eda compartir con ustedes, en relaci\u00f3n con qu\u00e9 puede esta pel\u00edcula peque\u00f1a de violencias muy comunes y otras mayores. \u00bfQu\u00e9 puede ofrecer para todas estas mujeres desaparecidas, para toda esta violencia silenciada e invisibilizada? Para todo lo que en cuanto a violencia y carencia emocional compartimos y hemos heredado colectivamente\u201d<br aria-hidden=\"true\" \/><br aria-hidden=\"true\" \/>Despu\u00e9s de dos funciones en el marco de la 38 edici\u00f3n de la FICG, la directora Efthymia ha caminado con su pel\u00edcula un largo trayecto, a trav\u00e9s de la cu\u00e1l ha sido lo mismo cuestionada que aplaudida. Es un documental que explora la violencia dom\u00e9stica y sus estragos desde dos puntos de vista, la historia principal es del victimario que se reconoce. Y la historia de la propia directora, de c\u00f3mo huye de su propio hogar para encontrarse en libertad. De fondo, una isla con sus paisajes y una fotograf\u00eda que logra mantener al espectador cautivo.\u00a0<br aria-hidden=\"true\" \/><br aria-hidden=\"true\" \/>\u201cEs un festival que admiro profundamente, que ha constatado su calidad durante todos estos a\u00f1os, tanto en cuanto a la sensibilidad, a la fragilidad y tambi\u00e9n el riesgo en su selecci\u00f3n de programaci\u00f3n. Estoy muy feliz. Es una gran oportunidad poder finalmente llegar hasta aqu\u00ed\u201d, finaliz\u00f3 la directora.<br aria-hidden=\"true\" \/><br aria-hidden=\"true\" \/><strong><em>Light Falls Vertical o Ahora la Luz Cae Vertical<\/em><\/strong>\u00a0busca distribuci\u00f3n en M\u00e9xico.<\/div>\n<div><\/div>\n<div>\n<div dir=\"auto\"><a class=\"x1i10hfl xjbqb8w x6umtig x1b1mbwd xaqea5y xav7gou x9f619 x1ypdohk xt0psk2 xe8uvvx xdj266r x11i5rnm xat24cr x1mh8g0r xexx8yu x4uap5 x18d9i69 xkhd6sd x16tdsg8 x1hl2dhg xggy1nq x1a2a7pz xt0b8zv x1qq9wsj xo1l8bm\" tabindex=\"0\" role=\"link\" href=\"https:\/\/www.facebook.com\/hashtag\/lightfallsvertical?__eep__=6&amp;__cft__[0]=AZWJ-I-QyPeimSRGTlBGttc3zft586R6m328z6Tje4p-z_IE1tbQNNgIqUMrroDQQ5RFAGuVVg6nBOdPRIpr_h06_Y0QQGlEHQ7r8ihVwuD7eQq3Q0U_7MYIRz0y22ptyeQ&amp;__tn__=*NK-R\">#lightfallsvertical<\/a><\/div>\n<div dir=\"auto\"><a class=\"x1i10hfl xjbqb8w x6umtig x1b1mbwd xaqea5y xav7gou x9f619 x1ypdohk xt0psk2 xe8uvvx xdj266r x11i5rnm xat24cr x1mh8g0r xexx8yu x4uap5 x18d9i69 xkhd6sd x16tdsg8 x1hl2dhg xggy1nq x1a2a7pz xt0b8zv x1qq9wsj xo1l8bm\" tabindex=\"0\" role=\"link\" href=\"https:\/\/www.facebook.com\/hashtag\/bitacoracdmx?__eep__=6&amp;__cft__[0]=AZWJ-I-QyPeimSRGTlBGttc3zft586R6m328z6Tje4p-z_IE1tbQNNgIqUMrroDQQ5RFAGuVVg6nBOdPRIpr_h06_Y0QQGlEHQ7r8ihVwuD7eQq3Q0U_7MYIRz0y22ptyeQ&amp;__tn__=*NK-R\">#bitacoracdmx<\/a><\/div>\n<\/div>\n<div><\/div>\n<p>[\/fusion_text][fusion_imageframe image_id=&#8221;51841|medium&#8221; max_width=&#8221;&#8221; style_type=&#8221;&#8221; blur=&#8221;&#8221; stylecolor=&#8221;&#8221; hover_type=&#8221;none&#8221; bordersize=&#8221;&#8221; bordercolor=&#8221;&#8221; borderradius=&#8221;&#8221; align=&#8221;none&#8221; lightbox=&#8221;no&#8221; gallery_id=&#8221;&#8221; lightbox_image=&#8221;&#8221; lightbox_image_id=&#8221;&#8221; alt=&#8221;&#8221; link=&#8221;&#8221; linktarget=&#8221;_self&#8221; hide_on_mobile=&#8221;small-visibility,medium-visibility,large-visibility&#8221; class=&#8221;&#8221; id=&#8221;&#8221; animation_type=&#8221;&#8221; animation_direction=&#8221;left&#8221; animation_speed=&#8221;0.3&#8243; animation_offset=&#8221;&#8221;]https:\/\/www.bitacoracdmx.com\/wp-content\/uploads\/2023\/06\/351352345_811789190340315_9070670627020269059_n-212&#215;300.jpg[\/fusion_imageframe][\/fusion_builder_column][\/fusion_builder_row][\/fusion_builder_container]<\/p>\n","protected":false},"excerpt":{"rendered":"<p>[fusion_builder_container hundred_percent=&#8221;no&#8221; equal_height_columns=&#8221;no&#8221; menu_anchor=&#8221;&#8221; hide_on_mobile=&#8221;small-visibility,medium-visibility,large-visibility&#8221; class=&#8221;&#8221; id=&#8221;&#8221; background_color=&#8221;&#8221; background_image=&#8221;&#8221; background_position=&#8221;center center&#8221; background_repeat=&#8221;no-repeat&#8221; fade=&#8221;no&#8221; background_parallax=&#8221;none&#8221; parallax_speed=&#8221;0.3&#8243; video_mp4=&#8221;&#8221; video_webm=&#8221;&#8221; video_ogv=&#8221;&#8221; video_url=&#8221;&#8221; video_aspect_ratio=&#8221;16:9&#8243; video_loop=&#8221;yes&#8221; video_mute=&#8221;yes&#8221; overlay_color=&#8221;&#8221; video_preview_image=&#8221;&#8221; border_size=&#8221;&#8221; border_color=&#8221;&#8221; border_style=&#8221;solid&#8221; padding_top=&#8221;&#8221; padding_bottom=&#8221;&#8221; padding_left=&#8221;&#8221; padding_right=&#8221;&#8221;][fusion_builder_row][fusion_builder_column type=&#8221;1_1&#8243; layout=&#8221;1_1&#8243; background_position=&#8221;left top&#8221; background_color=&#8221;&#8221; border_size=&#8221;&#8221; border_color=&#8221;&#8221; border_style=&#8221;solid&#8221; border_position=&#8221;all&#8221; spacing=&#8221;yes&#8221; background_image=&#8221;&#8221; background_repeat=&#8221;no-repeat&#8221; padding_top=&#8221;&#8221; padding_right=&#8221;&#8221; padding_bottom=&#8221;&#8221; padding_left=&#8221;&#8221; margin_top=&#8221;0px&#8221; margin_bottom=&#8221;0px&#8221; class=&#8221;&#8221; id=&#8221;&#8221; animation_type=&#8221;&#8221; animation_speed=&#8221;0.3&#8243; animation_direction=&#8221;left&#8221; hide_on_mobile=&#8221;small-visibility,medium-visibility,large-visibility&#8221; center_content=&#8221;no&#8221; last=&#8221;no&#8221; min_height=&#8221;&#8221; hover_type=&#8221;none&#8221; link=&#8221;&#8221;][fusion_text] REDACCI\u00d3N \u201cLa directora encuentra en Ernesto la oportunidad de hablar sobre sus propias violencias, una pel\u00edcula muy interesante y potente\u201d Arturo Garibay, Top Cinema\u00a0\u201cSu montaje se coreograf\u00eda con una narraci\u00f3n que se centra en las violencias dom\u00e9sticas, vista desde un [&hellip;]<\/p>\n","protected":false},"author":1,"featured_media":51841,"comment_status":"open","ping_status":"open","sticky":false,"template":"","format":"standard","meta":{"footnotes":""},"categories":[3,9],"tags":[],"_links":{"self":[{"href":"https:\/\/www.bitacoracdmx.com\/index.php?rest_route=\/wp\/v2\/posts\/51840"}],"collection":[{"href":"https:\/\/www.bitacoracdmx.com\/index.php?rest_route=\/wp\/v2\/posts"}],"about":[{"href":"https:\/\/www.bitacoracdmx.com\/index.php?rest_route=\/wp\/v2\/types\/post"}],"author":[{"embeddable":true,"href":"https:\/\/www.bitacoracdmx.com\/index.php?rest_route=\/wp\/v2\/users\/1"}],"replies":[{"embeddable":true,"href":"https:\/\/www.bitacoracdmx.com\/index.php?rest_route=%2Fwp%2Fv2%2Fcomments&post=51840"}],"version-history":[{"count":1,"href":"https:\/\/www.bitacoracdmx.com\/index.php?rest_route=\/wp\/v2\/posts\/51840\/revisions"}],"predecessor-version":[{"id":51842,"href":"https:\/\/www.bitacoracdmx.com\/index.php?rest_route=\/wp\/v2\/posts\/51840\/revisions\/51842"}],"wp:featuredmedia":[{"embeddable":true,"href":"https:\/\/www.bitacoracdmx.com\/index.php?rest_route=\/wp\/v2\/media\/51841"}],"wp:attachment":[{"href":"https:\/\/www.bitacoracdmx.com\/index.php?rest_route=%2Fwp%2Fv2%2Fmedia&parent=51840"}],"wp:term":[{"taxonomy":"category","embeddable":true,"href":"https:\/\/www.bitacoracdmx.com\/index.php?rest_route=%2Fwp%2Fv2%2Fcategories&post=51840"},{"taxonomy":"post_tag","embeddable":true,"href":"https:\/\/www.bitacoracdmx.com\/index.php?rest_route=%2Fwp%2Fv2%2Ftags&post=51840"}],"curies":[{"name":"wp","href":"https:\/\/api.w.org\/{rel}","templated":true}]}}