{"id":51843,"date":"2023-06-09T04:26:26","date_gmt":"2023-06-09T04:26:26","guid":{"rendered":"https:\/\/www.bitacoracdmx.com\/?p=51843"},"modified":"2023-06-09T04:26:26","modified_gmt":"2023-06-09T04:26:26","slug":"lanzan-el-libro-no-viviras-para-tu-proximo-cumpleanos-un-testimonio-desde-el-horror","status":"publish","type":"post","link":"https:\/\/www.bitacoracdmx.com\/?p=51843","title":{"rendered":"Lanzan el libro \u201cNO VIVIR\u00c1S PARA TU PR\u00d3XIMO CUMPLEA\u00d1OS\u201d, un testimonio desde el horror"},"content":{"rendered":"<p>[fusion_builder_container hundred_percent=&#8221;no&#8221; equal_height_columns=&#8221;no&#8221; menu_anchor=&#8221;&#8221; hide_on_mobile=&#8221;small-visibility,medium-visibility,large-visibility&#8221; class=&#8221;&#8221; id=&#8221;&#8221; background_color=&#8221;&#8221; background_image=&#8221;&#8221; background_position=&#8221;center center&#8221; background_repeat=&#8221;no-repeat&#8221; fade=&#8221;no&#8221; background_parallax=&#8221;none&#8221; parallax_speed=&#8221;0.3&#8243; video_mp4=&#8221;&#8221; video_webm=&#8221;&#8221; video_ogv=&#8221;&#8221; video_url=&#8221;&#8221; video_aspect_ratio=&#8221;16:9&#8243; video_loop=&#8221;yes&#8221; video_mute=&#8221;yes&#8221; overlay_color=&#8221;&#8221; video_preview_image=&#8221;&#8221; border_size=&#8221;&#8221; border_color=&#8221;&#8221; border_style=&#8221;solid&#8221; padding_top=&#8221;&#8221; padding_bottom=&#8221;&#8221; padding_left=&#8221;&#8221; padding_right=&#8221;&#8221;][fusion_builder_row][fusion_builder_column type=&#8221;1_1&#8243; layout=&#8221;1_1&#8243; background_position=&#8221;left top&#8221; background_color=&#8221;&#8221; border_size=&#8221;&#8221; border_color=&#8221;&#8221; border_style=&#8221;solid&#8221; border_position=&#8221;all&#8221; spacing=&#8221;yes&#8221; background_image=&#8221;&#8221; background_repeat=&#8221;no-repeat&#8221; padding_top=&#8221;&#8221; padding_right=&#8221;&#8221; padding_bottom=&#8221;&#8221; padding_left=&#8221;&#8221; margin_top=&#8221;0px&#8221; margin_bottom=&#8221;0px&#8221; class=&#8221;&#8221; id=&#8221;&#8221; animation_type=&#8221;&#8221; animation_speed=&#8221;0.3&#8243; animation_direction=&#8221;left&#8221; hide_on_mobile=&#8221;small-visibility,medium-visibility,large-visibility&#8221; center_content=&#8221;no&#8221; last=&#8221;no&#8221; min_height=&#8221;&#8221; hover_type=&#8221;none&#8221; link=&#8221;&#8221;][fusion_text]<\/p>\n<p>REDACCI\u00d3N<\/p>\n<p><i>*Disponible a la venta en librer\u00edas de prestigio y en\u00a0<a href=\"https:\/\/www.trilce.mx\/\" target=\"_blank\" rel=\"noopener noreferrer\" data-auth=\"NotApplicable\" data-linkindex=\"2\">https:\/\/www.trilce.mx\/<\/a><\/i><\/p>\n<p>Justo cuando en este a\u00f1o se cumplen 78 a\u00f1os de que el infame campo de concentraci\u00f3n austr\u00edaco de Mauthausen fue liberado por la fuerza expedicionaria de Estados Unidos el 5 de Mayo de 1945, la Editorial Trilce sorprende al mundo con la edici\u00f3n de un libro que recoge las v\u00edvidas memorias de un superviviente afincado en M\u00e9xico, que deja un testimonio y un legado digno de ser perpetuado, en aras de que esta historia no vuelva a repetirse. Se trata de la autobiograf\u00eda de Luis Stillmann -nacido como Lajos Stillmann- quien, en la Nochevieja de 1943, al cumplir 22 a\u00f1os, fue a visitar a una adivina que le ley\u00f3 la palma de la mano y le dej\u00f3 una aterradora premonici\u00f3n que da un t\u00edtulo desgarrador a esta obra: \u201cNo vivir\u00e1s para tu pr\u00f3ximo cumplea\u00f1os\u201d.<\/p>\n<p>En la siguiente Nochevieja de 1944, el r\u00e9gimen nazi t\u00edtere de Hungr\u00eda ha entregado a Stillmann y otros jud\u00edos a los alemanes. Lo ponen a trabajar como esclavo, cavando trincheras y trampas para tanques a lo largo de la frontera con Austria. Un joven soldado de una unidad del S.S. acusa a alguien del equipo de trabajo de Stillmann de robar un par de guantes. Ordena a los trabajadores que se alineen en filas y amenaza con matar al d\u00e9cimo hombre en cada fila si los guantes no aparecen. El autor echa una mirada de reojo por su fila y cuenta. \u00c9l es el d\u00e9cimo hombre. El soldado saca su pistola, se vuelve hacia Stillmann y le pregunta si tiene los guantes. En ese momento, llega un oficial alem\u00e1n y ordena al soldado que enfunda su arma y avance. Stillmann se salva por poco. Un pensamiento pasa por su mente: \u201cNo deber\u00eda ser tan despectivo con los adivinos\u201d.<\/p>\n<p>En el libro se relata como Stillmann ha debido reconsiderar la vida para trabajar en el campo de concentraci\u00f3n de Mauthausen, afincado en Austria, para fungir como int\u00e9rprete mientras niega su identidad para salvar su vida, al tiempo que va en su \u00e1gil narrativa, relatando como fue que el campo lleg\u00f3 a ser liberado, su recuperaci\u00f3n despu\u00e9s de pesar 38 kilos estando al punto de la muerte y como, gracias a su tenacidad y su voluntad, puedo emprender un camino que lo llev\u00f3 finalmente a M\u00e9xico donde se asent\u00f3 con su esposa y su familia, hasta llegar al punto en que en plena pandemia por el COVID decidi\u00f3 por fin contar al mundo su experiencia, mientras una crisis sanitaria diezmaba a la poblaci\u00f3n en una tragedia m\u00e1s que \u00e9l mismo ha debido de soportar.<\/p>\n<p>\u201cNo vivir\u00e1s para tu pr\u00f3ximo cumplea\u00f1os\u201d es un libro que relata en primera persona la osad\u00eda de vivir del protagonista, que a cada omento enfrentaba estoicamente el peligro de morir. En su relato y ya como prisionero de las fuerzas de ocupaci\u00f3n nazis, se ve obligado a marchar nuevamente, esta vez hacia un subcampo llamado Gunskirchen. En el camino, por la noche, un oficial del S.S. lo detiene a punta de pistola. \u201cAqu\u00ed vamos de nuevo\u201d, se dice Stillmann. \u201cEres jud\u00edo\u201d, dice el oficial. \u201cNo soy jud\u00edo, soy portugu\u00e9s\u201d, responde Stillmann.<\/p>\n<p>Acto seguido presenta un pasaporte falsificado obtenido el verano anterior gracias a un pariente familiar que trabajaba en la embajada de Lisboa en Budapest. \u201cJura que Alemania est\u00e1 ganando la guerra y te dejar\u00e9 ir\u201d, dice el oficial. \u201cAlemania ya gan\u00f3 la guerra\u201d, responde. Para entonces, el 70 por ciento de los jud\u00edos de Hungr\u00eda ya han perecido en el Holocausto. El oficial guarda su arma y el deja vivir. El viernes 4 de mayo de 1945, el campamento es liberado por elementos de la 71 Divisi\u00f3n y el 761 Batall\u00f3n de Tanques afroamericanos. Se ha salvado por poco. Otra vez.<\/p>\n<p>Stillmann narra como fue que, con una herida infectada en una pierna, pesa 38 kilos y como se recupera y sirve al tiempo como int\u00e9rprete para los estadounidenses. Una noche, tiene un sue\u00f1o en el que ve a su padre enterrar reliquias familiares debajo de un \u00e1rbol lila en el jard\u00edn. Por la ma\u00f1ana, lleva una pala al lugar con el que so\u00f1\u00f3 y encuentra las reliquias. Vuelve a su casa, pero las tropas rusas est\u00e1n acuarteladas all\u00ed. Se infiltra, a trav\u00e9s de la frontera hacia Austria, pasando entre los campamentos de personas desplazadas mientras busca un pa\u00eds que pueda aceptarlo. Es la posguerra que aniquila sue\u00f1os y esperanzas de los sobrevivientes que lo han perdido todo.<\/p>\n<p>El libro autobiogr\u00e1fico termina en M\u00e9xico, un pa\u00eds que lo recibe con los brazos abiertos. Lajos pasa a ser Luis. Es en este pa\u00eds en el que conoce a Buba Weiz, tambi\u00e9n sobreviviente h\u00fangara, que conoci\u00f3 en Auschwitz al mismo Mengele y con quien comparte una historia af\u00edn de privaciones, esclavitud e infamia en los campos de la muerte. Stillmann aprovecha su manejo de varios idiomas para representar a compa\u00f1\u00edas farmac\u00e9uticas inglesas y norteamericanas. Es tambi\u00e9n l\u00edder comunitario y hoy, un empecinado en dejar un legado escrito que da cuenta de una de las mayores atrocidades de Siglo XX para que las nuevas generaciones tengan claro un pasado que no puede repetirse de nuevo.<\/p>\n<p><b>&#8220;No vivir\u00e1s para tu pr\u00f3ximo cumplea\u00f1os\u201d es un libro editado por Trilce Ediciones con magn\u00edficas ilustraciones de la colecci\u00f3n privada del autor, con 158 p\u00e1ginas que corren como agua en una lectura r\u00e1pida y \u00e1gil. Disponible a la venta en librer\u00edas de prestigio y en <a href=\"https:\/\/www.trilce.mx\/\" target=\"_blank\" rel=\"noopener noreferrer\" data-auth=\"NotApplicable\" data-linkindex=\"3\">https:\/\/www.trilce.mx\/<\/a>\u00a0<\/b><\/p>\n<div dir=\"auto\"><a class=\"x1i10hfl xjbqb8w x6umtig x1b1mbwd xaqea5y xav7gou x9f619 x1ypdohk xt0psk2 xe8uvvx xdj266r x11i5rnm xat24cr x1mh8g0r xexx8yu x4uap5 x18d9i69 xkhd6sd x16tdsg8 x1hl2dhg xggy1nq x1a2a7pz xt0b8zv x1qq9wsj xo1l8bm\" tabindex=\"0\" role=\"link\" href=\"https:\/\/www.facebook.com\/hashtag\/lanzamientoeditorial?__eep__=6&amp;__cft__[0]=AZXOqM49d8y6E3MFWgucv4l2-XCL-9fO9hZjMoRgNkbWFQprPddRCY6JgdJkySrPGQgPCgfIuyUdkylEAdQ0sChJZna_Y77anmXO9VqlTxeLJxqR_tASElEOJ2xvj3VXHtQ&amp;__tn__=*NK-R\">#lanzamientoeditorial<\/a><\/div>\n<div dir=\"auto\"><a class=\"x1i10hfl xjbqb8w x6umtig x1b1mbwd xaqea5y xav7gou x9f619 x1ypdohk xt0psk2 xe8uvvx xdj266r x11i5rnm xat24cr x1mh8g0r xexx8yu x4uap5 x18d9i69 xkhd6sd x16tdsg8 x1hl2dhg xggy1nq x1a2a7pz xt0b8zv x1qq9wsj xo1l8bm\" tabindex=\"0\" role=\"link\" href=\"https:\/\/www.facebook.com\/hashtag\/bitacoracdmx?__eep__=6&amp;__cft__[0]=AZXOqM49d8y6E3MFWgucv4l2-XCL-9fO9hZjMoRgNkbWFQprPddRCY6JgdJkySrPGQgPCgfIuyUdkylEAdQ0sChJZna_Y77anmXO9VqlTxeLJxqR_tASElEOJ2xvj3VXHtQ&amp;__tn__=*NK-R\">#bitacoracdmx<\/a><\/div>\n<p>[\/fusion_text][fusion_imageframe image_id=&#8221;51844|medium&#8221; max_width=&#8221;&#8221; style_type=&#8221;&#8221; blur=&#8221;&#8221; stylecolor=&#8221;&#8221; hover_type=&#8221;none&#8221; bordersize=&#8221;&#8221; bordercolor=&#8221;&#8221; borderradius=&#8221;&#8221; align=&#8221;none&#8221; lightbox=&#8221;no&#8221; gallery_id=&#8221;&#8221; lightbox_image=&#8221;&#8221; lightbox_image_id=&#8221;&#8221; alt=&#8221;&#8221; link=&#8221;&#8221; linktarget=&#8221;_self&#8221; hide_on_mobile=&#8221;small-visibility,medium-visibility,large-visibility&#8221; class=&#8221;&#8221; id=&#8221;&#8221; animation_type=&#8221;&#8221; animation_direction=&#8221;left&#8221; animation_speed=&#8221;0.3&#8243; animation_offset=&#8221;&#8221;]https:\/\/www.bitacoracdmx.com\/wp-content\/uploads\/2023\/06\/descargar-2023-06-08T222210.232-300&#215;300.png[\/fusion_imageframe][\/fusion_builder_column][\/fusion_builder_row][\/fusion_builder_container]<\/p>\n","protected":false},"excerpt":{"rendered":"<p>[fusion_builder_container hundred_percent=&#8221;no&#8221; equal_height_columns=&#8221;no&#8221; menu_anchor=&#8221;&#8221; hide_on_mobile=&#8221;small-visibility,medium-visibility,large-visibility&#8221; class=&#8221;&#8221; id=&#8221;&#8221; background_color=&#8221;&#8221; background_image=&#8221;&#8221; background_position=&#8221;center center&#8221; background_repeat=&#8221;no-repeat&#8221; fade=&#8221;no&#8221; background_parallax=&#8221;none&#8221; parallax_speed=&#8221;0.3&#8243; video_mp4=&#8221;&#8221; video_webm=&#8221;&#8221; video_ogv=&#8221;&#8221; video_url=&#8221;&#8221; video_aspect_ratio=&#8221;16:9&#8243; video_loop=&#8221;yes&#8221; video_mute=&#8221;yes&#8221; overlay_color=&#8221;&#8221; video_preview_image=&#8221;&#8221; border_size=&#8221;&#8221; border_color=&#8221;&#8221; border_style=&#8221;solid&#8221; padding_top=&#8221;&#8221; padding_bottom=&#8221;&#8221; padding_left=&#8221;&#8221; padding_right=&#8221;&#8221;][fusion_builder_row][fusion_builder_column type=&#8221;1_1&#8243; layout=&#8221;1_1&#8243; background_position=&#8221;left top&#8221; background_color=&#8221;&#8221; border_size=&#8221;&#8221; border_color=&#8221;&#8221; border_style=&#8221;solid&#8221; border_position=&#8221;all&#8221; spacing=&#8221;yes&#8221; background_image=&#8221;&#8221; background_repeat=&#8221;no-repeat&#8221; padding_top=&#8221;&#8221; padding_right=&#8221;&#8221; padding_bottom=&#8221;&#8221; padding_left=&#8221;&#8221; margin_top=&#8221;0px&#8221; margin_bottom=&#8221;0px&#8221; class=&#8221;&#8221; id=&#8221;&#8221; animation_type=&#8221;&#8221; animation_speed=&#8221;0.3&#8243; animation_direction=&#8221;left&#8221; hide_on_mobile=&#8221;small-visibility,medium-visibility,large-visibility&#8221; center_content=&#8221;no&#8221; last=&#8221;no&#8221; min_height=&#8221;&#8221; hover_type=&#8221;none&#8221; link=&#8221;&#8221;][fusion_text] REDACCI\u00d3N *Disponible a la venta en librer\u00edas de prestigio y en\u00a0https:\/\/www.trilce.mx\/ Justo cuando en este a\u00f1o se cumplen 78 a\u00f1os de que el infame campo de concentraci\u00f3n austr\u00edaco de Mauthausen fue liberado por la fuerza expedicionaria de Estados Unidos el [&hellip;]<\/p>\n","protected":false},"author":1,"featured_media":51844,"comment_status":"open","ping_status":"open","sticky":false,"template":"","format":"standard","meta":{"footnotes":""},"categories":[9,10],"tags":[],"_links":{"self":[{"href":"https:\/\/www.bitacoracdmx.com\/index.php?rest_route=\/wp\/v2\/posts\/51843"}],"collection":[{"href":"https:\/\/www.bitacoracdmx.com\/index.php?rest_route=\/wp\/v2\/posts"}],"about":[{"href":"https:\/\/www.bitacoracdmx.com\/index.php?rest_route=\/wp\/v2\/types\/post"}],"author":[{"embeddable":true,"href":"https:\/\/www.bitacoracdmx.com\/index.php?rest_route=\/wp\/v2\/users\/1"}],"replies":[{"embeddable":true,"href":"https:\/\/www.bitacoracdmx.com\/index.php?rest_route=%2Fwp%2Fv2%2Fcomments&post=51843"}],"version-history":[{"count":1,"href":"https:\/\/www.bitacoracdmx.com\/index.php?rest_route=\/wp\/v2\/posts\/51843\/revisions"}],"predecessor-version":[{"id":51845,"href":"https:\/\/www.bitacoracdmx.com\/index.php?rest_route=\/wp\/v2\/posts\/51843\/revisions\/51845"}],"wp:featuredmedia":[{"embeddable":true,"href":"https:\/\/www.bitacoracdmx.com\/index.php?rest_route=\/wp\/v2\/media\/51844"}],"wp:attachment":[{"href":"https:\/\/www.bitacoracdmx.com\/index.php?rest_route=%2Fwp%2Fv2%2Fmedia&parent=51843"}],"wp:term":[{"taxonomy":"category","embeddable":true,"href":"https:\/\/www.bitacoracdmx.com\/index.php?rest_route=%2Fwp%2Fv2%2Fcategories&post=51843"},{"taxonomy":"post_tag","embeddable":true,"href":"https:\/\/www.bitacoracdmx.com\/index.php?rest_route=%2Fwp%2Fv2%2Ftags&post=51843"}],"curies":[{"name":"wp","href":"https:\/\/api.w.org\/{rel}","templated":true}]}}