{"id":51873,"date":"2023-06-12T04:53:07","date_gmt":"2023-06-12T04:53:07","guid":{"rendered":"https:\/\/www.bitacoracdmx.com\/?p=51873"},"modified":"2023-06-12T04:53:07","modified_gmt":"2023-06-12T04:53:07","slug":"muestran-las-areas-protegidas-y-biodiversidad-de-serbia-en-el-paseo-de-las-culturas-amigas","status":"publish","type":"post","link":"https:\/\/www.bitacoracdmx.com\/?p=51873","title":{"rendered":"Muestran las \u00e1reas protegidas y biodiversidad de Serbia en el PASEO DE LAS CULTURAS AMIGAS"},"content":{"rendered":"<p>[fusion_builder_container hundred_percent=&#8221;no&#8221; equal_height_columns=&#8221;no&#8221; menu_anchor=&#8221;&#8221; hide_on_mobile=&#8221;small-visibility,medium-visibility,large-visibility&#8221; class=&#8221;&#8221; id=&#8221;&#8221; background_color=&#8221;&#8221; background_image=&#8221;&#8221; background_position=&#8221;center center&#8221; background_repeat=&#8221;no-repeat&#8221; fade=&#8221;no&#8221; background_parallax=&#8221;none&#8221; parallax_speed=&#8221;0.3&#8243; video_mp4=&#8221;&#8221; video_webm=&#8221;&#8221; video_ogv=&#8221;&#8221; video_url=&#8221;&#8221; video_aspect_ratio=&#8221;16:9&#8243; video_loop=&#8221;yes&#8221; video_mute=&#8221;yes&#8221; overlay_color=&#8221;&#8221; video_preview_image=&#8221;&#8221; border_size=&#8221;&#8221; border_color=&#8221;&#8221; border_style=&#8221;solid&#8221; padding_top=&#8221;&#8221; padding_bottom=&#8221;&#8221; padding_left=&#8221;&#8221; padding_right=&#8221;&#8221;][fusion_builder_row][fusion_builder_column type=&#8221;1_1&#8243; layout=&#8221;1_1&#8243; background_position=&#8221;left top&#8221; background_color=&#8221;&#8221; border_size=&#8221;&#8221; border_color=&#8221;&#8221; border_style=&#8221;solid&#8221; border_position=&#8221;all&#8221; spacing=&#8221;yes&#8221; background_image=&#8221;&#8221; background_repeat=&#8221;no-repeat&#8221; padding_top=&#8221;&#8221; padding_right=&#8221;&#8221; padding_bottom=&#8221;&#8221; padding_left=&#8221;&#8221; margin_top=&#8221;0px&#8221; margin_bottom=&#8221;0px&#8221; class=&#8221;&#8221; id=&#8221;&#8221; animation_type=&#8221;&#8221; animation_speed=&#8221;0.3&#8243; animation_direction=&#8221;left&#8221; hide_on_mobile=&#8221;small-visibility,medium-visibility,large-visibility&#8221; center_content=&#8221;no&#8221; last=&#8221;no&#8221; min_height=&#8221;&#8221; hover_type=&#8221;none&#8221; link=&#8221;&#8221;][fusion_text]<\/p>\n<p>REDACCI\u00d3N<\/p>\n<ul>\n<li>El p\u00fablico podr\u00e1 recorrer 32 emblem\u00e1ticos espacios desde parques nacionales y naturales, hasta \u00e1reas de caracter\u00edsticas excepcionales, reservas y monumentos naturales.<\/li>\n<li>A trav\u00e9s de m\u00e1s de 200 im\u00e1genes se conocer\u00e1n la flora y fauna desde el gato mont\u00e9s, el \u00e1guila real, el lince y su saltamontes de Pancic, adem\u00e1s de la planta carn\u00edvora\u00a0<em>Drosera rotundifolia<\/em>\u00a0o la\u00a0<em>Paeonia peregrina<\/em>\u00a0y sus diversas comunidades forestales<\/li>\n<\/ul>\n<p>En el marco de la celebraci\u00f3n por el 77 aniversario de las relaciones diplom\u00e1ticas entre M\u00e9xico y Serbia, establecidas desde el 24 de mayo de 1946, la Embajada de este pa\u00eds europeo en colaboraci\u00f3n con el\u00a0<strong>Gobierno de la Ciudad de M\u00e9xico<\/strong>, presentan al p\u00fablico la exposici\u00f3n\u00a0<strong><em>\u00c1reas Protegidas y Biodiversidad de la Rep\u00fablica de Serbia<\/em><\/strong>\u00a0en el\u00a0<strong>Paseo de las Culturas Amigas,<\/strong>\u00a0ubicado sobre Paseo de la Reforma, donde estar\u00e1 disponible\u00a0<strong>del 7 de junio al 30 de julio<\/strong>.<br aria-hidden=\"true\" \/>\u00a0<br aria-hidden=\"true\" \/>Organizada por la Coordinaci\u00f3n General de Asesores y Asuntos Internacionales y la Secretar\u00eda de Cultura capitalina a trav\u00e9s de su Programa de Galer\u00edas Abiertas, la muestra conduce al p\u00fablico a 32 emblem\u00e1ticos espacios desde parques nacionales y naturales hasta \u00e1reas de caracter\u00edsticas excepcionales, reservas y monumentos naturales, que muestran la diversidad en ecosistemas y especies de este pa\u00eds de Europa central.<br aria-hidden=\"true\" \/>\u00a0<br aria-hidden=\"true\" \/>A trav\u00e9s de m\u00e1s de 200 fotograf\u00edas los visitantes podr\u00e1n conocer la flora y fauna, desde el gato mont\u00e9s, el \u00e1guila real, el lince, la rana temporaria, sus caballos salvajes y su saltamontes de Pancic, adem\u00e1s de la planta carn\u00edvora\u00a0<em>Drosera rotundifolia<\/em>\u00a0o la\u00a0<em>Paeonia peregrina<\/em>\u00a0y sus diversas comunidades forestales como el avellano turco, sus bosques de hayas, robles y de pino laricio, as\u00ed como sus desfiladeros, monta\u00f1as, mesetas, cordilleras, campos, estanques y cuevas.<br aria-hidden=\"true\" \/>\u00a0<br aria-hidden=\"true\" \/>&#8220;En esta ocasi\u00f3n el Paseo de las Culturas Amigas ha sido engalanado por la embajada de Serbia en M\u00e9xico, que nos presenta una exposici\u00f3n con singular detalle y cuidado; una curadur\u00eda que al observar la diversidad y belleza de las im\u00e1genes, estamos convencidos que fue una exposici\u00f3n que llev\u00f3 mucho esfuerzo y meses de preparaci\u00f3n, por lo que estamos muy agradecidos con la Embajadora Tatjana Conic, primero por esta hermosa exposici\u00f3n y segundo por confiar en este proyecto cultural en el que por segunda ocasi\u00f3n participa con el Gobierno de la Ciudad&#8221;, expres\u00f3 la coordinadora general de Asesores y Asuntos Internacionales del Gobierno de la Ciudad de M\u00e9xico, Diana Alarc\u00f3n.<br aria-hidden=\"true\" \/>\u00a0<br aria-hidden=\"true\" \/>&#8220;El objetivo m\u00e1s importante es dar a conocer al p\u00fablico mexicano la riqueza de la biodiversidad de Serbia, teniendo en cuenta que nuestro pa\u00eds ocupa s\u00f3lo 1,9 por ciento del territorio continental europeo, pero alberga, por ejemplo, 74 por ciento de las especies de la fauna av\u00edcola europea, o 51 por ciento de la fauna pisc\u00edcola, o 40 por ciento de las especies de reptiles, y 39 por ciento de las especies de flora europea&#8221;, indic\u00f3 la Embajadora de Serbia en M\u00e9xico, Tajana Conic.<br aria-hidden=\"true\" \/>\u00a0<br aria-hidden=\"true\" \/>&#8220;Es algo que nos orgullece y quer\u00edamos compartir esta parte importante de la vida en Serbia con nuestros amigos mexicanos. Aparte de eso, conocer la belleza e importancia de las biosferas en el mundo, nos hace trabajar sin m\u00e1s, todos juntos, en la protecci\u00f3n de nuestro planeta com\u00fan&#8221;, dijo.<br aria-hidden=\"true\" \/>\u00a0<br aria-hidden=\"true\" \/>Al evento de inauguraci\u00f3n asistieron diplom\u00e1ticos de Honduras, Venezuela Emiratos Arabes y Rusia.<br aria-hidden=\"true\" \/>\u00a0<br aria-hidden=\"true\" \/>Los transe\u00fantes se internar\u00e1n a trav\u00e9s de 40 l\u00e1minas en gran formato en el Parque Nacional de Fru\u0161ka Gora, cuya monta\u00f1a es un fen\u00f3meno natural \u00fanico constituido por rocas de casi todos los per\u00edodos geol\u00f3gicos, desde el Paleozoico, Mesozoico y Ne\u00f3geno, hasta el Caternario; as\u00ed como al Parque Nacional \u0110erdap, caracterizado por su desfiladero que constituye el ca\u00f1\u00f3n m\u00e1s largo y grande de Europa.<br aria-hidden=\"true\" \/>\u00a0<br aria-hidden=\"true\" \/>Entre los Parques Naturales por conocer se encuentra Radan, con sus rocas de origen volc\u00e1nico, as\u00ed como Zlatibor, con su meseta cubierta de hierba con vastos pastizales, y\u00a0 Golija, parque repleto de bosques de hayas y piceas de car\u00e1cter selv\u00e1tico, as\u00ed como de prados y pastos de alta monta\u00f1a, cuya armon\u00eda y tradici\u00f3n local sumado al monasterio de Studenica, fue declarado Reserva Mundial de la Biosfera por la Organizaci\u00f3n de las Naciones Unidas para la Educaci\u00f3n, la Ciencia y la Cultura (UNESCO, por sus siglas en ingl\u00e9s).<br aria-hidden=\"true\" \/>\u00a0<br aria-hidden=\"true\" \/>Otras zonas a conocer son las \u00e1reas de caracter\u00edsticas excepcionales como Vlasina con sus peculiares plantas como el roc\u00edo de sol y la juncia de barro; la Zona Cultural de Tr\u0161i\u0107-Trono\u0161a, de abundantes bosques, r\u00edos y arroyos r\u00e1pidos, con sus campos de cultivo y casas dispersas en las laderas y colinas; y la monta\u00f1a de Stolovi, uno de los pocos montes donde se pueden ver los caballos semisalvajes que representan su sello distintivo.<br aria-hidden=\"true\" \/>\u00a0<br aria-hidden=\"true\" \/>Asimismo, los visitantes podr\u00e1n conocer el Puente de Piedra llamado Samar, hecho de piedra caliza jur\u00e1sica con 15 metros de alto, 14 de ancho y 10 de largo; adem\u00e1s de la imponente cueva del Monumento Natural Resavska Pecina y la Cueva de Lazar, uno de los sitios arqueol\u00f3gicos m\u00e1s importantes de Serbia con yacimientos de la Edad del Cobre y la Edad del Bronce, entre otros espacios y paisajes.<br aria-hidden=\"true\" \/>\u00a0<br aria-hidden=\"true\" \/><strong><em>\u00c1reas Protegidas y Biodiversidad de la Rep\u00fablica de Serbia<\/em><\/strong>\u00a0estar\u00e1 disponible\u00a0<strong>del 7 de junio al 30 de julio<\/strong>\u00a0en el Paseo de las Culturas Amigas, ubicado sobre el camell\u00f3n de avenida Paseo de la Reforma, entre la Glorieta del Ahuehuete y Avenida de los Insurgentes, frente a Reforma 222.<br aria-hidden=\"true\" \/>\u00a0<br aria-hidden=\"true\" \/>Para conocer todas las actividades de la Secretar\u00eda de Cultura capitalina se puede consultar la Cartelera de la Ciudad de M\u00e9xico\u00a0 (<a href=\"https:\/\/gob.us21.list-manage.com\/track\/click?u=24ab1d8cf82850533a5af327c&amp;id=701ae9e9fa&amp;e=4fe2704bc3\" target=\"_blank\" rel=\"noopener noreferrer\" data-auth=\"NotApplicable\" data-linkindex=\"0\">https:\/\/cartelera.cdmx.gob.mx\/<\/a>) \u00a0y las redes sociales de la Secretar\u00eda de Cultura:\u00a0Facebook, Twitter, Instagram y YouTube.<\/p>\n<div dir=\"auto\"><a class=\"x1i10hfl xjbqb8w x6umtig x1b1mbwd xaqea5y xav7gou x9f619 x1ypdohk xt0psk2 xe8uvvx xdj266r x11i5rnm xat24cr x1mh8g0r xexx8yu x4uap5 x18d9i69 xkhd6sd x16tdsg8 x1hl2dhg xggy1nq x1a2a7pz xt0b8zv x1qq9wsj xo1l8bm\" tabindex=\"0\" role=\"link\" href=\"https:\/\/www.facebook.com\/hashtag\/paseodelasculturasamigas?__eep__=6&amp;__cft__[0]=AZVkBa6jWsC-MqNA6mtHQ97HZs0INknHvzLEyHzeW0A6GDH-RwZdn89_UXjbHS-uzxaEzlpl6CrGGLkUke_BbkwQFEk0ygaVYv5Lk9KziBDM8QalfQ_DUBN6AgKRGY1OJfI&amp;__tn__=*NK-R\">#paseodelasculturasamigas<\/a><\/div>\n<div dir=\"auto\"><a class=\"x1i10hfl xjbqb8w x6umtig x1b1mbwd xaqea5y xav7gou x9f619 x1ypdohk xt0psk2 xe8uvvx xdj266r x11i5rnm xat24cr x1mh8g0r xexx8yu x4uap5 x18d9i69 xkhd6sd x16tdsg8 x1hl2dhg xggy1nq x1a2a7pz xt0b8zv x1qq9wsj xo1l8bm\" tabindex=\"0\" role=\"link\" href=\"https:\/\/www.facebook.com\/hashtag\/secretariadeculturacdmx?__eep__=6&amp;__cft__[0]=AZVkBa6jWsC-MqNA6mtHQ97HZs0INknHvzLEyHzeW0A6GDH-RwZdn89_UXjbHS-uzxaEzlpl6CrGGLkUke_BbkwQFEk0ygaVYv5Lk9KziBDM8QalfQ_DUBN6AgKRGY1OJfI&amp;__tn__=*NK-R\">#secretariadeculturacdmx<\/a><\/div>\n<div dir=\"auto\"><a class=\"x1i10hfl xjbqb8w x6umtig x1b1mbwd xaqea5y xav7gou x9f619 x1ypdohk xt0psk2 xe8uvvx xdj266r x11i5rnm xat24cr x1mh8g0r xexx8yu x4uap5 x18d9i69 xkhd6sd x16tdsg8 x1hl2dhg xggy1nq x1a2a7pz xt0b8zv x1qq9wsj xo1l8bm\" tabindex=\"0\" role=\"link\" href=\"https:\/\/www.facebook.com\/hashtag\/bitacoracdmx?__eep__=6&amp;__cft__[0]=AZVkBa6jWsC-MqNA6mtHQ97HZs0INknHvzLEyHzeW0A6GDH-RwZdn89_UXjbHS-uzxaEzlpl6CrGGLkUke_BbkwQFEk0ygaVYv5Lk9KziBDM8QalfQ_DUBN6AgKRGY1OJfI&amp;__tn__=*NK-R\">#bitacoracdmx<\/a><\/div>\n<p>[\/fusion_text][fusion_imageframe image_id=&#8221;51874|medium&#8221; max_width=&#8221;&#8221; style_type=&#8221;&#8221; blur=&#8221;&#8221; stylecolor=&#8221;&#8221; hover_type=&#8221;none&#8221; bordersize=&#8221;&#8221; bordercolor=&#8221;&#8221; borderradius=&#8221;&#8221; align=&#8221;none&#8221; lightbox=&#8221;no&#8221; gallery_id=&#8221;&#8221; lightbox_image=&#8221;&#8221; lightbox_image_id=&#8221;&#8221; alt=&#8221;&#8221; link=&#8221;&#8221; linktarget=&#8221;_self&#8221; hide_on_mobile=&#8221;small-visibility,medium-visibility,large-visibility&#8221; class=&#8221;&#8221; id=&#8221;&#8221; animation_type=&#8221;&#8221; animation_direction=&#8221;left&#8221; animation_speed=&#8221;0.3&#8243; animation_offset=&#8221;&#8221;]https:\/\/www.bitacoracdmx.com\/wp-content\/uploads\/2023\/06\/43abd250-06ac-4a22-5e0e-50e5ff1b773a-300&#215;200.jpeg[\/fusion_imageframe][\/fusion_builder_column][\/fusion_builder_row][\/fusion_builder_container]<\/p>\n","protected":false},"excerpt":{"rendered":"<p>[fusion_builder_container hundred_percent=&#8221;no&#8221; equal_height_columns=&#8221;no&#8221; menu_anchor=&#8221;&#8221; hide_on_mobile=&#8221;small-visibility,medium-visibility,large-visibility&#8221; class=&#8221;&#8221; id=&#8221;&#8221; background_color=&#8221;&#8221; background_image=&#8221;&#8221; background_position=&#8221;center center&#8221; background_repeat=&#8221;no-repeat&#8221; fade=&#8221;no&#8221; background_parallax=&#8221;none&#8221; parallax_speed=&#8221;0.3&#8243; video_mp4=&#8221;&#8221; video_webm=&#8221;&#8221; video_ogv=&#8221;&#8221; video_url=&#8221;&#8221; video_aspect_ratio=&#8221;16:9&#8243; video_loop=&#8221;yes&#8221; video_mute=&#8221;yes&#8221; overlay_color=&#8221;&#8221; video_preview_image=&#8221;&#8221; border_size=&#8221;&#8221; border_color=&#8221;&#8221; border_style=&#8221;solid&#8221; padding_top=&#8221;&#8221; padding_bottom=&#8221;&#8221; padding_left=&#8221;&#8221; padding_right=&#8221;&#8221;][fusion_builder_row][fusion_builder_column type=&#8221;1_1&#8243; layout=&#8221;1_1&#8243; background_position=&#8221;left top&#8221; background_color=&#8221;&#8221; border_size=&#8221;&#8221; border_color=&#8221;&#8221; border_style=&#8221;solid&#8221; border_position=&#8221;all&#8221; spacing=&#8221;yes&#8221; background_image=&#8221;&#8221; background_repeat=&#8221;no-repeat&#8221; padding_top=&#8221;&#8221; padding_right=&#8221;&#8221; padding_bottom=&#8221;&#8221; padding_left=&#8221;&#8221; margin_top=&#8221;0px&#8221; margin_bottom=&#8221;0px&#8221; class=&#8221;&#8221; id=&#8221;&#8221; animation_type=&#8221;&#8221; animation_speed=&#8221;0.3&#8243; animation_direction=&#8221;left&#8221; hide_on_mobile=&#8221;small-visibility,medium-visibility,large-visibility&#8221; center_content=&#8221;no&#8221; last=&#8221;no&#8221; min_height=&#8221;&#8221; hover_type=&#8221;none&#8221; link=&#8221;&#8221;][fusion_text] REDACCI\u00d3N El p\u00fablico podr\u00e1 recorrer 32 emblem\u00e1ticos espacios desde parques nacionales y naturales, hasta \u00e1reas de caracter\u00edsticas excepcionales, reservas y monumentos naturales. A trav\u00e9s de m\u00e1s de 200 im\u00e1genes se conocer\u00e1n la flora y fauna desde el gato mont\u00e9s, el [&hellip;]<\/p>\n","protected":false},"author":1,"featured_media":51874,"comment_status":"open","ping_status":"open","sticky":false,"template":"","format":"standard","meta":{"footnotes":""},"categories":[5,4,9],"tags":[],"_links":{"self":[{"href":"https:\/\/www.bitacoracdmx.com\/index.php?rest_route=\/wp\/v2\/posts\/51873"}],"collection":[{"href":"https:\/\/www.bitacoracdmx.com\/index.php?rest_route=\/wp\/v2\/posts"}],"about":[{"href":"https:\/\/www.bitacoracdmx.com\/index.php?rest_route=\/wp\/v2\/types\/post"}],"author":[{"embeddable":true,"href":"https:\/\/www.bitacoracdmx.com\/index.php?rest_route=\/wp\/v2\/users\/1"}],"replies":[{"embeddable":true,"href":"https:\/\/www.bitacoracdmx.com\/index.php?rest_route=%2Fwp%2Fv2%2Fcomments&post=51873"}],"version-history":[{"count":1,"href":"https:\/\/www.bitacoracdmx.com\/index.php?rest_route=\/wp\/v2\/posts\/51873\/revisions"}],"predecessor-version":[{"id":51875,"href":"https:\/\/www.bitacoracdmx.com\/index.php?rest_route=\/wp\/v2\/posts\/51873\/revisions\/51875"}],"wp:featuredmedia":[{"embeddable":true,"href":"https:\/\/www.bitacoracdmx.com\/index.php?rest_route=\/wp\/v2\/media\/51874"}],"wp:attachment":[{"href":"https:\/\/www.bitacoracdmx.com\/index.php?rest_route=%2Fwp%2Fv2%2Fmedia&parent=51873"}],"wp:term":[{"taxonomy":"category","embeddable":true,"href":"https:\/\/www.bitacoracdmx.com\/index.php?rest_route=%2Fwp%2Fv2%2Fcategories&post=51873"},{"taxonomy":"post_tag","embeddable":true,"href":"https:\/\/www.bitacoracdmx.com\/index.php?rest_route=%2Fwp%2Fv2%2Ftags&post=51873"}],"curies":[{"name":"wp","href":"https:\/\/api.w.org\/{rel}","templated":true}]}}