{"id":51923,"date":"2023-07-12T01:26:52","date_gmt":"2023-07-12T01:26:52","guid":{"rendered":"https:\/\/www.bitacoracdmx.com\/?p=51923"},"modified":"2023-07-12T01:26:52","modified_gmt":"2023-07-12T01:26:52","slug":"con-su-propio-estilo-valentina-moretti-reconquista-mexico","status":"publish","type":"post","link":"https:\/\/www.bitacoracdmx.com\/?p=51923","title":{"rendered":"Con su propio estilo Valentina Moretti reconquista M\u00e9xico"},"content":{"rendered":"<p>[fusion_builder_container hundred_percent=&#8221;no&#8221; equal_height_columns=&#8221;no&#8221; menu_anchor=&#8221;&#8221; hide_on_mobile=&#8221;small-visibility,medium-visibility,large-visibility&#8221; class=&#8221;&#8221; id=&#8221;&#8221; background_color=&#8221;&#8221; background_image=&#8221;&#8221; background_position=&#8221;center center&#8221; background_repeat=&#8221;no-repeat&#8221; fade=&#8221;no&#8221; background_parallax=&#8221;none&#8221; parallax_speed=&#8221;0.3&#8243; video_mp4=&#8221;&#8221; video_webm=&#8221;&#8221; video_ogv=&#8221;&#8221; video_url=&#8221;&#8221; video_aspect_ratio=&#8221;16:9&#8243; video_loop=&#8221;yes&#8221; video_mute=&#8221;yes&#8221; overlay_color=&#8221;&#8221; video_preview_image=&#8221;&#8221; border_size=&#8221;&#8221; border_color=&#8221;&#8221; border_style=&#8221;solid&#8221; padding_top=&#8221;&#8221; padding_bottom=&#8221;&#8221; padding_left=&#8221;&#8221; padding_right=&#8221;&#8221;][fusion_builder_row][fusion_builder_column type=&#8221;1_1&#8243; layout=&#8221;1_1&#8243; background_position=&#8221;left top&#8221; background_color=&#8221;&#8221; border_size=&#8221;&#8221; border_color=&#8221;&#8221; border_style=&#8221;solid&#8221; border_position=&#8221;all&#8221; spacing=&#8221;yes&#8221; background_image=&#8221;&#8221; background_repeat=&#8221;no-repeat&#8221; padding_top=&#8221;&#8221; padding_right=&#8221;&#8221; padding_bottom=&#8221;&#8221; padding_left=&#8221;&#8221; margin_top=&#8221;0px&#8221; margin_bottom=&#8221;0px&#8221; class=&#8221;&#8221; id=&#8221;&#8221; animation_type=&#8221;&#8221; animation_speed=&#8221;0.3&#8243; animation_direction=&#8221;left&#8221; hide_on_mobile=&#8221;small-visibility,medium-visibility,large-visibility&#8221; center_content=&#8221;no&#8221; last=&#8221;no&#8221; min_height=&#8221;&#8221; hover_type=&#8221;none&#8221; link=&#8221;&#8221;][fusion_text]<\/p>\n<p>REDACCI\u00d3N<\/p>\n<ul type=\"disc\">\n<li class=\"x_MsoNormal\"><b>Despu\u00e9s de triunfar en Alemania, presenta su sencillo\u00a0<i>Labios Rotos<\/i><\/b><\/li>\n<li class=\"x_MsoNormal\"><b>Ha colaborado con artistas mexicanos como Moenia y Hello Seahorse<\/b><\/li>\n<li class=\"x_MsoNormal\"><b>Concluy\u00f3 un remix para Mar\u00eda Jos\u00e9, que ser\u00e1 dado a conocer este verano<\/b><\/li>\n<\/ul>\n<p class=\"x_MsoNormal\"><b><i>Valentina Moretti<\/i><\/b><i>\u00a0<\/i>es una joven cantante, compositora, multi-instrumentista y productora que est\u00e1 revolucionando la manera de crear m\u00fasica electr\u00f3nica. Ha sido considerada por muchos como una pionera en sonidos vanguardistas.<\/p>\n<p class=\"x_MsoNormal\">Su m\u00fasica ha sido elogiada por artistas como\u00a0<b>Pete Bellotte<\/b>\u00a0(productor de\u00a0<b>Donna Summers<\/b>);\u00a0<b>Richard Gibbs<\/b>, (compositor de\u00a0<b><i>The Simpsons<\/i><\/b>,\u00a0<b><i>The Muppets<\/i><\/b>,\u00a0<b><i>Battlestar Galactica<\/i><\/b>);\u00a0<b>Robert Margouleff<\/b>\u00a0(productor de\u00a0<b>Stevie Wonder<\/b>);\u00a0<b>Gordon Raphael<\/b>, (productor de\u00a0<b><i>The Strokes<\/i><\/b>; con quien ha colaborado musicalmente); entre otros, siendo proclamada como la nueva\u00a0<b>Wendy Carlos<\/b>. Ha sido una de las pioneras en creaci\u00f3n musical por medio de IA.<\/p>\n<p class=\"x_MsoNormal\">Hoy d\u00eda,\u00a0<b>Valentina Moretti<\/b>\u00a0promociona\u00a0<i>Labios Rotos<\/i>, una canci\u00f3n de corte indie pop\/electro pop, hecha con cajas de ritmos y sintetizadores an\u00e1logos, como el emblem\u00e1tico\u00a0<b>Mini Moog<\/b>\u00a0en la d\u00e9cada del setenta. Es una pieza musical suave y dulce al o\u00eddo, con un ritmo fresco y bailable.<\/p>\n<p class=\"x_MsoNormal\">\u201cEs una canci\u00f3n que habla sobre una experiencia personal, sobre una relaci\u00f3n que tuve, la cual se encontraba ya en un momento cr\u00edtico, donde ya hay traici\u00f3n, sospecha, mentiras; pero sigues jugando el juego, aunque ya sabes que la relaci\u00f3n va a terminar\u201d, dijo la tambi\u00e9n creadora de temas como\u00a0<i>Cielo<\/i>\u00a0y\u00a0<i>Mu\u00e9velo<\/i>.<\/p>\n<p class=\"x_MsoNormal\">Cabe mencionar que es una artista independiente, que cuenta con una carrera relativamente corta; pero que ya tuvo su propio Billboard en Times Square, en Nueva York, cortes\u00eda de Spotify, gracias a su estilo \u00fanico de producci\u00f3n y a la atenci\u00f3n que ha estado recibiendo por parte de la industria. Esto la ha llevado a ser destacada en playlists de Spotify.<\/p>\n<p class=\"x_MsoNormal\">\u201cSaqu\u00e9 mi \u00e1lbum debut hace poco. Se prens\u00f3 en Alemania y estoy muy contenta con mi \u00e1lbum, del que ya se vendieron m\u00e1s de 2 mil copias en Europa, donde est\u00e1 teniendo muy buena respuesta. Por desgracia en M\u00e9xico no hay mucha cultura de comprar vinil, entonces estuvo enfocado totalmente al mercado europeo, y esta canci\u00f3n\u00a0<i>Labios rotos<\/i>, es una nueva etapa en mi carrera, en donde empiezo a contar historias de nuevo en espa\u00f1ol, aunque ya lo hab\u00eda hecho, con mi sencillo\u00a0<i>Cielo<\/i>, al que le fue muy bien\u201d, agreg\u00f3.<\/p>\n<p class=\"x_MsoNormal\">Dentro de sus logros m\u00e1s recientes,\u00a0<b>Valentina<\/b>\u00a0realiz\u00f3 la canci\u00f3n oficial del 25 aniversario de FOX Deportes, siendo parte de la campa\u00f1a oficial del Super Bowl LVII llevada a cabo por FOX y la NFL, al lado de\u00a0<b><i>Banda MS<\/i><\/b>, siendo vista por millones de televidentes en los Estados Unidos y Latinoam\u00e9rica.<\/p>\n<p class=\"x_MsoNormal\">Tambi\u00e9n, ha colaborado con artistas mexicanos a trav\u00e9s de remixes, entre ellos:\u00a0<b><i>Moenia<\/i><\/b>;\u00a0<b><i>Hello Seahorse<\/i><\/b>;\u00a0<b>Ulises Lozano<\/b>, de\u00a0<b><i>Kinky<\/i><\/b>;\u00a0<b>Pepe Mogt<\/b>, de\u00a0<b><i>Nortec<\/i><\/b>; y\u00a0<b>Emilio Acevedo<\/b>, de\u00a0<b><i>Titan<\/i><\/b>. Recientemente concluy\u00f3 un remix para\u00a0<b>Mar\u00eda Jos\u00e9<\/b>, que ser\u00e1 dado a conocer este verano.<\/p>\n<p class=\"x_MsoNormal\"><b>Valentina Moretti<\/b>\u00a0dej\u00f3 en claro que su proyecto musical es muy vers\u00e1til, haciendo a un lado la posibilidad estancarse en un solo estilo. \u201cDisfruto mucho la m\u00fasica. La amo y no estoy casada con ning\u00fan g\u00e9nero. Hago lo que sienta en ese momento\u201d, aclar\u00f3, adem\u00e1s de decir que m\u00e1s que basarse en la mercadotecnia, ella se va m\u00e1s hacia lo emocional, tomando a la m\u00fasica como un salvavidas.<\/p>\n<p class=\"x_MsoNormal\">La joven vivi\u00f3 experiencias personales muy fuertes, debido a su condici\u00f3n de vida, al ser una mujer transexual, por la cual sufri\u00f3 rechazo familiar y de sus seres cercanos.<\/p>\n<p class=\"x_MsoNormal\">\u201cMe corrieron de mi casa a los 13 a\u00f1os y desde ese momento he vivido sola. Viv\u00ed en la calle durante a\u00f1os. Pas\u00e9 por muchos abusos, tanto f\u00edsicos como psicol\u00f3gicos y no he tenido una vida f\u00e1cil. Entonces encontr\u00e9 a la m\u00fasica y ella me salv\u00f3 la vida, me regres\u00f3 las ganas de vivir y me arrop\u00f3, demostr\u00e1ndome que en ella no importa qui\u00e9n seas, no importa lo que hagas mientras lo hagas del coraz\u00f3n y mientras no le hagas da\u00f1o a nadie.<\/p>\n<p class=\"x_MsoNormal\">\u201cEsa es la belleza del arte y por eso le debo mi vida a la m\u00fasica y por eso hago m\u00fasica. Cuando hago canciones y las lanzo, lo hago porque las quiero compartir con el p\u00fablico, con mis fans, con la gente que est\u00e1 al pendiente de lo que hago y espero conectar con ellos, ya sea a trav\u00e9s de la m\u00fasica o de la letra; y lo que quiero es regalarles un pedacito de m\u00ed, un pedacito de mis vivencias a la gente que se preocupa por m\u00ed, que me quiere, y nada m\u00e1s. No lo hago por ninguna otra raz\u00f3n\u201d.<\/p>\n<p class=\"x_MsoNormal\">Adem\u00e1s de su paso por la m\u00fasica internacional, cabe mencionar que\u00a0<b>Valentina Moretti<\/b>\u00a0es la primera mujer trans en laborar en una dependencia pol\u00edtica en el pa\u00eds; adem\u00e1s de que se ha caracterizado por brindar apoyo al resto de la Comunidad Trans en el pa\u00eds.<\/p>\n<p class=\"x_MsoNormal\">\u201cSoy la primera mujer trans en la historia de este pa\u00eds que trabaj\u00f3 en la\u00a0<b>Secretar\u00eda de Cultura<\/b>, en la\u00a0<i>Estela de Luz<\/i>, en el\u00a0<b>Centro de Cultura Digital<\/b>\u00a0y bueno este trabajo me abri\u00f3 puertas para hacer amistades, conocer sobre la tecnolog\u00eda, seguir practicando m\u00fasica y conocer personas incre\u00edbles y tambi\u00e9n me sirvi\u00f3 mucho para mi formaci\u00f3n social, porque yo honestamente, no ten\u00eda habilidad social.<\/p>\n<p class=\"x_MsoNormal\">\u201cAl pasar tanto tiempo viviendo en la calle sufriendo y teniendo abusos, tanto f\u00edsicos, como psicol\u00f3gicos, pues lo primero es que te da miedo la gente\u201d, se\u00f1al\u00f3.<\/p>\n<p class=\"x_MsoNormal\">Para concluir, al hablar sobre la Comunidad LGBT+ en el pa\u00eds,\u00a0<b>Valentina Moretti<\/b>\u00a0precis\u00f3 que es \u201cmuy fuerte, muy grande y siento que, no s\u00f3lo la comunidad LGBT, sino todo M\u00e9xico en general tiene a\u00fan mucho que aprender; y yo tambi\u00e9n tengo mucho que aprender, todos tenemos mucho que aprender y lo m\u00e1s importante es no pisarnos entre nosotros, no meternos el pie, y tratar de tolerarnos, de querernos, apoyarnos, porque a final de cuentas, estamos compartiendo el mismo espacio, la colonia, ciudad, pa\u00eds.<\/p>\n<p class=\"x_MsoNormal\">\u201cEntonces, si todos vemos por los dem\u00e1s, el progreso del pa\u00eds va a ser mejor. Hay que dar pasos peque\u00f1os, para alcanzar objetivos grandes. A la comunidad gay en M\u00e9xico la veo muy animada y muy abiertos en todos los aspectos, destacando tambi\u00e9n en lo que yo hago, que es la m\u00fasica.<\/p>\n<p class=\"x_MsoNormal\">\u201cEso est\u00e1 padre, porque a veces les puedes ense\u00f1ar algo nuevo y lo pueden rechazar; pero por fortuna, eso no ha sucedido en mi caso, lo cual no es f\u00e1cil, cuando t\u00fa no eres parte de esa tendencia y no eres parte de esa moda, como en mi caso. Yo no estoy haciendo la m\u00fasica que est\u00e1 en tendencia, al contrario. Estoy haciendo mi propio sonido que es \u00fanico.<\/p>\n<div dir=\"auto\"><a class=\"x1i10hfl xjbqb8w x6umtig x1b1mbwd xaqea5y xav7gou x9f619 x1ypdohk xt0psk2 xe8uvvx xdj266r x11i5rnm xat24cr x1mh8g0r xexx8yu x4uap5 x18d9i69 xkhd6sd x16tdsg8 x1hl2dhg xggy1nq x1a2a7pz xt0b8zv x1qq9wsj xo1l8bm\" tabindex=\"0\" role=\"link\" href=\"https:\/\/www.facebook.com\/hashtag\/valentinamoretti?__eep__=6&amp;__cft__[0]=AZWEo-TtvqkP7WdqtyJcMnd_n0w4LqA_fTNtcH9uWBFyILmiR0dFpsvbcHUTDSmAJ-KlLj7j6vTM6maHpkcE9ouK_zBJfsy5UJ5Vm4_V0DKH-ZAPSYHy_CeWVxCysaXW7js&amp;__tn__=*NK-R\">#valentinamoretti<\/a><\/div>\n<div dir=\"auto\"><a class=\"x1i10hfl xjbqb8w x6umtig x1b1mbwd xaqea5y xav7gou x9f619 x1ypdohk xt0psk2 xe8uvvx xdj266r x11i5rnm xat24cr x1mh8g0r xexx8yu x4uap5 x18d9i69 xkhd6sd x16tdsg8 x1hl2dhg xggy1nq x1a2a7pz xt0b8zv x1qq9wsj xo1l8bm\" tabindex=\"0\" role=\"link\" href=\"https:\/\/www.facebook.com\/hashtag\/labiosrotos?__eep__=6&amp;__cft__[0]=AZWEo-TtvqkP7WdqtyJcMnd_n0w4LqA_fTNtcH9uWBFyILmiR0dFpsvbcHUTDSmAJ-KlLj7j6vTM6maHpkcE9ouK_zBJfsy5UJ5Vm4_V0DKH-ZAPSYHy_CeWVxCysaXW7js&amp;__tn__=*NK-R\">#labiosrotos<\/a><\/div>\n<div dir=\"auto\"><a class=\"x1i10hfl xjbqb8w x6umtig x1b1mbwd xaqea5y xav7gou x9f619 x1ypdohk xt0psk2 xe8uvvx xdj266r x11i5rnm xat24cr x1mh8g0r xexx8yu x4uap5 x18d9i69 xkhd6sd x16tdsg8 x1hl2dhg xggy1nq x1a2a7pz xt0b8zv x1qq9wsj xo1l8bm\" tabindex=\"0\" role=\"link\" href=\"https:\/\/www.facebook.com\/hashtag\/lanzamientomusical?__eep__=6&amp;__cft__[0]=AZWEo-TtvqkP7WdqtyJcMnd_n0w4LqA_fTNtcH9uWBFyILmiR0dFpsvbcHUTDSmAJ-KlLj7j6vTM6maHpkcE9ouK_zBJfsy5UJ5Vm4_V0DKH-ZAPSYHy_CeWVxCysaXW7js&amp;__tn__=*NK-R\">#lanzamientomusical<\/a><\/div>\n<div dir=\"auto\"><a class=\"x1i10hfl xjbqb8w x6umtig x1b1mbwd xaqea5y xav7gou x9f619 x1ypdohk xt0psk2 xe8uvvx xdj266r x11i5rnm xat24cr x1mh8g0r xexx8yu x4uap5 x18d9i69 xkhd6sd x16tdsg8 x1hl2dhg xggy1nq x1a2a7pz xt0b8zv x1qq9wsj xo1l8bm\" tabindex=\"0\" role=\"link\" href=\"https:\/\/www.facebook.com\/hashtag\/bitacoracdmx?__eep__=6&amp;__cft__[0]=AZWEo-TtvqkP7WdqtyJcMnd_n0w4LqA_fTNtcH9uWBFyILmiR0dFpsvbcHUTDSmAJ-KlLj7j6vTM6maHpkcE9ouK_zBJfsy5UJ5Vm4_V0DKH-ZAPSYHy_CeWVxCysaXW7js&amp;__tn__=*NK-R\">#bitacoracdmx<\/a><\/div>\n<p>[\/fusion_text][fusion_imageframe image_id=&#8221;51924|medium&#8221; max_width=&#8221;&#8221; style_type=&#8221;&#8221; blur=&#8221;&#8221; stylecolor=&#8221;&#8221; hover_type=&#8221;none&#8221; bordersize=&#8221;&#8221; bordercolor=&#8221;&#8221; borderradius=&#8221;&#8221; align=&#8221;none&#8221; lightbox=&#8221;no&#8221; gallery_id=&#8221;&#8221; lightbox_image=&#8221;&#8221; lightbox_image_id=&#8221;&#8221; alt=&#8221;&#8221; link=&#8221;&#8221; linktarget=&#8221;_self&#8221; hide_on_mobile=&#8221;small-visibility,medium-visibility,large-visibility&#8221; class=&#8221;&#8221; id=&#8221;&#8221; animation_type=&#8221;&#8221; animation_direction=&#8221;left&#8221; animation_speed=&#8221;0.3&#8243; animation_offset=&#8221;&#8221;]https:\/\/www.bitacoracdmx.com\/wp-content\/uploads\/2023\/07\/ValentinaMoretti-003-300&#215;200.jpeg[\/fusion_imageframe][\/fusion_builder_column][\/fusion_builder_row][\/fusion_builder_container]<\/p>\n","protected":false},"excerpt":{"rendered":"<p>[fusion_builder_container hundred_percent=&#8221;no&#8221; equal_height_columns=&#8221;no&#8221; menu_anchor=&#8221;&#8221; hide_on_mobile=&#8221;small-visibility,medium-visibility,large-visibility&#8221; class=&#8221;&#8221; id=&#8221;&#8221; background_color=&#8221;&#8221; background_image=&#8221;&#8221; background_position=&#8221;center center&#8221; background_repeat=&#8221;no-repeat&#8221; fade=&#8221;no&#8221; background_parallax=&#8221;none&#8221; parallax_speed=&#8221;0.3&#8243; video_mp4=&#8221;&#8221; video_webm=&#8221;&#8221; video_ogv=&#8221;&#8221; video_url=&#8221;&#8221; video_aspect_ratio=&#8221;16:9&#8243; video_loop=&#8221;yes&#8221; video_mute=&#8221;yes&#8221; overlay_color=&#8221;&#8221; video_preview_image=&#8221;&#8221; border_size=&#8221;&#8221; border_color=&#8221;&#8221; border_style=&#8221;solid&#8221; padding_top=&#8221;&#8221; padding_bottom=&#8221;&#8221; padding_left=&#8221;&#8221; padding_right=&#8221;&#8221;][fusion_builder_row][fusion_builder_column type=&#8221;1_1&#8243; layout=&#8221;1_1&#8243; background_position=&#8221;left top&#8221; background_color=&#8221;&#8221; border_size=&#8221;&#8221; border_color=&#8221;&#8221; border_style=&#8221;solid&#8221; border_position=&#8221;all&#8221; spacing=&#8221;yes&#8221; background_image=&#8221;&#8221; background_repeat=&#8221;no-repeat&#8221; padding_top=&#8221;&#8221; padding_right=&#8221;&#8221; padding_bottom=&#8221;&#8221; padding_left=&#8221;&#8221; margin_top=&#8221;0px&#8221; margin_bottom=&#8221;0px&#8221; class=&#8221;&#8221; id=&#8221;&#8221; animation_type=&#8221;&#8221; animation_speed=&#8221;0.3&#8243; animation_direction=&#8221;left&#8221; hide_on_mobile=&#8221;small-visibility,medium-visibility,large-visibility&#8221; center_content=&#8221;no&#8221; last=&#8221;no&#8221; min_height=&#8221;&#8221; hover_type=&#8221;none&#8221; link=&#8221;&#8221;][fusion_text] REDACCI\u00d3N Despu\u00e9s de triunfar en Alemania, presenta su sencillo\u00a0Labios Rotos Ha colaborado con artistas mexicanos como Moenia y Hello Seahorse Concluy\u00f3 un remix para Mar\u00eda Jos\u00e9, que ser\u00e1 dado a conocer este verano Valentina Moretti\u00a0es una joven cantante, compositora, multi-instrumentista [&hellip;]<\/p>\n","protected":false},"author":1,"featured_media":51924,"comment_status":"open","ping_status":"open","sticky":false,"template":"","format":"standard","meta":{"footnotes":""},"categories":[9,11],"tags":[],"_links":{"self":[{"href":"https:\/\/www.bitacoracdmx.com\/index.php?rest_route=\/wp\/v2\/posts\/51923"}],"collection":[{"href":"https:\/\/www.bitacoracdmx.com\/index.php?rest_route=\/wp\/v2\/posts"}],"about":[{"href":"https:\/\/www.bitacoracdmx.com\/index.php?rest_route=\/wp\/v2\/types\/post"}],"author":[{"embeddable":true,"href":"https:\/\/www.bitacoracdmx.com\/index.php?rest_route=\/wp\/v2\/users\/1"}],"replies":[{"embeddable":true,"href":"https:\/\/www.bitacoracdmx.com\/index.php?rest_route=%2Fwp%2Fv2%2Fcomments&post=51923"}],"version-history":[{"count":1,"href":"https:\/\/www.bitacoracdmx.com\/index.php?rest_route=\/wp\/v2\/posts\/51923\/revisions"}],"predecessor-version":[{"id":51925,"href":"https:\/\/www.bitacoracdmx.com\/index.php?rest_route=\/wp\/v2\/posts\/51923\/revisions\/51925"}],"wp:featuredmedia":[{"embeddable":true,"href":"https:\/\/www.bitacoracdmx.com\/index.php?rest_route=\/wp\/v2\/media\/51924"}],"wp:attachment":[{"href":"https:\/\/www.bitacoracdmx.com\/index.php?rest_route=%2Fwp%2Fv2%2Fmedia&parent=51923"}],"wp:term":[{"taxonomy":"category","embeddable":true,"href":"https:\/\/www.bitacoracdmx.com\/index.php?rest_route=%2Fwp%2Fv2%2Fcategories&post=51923"},{"taxonomy":"post_tag","embeddable":true,"href":"https:\/\/www.bitacoracdmx.com\/index.php?rest_route=%2Fwp%2Fv2%2Ftags&post=51923"}],"curies":[{"name":"wp","href":"https:\/\/api.w.org\/{rel}","templated":true}]}}